{"id":1469,"date":"2025-07-11T09:22:59","date_gmt":"2025-07-11T07:22:59","guid":{"rendered":"https:\/\/datajenny.se\/Blogg\/?p=1469"},"modified":"2025-08-29T18:58:14","modified_gmt":"2025-08-29T16:58:14","slug":"fem-en-fredag-v-28-sommargava","status":"publish","type":"post","link":"https:\/\/datajenny.se\/Blogg\/2025\/07\/11\/fem-en-fredag-v-28-sommargava\/","title":{"rendered":"Fem en fredag v.28: Sommarg\u00e5va"},"content":{"rendered":"\n<p>Vill du l\u00e4sa om flera som bloggar om temat Fem en fredag s\u00e5 hittar du dessa h\u00e4r hos <a data-type=\"link\" data-id=\"https:\/\/www.elisamatilda.se\/\" href=\"https:\/\/www.elisamatilda.se\/\">Elisa<\/a>.<\/p>\n\n\n\n<!--more-->\n\n\n\n<ol class=\"wp-block-list\">\n<li><strong>Vad \u00e4lskar du med sommaren och vad tycker du \u00e4r \u00f6verskattat?<br \/>Svar:<\/strong> Jag gillar v\u00e4rmen. Det jag tycker \u00e4r \u00f6verskattat \u00e4r att det k\u00e4nns om man beh\u00f6ver ut och resa som m\u00e5nga g\u00f6r. Det \u00e4r bara sk\u00f6nt att enbart beh\u00f6va vara hemma och ute i lekparken som finns utanf\u00f6r v\u00e5r l\u00e4genhet. <\/li>\n\n\n\n<li><strong>Vad l\u00e4ngtar du efter innan semestern och vad l\u00e4ngtar du efter n\u00e4r den \u00e4r slut?<br \/>Svar: <\/strong>Att f\u00e5 sova utan att beh\u00f6va st\u00e4lla klockan. N\u00e4r man har ett barn med NPF diagnos s\u00e5 \u00e4r det sk\u00f6nt att komma tillbaka till vardagen, med rutiner. K\u00e4nns n\u00e4stan som man g\u00e5r p\u00e5 semester n\u00e4r man kommer tillbaka till jobbet.<\/li>\n\n\n\n<li><strong>Vad g\u00f6r dig lycklig en helt vanlig sommardag?<br \/>Svar: <\/strong>Att sonen \u00e4r glad, det \u00e4r varmt och vi \u00e4r ute i lekparken.<\/li>\n\n\n\n<li><strong>N\u00e4r k\u00e4nner du att du verkligen \u00e4r ledig?<br \/>Svar:<\/strong> N\u00e4r man inte beh\u00f6ver kliva upp n\u00e4r klockan ringer utan kan ligga kvar en stund extra i s\u00e4ngen. <\/li>\n\n\n\n<li><strong>Vad g\u00f6r du i sommar?<br \/>Svar: <\/strong>Promenader, vara i lekparken, \u00e5kt t\u00e5g till mina f\u00f6r\u00e4ldrar. Vi har \u00e4ven st\u00e4dat Eriks rum. Gjort lite blandat. B\u00f6rjar jobba p\u00e5 m\u00e5ndag igen i tv\u00e5 veckor tills jag \u00e5ter igen blir ledig i tv\u00e5 veckor. Har delat upp min semester s\u00e5 Erik f\u00e5r hela sex veckors ledighet. Tv\u00e5 veckor sj\u00e4lv med pappa och mig, sen tv\u00e5 veckor d\u00e4r hela familjen \u00e4r ledig tillsammans.<\/li>\n<\/ol>\n\n\n\n<img data-recalc-dims=\"1\" loading=\"lazy\" decoding=\"async\" style=\"opacity: 0;\" superb-addons-animation=\"zoomIn\" src=\"https:\/\/i0.wp.com\/datajenny.se\/Blogg\/wp-content\/uploads\/2025\/07\/1000012255.png?resize=180%2C53&#038;ssl=1\" alt=\"Signatur\" width=\"180\" height=\"53\">\n","protected":false},"excerpt":{"rendered":"<p>Vill du l\u00e4sa om flera som bloggar om temat Fem en fredag s\u00e5 hittar du dessa h\u00e4r hos Elisa.<\/p>\n","protected":false},"author":1,"featured_media":1327,"comment_status":"open","ping_status":"closed","sticky":false,"template":"","format":"standard","meta":{"ngg_post_thumbnail":0,"jetpack_post_was_ever_published":false,"_jetpack_newsletter_access":"","_jetpack_dont_email_post_to_subs":false,"_jetpack_newsletter_tier_id":0,"_jetpack_memberships_contains_paywalled_content":false,"_jetpack_memberships_contains_paid_content":false,"footnotes":"","jetpack_publicize_message":"","jetpack_publicize_feature_enabled":true,"jetpack_social_post_already_shared":true,"jetpack_social_options":{"image_generator_settings":{"template":"highway","default_image_id":0,"font":"","enabled":false},"version":2}},"categories":[8,49],"tags":[9,51],"class_list":["post-1469","post","type-post","status-publish","format-standard","has-post-thumbnail","hentry","category-blogg","category-fem-en-fredag","tag-blogg","tag-fem-en-fredag"],"featured_image_src":"https:\/\/i0.wp.com\/datajenny.se\/Blogg\/wp-content\/uploads\/2025\/07\/funny-friday-pictures-pop6a4pfk0iy8byu.jpg?fit=950%2C775&ssl=1","author_info":{"display_name":"Jenny Louise Nod\u00e9n","author_link":"https:\/\/datajenny.se\/Blogg\/author\/jenny_louise\/"},"yoast_head":"<!-- This site is optimized with the Yoast SEO plugin v27.3 - https:\/\/yoast.com\/product\/yoast-seo-wordpress\/ -->\n<title>Fem en fredag v.28: Sommarg\u00e5va - V\u00e4lkommen till JeLo<\/title>\n<meta name=\"robots\" content=\"index, follow, max-snippet:-1, max-image-preview:large, max-video-preview:-1\" \/>\n<link rel=\"canonical\" href=\"https:\/\/datajenny.se\/Blogg\/2025\/07\/11\/fem-en-fredag-v-28-sommargava\/\" \/>\n<meta property=\"og:locale\" content=\"sv_SE\" \/>\n<meta property=\"og:type\" content=\"article\" \/>\n<meta property=\"og:title\" content=\"Fem en fredag v.28: Sommarg\u00e5va - V\u00e4lkommen till JeLo\" \/>\n<meta property=\"og:description\" content=\"Vill du l\u00e4sa om flera som bloggar om temat Fem en fredag s\u00e5 hittar du dessa h\u00e4r hos Elisa.\" \/>\n<meta property=\"og:url\" content=\"https:\/\/datajenny.se\/Blogg\/2025\/07\/11\/fem-en-fredag-v-28-sommargava\/\" \/>\n<meta property=\"og:site_name\" content=\"V\u00e4lkommen till JeLo\" \/>\n<meta property=\"article:publisher\" content=\"https:\/\/www.facebook.com\/datajenny\/\" \/>\n<meta property=\"article:author\" content=\"https:\/\/www.facebook.com\/datajenny\/\" \/>\n<meta property=\"article:published_time\" content=\"2025-07-11T07:22:59+00:00\" \/>\n<meta property=\"article:modified_time\" content=\"2025-08-29T16:58:14+00:00\" \/>\n<meta property=\"og:image\" content=\"https:\/\/i0.wp.com\/datajenny.se\/Blogg\/wp-content\/uploads\/2025\/07\/funny-friday-pictures-pop6a4pfk0iy8byu.jpg?fit=950%2C775&ssl=1\" \/>\n\t<meta property=\"og:image:width\" content=\"950\" \/>\n\t<meta property=\"og:image:height\" content=\"775\" \/>\n\t<meta property=\"og:image:type\" content=\"image\/jpeg\" \/>\n<meta name=\"author\" content=\"Jenny Louise Nod\u00e9n\" \/>\n<meta name=\"twitter:card\" content=\"summary_large_image\" \/>\n<meta name=\"twitter:label1\" content=\"Skriven av\" \/>\n\t<meta name=\"twitter:data1\" content=\"Jenny Louise Nod\u00e9n\" \/>\n\t<meta name=\"twitter:label2\" content=\"Ber\u00e4knad l\u00e4stid\" \/>\n\t<meta name=\"twitter:data2\" content=\"2 minuter\" \/>\n<script type=\"application\/ld+json\" class=\"yoast-schema-graph\">{\"@context\":\"https:\\\/\\\/schema.org\",\"@graph\":[{\"@type\":\"Article\",\"@id\":\"https:\\\/\\\/datajenny.se\\\/Blogg\\\/2025\\\/07\\\/11\\\/fem-en-fredag-v-28-sommargava\\\/#article\",\"isPartOf\":{\"@id\":\"https:\\\/\\\/datajenny.se\\\/Blogg\\\/2025\\\/07\\\/11\\\/fem-en-fredag-v-28-sommargava\\\/\"},\"author\":{\"name\":\"Jenny Louise Nod\u00e9n\",\"@id\":\"https:\\\/\\\/datajenny.se\\\/Blogg\\\/#\\\/schema\\\/person\\\/da3cd1b9792c07c50c88641dcf976bee\"},\"headline\":\"Fem en fredag v.28: Sommarg\u00e5va\",\"datePublished\":\"2025-07-11T07:22:59+00:00\",\"dateModified\":\"2025-08-29T16:58:14+00:00\",\"mainEntityOfPage\":{\"@id\":\"https:\\\/\\\/datajenny.se\\\/Blogg\\\/2025\\\/07\\\/11\\\/fem-en-fredag-v-28-sommargava\\\/\"},\"wordCount\":290,\"commentCount\":1,\"publisher\":{\"@id\":\"https:\\\/\\\/datajenny.se\\\/Blogg\\\/#\\\/schema\\\/person\\\/da3cd1b9792c07c50c88641dcf976bee\"},\"image\":{\"@id\":\"https:\\\/\\\/datajenny.se\\\/Blogg\\\/2025\\\/07\\\/11\\\/fem-en-fredag-v-28-sommargava\\\/#primaryimage\"},\"thumbnailUrl\":\"https:\\\/\\\/i0.wp.com\\\/datajenny.se\\\/Blogg\\\/wp-content\\\/uploads\\\/2025\\\/07\\\/funny-friday-pictures-pop6a4pfk0iy8byu.jpg?fit=950%2C775&ssl=1\",\"keywords\":[\"Blogg\",\"Fem en fredag\"],\"articleSection\":[\"Blogg\",\"Fem en fredag\"],\"inLanguage\":\"sv-SE\",\"potentialAction\":[{\"@type\":\"CommentAction\",\"name\":\"Comment\",\"target\":[\"https:\\\/\\\/datajenny.se\\\/Blogg\\\/2025\\\/07\\\/11\\\/fem-en-fredag-v-28-sommargava\\\/#respond\"]}]},{\"@type\":\"WebPage\",\"@id\":\"https:\\\/\\\/datajenny.se\\\/Blogg\\\/2025\\\/07\\\/11\\\/fem-en-fredag-v-28-sommargava\\\/\",\"url\":\"https:\\\/\\\/datajenny.se\\\/Blogg\\\/2025\\\/07\\\/11\\\/fem-en-fredag-v-28-sommargava\\\/\",\"name\":\"Fem en fredag v.28: Sommarg\u00e5va - V\u00e4lkommen till JeLo\",\"isPartOf\":{\"@id\":\"https:\\\/\\\/datajenny.se\\\/Blogg\\\/#website\"},\"primaryImageOfPage\":{\"@id\":\"https:\\\/\\\/datajenny.se\\\/Blogg\\\/2025\\\/07\\\/11\\\/fem-en-fredag-v-28-sommargava\\\/#primaryimage\"},\"image\":{\"@id\":\"https:\\\/\\\/datajenny.se\\\/Blogg\\\/2025\\\/07\\\/11\\\/fem-en-fredag-v-28-sommargava\\\/#primaryimage\"},\"thumbnailUrl\":\"https:\\\/\\\/i0.wp.com\\\/datajenny.se\\\/Blogg\\\/wp-content\\\/uploads\\\/2025\\\/07\\\/funny-friday-pictures-pop6a4pfk0iy8byu.jpg?fit=950%2C775&ssl=1\",\"datePublished\":\"2025-07-11T07:22:59+00:00\",\"dateModified\":\"2025-08-29T16:58:14+00:00\",\"breadcrumb\":{\"@id\":\"https:\\\/\\\/datajenny.se\\\/Blogg\\\/2025\\\/07\\\/11\\\/fem-en-fredag-v-28-sommargava\\\/#breadcrumb\"},\"inLanguage\":\"sv-SE\",\"potentialAction\":[{\"@type\":\"ReadAction\",\"target\":[\"https:\\\/\\\/datajenny.se\\\/Blogg\\\/2025\\\/07\\\/11\\\/fem-en-fredag-v-28-sommargava\\\/\"]}]},{\"@type\":\"ImageObject\",\"inLanguage\":\"sv-SE\",\"@id\":\"https:\\\/\\\/datajenny.se\\\/Blogg\\\/2025\\\/07\\\/11\\\/fem-en-fredag-v-28-sommargava\\\/#primaryimage\",\"url\":\"https:\\\/\\\/i0.wp.com\\\/datajenny.se\\\/Blogg\\\/wp-content\\\/uploads\\\/2025\\\/07\\\/funny-friday-pictures-pop6a4pfk0iy8byu.jpg?fit=950%2C775&ssl=1\",\"contentUrl\":\"https:\\\/\\\/i0.wp.com\\\/datajenny.se\\\/Blogg\\\/wp-content\\\/uploads\\\/2025\\\/07\\\/funny-friday-pictures-pop6a4pfk0iy8byu.jpg?fit=950%2C775&ssl=1\",\"width\":950,\"height\":775},{\"@type\":\"BreadcrumbList\",\"@id\":\"https:\\\/\\\/datajenny.se\\\/Blogg\\\/2025\\\/07\\\/11\\\/fem-en-fredag-v-28-sommargava\\\/#breadcrumb\",\"itemListElement\":[{\"@type\":\"ListItem\",\"position\":1,\"name\":\"Hem\",\"item\":\"https:\\\/\\\/datajenny.se\\\/Blogg\\\/\"},{\"@type\":\"ListItem\",\"position\":2,\"name\":\"Fem en fredag v.28: Sommarg\u00e5va\"}]},{\"@type\":\"WebSite\",\"@id\":\"https:\\\/\\\/datajenny.se\\\/Blogg\\\/#website\",\"url\":\"https:\\\/\\\/datajenny.se\\\/Blogg\\\/\",\"name\":\"V\u00e4lkommen till Jenny Louises blogg\",\"description\":\"Jenny Louises blogg\",\"publisher\":{\"@id\":\"https:\\\/\\\/datajenny.se\\\/Blogg\\\/#\\\/schema\\\/person\\\/da3cd1b9792c07c50c88641dcf976bee\"},\"potentialAction\":[{\"@type\":\"SearchAction\",\"target\":{\"@type\":\"EntryPoint\",\"urlTemplate\":\"https:\\\/\\\/datajenny.se\\\/Blogg\\\/?s={search_term_string}\"},\"query-input\":{\"@type\":\"PropertyValueSpecification\",\"valueRequired\":true,\"valueName\":\"search_term_string\"}}],\"inLanguage\":\"sv-SE\"},{\"@type\":[\"Person\",\"Organization\"],\"@id\":\"https:\\\/\\\/datajenny.se\\\/Blogg\\\/#\\\/schema\\\/person\\\/da3cd1b9792c07c50c88641dcf976bee\",\"name\":\"Jenny Louise Nod\u00e9n\",\"image\":{\"@type\":\"ImageObject\",\"inLanguage\":\"sv-SE\",\"@id\":\"https:\\\/\\\/datajenny.se\\\/Blogg\\\/wp-content\\\/uploads\\\/2025\\\/07\\\/wp-1751728308657.jpg\",\"url\":\"https:\\\/\\\/datajenny.se\\\/Blogg\\\/wp-content\\\/uploads\\\/2025\\\/07\\\/wp-1751728308657.jpg\",\"contentUrl\":\"https:\\\/\\\/datajenny.se\\\/Blogg\\\/wp-content\\\/uploads\\\/2025\\\/07\\\/wp-1751728308657.jpg\",\"width\":928,\"height\":928,\"caption\":\"Jenny Louise Nod\u00e9n\"},\"logo\":{\"@id\":\"https:\\\/\\\/datajenny.se\\\/Blogg\\\/wp-content\\\/uploads\\\/2025\\\/07\\\/wp-1751728308657.jpg\"},\"description\":\"Jag \u00e4r en tjej som oftast \u00e4r glad och \u00e4lskar livet, men den 18 januari 2005 s\u00e5 f\u00f6rs\u00f6kte jag ta mitt liv, jag orkade inte helt enkelt l\u00e4ngre. Men min f\u00e4stman hittade mig i duschen, han r\u00e4ddade livet p\u00e5 mig. Jag fick \u00e5ka in till akuten och blev magpumpad samt s\u00e5 fick jag \u00e4ta kr\u00e4ksirap. Hamnade sedan p\u00e5 S\u00e4ter och log d\u00e4r i fyra dagar. Idag \u00e4r jag glad f\u00f6r att han hittade mig, livet har s\u00e5 mycket att erbjuda. Jag bryr mig f\u00f6r mycket om andra, jag kommer alltid i andra hand hos mig sj\u00e4lv. Jag \u00e4r gift med en underbar man vid namn Magnus och vi har en son som heter Erik och \u00e4r f\u00f6dd juni 2018.\",\"sameAs\":[\"https:\\\/\\\/datajenny.se\\\/Blogg\",\"https:\\\/\\\/www.facebook.com\\\/datajenny\\\/\",\"https:\\\/\\\/www.instagram.com\\\/datajenny\\\/\",\"https:\\\/\\\/www.linkedin.com\\\/in\\\/jenny-louise-nodn-75324811b?\",\"https:\\\/\\\/youtube.com\\\/channel\\\/UCU00yswsJZcmgqfoON6pMwg\",\"https:\\\/\\\/datajenny.tumblr.com\\\/\"],\"url\":\"https:\\\/\\\/datajenny.se\\\/Blogg\\\/author\\\/jenny_louise\\\/\"}]}<\/script>\n<!-- \/ Yoast SEO plugin. -->","yoast_head_json":{"title":"Fem en fredag v.28: Sommarg\u00e5va - V\u00e4lkommen till JeLo","robots":{"index":"index","follow":"follow","max-snippet":"max-snippet:-1","max-image-preview":"max-image-preview:large","max-video-preview":"max-video-preview:-1"},"canonical":"https:\/\/datajenny.se\/Blogg\/2025\/07\/11\/fem-en-fredag-v-28-sommargava\/","og_locale":"sv_SE","og_type":"article","og_title":"Fem en fredag v.28: Sommarg\u00e5va - V\u00e4lkommen till JeLo","og_description":"Vill du l\u00e4sa om flera som bloggar om temat Fem en fredag s\u00e5 hittar du dessa h\u00e4r hos Elisa.","og_url":"https:\/\/datajenny.se\/Blogg\/2025\/07\/11\/fem-en-fredag-v-28-sommargava\/","og_site_name":"V\u00e4lkommen till JeLo","article_publisher":"https:\/\/www.facebook.com\/datajenny\/","article_author":"https:\/\/www.facebook.com\/datajenny\/","article_published_time":"2025-07-11T07:22:59+00:00","article_modified_time":"2025-08-29T16:58:14+00:00","og_image":[{"width":950,"height":775,"url":"https:\/\/i0.wp.com\/datajenny.se\/Blogg\/wp-content\/uploads\/2025\/07\/funny-friday-pictures-pop6a4pfk0iy8byu.jpg?fit=950%2C775&ssl=1","type":"image\/jpeg"}],"author":"Jenny Louise Nod\u00e9n","twitter_card":"summary_large_image","twitter_misc":{"Skriven av":"Jenny Louise Nod\u00e9n","Ber\u00e4knad l\u00e4stid":"2 minuter"},"schema":{"@context":"https:\/\/schema.org","@graph":[{"@type":"Article","@id":"https:\/\/datajenny.se\/Blogg\/2025\/07\/11\/fem-en-fredag-v-28-sommargava\/#article","isPartOf":{"@id":"https:\/\/datajenny.se\/Blogg\/2025\/07\/11\/fem-en-fredag-v-28-sommargava\/"},"author":{"name":"Jenny Louise Nod\u00e9n","@id":"https:\/\/datajenny.se\/Blogg\/#\/schema\/person\/da3cd1b9792c07c50c88641dcf976bee"},"headline":"Fem en fredag v.28: Sommarg\u00e5va","datePublished":"2025-07-11T07:22:59+00:00","dateModified":"2025-08-29T16:58:14+00:00","mainEntityOfPage":{"@id":"https:\/\/datajenny.se\/Blogg\/2025\/07\/11\/fem-en-fredag-v-28-sommargava\/"},"wordCount":290,"commentCount":1,"publisher":{"@id":"https:\/\/datajenny.se\/Blogg\/#\/schema\/person\/da3cd1b9792c07c50c88641dcf976bee"},"image":{"@id":"https:\/\/datajenny.se\/Blogg\/2025\/07\/11\/fem-en-fredag-v-28-sommargava\/#primaryimage"},"thumbnailUrl":"https:\/\/i0.wp.com\/datajenny.se\/Blogg\/wp-content\/uploads\/2025\/07\/funny-friday-pictures-pop6a4pfk0iy8byu.jpg?fit=950%2C775&ssl=1","keywords":["Blogg","Fem en fredag"],"articleSection":["Blogg","Fem en fredag"],"inLanguage":"sv-SE","potentialAction":[{"@type":"CommentAction","name":"Comment","target":["https:\/\/datajenny.se\/Blogg\/2025\/07\/11\/fem-en-fredag-v-28-sommargava\/#respond"]}]},{"@type":"WebPage","@id":"https:\/\/datajenny.se\/Blogg\/2025\/07\/11\/fem-en-fredag-v-28-sommargava\/","url":"https:\/\/datajenny.se\/Blogg\/2025\/07\/11\/fem-en-fredag-v-28-sommargava\/","name":"Fem en fredag v.28: Sommarg\u00e5va - V\u00e4lkommen till JeLo","isPartOf":{"@id":"https:\/\/datajenny.se\/Blogg\/#website"},"primaryImageOfPage":{"@id":"https:\/\/datajenny.se\/Blogg\/2025\/07\/11\/fem-en-fredag-v-28-sommargava\/#primaryimage"},"image":{"@id":"https:\/\/datajenny.se\/Blogg\/2025\/07\/11\/fem-en-fredag-v-28-sommargava\/#primaryimage"},"thumbnailUrl":"https:\/\/i0.wp.com\/datajenny.se\/Blogg\/wp-content\/uploads\/2025\/07\/funny-friday-pictures-pop6a4pfk0iy8byu.jpg?fit=950%2C775&ssl=1","datePublished":"2025-07-11T07:22:59+00:00","dateModified":"2025-08-29T16:58:14+00:00","breadcrumb":{"@id":"https:\/\/datajenny.se\/Blogg\/2025\/07\/11\/fem-en-fredag-v-28-sommargava\/#breadcrumb"},"inLanguage":"sv-SE","potentialAction":[{"@type":"ReadAction","target":["https:\/\/datajenny.se\/Blogg\/2025\/07\/11\/fem-en-fredag-v-28-sommargava\/"]}]},{"@type":"ImageObject","inLanguage":"sv-SE","@id":"https:\/\/datajenny.se\/Blogg\/2025\/07\/11\/fem-en-fredag-v-28-sommargava\/#primaryimage","url":"https:\/\/i0.wp.com\/datajenny.se\/Blogg\/wp-content\/uploads\/2025\/07\/funny-friday-pictures-pop6a4pfk0iy8byu.jpg?fit=950%2C775&ssl=1","contentUrl":"https:\/\/i0.wp.com\/datajenny.se\/Blogg\/wp-content\/uploads\/2025\/07\/funny-friday-pictures-pop6a4pfk0iy8byu.jpg?fit=950%2C775&ssl=1","width":950,"height":775},{"@type":"BreadcrumbList","@id":"https:\/\/datajenny.se\/Blogg\/2025\/07\/11\/fem-en-fredag-v-28-sommargava\/#breadcrumb","itemListElement":[{"@type":"ListItem","position":1,"name":"Hem","item":"https:\/\/datajenny.se\/Blogg\/"},{"@type":"ListItem","position":2,"name":"Fem en fredag v.28: Sommarg\u00e5va"}]},{"@type":"WebSite","@id":"https:\/\/datajenny.se\/Blogg\/#website","url":"https:\/\/datajenny.se\/Blogg\/","name":"V\u00e4lkommen till Jenny Louises blogg","description":"Jenny Louises blogg","publisher":{"@id":"https:\/\/datajenny.se\/Blogg\/#\/schema\/person\/da3cd1b9792c07c50c88641dcf976bee"},"potentialAction":[{"@type":"SearchAction","target":{"@type":"EntryPoint","urlTemplate":"https:\/\/datajenny.se\/Blogg\/?s={search_term_string}"},"query-input":{"@type":"PropertyValueSpecification","valueRequired":true,"valueName":"search_term_string"}}],"inLanguage":"sv-SE"},{"@type":["Person","Organization"],"@id":"https:\/\/datajenny.se\/Blogg\/#\/schema\/person\/da3cd1b9792c07c50c88641dcf976bee","name":"Jenny Louise Nod\u00e9n","image":{"@type":"ImageObject","inLanguage":"sv-SE","@id":"https:\/\/datajenny.se\/Blogg\/wp-content\/uploads\/2025\/07\/wp-1751728308657.jpg","url":"https:\/\/datajenny.se\/Blogg\/wp-content\/uploads\/2025\/07\/wp-1751728308657.jpg","contentUrl":"https:\/\/datajenny.se\/Blogg\/wp-content\/uploads\/2025\/07\/wp-1751728308657.jpg","width":928,"height":928,"caption":"Jenny Louise Nod\u00e9n"},"logo":{"@id":"https:\/\/datajenny.se\/Blogg\/wp-content\/uploads\/2025\/07\/wp-1751728308657.jpg"},"description":"Jag \u00e4r en tjej som oftast \u00e4r glad och \u00e4lskar livet, men den 18 januari 2005 s\u00e5 f\u00f6rs\u00f6kte jag ta mitt liv, jag orkade inte helt enkelt l\u00e4ngre. Men min f\u00e4stman hittade mig i duschen, han r\u00e4ddade livet p\u00e5 mig. Jag fick \u00e5ka in till akuten och blev magpumpad samt s\u00e5 fick jag \u00e4ta kr\u00e4ksirap. Hamnade sedan p\u00e5 S\u00e4ter och log d\u00e4r i fyra dagar. Idag \u00e4r jag glad f\u00f6r att han hittade mig, livet har s\u00e5 mycket att erbjuda. Jag bryr mig f\u00f6r mycket om andra, jag kommer alltid i andra hand hos mig sj\u00e4lv. Jag \u00e4r gift med en underbar man vid namn Magnus och vi har en son som heter Erik och \u00e4r f\u00f6dd juni 2018.","sameAs":["https:\/\/datajenny.se\/Blogg","https:\/\/www.facebook.com\/datajenny\/","https:\/\/www.instagram.com\/datajenny\/","https:\/\/www.linkedin.com\/in\/jenny-louise-nodn-75324811b?","https:\/\/youtube.com\/channel\/UCU00yswsJZcmgqfoON6pMwg","https:\/\/datajenny.tumblr.com\/"],"url":"https:\/\/datajenny.se\/Blogg\/author\/jenny_louise\/"}]}},"jetpack_publicize_connections":[],"jetpack_featured_media_url":"https:\/\/i0.wp.com\/datajenny.se\/Blogg\/wp-content\/uploads\/2025\/07\/funny-friday-pictures-pop6a4pfk0iy8byu.jpg?fit=950%2C775&ssl=1","jetpack_sharing_enabled":true,"jetpack_likes_enabled":true,"_links":{"self":[{"href":"https:\/\/datajenny.se\/Blogg\/wp-json\/wp\/v2\/posts\/1469","targetHints":{"allow":["GET"]}}],"collection":[{"href":"https:\/\/datajenny.se\/Blogg\/wp-json\/wp\/v2\/posts"}],"about":[{"href":"https:\/\/datajenny.se\/Blogg\/wp-json\/wp\/v2\/types\/post"}],"author":[{"embeddable":true,"href":"https:\/\/datajenny.se\/Blogg\/wp-json\/wp\/v2\/users\/1"}],"replies":[{"embeddable":true,"href":"https:\/\/datajenny.se\/Blogg\/wp-json\/wp\/v2\/comments?post=1469"}],"version-history":[{"count":8,"href":"https:\/\/datajenny.se\/Blogg\/wp-json\/wp\/v2\/posts\/1469\/revisions"}],"predecessor-version":[{"id":2847,"href":"https:\/\/datajenny.se\/Blogg\/wp-json\/wp\/v2\/posts\/1469\/revisions\/2847"}],"wp:featuredmedia":[{"embeddable":true,"href":"https:\/\/datajenny.se\/Blogg\/wp-json\/wp\/v2\/media\/1327"}],"wp:attachment":[{"href":"https:\/\/datajenny.se\/Blogg\/wp-json\/wp\/v2\/media?parent=1469"}],"wp:term":[{"taxonomy":"category","embeddable":true,"href":"https:\/\/datajenny.se\/Blogg\/wp-json\/wp\/v2\/categories?post=1469"},{"taxonomy":"post_tag","embeddable":true,"href":"https:\/\/datajenny.se\/Blogg\/wp-json\/wp\/v2\/tags?post=1469"}],"curies":[{"name":"wp","href":"https:\/\/api.w.org\/{rel}","templated":true}]}}