{"id":1704,"date":"2025-07-14T16:12:38","date_gmt":"2025-07-14T16:12:38","guid":{"rendered":"https:\/\/datajenny.se\/Blogg\/2025\/07\/tillbaka-i-vardagen-forsta-arbetsdagen-efter-semestern\/"},"modified":"2025-07-15T12:56:46","modified_gmt":"2025-07-15T12:56:46","slug":"tillbaka-i-vardagen-forsta-arbetsdagen-efter-semestern","status":"publish","type":"post","link":"https:\/\/datajenny.se\/Blogg\/2025\/07\/14\/tillbaka-i-vardagen-forsta-arbetsdagen-efter-semestern\/","title":{"rendered":"Tillbaka i vardagen \u2013 f\u00f6rsta arbetsdagen efter semestern"},"content":{"rendered":"<div class=\"wp-block-image\">\n<figure class=\"aligncenter size-large\"><img data-recalc-dims=\"1\" loading=\"lazy\" decoding=\"async\" width=\"600\" height=\"800\" src=\"https:\/\/i0.wp.com\/datajenny.se\/Blogg\/wp-content\/uploads\/2025\/07\/20250714_114416281293384650684503636451.jpg?resize=600%2C800&#038;ssl=1\" alt=\"\" class=\"wp-image-1703\" srcset=\"https:\/\/i0.wp.com\/datajenny.se\/Blogg\/wp-content\/uploads\/2025\/07\/20250714_114416281293384650684503636451.jpg?w=600&amp;ssl=1 600w, https:\/\/i0.wp.com\/datajenny.se\/Blogg\/wp-content\/uploads\/2025\/07\/20250714_114416281293384650684503636451.jpg?resize=225%2C300&amp;ssl=1 225w\" sizes=\"auto, (max-width: 600px) 100vw, 600px\" \/><\/figure>\n<\/div>\n\n\n<p> Idag var det dags \u2013 f\u00f6rsta dagen tillbaka p\u00e5 jobbet efter semestern. Jag hade n\u00e4stan gl\u00f6mt hur det k\u00e4nns att ha en vardagsrutin. Att stiga upp till alarmet ist\u00e4llet f\u00f6r att vakna av sig sj\u00e4lv. Men det gick f\u00f6rv\u00e5nansv\u00e4rt bra.<\/p>\n\n\n\n<p>Tempot har varit sk\u00f6nt och lagom. Ingen rivstart, bara en mjukstart in i arbetsveckan. Det var faktiskt r\u00e4tt sk\u00f6nt att komma tillbaka till kollegorna och kunderna. <\/p>\n\n\n\n<p>Efter jobbet tog jag en sv\u00e4ng f\u00f6rbi aff\u00e4ren och handlade. Kylen ekade tom efter ledigheten, s\u00e5 det var dags att fylla p\u00e5 med det n\u00f6dv\u00e4ndigaste. Det \u00e4r n\u00e5got stillsamt med att g\u00e5 d\u00e4r bland hyllorna i lugn takt, n\u00e4stan meditativt efter en arbetsdag.<\/p>\n\n\n\n<p>Nu \u00e4r jag hemma. Det k\u00e4nns bra att vara tillbaka, faktiskt. Lite som att s\u00e4tta p\u00e5 sig en v\u00e4lbekant tr\u00f6ja \u2013 tryggt och bekant, men med ett litet sting av saknad efter lata dagar utan tider att passa. <\/p>\n\n\n\n<p>Imorgon forts\u00e4tter vardagen \u2013 men ikv\u00e4ll njuter jag av lugnet, s\u00e4ngen och kanske en kopp te. <br> <\/p>\n\n\n\n<img data-recalc-dims=\"1\" loading=\"lazy\" decoding=\"async\" style=\"opacity: 0;\" superb-addons-animation=\"zoomIn\" src=\"https:\/\/i0.wp.com\/datajenny.se\/Blogg\/wp-content\/uploads\/2025\/07\/1000012255.png?resize=180%2C53&#038;ssl=1\" alt=\"Signatur\" width=\"180\" height=\"53\">\n","protected":false},"excerpt":{"rendered":"<p>Idag var det dags \u2013 f\u00f6rsta dagen tillbaka p\u00e5 jobbet efter semestern. Jag hade n\u00e4stan gl\u00f6mt hur det k\u00e4nns att ha en vardagsrutin. Att stiga upp till alarmet ist\u00e4llet f\u00f6r att vakna av sig sj\u00e4lv. Men det gick f\u00f6rv\u00e5nansv\u00e4rt bra. Tempot har varit sk\u00f6nt och lagom. Ingen rivstart, bara en mjukstart in i arbetsveckan. Det [&hellip;]<\/p>\n","protected":false},"author":1,"featured_media":1703,"comment_status":"open","ping_status":"closed","sticky":false,"template":"","format":"standard","meta":{"ngg_post_thumbnail":0,"jetpack_post_was_ever_published":false,"_jetpack_newsletter_access":"","_jetpack_dont_email_post_to_subs":false,"_jetpack_newsletter_tier_id":0,"_jetpack_memberships_contains_paywalled_content":false,"_jetpack_memberships_contains_paid_content":false,"footnotes":"","jetpack_publicize_message":"","jetpack_publicize_feature_enabled":true,"jetpack_social_post_already_shared":true,"jetpack_social_options":{"image_generator_settings":{"template":"highway","default_image_id":0,"font":"","enabled":false},"version":2}},"categories":[117,8,59],"tags":[118,9,60],"class_list":["post-1704","post","type-post","status-publish","format-standard","has-post-thumbnail","hentry","category-arbete","category-blogg","category-handla","tag-arbete","tag-blogg","tag-handla"],"featured_image_src":"https:\/\/i0.wp.com\/datajenny.se\/Blogg\/wp-content\/uploads\/2025\/07\/20250714_114416281293384650684503636451.jpg?fit=600%2C800&ssl=1","author_info":{"display_name":"Jenny Louise Nod\u00e9n","author_link":"https:\/\/datajenny.se\/Blogg\/author\/jenny_louise\/"},"yoast_head":"<!-- This site is optimized with the Yoast SEO plugin v27.3 - https:\/\/yoast.com\/product\/yoast-seo-wordpress\/ -->\n<title>Tillbaka i vardagen \u2013 f\u00f6rsta arbetsdagen efter semestern - V\u00e4lkommen till JeLo<\/title>\n<meta name=\"robots\" content=\"index, follow, max-snippet:-1, max-image-preview:large, max-video-preview:-1\" \/>\n<link rel=\"canonical\" href=\"https:\/\/datajenny.se\/Blogg\/2025\/07\/14\/tillbaka-i-vardagen-forsta-arbetsdagen-efter-semestern\/\" \/>\n<meta property=\"og:locale\" content=\"sv_SE\" \/>\n<meta property=\"og:type\" content=\"article\" \/>\n<meta property=\"og:title\" content=\"Tillbaka i vardagen \u2013 f\u00f6rsta arbetsdagen efter semestern - V\u00e4lkommen till JeLo\" \/>\n<meta property=\"og:description\" content=\"Idag var det dags \u2013 f\u00f6rsta dagen tillbaka p\u00e5 jobbet efter semestern. Jag hade n\u00e4stan gl\u00f6mt hur det k\u00e4nns att ha en vardagsrutin. Att stiga upp till alarmet ist\u00e4llet f\u00f6r att vakna av sig sj\u00e4lv. Men det gick f\u00f6rv\u00e5nansv\u00e4rt bra. Tempot har varit sk\u00f6nt och lagom. Ingen rivstart, bara en mjukstart in i arbetsveckan. Det [&hellip;]\" \/>\n<meta property=\"og:url\" content=\"https:\/\/datajenny.se\/Blogg\/2025\/07\/14\/tillbaka-i-vardagen-forsta-arbetsdagen-efter-semestern\/\" \/>\n<meta property=\"og:site_name\" content=\"V\u00e4lkommen till JeLo\" \/>\n<meta property=\"article:publisher\" content=\"https:\/\/www.facebook.com\/datajenny\/\" \/>\n<meta property=\"article:author\" content=\"https:\/\/www.facebook.com\/datajenny\/\" \/>\n<meta property=\"article:published_time\" content=\"2025-07-14T16:12:38+00:00\" \/>\n<meta property=\"article:modified_time\" content=\"2025-07-15T12:56:46+00:00\" \/>\n<meta property=\"og:image\" content=\"https:\/\/i0.wp.com\/datajenny.se\/Blogg\/wp-content\/uploads\/2025\/07\/20250714_114416281293384650684503636451.jpg?fit=600%2C800&ssl=1\" \/>\n\t<meta property=\"og:image:width\" content=\"600\" \/>\n\t<meta property=\"og:image:height\" content=\"800\" \/>\n\t<meta property=\"og:image:type\" content=\"image\/jpeg\" \/>\n<meta name=\"author\" content=\"Jenny Louise Nod\u00e9n\" \/>\n<meta name=\"twitter:card\" content=\"summary_large_image\" \/>\n<meta name=\"twitter:label1\" content=\"Skriven av\" \/>\n\t<meta name=\"twitter:data1\" content=\"Jenny Louise Nod\u00e9n\" \/>\n\t<meta name=\"twitter:label2\" content=\"Ber\u00e4knad l\u00e4stid\" \/>\n\t<meta name=\"twitter:data2\" content=\"2 minuter\" \/>\n<script type=\"application\/ld+json\" class=\"yoast-schema-graph\">{\"@context\":\"https:\\\/\\\/schema.org\",\"@graph\":[{\"@type\":\"Article\",\"@id\":\"https:\\\/\\\/datajenny.se\\\/Blogg\\\/2025\\\/07\\\/14\\\/tillbaka-i-vardagen-forsta-arbetsdagen-efter-semestern\\\/#article\",\"isPartOf\":{\"@id\":\"https:\\\/\\\/datajenny.se\\\/Blogg\\\/2025\\\/07\\\/14\\\/tillbaka-i-vardagen-forsta-arbetsdagen-efter-semestern\\\/\"},\"author\":{\"name\":\"Jenny Louise Nod\u00e9n\",\"@id\":\"https:\\\/\\\/datajenny.se\\\/Blogg\\\/#\\\/schema\\\/person\\\/da3cd1b9792c07c50c88641dcf976bee\"},\"headline\":\"Tillbaka i vardagen \u2013 f\u00f6rsta arbetsdagen efter semestern\",\"datePublished\":\"2025-07-14T16:12:38+00:00\",\"dateModified\":\"2025-07-15T12:56:46+00:00\",\"mainEntityOfPage\":{\"@id\":\"https:\\\/\\\/datajenny.se\\\/Blogg\\\/2025\\\/07\\\/14\\\/tillbaka-i-vardagen-forsta-arbetsdagen-efter-semestern\\\/\"},\"wordCount\":196,\"commentCount\":0,\"publisher\":{\"@id\":\"https:\\\/\\\/datajenny.se\\\/Blogg\\\/#\\\/schema\\\/person\\\/da3cd1b9792c07c50c88641dcf976bee\"},\"image\":{\"@id\":\"https:\\\/\\\/datajenny.se\\\/Blogg\\\/2025\\\/07\\\/14\\\/tillbaka-i-vardagen-forsta-arbetsdagen-efter-semestern\\\/#primaryimage\"},\"thumbnailUrl\":\"https:\\\/\\\/i0.wp.com\\\/datajenny.se\\\/Blogg\\\/wp-content\\\/uploads\\\/2025\\\/07\\\/20250714_114416281293384650684503636451.jpg?fit=600%2C800&ssl=1\",\"keywords\":[\"Arbete\",\"Blogg\",\"Handla\"],\"articleSection\":[\"Arbete\",\"Blogg\",\"Handla\"],\"inLanguage\":\"sv-SE\",\"potentialAction\":[{\"@type\":\"CommentAction\",\"name\":\"Comment\",\"target\":[\"https:\\\/\\\/datajenny.se\\\/Blogg\\\/2025\\\/07\\\/14\\\/tillbaka-i-vardagen-forsta-arbetsdagen-efter-semestern\\\/#respond\"]}]},{\"@type\":\"WebPage\",\"@id\":\"https:\\\/\\\/datajenny.se\\\/Blogg\\\/2025\\\/07\\\/14\\\/tillbaka-i-vardagen-forsta-arbetsdagen-efter-semestern\\\/\",\"url\":\"https:\\\/\\\/datajenny.se\\\/Blogg\\\/2025\\\/07\\\/14\\\/tillbaka-i-vardagen-forsta-arbetsdagen-efter-semestern\\\/\",\"name\":\"Tillbaka i vardagen \u2013 f\u00f6rsta arbetsdagen efter semestern - V\u00e4lkommen till JeLo\",\"isPartOf\":{\"@id\":\"https:\\\/\\\/datajenny.se\\\/Blogg\\\/#website\"},\"primaryImageOfPage\":{\"@id\":\"https:\\\/\\\/datajenny.se\\\/Blogg\\\/2025\\\/07\\\/14\\\/tillbaka-i-vardagen-forsta-arbetsdagen-efter-semestern\\\/#primaryimage\"},\"image\":{\"@id\":\"https:\\\/\\\/datajenny.se\\\/Blogg\\\/2025\\\/07\\\/14\\\/tillbaka-i-vardagen-forsta-arbetsdagen-efter-semestern\\\/#primaryimage\"},\"thumbnailUrl\":\"https:\\\/\\\/i0.wp.com\\\/datajenny.se\\\/Blogg\\\/wp-content\\\/uploads\\\/2025\\\/07\\\/20250714_114416281293384650684503636451.jpg?fit=600%2C800&ssl=1\",\"datePublished\":\"2025-07-14T16:12:38+00:00\",\"dateModified\":\"2025-07-15T12:56:46+00:00\",\"breadcrumb\":{\"@id\":\"https:\\\/\\\/datajenny.se\\\/Blogg\\\/2025\\\/07\\\/14\\\/tillbaka-i-vardagen-forsta-arbetsdagen-efter-semestern\\\/#breadcrumb\"},\"inLanguage\":\"sv-SE\",\"potentialAction\":[{\"@type\":\"ReadAction\",\"target\":[\"https:\\\/\\\/datajenny.se\\\/Blogg\\\/2025\\\/07\\\/14\\\/tillbaka-i-vardagen-forsta-arbetsdagen-efter-semestern\\\/\"]}]},{\"@type\":\"ImageObject\",\"inLanguage\":\"sv-SE\",\"@id\":\"https:\\\/\\\/datajenny.se\\\/Blogg\\\/2025\\\/07\\\/14\\\/tillbaka-i-vardagen-forsta-arbetsdagen-efter-semestern\\\/#primaryimage\",\"url\":\"https:\\\/\\\/i0.wp.com\\\/datajenny.se\\\/Blogg\\\/wp-content\\\/uploads\\\/2025\\\/07\\\/20250714_114416281293384650684503636451.jpg?fit=600%2C800&ssl=1\",\"contentUrl\":\"https:\\\/\\\/i0.wp.com\\\/datajenny.se\\\/Blogg\\\/wp-content\\\/uploads\\\/2025\\\/07\\\/20250714_114416281293384650684503636451.jpg?fit=600%2C800&ssl=1\",\"width\":600,\"height\":800},{\"@type\":\"BreadcrumbList\",\"@id\":\"https:\\\/\\\/datajenny.se\\\/Blogg\\\/2025\\\/07\\\/14\\\/tillbaka-i-vardagen-forsta-arbetsdagen-efter-semestern\\\/#breadcrumb\",\"itemListElement\":[{\"@type\":\"ListItem\",\"position\":1,\"name\":\"Hem\",\"item\":\"https:\\\/\\\/datajenny.se\\\/Blogg\\\/\"},{\"@type\":\"ListItem\",\"position\":2,\"name\":\"Tillbaka i vardagen \u2013 f\u00f6rsta arbetsdagen efter semestern\"}]},{\"@type\":\"WebSite\",\"@id\":\"https:\\\/\\\/datajenny.se\\\/Blogg\\\/#website\",\"url\":\"https:\\\/\\\/datajenny.se\\\/Blogg\\\/\",\"name\":\"V\u00e4lkommen till Jenny Louises blogg\",\"description\":\"Jenny Louises blogg\",\"publisher\":{\"@id\":\"https:\\\/\\\/datajenny.se\\\/Blogg\\\/#\\\/schema\\\/person\\\/da3cd1b9792c07c50c88641dcf976bee\"},\"potentialAction\":[{\"@type\":\"SearchAction\",\"target\":{\"@type\":\"EntryPoint\",\"urlTemplate\":\"https:\\\/\\\/datajenny.se\\\/Blogg\\\/?s={search_term_string}\"},\"query-input\":{\"@type\":\"PropertyValueSpecification\",\"valueRequired\":true,\"valueName\":\"search_term_string\"}}],\"inLanguage\":\"sv-SE\"},{\"@type\":[\"Person\",\"Organization\"],\"@id\":\"https:\\\/\\\/datajenny.se\\\/Blogg\\\/#\\\/schema\\\/person\\\/da3cd1b9792c07c50c88641dcf976bee\",\"name\":\"Jenny Louise Nod\u00e9n\",\"image\":{\"@type\":\"ImageObject\",\"inLanguage\":\"sv-SE\",\"@id\":\"https:\\\/\\\/datajenny.se\\\/Blogg\\\/wp-content\\\/uploads\\\/2025\\\/07\\\/wp-1751728308657.jpg\",\"url\":\"https:\\\/\\\/datajenny.se\\\/Blogg\\\/wp-content\\\/uploads\\\/2025\\\/07\\\/wp-1751728308657.jpg\",\"contentUrl\":\"https:\\\/\\\/datajenny.se\\\/Blogg\\\/wp-content\\\/uploads\\\/2025\\\/07\\\/wp-1751728308657.jpg\",\"width\":928,\"height\":928,\"caption\":\"Jenny Louise Nod\u00e9n\"},\"logo\":{\"@id\":\"https:\\\/\\\/datajenny.se\\\/Blogg\\\/wp-content\\\/uploads\\\/2025\\\/07\\\/wp-1751728308657.jpg\"},\"description\":\"Jag \u00e4r en tjej som oftast \u00e4r glad och \u00e4lskar livet, men den 18 januari 2005 s\u00e5 f\u00f6rs\u00f6kte jag ta mitt liv, jag orkade inte helt enkelt l\u00e4ngre. Men min f\u00e4stman hittade mig i duschen, han r\u00e4ddade livet p\u00e5 mig. Jag fick \u00e5ka in till akuten och blev magpumpad samt s\u00e5 fick jag \u00e4ta kr\u00e4ksirap. Hamnade sedan p\u00e5 S\u00e4ter och log d\u00e4r i fyra dagar. Idag \u00e4r jag glad f\u00f6r att han hittade mig, livet har s\u00e5 mycket att erbjuda. Jag bryr mig f\u00f6r mycket om andra, jag kommer alltid i andra hand hos mig sj\u00e4lv. Jag \u00e4r gift med en underbar man vid namn Magnus och vi har en son som heter Erik och \u00e4r f\u00f6dd juni 2018.\",\"sameAs\":[\"https:\\\/\\\/datajenny.se\\\/Blogg\",\"https:\\\/\\\/www.facebook.com\\\/datajenny\\\/\",\"https:\\\/\\\/www.instagram.com\\\/datajenny\\\/\",\"https:\\\/\\\/www.linkedin.com\\\/in\\\/jenny-louise-nodn-75324811b?\",\"https:\\\/\\\/youtube.com\\\/channel\\\/UCU00yswsJZcmgqfoON6pMwg\",\"https:\\\/\\\/datajenny.tumblr.com\\\/\"],\"url\":\"https:\\\/\\\/datajenny.se\\\/Blogg\\\/author\\\/jenny_louise\\\/\"}]}<\/script>\n<!-- \/ Yoast SEO plugin. -->","yoast_head_json":{"title":"Tillbaka i vardagen \u2013 f\u00f6rsta arbetsdagen efter semestern - V\u00e4lkommen till JeLo","robots":{"index":"index","follow":"follow","max-snippet":"max-snippet:-1","max-image-preview":"max-image-preview:large","max-video-preview":"max-video-preview:-1"},"canonical":"https:\/\/datajenny.se\/Blogg\/2025\/07\/14\/tillbaka-i-vardagen-forsta-arbetsdagen-efter-semestern\/","og_locale":"sv_SE","og_type":"article","og_title":"Tillbaka i vardagen \u2013 f\u00f6rsta arbetsdagen efter semestern - V\u00e4lkommen till JeLo","og_description":"Idag var det dags \u2013 f\u00f6rsta dagen tillbaka p\u00e5 jobbet efter semestern. Jag hade n\u00e4stan gl\u00f6mt hur det k\u00e4nns att ha en vardagsrutin. Att stiga upp till alarmet ist\u00e4llet f\u00f6r att vakna av sig sj\u00e4lv. Men det gick f\u00f6rv\u00e5nansv\u00e4rt bra. Tempot har varit sk\u00f6nt och lagom. Ingen rivstart, bara en mjukstart in i arbetsveckan. Det [&hellip;]","og_url":"https:\/\/datajenny.se\/Blogg\/2025\/07\/14\/tillbaka-i-vardagen-forsta-arbetsdagen-efter-semestern\/","og_site_name":"V\u00e4lkommen till JeLo","article_publisher":"https:\/\/www.facebook.com\/datajenny\/","article_author":"https:\/\/www.facebook.com\/datajenny\/","article_published_time":"2025-07-14T16:12:38+00:00","article_modified_time":"2025-07-15T12:56:46+00:00","og_image":[{"width":600,"height":800,"url":"https:\/\/i0.wp.com\/datajenny.se\/Blogg\/wp-content\/uploads\/2025\/07\/20250714_114416281293384650684503636451.jpg?fit=600%2C800&ssl=1","type":"image\/jpeg"}],"author":"Jenny Louise Nod\u00e9n","twitter_card":"summary_large_image","twitter_misc":{"Skriven av":"Jenny Louise Nod\u00e9n","Ber\u00e4knad l\u00e4stid":"2 minuter"},"schema":{"@context":"https:\/\/schema.org","@graph":[{"@type":"Article","@id":"https:\/\/datajenny.se\/Blogg\/2025\/07\/14\/tillbaka-i-vardagen-forsta-arbetsdagen-efter-semestern\/#article","isPartOf":{"@id":"https:\/\/datajenny.se\/Blogg\/2025\/07\/14\/tillbaka-i-vardagen-forsta-arbetsdagen-efter-semestern\/"},"author":{"name":"Jenny Louise Nod\u00e9n","@id":"https:\/\/datajenny.se\/Blogg\/#\/schema\/person\/da3cd1b9792c07c50c88641dcf976bee"},"headline":"Tillbaka i vardagen \u2013 f\u00f6rsta arbetsdagen efter semestern","datePublished":"2025-07-14T16:12:38+00:00","dateModified":"2025-07-15T12:56:46+00:00","mainEntityOfPage":{"@id":"https:\/\/datajenny.se\/Blogg\/2025\/07\/14\/tillbaka-i-vardagen-forsta-arbetsdagen-efter-semestern\/"},"wordCount":196,"commentCount":0,"publisher":{"@id":"https:\/\/datajenny.se\/Blogg\/#\/schema\/person\/da3cd1b9792c07c50c88641dcf976bee"},"image":{"@id":"https:\/\/datajenny.se\/Blogg\/2025\/07\/14\/tillbaka-i-vardagen-forsta-arbetsdagen-efter-semestern\/#primaryimage"},"thumbnailUrl":"https:\/\/i0.wp.com\/datajenny.se\/Blogg\/wp-content\/uploads\/2025\/07\/20250714_114416281293384650684503636451.jpg?fit=600%2C800&ssl=1","keywords":["Arbete","Blogg","Handla"],"articleSection":["Arbete","Blogg","Handla"],"inLanguage":"sv-SE","potentialAction":[{"@type":"CommentAction","name":"Comment","target":["https:\/\/datajenny.se\/Blogg\/2025\/07\/14\/tillbaka-i-vardagen-forsta-arbetsdagen-efter-semestern\/#respond"]}]},{"@type":"WebPage","@id":"https:\/\/datajenny.se\/Blogg\/2025\/07\/14\/tillbaka-i-vardagen-forsta-arbetsdagen-efter-semestern\/","url":"https:\/\/datajenny.se\/Blogg\/2025\/07\/14\/tillbaka-i-vardagen-forsta-arbetsdagen-efter-semestern\/","name":"Tillbaka i vardagen \u2013 f\u00f6rsta arbetsdagen efter semestern - V\u00e4lkommen till JeLo","isPartOf":{"@id":"https:\/\/datajenny.se\/Blogg\/#website"},"primaryImageOfPage":{"@id":"https:\/\/datajenny.se\/Blogg\/2025\/07\/14\/tillbaka-i-vardagen-forsta-arbetsdagen-efter-semestern\/#primaryimage"},"image":{"@id":"https:\/\/datajenny.se\/Blogg\/2025\/07\/14\/tillbaka-i-vardagen-forsta-arbetsdagen-efter-semestern\/#primaryimage"},"thumbnailUrl":"https:\/\/i0.wp.com\/datajenny.se\/Blogg\/wp-content\/uploads\/2025\/07\/20250714_114416281293384650684503636451.jpg?fit=600%2C800&ssl=1","datePublished":"2025-07-14T16:12:38+00:00","dateModified":"2025-07-15T12:56:46+00:00","breadcrumb":{"@id":"https:\/\/datajenny.se\/Blogg\/2025\/07\/14\/tillbaka-i-vardagen-forsta-arbetsdagen-efter-semestern\/#breadcrumb"},"inLanguage":"sv-SE","potentialAction":[{"@type":"ReadAction","target":["https:\/\/datajenny.se\/Blogg\/2025\/07\/14\/tillbaka-i-vardagen-forsta-arbetsdagen-efter-semestern\/"]}]},{"@type":"ImageObject","inLanguage":"sv-SE","@id":"https:\/\/datajenny.se\/Blogg\/2025\/07\/14\/tillbaka-i-vardagen-forsta-arbetsdagen-efter-semestern\/#primaryimage","url":"https:\/\/i0.wp.com\/datajenny.se\/Blogg\/wp-content\/uploads\/2025\/07\/20250714_114416281293384650684503636451.jpg?fit=600%2C800&ssl=1","contentUrl":"https:\/\/i0.wp.com\/datajenny.se\/Blogg\/wp-content\/uploads\/2025\/07\/20250714_114416281293384650684503636451.jpg?fit=600%2C800&ssl=1","width":600,"height":800},{"@type":"BreadcrumbList","@id":"https:\/\/datajenny.se\/Blogg\/2025\/07\/14\/tillbaka-i-vardagen-forsta-arbetsdagen-efter-semestern\/#breadcrumb","itemListElement":[{"@type":"ListItem","position":1,"name":"Hem","item":"https:\/\/datajenny.se\/Blogg\/"},{"@type":"ListItem","position":2,"name":"Tillbaka i vardagen \u2013 f\u00f6rsta arbetsdagen efter semestern"}]},{"@type":"WebSite","@id":"https:\/\/datajenny.se\/Blogg\/#website","url":"https:\/\/datajenny.se\/Blogg\/","name":"V\u00e4lkommen till Jenny Louises blogg","description":"Jenny Louises blogg","publisher":{"@id":"https:\/\/datajenny.se\/Blogg\/#\/schema\/person\/da3cd1b9792c07c50c88641dcf976bee"},"potentialAction":[{"@type":"SearchAction","target":{"@type":"EntryPoint","urlTemplate":"https:\/\/datajenny.se\/Blogg\/?s={search_term_string}"},"query-input":{"@type":"PropertyValueSpecification","valueRequired":true,"valueName":"search_term_string"}}],"inLanguage":"sv-SE"},{"@type":["Person","Organization"],"@id":"https:\/\/datajenny.se\/Blogg\/#\/schema\/person\/da3cd1b9792c07c50c88641dcf976bee","name":"Jenny Louise Nod\u00e9n","image":{"@type":"ImageObject","inLanguage":"sv-SE","@id":"https:\/\/datajenny.se\/Blogg\/wp-content\/uploads\/2025\/07\/wp-1751728308657.jpg","url":"https:\/\/datajenny.se\/Blogg\/wp-content\/uploads\/2025\/07\/wp-1751728308657.jpg","contentUrl":"https:\/\/datajenny.se\/Blogg\/wp-content\/uploads\/2025\/07\/wp-1751728308657.jpg","width":928,"height":928,"caption":"Jenny Louise Nod\u00e9n"},"logo":{"@id":"https:\/\/datajenny.se\/Blogg\/wp-content\/uploads\/2025\/07\/wp-1751728308657.jpg"},"description":"Jag \u00e4r en tjej som oftast \u00e4r glad och \u00e4lskar livet, men den 18 januari 2005 s\u00e5 f\u00f6rs\u00f6kte jag ta mitt liv, jag orkade inte helt enkelt l\u00e4ngre. Men min f\u00e4stman hittade mig i duschen, han r\u00e4ddade livet p\u00e5 mig. Jag fick \u00e5ka in till akuten och blev magpumpad samt s\u00e5 fick jag \u00e4ta kr\u00e4ksirap. Hamnade sedan p\u00e5 S\u00e4ter och log d\u00e4r i fyra dagar. Idag \u00e4r jag glad f\u00f6r att han hittade mig, livet har s\u00e5 mycket att erbjuda. Jag bryr mig f\u00f6r mycket om andra, jag kommer alltid i andra hand hos mig sj\u00e4lv. Jag \u00e4r gift med en underbar man vid namn Magnus och vi har en son som heter Erik och \u00e4r f\u00f6dd juni 2018.","sameAs":["https:\/\/datajenny.se\/Blogg","https:\/\/www.facebook.com\/datajenny\/","https:\/\/www.instagram.com\/datajenny\/","https:\/\/www.linkedin.com\/in\/jenny-louise-nodn-75324811b?","https:\/\/youtube.com\/channel\/UCU00yswsJZcmgqfoON6pMwg","https:\/\/datajenny.tumblr.com\/"],"url":"https:\/\/datajenny.se\/Blogg\/author\/jenny_louise\/"}]}},"jetpack_publicize_connections":[],"jetpack_featured_media_url":"https:\/\/i0.wp.com\/datajenny.se\/Blogg\/wp-content\/uploads\/2025\/07\/20250714_114416281293384650684503636451.jpg?fit=600%2C800&ssl=1","jetpack_sharing_enabled":true,"jetpack_likes_enabled":true,"_links":{"self":[{"href":"https:\/\/datajenny.se\/Blogg\/wp-json\/wp\/v2\/posts\/1704","targetHints":{"allow":["GET"]}}],"collection":[{"href":"https:\/\/datajenny.se\/Blogg\/wp-json\/wp\/v2\/posts"}],"about":[{"href":"https:\/\/datajenny.se\/Blogg\/wp-json\/wp\/v2\/types\/post"}],"author":[{"embeddable":true,"href":"https:\/\/datajenny.se\/Blogg\/wp-json\/wp\/v2\/users\/1"}],"replies":[{"embeddable":true,"href":"https:\/\/datajenny.se\/Blogg\/wp-json\/wp\/v2\/comments?post=1704"}],"version-history":[{"count":1,"href":"https:\/\/datajenny.se\/Blogg\/wp-json\/wp\/v2\/posts\/1704\/revisions"}],"predecessor-version":[{"id":1748,"href":"https:\/\/datajenny.se\/Blogg\/wp-json\/wp\/v2\/posts\/1704\/revisions\/1748"}],"wp:featuredmedia":[{"embeddable":true,"href":"https:\/\/datajenny.se\/Blogg\/wp-json\/wp\/v2\/media\/1703"}],"wp:attachment":[{"href":"https:\/\/datajenny.se\/Blogg\/wp-json\/wp\/v2\/media?parent=1704"}],"wp:term":[{"taxonomy":"category","embeddable":true,"href":"https:\/\/datajenny.se\/Blogg\/wp-json\/wp\/v2\/categories?post=1704"},{"taxonomy":"post_tag","embeddable":true,"href":"https:\/\/datajenny.se\/Blogg\/wp-json\/wp\/v2\/tags?post=1704"}],"curies":[{"name":"wp","href":"https:\/\/api.w.org\/{rel}","templated":true}]}}