{"id":1783,"date":"2025-07-15T17:14:16","date_gmt":"2025-07-15T17:14:16","guid":{"rendered":"https:\/\/datajenny.se\/Blogg\/2025\/07\/framtiden-ar-har-och-den-ar-jattestor-%f0%9f%93%b1%f0%9f%98%82\/"},"modified":"2025-07-15T17:23:45","modified_gmt":"2025-07-15T17:23:45","slug":"framtiden-ar-har-och-den-ar-jattestor-%f0%9f%93%b1%f0%9f%98%82","status":"publish","type":"post","link":"https:\/\/datajenny.se\/Blogg\/2025\/07\/15\/framtiden-ar-har-och-den-ar-jattestor-%f0%9f%93%b1%f0%9f%98%82\/","title":{"rendered":"Framtiden \u00e4r h\u00e4r \u2013 och den \u00e4r j\u00e4ttestor! \ud83d\udcf1\ud83d\ude02"},"content":{"rendered":"\n<p>Idag h\u00e4nde n\u00e5got som fick hela mig att skratta f\u00f6r en stund. Du vet de d\u00e4r moments som \u00e4r s\u00e5 klockrena att man bara m\u00e5ste f\u00f6reviga dem? Jag s\u00e5g ett s\u00e5dant \u2013 tack vare en kollega med knivskarp hum\u00f6r. <\/p>\n\n\n\n<p>P\u00e5 jobbet finns det en clevershare-sk\u00e4rm \u2013 ni vet, den d\u00e4r stora, interaktiva sk\u00e4rmen man anv\u00e4nder f\u00f6r presentationer, m\u00f6ten och ibland&#8230; Youtube-videor. <\/p>\n\n\n\n<p>P\u00e5 sk\u00e4rmen satt ett vitt A4-ark med f\u00f6ljande text:<\/p>\n\n\n\n<blockquote class=\"wp-block-quote is-layout-flow wp-block-quote-is-layout-flow\">\n<p>\ud83d\udc49 J\u00e4ttestora iPads som vanligt, i framtiden.<\/p>\n<\/blockquote>\n\n\n\n<p>Jag dog n\u00e4stan av skratt. Det var s\u00e5 enkelt, s\u00e5 spot-on, och s\u00e5 sant. F\u00f6r visst k\u00e4nns det ibland som att framtiden inte bara inneb\u00e4r flygande bilar och AI som skriver v\u00e5ra mejl, utan ocks\u00e5 att allt bara blir&#8230; st\u00f6rre versioner av det vi redan har?<\/p>\n\n\n\n<p>Vi har:<\/p>\n\n\n\n<ul class=\"wp-block-list\">\n<li>Stora mobiler = phablets<\/li>\n\n\n\n<li>Stora laptops = hybrider<\/li>\n\n\n\n<li>Stora sk\u00e4rmar = clevershares aka j\u00e4ttestora iPads<\/li>\n<\/ul>\n\n\n\n<p>Och tydligen \u00e4r det precis s\u00e5 framtiden ser ut: samma grejer, men i extra large.<\/p>\n\n\n\n<p>Tack till den anonyma m\u00e4staren som gjorde min dag. Vem du \u00e4n \u00e4r \u2013 s\u00e5 gillar jag hur du t\u00e4nker. \ud83d\ude4c<\/p>\n\n\n<div class=\"wp-block-image\">\n<figure class=\"aligncenter size-large\"><img data-recalc-dims=\"1\" loading=\"lazy\" decoding=\"async\" width=\"640\" height=\"480\" src=\"https:\/\/i0.wp.com\/datajenny.se\/Blogg\/wp-content\/uploads\/2025\/07\/20250715_1603552944054011372337893.jpg?resize=640%2C480&#038;ssl=1\" alt=\"\" class=\"wp-image-1782\" srcset=\"https:\/\/i0.wp.com\/datajenny.se\/Blogg\/wp-content\/uploads\/2025\/07\/20250715_1603552944054011372337893.jpg?w=800&amp;ssl=1 800w, https:\/\/i0.wp.com\/datajenny.se\/Blogg\/wp-content\/uploads\/2025\/07\/20250715_1603552944054011372337893.jpg?resize=300%2C225&amp;ssl=1 300w, https:\/\/i0.wp.com\/datajenny.se\/Blogg\/wp-content\/uploads\/2025\/07\/20250715_1603552944054011372337893.jpg?resize=768%2C576&amp;ssl=1 768w\" sizes=\"auto, (max-width: 640px) 100vw, 640px\" \/><\/figure>\n<\/div>\n\n\n<p>Har du sett n\u00e5got kul p\u00e5 jobbet nyligen? Dela g\u00e4rna med dig! Vi beh\u00f6ver fler skratt i vardagen. \ud83d\ude04 <\/p>\n\n\n\n<img data-recalc-dims=\"1\" loading=\"lazy\" decoding=\"async\" style=\"opacity: 0;\" superb-addons-animation=\"zoomIn\" src=\"https:\/\/i0.wp.com\/datajenny.se\/Blogg\/wp-content\/uploads\/2025\/07\/1000012255.png?resize=180%2C53&#038;ssl=1\" alt=\"Signatur\" width=\"180\" height=\"53\">\n","protected":false},"excerpt":{"rendered":"<p>Idag h\u00e4nde n\u00e5got som fick hela mig att skratta f\u00f6r en stund. Du vet de d\u00e4r moments som \u00e4r s\u00e5 klockrena att man bara m\u00e5ste f\u00f6reviga dem? Jag s\u00e5g ett s\u00e5dant \u2013 tack vare en kollega med knivskarp hum\u00f6r. P\u00e5 jobbet finns det en clevershare-sk\u00e4rm \u2013 ni vet, den d\u00e4r stora, interaktiva sk\u00e4rmen man anv\u00e4nder [&hellip;]<\/p>\n","protected":false},"author":1,"featured_media":1782,"comment_status":"open","ping_status":"open","sticky":false,"template":"","format":"standard","meta":{"ngg_post_thumbnail":0,"jetpack_post_was_ever_published":false,"_jetpack_newsletter_access":"","_jetpack_dont_email_post_to_subs":false,"_jetpack_newsletter_tier_id":0,"_jetpack_memberships_contains_paywalled_content":false,"_jetpack_memberships_contains_paid_content":false,"footnotes":"","jetpack_publicize_message":"","jetpack_publicize_feature_enabled":true,"jetpack_social_post_already_shared":true,"jetpack_social_options":{"image_generator_settings":{"template":"highway","default_image_id":0,"font":"","enabled":false},"version":2}},"categories":[8,123],"tags":[9,124],"class_list":["post-1783","post","type-post","status-publish","format-standard","has-post-thumbnail","hentry","category-blogg","category-framtiden","tag-blogg","tag-framtiden"],"featured_image_src":"https:\/\/i0.wp.com\/datajenny.se\/Blogg\/wp-content\/uploads\/2025\/07\/20250715_1603552944054011372337893.jpg?fit=800%2C600&ssl=1","author_info":{"display_name":"Jenny Louise Nod\u00e9n","author_link":"https:\/\/datajenny.se\/Blogg\/author\/jenny_louise\/"},"yoast_head":"<!-- This site is optimized with the Yoast SEO plugin v27.3 - https:\/\/yoast.com\/product\/yoast-seo-wordpress\/ -->\n<title>Framtiden \u00e4r h\u00e4r \u2013 och den \u00e4r j\u00e4ttestor! \ud83d\udcf1\ud83d\ude02 - V\u00e4lkommen till JeLo<\/title>\n<meta name=\"robots\" content=\"index, follow, max-snippet:-1, max-image-preview:large, max-video-preview:-1\" \/>\n<link rel=\"canonical\" href=\"https:\/\/datajenny.se\/Blogg\/2025\/07\/15\/framtiden-ar-har-och-den-ar-jattestor-\ud83d\udcf1\ud83d\ude02\/\" \/>\n<meta property=\"og:locale\" content=\"sv_SE\" \/>\n<meta property=\"og:type\" content=\"article\" \/>\n<meta property=\"og:title\" content=\"Framtiden \u00e4r h\u00e4r \u2013 och den \u00e4r j\u00e4ttestor! \ud83d\udcf1\ud83d\ude02 - V\u00e4lkommen till JeLo\" \/>\n<meta property=\"og:description\" content=\"Idag h\u00e4nde n\u00e5got som fick hela mig att skratta f\u00f6r en stund. Du vet de d\u00e4r moments som \u00e4r s\u00e5 klockrena att man bara m\u00e5ste f\u00f6reviga dem? Jag s\u00e5g ett s\u00e5dant \u2013 tack vare en kollega med knivskarp hum\u00f6r. P\u00e5 jobbet finns det en clevershare-sk\u00e4rm \u2013 ni vet, den d\u00e4r stora, interaktiva sk\u00e4rmen man anv\u00e4nder [&hellip;]\" \/>\n<meta property=\"og:url\" content=\"https:\/\/datajenny.se\/Blogg\/2025\/07\/15\/framtiden-ar-har-och-den-ar-jattestor-\ud83d\udcf1\ud83d\ude02\/\" \/>\n<meta property=\"og:site_name\" content=\"V\u00e4lkommen till JeLo\" \/>\n<meta property=\"article:publisher\" content=\"https:\/\/www.facebook.com\/datajenny\/\" \/>\n<meta property=\"article:author\" content=\"https:\/\/www.facebook.com\/datajenny\/\" \/>\n<meta property=\"article:published_time\" content=\"2025-07-15T17:14:16+00:00\" \/>\n<meta property=\"article:modified_time\" content=\"2025-07-15T17:23:45+00:00\" \/>\n<meta property=\"og:image\" content=\"https:\/\/i0.wp.com\/datajenny.se\/Blogg\/wp-content\/uploads\/2025\/07\/20250715_1603552944054011372337893.jpg?fit=800%2C600&ssl=1\" \/>\n\t<meta property=\"og:image:width\" content=\"800\" \/>\n\t<meta property=\"og:image:height\" content=\"600\" \/>\n\t<meta property=\"og:image:type\" content=\"image\/jpeg\" \/>\n<meta name=\"author\" content=\"Jenny Louise Nod\u00e9n\" \/>\n<meta name=\"twitter:card\" content=\"summary_large_image\" \/>\n<meta name=\"twitter:label1\" content=\"Skriven av\" \/>\n\t<meta name=\"twitter:data1\" content=\"Jenny Louise Nod\u00e9n\" \/>\n\t<meta name=\"twitter:label2\" content=\"Ber\u00e4knad l\u00e4stid\" \/>\n\t<meta name=\"twitter:data2\" content=\"3 minuter\" \/>\n<script type=\"application\/ld+json\" class=\"yoast-schema-graph\">{\"@context\":\"https:\\\/\\\/schema.org\",\"@graph\":[{\"@type\":\"Article\",\"@id\":\"https:\\\/\\\/datajenny.se\\\/Blogg\\\/2025\\\/07\\\/15\\\/framtiden-ar-har-och-den-ar-jattestor-%f0%9f%93%b1%f0%9f%98%82\\\/#article\",\"isPartOf\":{\"@id\":\"https:\\\/\\\/datajenny.se\\\/Blogg\\\/2025\\\/07\\\/15\\\/framtiden-ar-har-och-den-ar-jattestor-%f0%9f%93%b1%f0%9f%98%82\\\/\"},\"author\":{\"name\":\"Jenny Louise Nod\u00e9n\",\"@id\":\"https:\\\/\\\/datajenny.se\\\/Blogg\\\/#\\\/schema\\\/person\\\/da3cd1b9792c07c50c88641dcf976bee\"},\"headline\":\"Framtiden \u00e4r h\u00e4r \u2013 och den \u00e4r j\u00e4ttestor! \ud83d\udcf1\ud83d\ude02\",\"datePublished\":\"2025-07-15T17:14:16+00:00\",\"dateModified\":\"2025-07-15T17:23:45+00:00\",\"mainEntityOfPage\":{\"@id\":\"https:\\\/\\\/datajenny.se\\\/Blogg\\\/2025\\\/07\\\/15\\\/framtiden-ar-har-och-den-ar-jattestor-%f0%9f%93%b1%f0%9f%98%82\\\/\"},\"wordCount\":227,\"commentCount\":0,\"publisher\":{\"@id\":\"https:\\\/\\\/datajenny.se\\\/Blogg\\\/#\\\/schema\\\/person\\\/da3cd1b9792c07c50c88641dcf976bee\"},\"image\":{\"@id\":\"https:\\\/\\\/datajenny.se\\\/Blogg\\\/2025\\\/07\\\/15\\\/framtiden-ar-har-och-den-ar-jattestor-%f0%9f%93%b1%f0%9f%98%82\\\/#primaryimage\"},\"thumbnailUrl\":\"https:\\\/\\\/i0.wp.com\\\/datajenny.se\\\/Blogg\\\/wp-content\\\/uploads\\\/2025\\\/07\\\/20250715_1603552944054011372337893.jpg?fit=800%2C600&ssl=1\",\"keywords\":[\"Blogg\",\"Framtiden\"],\"articleSection\":[\"Blogg\",\"Framtiden\"],\"inLanguage\":\"sv-SE\",\"potentialAction\":[{\"@type\":\"CommentAction\",\"name\":\"Comment\",\"target\":[\"https:\\\/\\\/datajenny.se\\\/Blogg\\\/2025\\\/07\\\/15\\\/framtiden-ar-har-och-den-ar-jattestor-%f0%9f%93%b1%f0%9f%98%82\\\/#respond\"]}]},{\"@type\":\"WebPage\",\"@id\":\"https:\\\/\\\/datajenny.se\\\/Blogg\\\/2025\\\/07\\\/15\\\/framtiden-ar-har-och-den-ar-jattestor-%f0%9f%93%b1%f0%9f%98%82\\\/\",\"url\":\"https:\\\/\\\/datajenny.se\\\/Blogg\\\/2025\\\/07\\\/15\\\/framtiden-ar-har-och-den-ar-jattestor-%f0%9f%93%b1%f0%9f%98%82\\\/\",\"name\":\"Framtiden \u00e4r h\u00e4r \u2013 och den \u00e4r j\u00e4ttestor! \ud83d\udcf1\ud83d\ude02 - V\u00e4lkommen till JeLo\",\"isPartOf\":{\"@id\":\"https:\\\/\\\/datajenny.se\\\/Blogg\\\/#website\"},\"primaryImageOfPage\":{\"@id\":\"https:\\\/\\\/datajenny.se\\\/Blogg\\\/2025\\\/07\\\/15\\\/framtiden-ar-har-och-den-ar-jattestor-%f0%9f%93%b1%f0%9f%98%82\\\/#primaryimage\"},\"image\":{\"@id\":\"https:\\\/\\\/datajenny.se\\\/Blogg\\\/2025\\\/07\\\/15\\\/framtiden-ar-har-och-den-ar-jattestor-%f0%9f%93%b1%f0%9f%98%82\\\/#primaryimage\"},\"thumbnailUrl\":\"https:\\\/\\\/i0.wp.com\\\/datajenny.se\\\/Blogg\\\/wp-content\\\/uploads\\\/2025\\\/07\\\/20250715_1603552944054011372337893.jpg?fit=800%2C600&ssl=1\",\"datePublished\":\"2025-07-15T17:14:16+00:00\",\"dateModified\":\"2025-07-15T17:23:45+00:00\",\"breadcrumb\":{\"@id\":\"https:\\\/\\\/datajenny.se\\\/Blogg\\\/2025\\\/07\\\/15\\\/framtiden-ar-har-och-den-ar-jattestor-%f0%9f%93%b1%f0%9f%98%82\\\/#breadcrumb\"},\"inLanguage\":\"sv-SE\",\"potentialAction\":[{\"@type\":\"ReadAction\",\"target\":[\"https:\\\/\\\/datajenny.se\\\/Blogg\\\/2025\\\/07\\\/15\\\/framtiden-ar-har-och-den-ar-jattestor-%f0%9f%93%b1%f0%9f%98%82\\\/\"]}]},{\"@type\":\"ImageObject\",\"inLanguage\":\"sv-SE\",\"@id\":\"https:\\\/\\\/datajenny.se\\\/Blogg\\\/2025\\\/07\\\/15\\\/framtiden-ar-har-och-den-ar-jattestor-%f0%9f%93%b1%f0%9f%98%82\\\/#primaryimage\",\"url\":\"https:\\\/\\\/i0.wp.com\\\/datajenny.se\\\/Blogg\\\/wp-content\\\/uploads\\\/2025\\\/07\\\/20250715_1603552944054011372337893.jpg?fit=800%2C600&ssl=1\",\"contentUrl\":\"https:\\\/\\\/i0.wp.com\\\/datajenny.se\\\/Blogg\\\/wp-content\\\/uploads\\\/2025\\\/07\\\/20250715_1603552944054011372337893.jpg?fit=800%2C600&ssl=1\",\"width\":800,\"height\":600},{\"@type\":\"BreadcrumbList\",\"@id\":\"https:\\\/\\\/datajenny.se\\\/Blogg\\\/2025\\\/07\\\/15\\\/framtiden-ar-har-och-den-ar-jattestor-%f0%9f%93%b1%f0%9f%98%82\\\/#breadcrumb\",\"itemListElement\":[{\"@type\":\"ListItem\",\"position\":1,\"name\":\"Hem\",\"item\":\"https:\\\/\\\/datajenny.se\\\/Blogg\\\/\"},{\"@type\":\"ListItem\",\"position\":2,\"name\":\"Framtiden \u00e4r h\u00e4r \u2013 och den \u00e4r j\u00e4ttestor! \ud83d\udcf1\ud83d\ude02\"}]},{\"@type\":\"WebSite\",\"@id\":\"https:\\\/\\\/datajenny.se\\\/Blogg\\\/#website\",\"url\":\"https:\\\/\\\/datajenny.se\\\/Blogg\\\/\",\"name\":\"V\u00e4lkommen till Jenny Louises blogg\",\"description\":\"Jenny Louises blogg\",\"publisher\":{\"@id\":\"https:\\\/\\\/datajenny.se\\\/Blogg\\\/#\\\/schema\\\/person\\\/da3cd1b9792c07c50c88641dcf976bee\"},\"potentialAction\":[{\"@type\":\"SearchAction\",\"target\":{\"@type\":\"EntryPoint\",\"urlTemplate\":\"https:\\\/\\\/datajenny.se\\\/Blogg\\\/?s={search_term_string}\"},\"query-input\":{\"@type\":\"PropertyValueSpecification\",\"valueRequired\":true,\"valueName\":\"search_term_string\"}}],\"inLanguage\":\"sv-SE\"},{\"@type\":[\"Person\",\"Organization\"],\"@id\":\"https:\\\/\\\/datajenny.se\\\/Blogg\\\/#\\\/schema\\\/person\\\/da3cd1b9792c07c50c88641dcf976bee\",\"name\":\"Jenny Louise Nod\u00e9n\",\"image\":{\"@type\":\"ImageObject\",\"inLanguage\":\"sv-SE\",\"@id\":\"https:\\\/\\\/datajenny.se\\\/Blogg\\\/wp-content\\\/uploads\\\/2025\\\/07\\\/wp-1751728308657.jpg\",\"url\":\"https:\\\/\\\/datajenny.se\\\/Blogg\\\/wp-content\\\/uploads\\\/2025\\\/07\\\/wp-1751728308657.jpg\",\"contentUrl\":\"https:\\\/\\\/datajenny.se\\\/Blogg\\\/wp-content\\\/uploads\\\/2025\\\/07\\\/wp-1751728308657.jpg\",\"width\":928,\"height\":928,\"caption\":\"Jenny Louise Nod\u00e9n\"},\"logo\":{\"@id\":\"https:\\\/\\\/datajenny.se\\\/Blogg\\\/wp-content\\\/uploads\\\/2025\\\/07\\\/wp-1751728308657.jpg\"},\"description\":\"Jag \u00e4r en tjej som oftast \u00e4r glad och \u00e4lskar livet, men den 18 januari 2005 s\u00e5 f\u00f6rs\u00f6kte jag ta mitt liv, jag orkade inte helt enkelt l\u00e4ngre. Men min f\u00e4stman hittade mig i duschen, han r\u00e4ddade livet p\u00e5 mig. Jag fick \u00e5ka in till akuten och blev magpumpad samt s\u00e5 fick jag \u00e4ta kr\u00e4ksirap. Hamnade sedan p\u00e5 S\u00e4ter och log d\u00e4r i fyra dagar. Idag \u00e4r jag glad f\u00f6r att han hittade mig, livet har s\u00e5 mycket att erbjuda. Jag bryr mig f\u00f6r mycket om andra, jag kommer alltid i andra hand hos mig sj\u00e4lv. Jag \u00e4r gift med en underbar man vid namn Magnus och vi har en son som heter Erik och \u00e4r f\u00f6dd juni 2018.\",\"sameAs\":[\"https:\\\/\\\/datajenny.se\\\/Blogg\",\"https:\\\/\\\/www.facebook.com\\\/datajenny\\\/\",\"https:\\\/\\\/www.instagram.com\\\/datajenny\\\/\",\"https:\\\/\\\/www.linkedin.com\\\/in\\\/jenny-louise-nodn-75324811b?\",\"https:\\\/\\\/youtube.com\\\/channel\\\/UCU00yswsJZcmgqfoON6pMwg\",\"https:\\\/\\\/datajenny.tumblr.com\\\/\"],\"url\":\"https:\\\/\\\/datajenny.se\\\/Blogg\\\/author\\\/jenny_louise\\\/\"}]}<\/script>\n<!-- \/ Yoast SEO plugin. -->","yoast_head_json":{"title":"Framtiden \u00e4r h\u00e4r \u2013 och den \u00e4r j\u00e4ttestor! \ud83d\udcf1\ud83d\ude02 - V\u00e4lkommen till JeLo","robots":{"index":"index","follow":"follow","max-snippet":"max-snippet:-1","max-image-preview":"max-image-preview:large","max-video-preview":"max-video-preview:-1"},"canonical":"https:\/\/datajenny.se\/Blogg\/2025\/07\/15\/framtiden-ar-har-och-den-ar-jattestor-\ud83d\udcf1\ud83d\ude02\/","og_locale":"sv_SE","og_type":"article","og_title":"Framtiden \u00e4r h\u00e4r \u2013 och den \u00e4r j\u00e4ttestor! \ud83d\udcf1\ud83d\ude02 - V\u00e4lkommen till JeLo","og_description":"Idag h\u00e4nde n\u00e5got som fick hela mig att skratta f\u00f6r en stund. Du vet de d\u00e4r moments som \u00e4r s\u00e5 klockrena att man bara m\u00e5ste f\u00f6reviga dem? Jag s\u00e5g ett s\u00e5dant \u2013 tack vare en kollega med knivskarp hum\u00f6r. P\u00e5 jobbet finns det en clevershare-sk\u00e4rm \u2013 ni vet, den d\u00e4r stora, interaktiva sk\u00e4rmen man anv\u00e4nder [&hellip;]","og_url":"https:\/\/datajenny.se\/Blogg\/2025\/07\/15\/framtiden-ar-har-och-den-ar-jattestor-\ud83d\udcf1\ud83d\ude02\/","og_site_name":"V\u00e4lkommen till JeLo","article_publisher":"https:\/\/www.facebook.com\/datajenny\/","article_author":"https:\/\/www.facebook.com\/datajenny\/","article_published_time":"2025-07-15T17:14:16+00:00","article_modified_time":"2025-07-15T17:23:45+00:00","og_image":[{"width":800,"height":600,"url":"https:\/\/i0.wp.com\/datajenny.se\/Blogg\/wp-content\/uploads\/2025\/07\/20250715_1603552944054011372337893.jpg?fit=800%2C600&ssl=1","type":"image\/jpeg"}],"author":"Jenny Louise Nod\u00e9n","twitter_card":"summary_large_image","twitter_misc":{"Skriven av":"Jenny Louise Nod\u00e9n","Ber\u00e4knad l\u00e4stid":"3 minuter"},"schema":{"@context":"https:\/\/schema.org","@graph":[{"@type":"Article","@id":"https:\/\/datajenny.se\/Blogg\/2025\/07\/15\/framtiden-ar-har-och-den-ar-jattestor-%f0%9f%93%b1%f0%9f%98%82\/#article","isPartOf":{"@id":"https:\/\/datajenny.se\/Blogg\/2025\/07\/15\/framtiden-ar-har-och-den-ar-jattestor-%f0%9f%93%b1%f0%9f%98%82\/"},"author":{"name":"Jenny Louise Nod\u00e9n","@id":"https:\/\/datajenny.se\/Blogg\/#\/schema\/person\/da3cd1b9792c07c50c88641dcf976bee"},"headline":"Framtiden \u00e4r h\u00e4r \u2013 och den \u00e4r j\u00e4ttestor! \ud83d\udcf1\ud83d\ude02","datePublished":"2025-07-15T17:14:16+00:00","dateModified":"2025-07-15T17:23:45+00:00","mainEntityOfPage":{"@id":"https:\/\/datajenny.se\/Blogg\/2025\/07\/15\/framtiden-ar-har-och-den-ar-jattestor-%f0%9f%93%b1%f0%9f%98%82\/"},"wordCount":227,"commentCount":0,"publisher":{"@id":"https:\/\/datajenny.se\/Blogg\/#\/schema\/person\/da3cd1b9792c07c50c88641dcf976bee"},"image":{"@id":"https:\/\/datajenny.se\/Blogg\/2025\/07\/15\/framtiden-ar-har-och-den-ar-jattestor-%f0%9f%93%b1%f0%9f%98%82\/#primaryimage"},"thumbnailUrl":"https:\/\/i0.wp.com\/datajenny.se\/Blogg\/wp-content\/uploads\/2025\/07\/20250715_1603552944054011372337893.jpg?fit=800%2C600&ssl=1","keywords":["Blogg","Framtiden"],"articleSection":["Blogg","Framtiden"],"inLanguage":"sv-SE","potentialAction":[{"@type":"CommentAction","name":"Comment","target":["https:\/\/datajenny.se\/Blogg\/2025\/07\/15\/framtiden-ar-har-och-den-ar-jattestor-%f0%9f%93%b1%f0%9f%98%82\/#respond"]}]},{"@type":"WebPage","@id":"https:\/\/datajenny.se\/Blogg\/2025\/07\/15\/framtiden-ar-har-och-den-ar-jattestor-%f0%9f%93%b1%f0%9f%98%82\/","url":"https:\/\/datajenny.se\/Blogg\/2025\/07\/15\/framtiden-ar-har-och-den-ar-jattestor-%f0%9f%93%b1%f0%9f%98%82\/","name":"Framtiden \u00e4r h\u00e4r \u2013 och den \u00e4r j\u00e4ttestor! \ud83d\udcf1\ud83d\ude02 - V\u00e4lkommen till JeLo","isPartOf":{"@id":"https:\/\/datajenny.se\/Blogg\/#website"},"primaryImageOfPage":{"@id":"https:\/\/datajenny.se\/Blogg\/2025\/07\/15\/framtiden-ar-har-och-den-ar-jattestor-%f0%9f%93%b1%f0%9f%98%82\/#primaryimage"},"image":{"@id":"https:\/\/datajenny.se\/Blogg\/2025\/07\/15\/framtiden-ar-har-och-den-ar-jattestor-%f0%9f%93%b1%f0%9f%98%82\/#primaryimage"},"thumbnailUrl":"https:\/\/i0.wp.com\/datajenny.se\/Blogg\/wp-content\/uploads\/2025\/07\/20250715_1603552944054011372337893.jpg?fit=800%2C600&ssl=1","datePublished":"2025-07-15T17:14:16+00:00","dateModified":"2025-07-15T17:23:45+00:00","breadcrumb":{"@id":"https:\/\/datajenny.se\/Blogg\/2025\/07\/15\/framtiden-ar-har-och-den-ar-jattestor-%f0%9f%93%b1%f0%9f%98%82\/#breadcrumb"},"inLanguage":"sv-SE","potentialAction":[{"@type":"ReadAction","target":["https:\/\/datajenny.se\/Blogg\/2025\/07\/15\/framtiden-ar-har-och-den-ar-jattestor-%f0%9f%93%b1%f0%9f%98%82\/"]}]},{"@type":"ImageObject","inLanguage":"sv-SE","@id":"https:\/\/datajenny.se\/Blogg\/2025\/07\/15\/framtiden-ar-har-och-den-ar-jattestor-%f0%9f%93%b1%f0%9f%98%82\/#primaryimage","url":"https:\/\/i0.wp.com\/datajenny.se\/Blogg\/wp-content\/uploads\/2025\/07\/20250715_1603552944054011372337893.jpg?fit=800%2C600&ssl=1","contentUrl":"https:\/\/i0.wp.com\/datajenny.se\/Blogg\/wp-content\/uploads\/2025\/07\/20250715_1603552944054011372337893.jpg?fit=800%2C600&ssl=1","width":800,"height":600},{"@type":"BreadcrumbList","@id":"https:\/\/datajenny.se\/Blogg\/2025\/07\/15\/framtiden-ar-har-och-den-ar-jattestor-%f0%9f%93%b1%f0%9f%98%82\/#breadcrumb","itemListElement":[{"@type":"ListItem","position":1,"name":"Hem","item":"https:\/\/datajenny.se\/Blogg\/"},{"@type":"ListItem","position":2,"name":"Framtiden \u00e4r h\u00e4r \u2013 och den \u00e4r j\u00e4ttestor! \ud83d\udcf1\ud83d\ude02"}]},{"@type":"WebSite","@id":"https:\/\/datajenny.se\/Blogg\/#website","url":"https:\/\/datajenny.se\/Blogg\/","name":"V\u00e4lkommen till Jenny Louises blogg","description":"Jenny Louises blogg","publisher":{"@id":"https:\/\/datajenny.se\/Blogg\/#\/schema\/person\/da3cd1b9792c07c50c88641dcf976bee"},"potentialAction":[{"@type":"SearchAction","target":{"@type":"EntryPoint","urlTemplate":"https:\/\/datajenny.se\/Blogg\/?s={search_term_string}"},"query-input":{"@type":"PropertyValueSpecification","valueRequired":true,"valueName":"search_term_string"}}],"inLanguage":"sv-SE"},{"@type":["Person","Organization"],"@id":"https:\/\/datajenny.se\/Blogg\/#\/schema\/person\/da3cd1b9792c07c50c88641dcf976bee","name":"Jenny Louise Nod\u00e9n","image":{"@type":"ImageObject","inLanguage":"sv-SE","@id":"https:\/\/datajenny.se\/Blogg\/wp-content\/uploads\/2025\/07\/wp-1751728308657.jpg","url":"https:\/\/datajenny.se\/Blogg\/wp-content\/uploads\/2025\/07\/wp-1751728308657.jpg","contentUrl":"https:\/\/datajenny.se\/Blogg\/wp-content\/uploads\/2025\/07\/wp-1751728308657.jpg","width":928,"height":928,"caption":"Jenny Louise Nod\u00e9n"},"logo":{"@id":"https:\/\/datajenny.se\/Blogg\/wp-content\/uploads\/2025\/07\/wp-1751728308657.jpg"},"description":"Jag \u00e4r en tjej som oftast \u00e4r glad och \u00e4lskar livet, men den 18 januari 2005 s\u00e5 f\u00f6rs\u00f6kte jag ta mitt liv, jag orkade inte helt enkelt l\u00e4ngre. Men min f\u00e4stman hittade mig i duschen, han r\u00e4ddade livet p\u00e5 mig. Jag fick \u00e5ka in till akuten och blev magpumpad samt s\u00e5 fick jag \u00e4ta kr\u00e4ksirap. Hamnade sedan p\u00e5 S\u00e4ter och log d\u00e4r i fyra dagar. Idag \u00e4r jag glad f\u00f6r att han hittade mig, livet har s\u00e5 mycket att erbjuda. Jag bryr mig f\u00f6r mycket om andra, jag kommer alltid i andra hand hos mig sj\u00e4lv. Jag \u00e4r gift med en underbar man vid namn Magnus och vi har en son som heter Erik och \u00e4r f\u00f6dd juni 2018.","sameAs":["https:\/\/datajenny.se\/Blogg","https:\/\/www.facebook.com\/datajenny\/","https:\/\/www.instagram.com\/datajenny\/","https:\/\/www.linkedin.com\/in\/jenny-louise-nodn-75324811b?","https:\/\/youtube.com\/channel\/UCU00yswsJZcmgqfoON6pMwg","https:\/\/datajenny.tumblr.com\/"],"url":"https:\/\/datajenny.se\/Blogg\/author\/jenny_louise\/"}]}},"jetpack_publicize_connections":[],"jetpack_featured_media_url":"https:\/\/i0.wp.com\/datajenny.se\/Blogg\/wp-content\/uploads\/2025\/07\/20250715_1603552944054011372337893.jpg?fit=800%2C600&ssl=1","jetpack_sharing_enabled":true,"jetpack_likes_enabled":true,"_links":{"self":[{"href":"https:\/\/datajenny.se\/Blogg\/wp-json\/wp\/v2\/posts\/1783","targetHints":{"allow":["GET"]}}],"collection":[{"href":"https:\/\/datajenny.se\/Blogg\/wp-json\/wp\/v2\/posts"}],"about":[{"href":"https:\/\/datajenny.se\/Blogg\/wp-json\/wp\/v2\/types\/post"}],"author":[{"embeddable":true,"href":"https:\/\/datajenny.se\/Blogg\/wp-json\/wp\/v2\/users\/1"}],"replies":[{"embeddable":true,"href":"https:\/\/datajenny.se\/Blogg\/wp-json\/wp\/v2\/comments?post=1783"}],"version-history":[{"count":4,"href":"https:\/\/datajenny.se\/Blogg\/wp-json\/wp\/v2\/posts\/1783\/revisions"}],"predecessor-version":[{"id":1789,"href":"https:\/\/datajenny.se\/Blogg\/wp-json\/wp\/v2\/posts\/1783\/revisions\/1789"}],"wp:featuredmedia":[{"embeddable":true,"href":"https:\/\/datajenny.se\/Blogg\/wp-json\/wp\/v2\/media\/1782"}],"wp:attachment":[{"href":"https:\/\/datajenny.se\/Blogg\/wp-json\/wp\/v2\/media?parent=1783"}],"wp:term":[{"taxonomy":"category","embeddable":true,"href":"https:\/\/datajenny.se\/Blogg\/wp-json\/wp\/v2\/categories?post=1783"},{"taxonomy":"post_tag","embeddable":true,"href":"https:\/\/datajenny.se\/Blogg\/wp-json\/wp\/v2\/tags?post=1783"}],"curies":[{"name":"wp","href":"https:\/\/api.w.org\/{rel}","templated":true}]}}