{"id":1887,"date":"2025-07-21T15:44:47","date_gmt":"2025-07-21T15:44:47","guid":{"rendered":"https:\/\/datajenny.se\/Blogg\/2025\/07\/21\/en-varm-natt-en-klangig-katt-och-en-trott-mandag\/"},"modified":"2025-09-06T21:41:31","modified_gmt":"2025-09-06T19:41:31","slug":"en-varm-natt-en-klangig-katt-och-en-trott-mandag","status":"publish","type":"post","link":"https:\/\/datajenny.se\/Blogg\/2025\/07\/21\/en-varm-natt-en-klangig-katt-och-en-trott-mandag\/","title":{"rendered":"En varm natt, en kl\u00e4ngig katt och en tr\u00f6tt m\u00e5ndag"},"content":{"rendered":"\n<p>I natt har jag sovit riktigt d\u00e5ligt. V\u00e4rmen var tryckande, och som om det inte vore nog s\u00e5 skulle katten Pelle prompt ligga kloss intill mig hela tiden. Mysigt i teorin, men mindre charmigt n\u00e4r man redan ligger och vrider sig av svett. Resultatet? En seg och tung dag p\u00e5 jobbet.<br><br>P\u00e5 lunchen f\u00f6rs\u00f6kte jag piggna till med lite frisk luft och en portion pasta carbonara i solen. Det hj\u00e4lpte kanske lite, men energiniv\u00e5n l\u00e5g \u00e4nd\u00e5 p\u00e5 sparl\u00e5ga resten av dagen.<br><br>N\u00e4r jag kom hem gjorde vi hemmagjord pizza \u2013 en klassiker med ost, skinka och vitl\u00f6kssalami. Enkelt men alltid lika gott. Nu har jag landat i s\u00e4ngen, redo att koppla av med n\u00e5gra avsnitt av Agents of S.H.I.E.L.D.. F\u00f6rhoppningsvis blir det en svalare natt i kv\u00e4ll, och kanske lite mer plats i s\u00e4ngen \u2013 om Pelle till\u00e5ter det.<\/p>\n\n\n<div class=\"wp-block-ub-divider ub_divider ub-divider-orientation-horizontal\" id=\"ub_divider_f2ab1e11-0db0-4035-a6a2-90061d2f06be\"><div class=\"ub_divider_wrapper\" style=\"position: relative; margin-bottom: 2px; width: 100%; height: 2px; \" data-divider-alignment=\"center\"><div class=\"ub_divider_line\" style=\"border-top: 10px dotted #00d084; margin-top: 2px; \"><\/div><\/div><\/div>\n\n\n<p><\/p>\n\n\n\n<h2 class=\"wp-block-heading\">Dagens dikt<\/h2>\n\n\n\n<p><strong><em>En dikt i kv\u00e4llens hetta<\/em><\/strong><br><br><em>N\u00e4r natten \u00e4r varm och kudden \u00e4r klibbig,<\/em><br><em>och katten \u00e4r gosig men minst sagt f\u00f6r ivrig.<\/em><br><em>N\u00e4r dr\u00f6mmarna svettas och tankarna snurrar,<\/em><br><em>och tr\u00f6ttheten bultar som envisa trummar.<\/em><br><br><em>D\u00e5 l\u00e4ngtar man efter en fl\u00e4kt eller tv\u00e5,<\/em><br><em>och kanske en plats d\u00e4r man f\u00e5r ligga p\u00e5 t\u00e5.<\/em><br><em>Men dagen g\u00e5r vidare, pastan var fin,<\/em><br><em>och pizzan i kv\u00e4ll blev en smakrik rutin.<\/em><br><br><em>S\u00e5 nu tar jag kv\u00e4llen, med serien som v\u00e4n,<\/em><br><em>och hoppas p\u00e5 s\u00f6mn \u2013 och svalka \u2013 igen.<\/em><\/p>\n\n\n\n<img data-recalc-dims=\"1\" loading=\"lazy\" decoding=\"async\" style=\"opacity: 0;\" superb-addons-animation=\"zoomIn\" src=\"https:\/\/i0.wp.com\/datajenny.se\/Blogg\/wp-content\/uploads\/2025\/07\/1000012255.png?resize=180%2C53&#038;ssl=1\" alt=\"Signatur\" width=\"180\" height=\"53\">\n\n\n\n<p><\/p>\n","protected":false},"excerpt":{"rendered":"<p>I natt har jag sovit riktigt d\u00e5ligt. V\u00e4rmen var tryckande, och som om det inte vore nog s\u00e5 skulle katten Pelle prompt ligga kloss intill mig hela tiden. Mysigt i teorin, men mindre charmigt n\u00e4r man redan ligger och vrider sig av svett. Resultatet? En seg och tung dag p\u00e5 jobbet. P\u00e5 lunchen f\u00f6rs\u00f6kte jag [&hellip;]<\/p>\n","protected":false},"author":1,"featured_media":1886,"comment_status":"open","ping_status":"open","sticky":false,"template":"","format":"standard","meta":{"ngg_post_thumbnail":0,"jetpack_post_was_ever_published":false,"_jetpack_newsletter_access":"","_jetpack_dont_email_post_to_subs":false,"_jetpack_newsletter_tier_id":0,"_jetpack_memberships_contains_paywalled_content":false,"_jetpack_memberships_contains_paid_content":false,"footnotes":"","jetpack_publicize_message":"","jetpack_publicize_feature_enabled":true,"jetpack_social_post_already_shared":true,"jetpack_social_options":{"image_generator_settings":{"template":"highway","default_image_id":0,"font":"","enabled":false},"version":2}},"categories":[8,115,121,64],"tags":[9,116,122,67],"class_list":["post-1887","post","type-post","status-publish","format-standard","has-post-thumbnail","hentry","category-blogg","category-jobb","category-mat","category-pelle","tag-blogg","tag-jobb","tag-mat","tag-pelle"],"featured_image_src":"https:\/\/i0.wp.com\/datajenny.se\/Blogg\/wp-content\/uploads\/2025\/07\/varmt-och-svettigt.jpg?fit=259%2C194&ssl=1","author_info":{"display_name":"Jenny Louise Nod\u00e9n","author_link":"https:\/\/datajenny.se\/Blogg\/author\/jenny_louise\/"},"yoast_head":"<!-- This site is optimized with the Yoast SEO plugin v27.3 - https:\/\/yoast.com\/product\/yoast-seo-wordpress\/ -->\n<title>En varm natt, en kl\u00e4ngig katt och en tr\u00f6tt m\u00e5ndag - V\u00e4lkommen till JeLo<\/title>\n<meta name=\"robots\" content=\"index, follow, max-snippet:-1, max-image-preview:large, max-video-preview:-1\" \/>\n<link rel=\"canonical\" href=\"https:\/\/datajenny.se\/Blogg\/2025\/07\/21\/en-varm-natt-en-klangig-katt-och-en-trott-mandag\/\" \/>\n<meta property=\"og:locale\" content=\"sv_SE\" \/>\n<meta property=\"og:type\" content=\"article\" \/>\n<meta property=\"og:title\" content=\"En varm natt, en kl\u00e4ngig katt och en tr\u00f6tt m\u00e5ndag - V\u00e4lkommen till JeLo\" \/>\n<meta property=\"og:description\" content=\"I natt har jag sovit riktigt d\u00e5ligt. V\u00e4rmen var tryckande, och som om det inte vore nog s\u00e5 skulle katten Pelle prompt ligga kloss intill mig hela tiden. Mysigt i teorin, men mindre charmigt n\u00e4r man redan ligger och vrider sig av svett. Resultatet? En seg och tung dag p\u00e5 jobbet. P\u00e5 lunchen f\u00f6rs\u00f6kte jag [&hellip;]\" \/>\n<meta property=\"og:url\" content=\"https:\/\/datajenny.se\/Blogg\/2025\/07\/21\/en-varm-natt-en-klangig-katt-och-en-trott-mandag\/\" \/>\n<meta property=\"og:site_name\" content=\"V\u00e4lkommen till JeLo\" \/>\n<meta property=\"article:publisher\" content=\"https:\/\/www.facebook.com\/datajenny\/\" \/>\n<meta property=\"article:author\" content=\"https:\/\/www.facebook.com\/datajenny\/\" \/>\n<meta property=\"article:published_time\" content=\"2025-07-21T15:44:47+00:00\" \/>\n<meta property=\"article:modified_time\" content=\"2025-09-06T19:41:31+00:00\" \/>\n<meta property=\"og:image\" content=\"https:\/\/datajenny.se\/Blogg\/wp-content\/uploads\/2025\/07\/varmt-och-svettigt.jpg\" \/>\n\t<meta property=\"og:image:width\" content=\"259\" \/>\n\t<meta property=\"og:image:height\" content=\"194\" \/>\n\t<meta property=\"og:image:type\" content=\"image\/jpeg\" \/>\n<meta name=\"author\" content=\"Jenny Louise Nod\u00e9n\" \/>\n<meta name=\"twitter:card\" content=\"summary_large_image\" \/>\n<meta name=\"twitter:label1\" content=\"Skriven av\" \/>\n\t<meta name=\"twitter:data1\" content=\"Jenny Louise Nod\u00e9n\" \/>\n\t<meta name=\"twitter:label2\" content=\"Ber\u00e4knad l\u00e4stid\" \/>\n\t<meta name=\"twitter:data2\" content=\"2 minuter\" \/>\n<script type=\"application\/ld+json\" class=\"yoast-schema-graph\">{\"@context\":\"https:\\\/\\\/schema.org\",\"@graph\":[{\"@type\":\"Article\",\"@id\":\"https:\\\/\\\/datajenny.se\\\/Blogg\\\/2025\\\/07\\\/21\\\/en-varm-natt-en-klangig-katt-och-en-trott-mandag\\\/#article\",\"isPartOf\":{\"@id\":\"https:\\\/\\\/datajenny.se\\\/Blogg\\\/2025\\\/07\\\/21\\\/en-varm-natt-en-klangig-katt-och-en-trott-mandag\\\/\"},\"author\":{\"name\":\"Jenny Louise Nod\u00e9n\",\"@id\":\"https:\\\/\\\/datajenny.se\\\/Blogg\\\/#\\\/schema\\\/person\\\/da3cd1b9792c07c50c88641dcf976bee\"},\"headline\":\"En varm natt, en kl\u00e4ngig katt och en tr\u00f6tt m\u00e5ndag\",\"datePublished\":\"2025-07-21T15:44:47+00:00\",\"dateModified\":\"2025-09-06T19:41:31+00:00\",\"mainEntityOfPage\":{\"@id\":\"https:\\\/\\\/datajenny.se\\\/Blogg\\\/2025\\\/07\\\/21\\\/en-varm-natt-en-klangig-katt-och-en-trott-mandag\\\/\"},\"wordCount\":272,\"commentCount\":0,\"publisher\":{\"@id\":\"https:\\\/\\\/datajenny.se\\\/Blogg\\\/#\\\/schema\\\/person\\\/da3cd1b9792c07c50c88641dcf976bee\"},\"image\":{\"@id\":\"https:\\\/\\\/datajenny.se\\\/Blogg\\\/2025\\\/07\\\/21\\\/en-varm-natt-en-klangig-katt-och-en-trott-mandag\\\/#primaryimage\"},\"thumbnailUrl\":\"https:\\\/\\\/i0.wp.com\\\/datajenny.se\\\/Blogg\\\/wp-content\\\/uploads\\\/2025\\\/07\\\/varmt-och-svettigt.jpg?fit=259%2C194&ssl=1\",\"keywords\":[\"Blogg\",\"Jobb\",\"Mat\",\"Pelle\"],\"articleSection\":[\"Blogg\",\"Jobb\",\"Mat\",\"Pelle\"],\"inLanguage\":\"sv-SE\",\"potentialAction\":[{\"@type\":\"CommentAction\",\"name\":\"Comment\",\"target\":[\"https:\\\/\\\/datajenny.se\\\/Blogg\\\/2025\\\/07\\\/21\\\/en-varm-natt-en-klangig-katt-och-en-trott-mandag\\\/#respond\"]}]},{\"@type\":\"WebPage\",\"@id\":\"https:\\\/\\\/datajenny.se\\\/Blogg\\\/2025\\\/07\\\/21\\\/en-varm-natt-en-klangig-katt-och-en-trott-mandag\\\/\",\"url\":\"https:\\\/\\\/datajenny.se\\\/Blogg\\\/2025\\\/07\\\/21\\\/en-varm-natt-en-klangig-katt-och-en-trott-mandag\\\/\",\"name\":\"En varm natt, en kl\u00e4ngig katt och en tr\u00f6tt m\u00e5ndag - V\u00e4lkommen till JeLo\",\"isPartOf\":{\"@id\":\"https:\\\/\\\/datajenny.se\\\/Blogg\\\/#website\"},\"primaryImageOfPage\":{\"@id\":\"https:\\\/\\\/datajenny.se\\\/Blogg\\\/2025\\\/07\\\/21\\\/en-varm-natt-en-klangig-katt-och-en-trott-mandag\\\/#primaryimage\"},\"image\":{\"@id\":\"https:\\\/\\\/datajenny.se\\\/Blogg\\\/2025\\\/07\\\/21\\\/en-varm-natt-en-klangig-katt-och-en-trott-mandag\\\/#primaryimage\"},\"thumbnailUrl\":\"https:\\\/\\\/i0.wp.com\\\/datajenny.se\\\/Blogg\\\/wp-content\\\/uploads\\\/2025\\\/07\\\/varmt-och-svettigt.jpg?fit=259%2C194&ssl=1\",\"datePublished\":\"2025-07-21T15:44:47+00:00\",\"dateModified\":\"2025-09-06T19:41:31+00:00\",\"breadcrumb\":{\"@id\":\"https:\\\/\\\/datajenny.se\\\/Blogg\\\/2025\\\/07\\\/21\\\/en-varm-natt-en-klangig-katt-och-en-trott-mandag\\\/#breadcrumb\"},\"inLanguage\":\"sv-SE\",\"potentialAction\":[{\"@type\":\"ReadAction\",\"target\":[\"https:\\\/\\\/datajenny.se\\\/Blogg\\\/2025\\\/07\\\/21\\\/en-varm-natt-en-klangig-katt-och-en-trott-mandag\\\/\"]}]},{\"@type\":\"ImageObject\",\"inLanguage\":\"sv-SE\",\"@id\":\"https:\\\/\\\/datajenny.se\\\/Blogg\\\/2025\\\/07\\\/21\\\/en-varm-natt-en-klangig-katt-och-en-trott-mandag\\\/#primaryimage\",\"url\":\"https:\\\/\\\/i0.wp.com\\\/datajenny.se\\\/Blogg\\\/wp-content\\\/uploads\\\/2025\\\/07\\\/varmt-och-svettigt.jpg?fit=259%2C194&ssl=1\",\"contentUrl\":\"https:\\\/\\\/i0.wp.com\\\/datajenny.se\\\/Blogg\\\/wp-content\\\/uploads\\\/2025\\\/07\\\/varmt-och-svettigt.jpg?fit=259%2C194&ssl=1\",\"width\":259,\"height\":194},{\"@type\":\"BreadcrumbList\",\"@id\":\"https:\\\/\\\/datajenny.se\\\/Blogg\\\/2025\\\/07\\\/21\\\/en-varm-natt-en-klangig-katt-och-en-trott-mandag\\\/#breadcrumb\",\"itemListElement\":[{\"@type\":\"ListItem\",\"position\":1,\"name\":\"Hem\",\"item\":\"https:\\\/\\\/datajenny.se\\\/Blogg\\\/\"},{\"@type\":\"ListItem\",\"position\":2,\"name\":\"En varm natt, en kl\u00e4ngig katt och en tr\u00f6tt m\u00e5ndag\"}]},{\"@type\":\"WebSite\",\"@id\":\"https:\\\/\\\/datajenny.se\\\/Blogg\\\/#website\",\"url\":\"https:\\\/\\\/datajenny.se\\\/Blogg\\\/\",\"name\":\"V\u00e4lkommen till Jenny Louises blogg\",\"description\":\"Jenny Louises blogg\",\"publisher\":{\"@id\":\"https:\\\/\\\/datajenny.se\\\/Blogg\\\/#\\\/schema\\\/person\\\/da3cd1b9792c07c50c88641dcf976bee\"},\"potentialAction\":[{\"@type\":\"SearchAction\",\"target\":{\"@type\":\"EntryPoint\",\"urlTemplate\":\"https:\\\/\\\/datajenny.se\\\/Blogg\\\/?s={search_term_string}\"},\"query-input\":{\"@type\":\"PropertyValueSpecification\",\"valueRequired\":true,\"valueName\":\"search_term_string\"}}],\"inLanguage\":\"sv-SE\"},{\"@type\":[\"Person\",\"Organization\"],\"@id\":\"https:\\\/\\\/datajenny.se\\\/Blogg\\\/#\\\/schema\\\/person\\\/da3cd1b9792c07c50c88641dcf976bee\",\"name\":\"Jenny Louise Nod\u00e9n\",\"image\":{\"@type\":\"ImageObject\",\"inLanguage\":\"sv-SE\",\"@id\":\"https:\\\/\\\/datajenny.se\\\/Blogg\\\/wp-content\\\/uploads\\\/2025\\\/07\\\/wp-1751728308657.jpg\",\"url\":\"https:\\\/\\\/datajenny.se\\\/Blogg\\\/wp-content\\\/uploads\\\/2025\\\/07\\\/wp-1751728308657.jpg\",\"contentUrl\":\"https:\\\/\\\/datajenny.se\\\/Blogg\\\/wp-content\\\/uploads\\\/2025\\\/07\\\/wp-1751728308657.jpg\",\"width\":928,\"height\":928,\"caption\":\"Jenny Louise Nod\u00e9n\"},\"logo\":{\"@id\":\"https:\\\/\\\/datajenny.se\\\/Blogg\\\/wp-content\\\/uploads\\\/2025\\\/07\\\/wp-1751728308657.jpg\"},\"description\":\"Jag \u00e4r en tjej som oftast \u00e4r glad och \u00e4lskar livet, men den 18 januari 2005 s\u00e5 f\u00f6rs\u00f6kte jag ta mitt liv, jag orkade inte helt enkelt l\u00e4ngre. Men min f\u00e4stman hittade mig i duschen, han r\u00e4ddade livet p\u00e5 mig. Jag fick \u00e5ka in till akuten och blev magpumpad samt s\u00e5 fick jag \u00e4ta kr\u00e4ksirap. Hamnade sedan p\u00e5 S\u00e4ter och log d\u00e4r i fyra dagar. Idag \u00e4r jag glad f\u00f6r att han hittade mig, livet har s\u00e5 mycket att erbjuda. Jag bryr mig f\u00f6r mycket om andra, jag kommer alltid i andra hand hos mig sj\u00e4lv. Jag \u00e4r gift med en underbar man vid namn Magnus och vi har en son som heter Erik och \u00e4r f\u00f6dd juni 2018.\",\"sameAs\":[\"https:\\\/\\\/datajenny.se\\\/Blogg\",\"https:\\\/\\\/www.facebook.com\\\/datajenny\\\/\",\"https:\\\/\\\/www.instagram.com\\\/datajenny\\\/\",\"https:\\\/\\\/www.linkedin.com\\\/in\\\/jenny-louise-nodn-75324811b?\",\"https:\\\/\\\/youtube.com\\\/channel\\\/UCU00yswsJZcmgqfoON6pMwg\",\"https:\\\/\\\/datajenny.tumblr.com\\\/\"],\"url\":\"https:\\\/\\\/datajenny.se\\\/Blogg\\\/author\\\/jenny_louise\\\/\"}]}<\/script>\n<!-- \/ Yoast SEO plugin. -->","yoast_head_json":{"title":"En varm natt, en kl\u00e4ngig katt och en tr\u00f6tt m\u00e5ndag - V\u00e4lkommen till JeLo","robots":{"index":"index","follow":"follow","max-snippet":"max-snippet:-1","max-image-preview":"max-image-preview:large","max-video-preview":"max-video-preview:-1"},"canonical":"https:\/\/datajenny.se\/Blogg\/2025\/07\/21\/en-varm-natt-en-klangig-katt-och-en-trott-mandag\/","og_locale":"sv_SE","og_type":"article","og_title":"En varm natt, en kl\u00e4ngig katt och en tr\u00f6tt m\u00e5ndag - V\u00e4lkommen till JeLo","og_description":"I natt har jag sovit riktigt d\u00e5ligt. V\u00e4rmen var tryckande, och som om det inte vore nog s\u00e5 skulle katten Pelle prompt ligga kloss intill mig hela tiden. Mysigt i teorin, men mindre charmigt n\u00e4r man redan ligger och vrider sig av svett. Resultatet? En seg och tung dag p\u00e5 jobbet. P\u00e5 lunchen f\u00f6rs\u00f6kte jag [&hellip;]","og_url":"https:\/\/datajenny.se\/Blogg\/2025\/07\/21\/en-varm-natt-en-klangig-katt-och-en-trott-mandag\/","og_site_name":"V\u00e4lkommen till JeLo","article_publisher":"https:\/\/www.facebook.com\/datajenny\/","article_author":"https:\/\/www.facebook.com\/datajenny\/","article_published_time":"2025-07-21T15:44:47+00:00","article_modified_time":"2025-09-06T19:41:31+00:00","og_image":[{"width":259,"height":194,"url":"https:\/\/datajenny.se\/Blogg\/wp-content\/uploads\/2025\/07\/varmt-och-svettigt.jpg","type":"image\/jpeg"}],"author":"Jenny Louise Nod\u00e9n","twitter_card":"summary_large_image","twitter_misc":{"Skriven av":"Jenny Louise Nod\u00e9n","Ber\u00e4knad l\u00e4stid":"2 minuter"},"schema":{"@context":"https:\/\/schema.org","@graph":[{"@type":"Article","@id":"https:\/\/datajenny.se\/Blogg\/2025\/07\/21\/en-varm-natt-en-klangig-katt-och-en-trott-mandag\/#article","isPartOf":{"@id":"https:\/\/datajenny.se\/Blogg\/2025\/07\/21\/en-varm-natt-en-klangig-katt-och-en-trott-mandag\/"},"author":{"name":"Jenny Louise Nod\u00e9n","@id":"https:\/\/datajenny.se\/Blogg\/#\/schema\/person\/da3cd1b9792c07c50c88641dcf976bee"},"headline":"En varm natt, en kl\u00e4ngig katt och en tr\u00f6tt m\u00e5ndag","datePublished":"2025-07-21T15:44:47+00:00","dateModified":"2025-09-06T19:41:31+00:00","mainEntityOfPage":{"@id":"https:\/\/datajenny.se\/Blogg\/2025\/07\/21\/en-varm-natt-en-klangig-katt-och-en-trott-mandag\/"},"wordCount":272,"commentCount":0,"publisher":{"@id":"https:\/\/datajenny.se\/Blogg\/#\/schema\/person\/da3cd1b9792c07c50c88641dcf976bee"},"image":{"@id":"https:\/\/datajenny.se\/Blogg\/2025\/07\/21\/en-varm-natt-en-klangig-katt-och-en-trott-mandag\/#primaryimage"},"thumbnailUrl":"https:\/\/i0.wp.com\/datajenny.se\/Blogg\/wp-content\/uploads\/2025\/07\/varmt-och-svettigt.jpg?fit=259%2C194&ssl=1","keywords":["Blogg","Jobb","Mat","Pelle"],"articleSection":["Blogg","Jobb","Mat","Pelle"],"inLanguage":"sv-SE","potentialAction":[{"@type":"CommentAction","name":"Comment","target":["https:\/\/datajenny.se\/Blogg\/2025\/07\/21\/en-varm-natt-en-klangig-katt-och-en-trott-mandag\/#respond"]}]},{"@type":"WebPage","@id":"https:\/\/datajenny.se\/Blogg\/2025\/07\/21\/en-varm-natt-en-klangig-katt-och-en-trott-mandag\/","url":"https:\/\/datajenny.se\/Blogg\/2025\/07\/21\/en-varm-natt-en-klangig-katt-och-en-trott-mandag\/","name":"En varm natt, en kl\u00e4ngig katt och en tr\u00f6tt m\u00e5ndag - V\u00e4lkommen till JeLo","isPartOf":{"@id":"https:\/\/datajenny.se\/Blogg\/#website"},"primaryImageOfPage":{"@id":"https:\/\/datajenny.se\/Blogg\/2025\/07\/21\/en-varm-natt-en-klangig-katt-och-en-trott-mandag\/#primaryimage"},"image":{"@id":"https:\/\/datajenny.se\/Blogg\/2025\/07\/21\/en-varm-natt-en-klangig-katt-och-en-trott-mandag\/#primaryimage"},"thumbnailUrl":"https:\/\/i0.wp.com\/datajenny.se\/Blogg\/wp-content\/uploads\/2025\/07\/varmt-och-svettigt.jpg?fit=259%2C194&ssl=1","datePublished":"2025-07-21T15:44:47+00:00","dateModified":"2025-09-06T19:41:31+00:00","breadcrumb":{"@id":"https:\/\/datajenny.se\/Blogg\/2025\/07\/21\/en-varm-natt-en-klangig-katt-och-en-trott-mandag\/#breadcrumb"},"inLanguage":"sv-SE","potentialAction":[{"@type":"ReadAction","target":["https:\/\/datajenny.se\/Blogg\/2025\/07\/21\/en-varm-natt-en-klangig-katt-och-en-trott-mandag\/"]}]},{"@type":"ImageObject","inLanguage":"sv-SE","@id":"https:\/\/datajenny.se\/Blogg\/2025\/07\/21\/en-varm-natt-en-klangig-katt-och-en-trott-mandag\/#primaryimage","url":"https:\/\/i0.wp.com\/datajenny.se\/Blogg\/wp-content\/uploads\/2025\/07\/varmt-och-svettigt.jpg?fit=259%2C194&ssl=1","contentUrl":"https:\/\/i0.wp.com\/datajenny.se\/Blogg\/wp-content\/uploads\/2025\/07\/varmt-och-svettigt.jpg?fit=259%2C194&ssl=1","width":259,"height":194},{"@type":"BreadcrumbList","@id":"https:\/\/datajenny.se\/Blogg\/2025\/07\/21\/en-varm-natt-en-klangig-katt-och-en-trott-mandag\/#breadcrumb","itemListElement":[{"@type":"ListItem","position":1,"name":"Hem","item":"https:\/\/datajenny.se\/Blogg\/"},{"@type":"ListItem","position":2,"name":"En varm natt, en kl\u00e4ngig katt och en tr\u00f6tt m\u00e5ndag"}]},{"@type":"WebSite","@id":"https:\/\/datajenny.se\/Blogg\/#website","url":"https:\/\/datajenny.se\/Blogg\/","name":"V\u00e4lkommen till Jenny Louises blogg","description":"Jenny Louises blogg","publisher":{"@id":"https:\/\/datajenny.se\/Blogg\/#\/schema\/person\/da3cd1b9792c07c50c88641dcf976bee"},"potentialAction":[{"@type":"SearchAction","target":{"@type":"EntryPoint","urlTemplate":"https:\/\/datajenny.se\/Blogg\/?s={search_term_string}"},"query-input":{"@type":"PropertyValueSpecification","valueRequired":true,"valueName":"search_term_string"}}],"inLanguage":"sv-SE"},{"@type":["Person","Organization"],"@id":"https:\/\/datajenny.se\/Blogg\/#\/schema\/person\/da3cd1b9792c07c50c88641dcf976bee","name":"Jenny Louise Nod\u00e9n","image":{"@type":"ImageObject","inLanguage":"sv-SE","@id":"https:\/\/datajenny.se\/Blogg\/wp-content\/uploads\/2025\/07\/wp-1751728308657.jpg","url":"https:\/\/datajenny.se\/Blogg\/wp-content\/uploads\/2025\/07\/wp-1751728308657.jpg","contentUrl":"https:\/\/datajenny.se\/Blogg\/wp-content\/uploads\/2025\/07\/wp-1751728308657.jpg","width":928,"height":928,"caption":"Jenny Louise Nod\u00e9n"},"logo":{"@id":"https:\/\/datajenny.se\/Blogg\/wp-content\/uploads\/2025\/07\/wp-1751728308657.jpg"},"description":"Jag \u00e4r en tjej som oftast \u00e4r glad och \u00e4lskar livet, men den 18 januari 2005 s\u00e5 f\u00f6rs\u00f6kte jag ta mitt liv, jag orkade inte helt enkelt l\u00e4ngre. Men min f\u00e4stman hittade mig i duschen, han r\u00e4ddade livet p\u00e5 mig. Jag fick \u00e5ka in till akuten och blev magpumpad samt s\u00e5 fick jag \u00e4ta kr\u00e4ksirap. Hamnade sedan p\u00e5 S\u00e4ter och log d\u00e4r i fyra dagar. Idag \u00e4r jag glad f\u00f6r att han hittade mig, livet har s\u00e5 mycket att erbjuda. Jag bryr mig f\u00f6r mycket om andra, jag kommer alltid i andra hand hos mig sj\u00e4lv. Jag \u00e4r gift med en underbar man vid namn Magnus och vi har en son som heter Erik och \u00e4r f\u00f6dd juni 2018.","sameAs":["https:\/\/datajenny.se\/Blogg","https:\/\/www.facebook.com\/datajenny\/","https:\/\/www.instagram.com\/datajenny\/","https:\/\/www.linkedin.com\/in\/jenny-louise-nodn-75324811b?","https:\/\/youtube.com\/channel\/UCU00yswsJZcmgqfoON6pMwg","https:\/\/datajenny.tumblr.com\/"],"url":"https:\/\/datajenny.se\/Blogg\/author\/jenny_louise\/"}]}},"jetpack_publicize_connections":[],"jetpack_featured_media_url":"https:\/\/i0.wp.com\/datajenny.se\/Blogg\/wp-content\/uploads\/2025\/07\/varmt-och-svettigt.jpg?fit=259%2C194&ssl=1","jetpack_sharing_enabled":true,"jetpack_likes_enabled":true,"_links":{"self":[{"href":"https:\/\/datajenny.se\/Blogg\/wp-json\/wp\/v2\/posts\/1887","targetHints":{"allow":["GET"]}}],"collection":[{"href":"https:\/\/datajenny.se\/Blogg\/wp-json\/wp\/v2\/posts"}],"about":[{"href":"https:\/\/datajenny.se\/Blogg\/wp-json\/wp\/v2\/types\/post"}],"author":[{"embeddable":true,"href":"https:\/\/datajenny.se\/Blogg\/wp-json\/wp\/v2\/users\/1"}],"replies":[{"embeddable":true,"href":"https:\/\/datajenny.se\/Blogg\/wp-json\/wp\/v2\/comments?post=1887"}],"version-history":[{"count":2,"href":"https:\/\/datajenny.se\/Blogg\/wp-json\/wp\/v2\/posts\/1887\/revisions"}],"predecessor-version":[{"id":3210,"href":"https:\/\/datajenny.se\/Blogg\/wp-json\/wp\/v2\/posts\/1887\/revisions\/3210"}],"wp:featuredmedia":[{"embeddable":true,"href":"https:\/\/datajenny.se\/Blogg\/wp-json\/wp\/v2\/media\/1886"}],"wp:attachment":[{"href":"https:\/\/datajenny.se\/Blogg\/wp-json\/wp\/v2\/media?parent=1887"}],"wp:term":[{"taxonomy":"category","embeddable":true,"href":"https:\/\/datajenny.se\/Blogg\/wp-json\/wp\/v2\/categories?post=1887"},{"taxonomy":"post_tag","embeddable":true,"href":"https:\/\/datajenny.se\/Blogg\/wp-json\/wp\/v2\/tags?post=1887"}],"curies":[{"name":"wp","href":"https:\/\/api.w.org\/{rel}","templated":true}]}}