{"id":1889,"date":"2025-07-22T17:00:58","date_gmt":"2025-07-22T15:00:58","guid":{"rendered":"https:\/\/datajenny.se\/Blogg\/?p=1889"},"modified":"2025-09-06T21:40:38","modified_gmt":"2025-09-06T19:40:38","slug":"15-ar-med-rakat-har-och-livet-daremellan","status":"publish","type":"post","link":"https:\/\/datajenny.se\/Blogg\/2025\/07\/22\/15-ar-med-rakat-har-och-livet-daremellan\/","title":{"rendered":"15 \u00e5r med rakat h\u00e5r och livet d\u00e4remellan"},"content":{"rendered":"\n<p><br>Idag d\u00f6k det upp ett minne p\u00e5 Facebook \u2013 det \u00e4r visst 15 \u00e5r sedan jag rakade av mig h\u00e5ret f\u00f6rsta g\u00e5ngen.<\/p>\n\n\n<div class=\"wp-block-image\">\n<figure class=\"aligncenter size-full is-resized\"><img data-recalc-dims=\"1\" loading=\"lazy\" decoding=\"async\" width=\"640\" height=\"553\" src=\"https:\/\/i0.wp.com\/datajenny.se\/Blogg\/wp-content\/uploads\/2025\/07\/screenshot_20250722_165105_facebook2375250241081274857.jpg?resize=640%2C553&#038;ssl=1\" alt=\"\" class=\"wp-image-1891\" style=\"width:600px\" srcset=\"https:\/\/i0.wp.com\/datajenny.se\/Blogg\/wp-content\/uploads\/2025\/07\/screenshot_20250722_165105_facebook2375250241081274857.jpg?w=646&amp;ssl=1 646w, https:\/\/i0.wp.com\/datajenny.se\/Blogg\/wp-content\/uploads\/2025\/07\/screenshot_20250722_165105_facebook2375250241081274857.jpg?resize=300%2C259&amp;ssl=1 300w\" sizes=\"auto, (max-width: 640px) 100vw, 640px\" \/><\/figure>\n<\/div>\n\n<div class=\"wp-block-image\">\n<figure class=\"aligncenter size-full is-resized\"><img data-recalc-dims=\"1\" loading=\"lazy\" decoding=\"async\" width=\"640\" height=\"456\" src=\"https:\/\/i0.wp.com\/datajenny.se\/Blogg\/wp-content\/uploads\/2025\/07\/screenshot_20250722_165126_facebook2523401167680495557.jpg?resize=640%2C456&#038;ssl=1\" alt=\"\" class=\"wp-image-1890\" style=\"width:600px\" srcset=\"https:\/\/i0.wp.com\/datajenny.se\/Blogg\/wp-content\/uploads\/2025\/07\/screenshot_20250722_165126_facebook2523401167680495557.jpg?w=864&amp;ssl=1 864w, https:\/\/i0.wp.com\/datajenny.se\/Blogg\/wp-content\/uploads\/2025\/07\/screenshot_20250722_165126_facebook2523401167680495557.jpg?resize=300%2C214&amp;ssl=1 300w, https:\/\/i0.wp.com\/datajenny.se\/Blogg\/wp-content\/uploads\/2025\/07\/screenshot_20250722_165126_facebook2523401167680495557.jpg?resize=768%2C548&amp;ssl=1 768w\" sizes=\"auto, (max-width: 640px) 100vw, 640px\" \/><\/figure>\n<\/div>\n\n\n<p>T\u00e4nk att det g\u00e5tt s\u00e5 l\u00e5ng tid! Mycket har f\u00f6r\u00e4ndrats sedan dess. Typ 35 kilo, f\u00f6r att n\u00e4mna en ganska konkret skillnad.<\/p>\n\n\n<div class=\"wp-block-image\">\n<figure class=\"aligncenter size-large\"><img data-recalc-dims=\"1\" loading=\"lazy\" decoding=\"async\" width=\"640\" height=\"640\" src=\"https:\/\/i0.wp.com\/datajenny.se\/Blogg\/wp-content\/uploads\/2025\/07\/photocollage_20250722_1653538347043178243722808077.jpg?resize=640%2C640&#038;ssl=1\" alt=\"\" class=\"wp-image-1892\" srcset=\"https:\/\/i0.wp.com\/datajenny.se\/Blogg\/wp-content\/uploads\/2025\/07\/photocollage_20250722_1653538347043178243722808077.jpg?w=768&amp;ssl=1 768w, https:\/\/i0.wp.com\/datajenny.se\/Blogg\/wp-content\/uploads\/2025\/07\/photocollage_20250722_1653538347043178243722808077.jpg?resize=300%2C300&amp;ssl=1 300w, https:\/\/i0.wp.com\/datajenny.se\/Blogg\/wp-content\/uploads\/2025\/07\/photocollage_20250722_1653538347043178243722808077.jpg?resize=150%2C150&amp;ssl=1 150w\" sizes=\"auto, (max-width: 640px) 100vw, 640px\" \/><\/figure>\n<\/div>\n\n\n<p>Medan jag var p\u00e5 jobbet idag s\u00e5 f\u00f6ljde Erik med sin pappa Magnus till arbetsterapeuten. Han fick sitt handledsst\u00f6d som han ska anv\u00e4nda n\u00e4r han skriver. Det \u00e4r t\u00e4nkt att avlasta eftersom han l\u00e4tt blir tr\u00f6tt och f\u00e5r ont i handleden. Hoppas det kommer hj\u00e4lpa honom i skolan!<\/p>\n\n\n<div class=\"wp-block-image\">\n<figure class=\"aligncenter size-full is-resized\"><img data-recalc-dims=\"1\" loading=\"lazy\" decoding=\"async\" width=\"640\" height=\"480\" src=\"https:\/\/i0.wp.com\/datajenny.se\/Blogg\/wp-content\/uploads\/2025\/07\/20250722_1639456406201952213010392.jpg?resize=640%2C480&#038;ssl=1\" alt=\"\" class=\"wp-image-1893\" style=\"width:600px\" srcset=\"https:\/\/i0.wp.com\/datajenny.se\/Blogg\/wp-content\/uploads\/2025\/07\/20250722_1639456406201952213010392.jpg?w=1600&amp;ssl=1 1600w, https:\/\/i0.wp.com\/datajenny.se\/Blogg\/wp-content\/uploads\/2025\/07\/20250722_1639456406201952213010392.jpg?resize=300%2C225&amp;ssl=1 300w, https:\/\/i0.wp.com\/datajenny.se\/Blogg\/wp-content\/uploads\/2025\/07\/20250722_1639456406201952213010392.jpg?resize=1024%2C768&amp;ssl=1 1024w, https:\/\/i0.wp.com\/datajenny.se\/Blogg\/wp-content\/uploads\/2025\/07\/20250722_1639456406201952213010392.jpg?resize=768%2C576&amp;ssl=1 768w, https:\/\/i0.wp.com\/datajenny.se\/Blogg\/wp-content\/uploads\/2025\/07\/20250722_1639456406201952213010392.jpg?resize=1536%2C1152&amp;ssl=1 1536w, https:\/\/i0.wp.com\/datajenny.se\/Blogg\/wp-content\/uploads\/2025\/07\/20250722_1639456406201952213010392.jpg?w=1280&amp;ssl=1 1280w\" sizes=\"auto, (max-width: 640px) 100vw, 640px\" \/><\/figure>\n<\/div>\n\n\n<p>Till lunch blev det rester av hemmagjord pizza \u2013 och det b\u00e4sta av allt: jag \u00e5t den ute i solen. Visst, solen g\u00f6mde sig bakom molnen ibland, men det var n\u00e4stan sk\u00f6nt. Svalt, friskt.<\/p>\n\n\n<div class=\"wp-block-image\">\n<figure class=\"aligncenter size-full is-resized\"><img data-recalc-dims=\"1\" loading=\"lazy\" decoding=\"async\" width=\"640\" height=\"480\" src=\"https:\/\/i0.wp.com\/datajenny.se\/Blogg\/wp-content\/uploads\/2025\/07\/20250722_1210418850614555834078063.jpg?resize=640%2C480&#038;ssl=1\" alt=\"\" class=\"wp-image-1894\" style=\"width:600px\" srcset=\"https:\/\/i0.wp.com\/datajenny.se\/Blogg\/wp-content\/uploads\/2025\/07\/20250722_1210418850614555834078063.jpg?w=800&amp;ssl=1 800w, https:\/\/i0.wp.com\/datajenny.se\/Blogg\/wp-content\/uploads\/2025\/07\/20250722_1210418850614555834078063.jpg?resize=300%2C225&amp;ssl=1 300w, https:\/\/i0.wp.com\/datajenny.se\/Blogg\/wp-content\/uploads\/2025\/07\/20250722_1210418850614555834078063.jpg?resize=768%2C576&amp;ssl=1 768w\" sizes=\"auto, (max-width: 640px) 100vw, 640px\" \/><\/figure>\n<\/div>\n\n\n<p>Ig\u00e5r testade jag att g\u00e5 till jobbet med bara k\u00e4ppen, utan rullator. Det gick faktiskt \u00f6ver f\u00f6rv\u00e4ntan! S\u00e5 idag t\u00e4nkte jag vara \u00e4nnu modigare och gick helt utan hj\u00e4lpmedel\u2026 men nej. Det gick inte alls lika bra. Min artrosh\u00f6ft sa ifr\u00e5n, och dessutom f\u00e5r jag en vaggande g\u00e5ng utan st\u00f6d, vilket leder till att jag sp\u00e4nner mig och till slut f\u00e5r ont i hela kroppen. Imorgon \u00e5terg\u00e5r jag till min trogna f\u00f6ljeslagare: rullatorn Carl Oskar.<br><br>Och s\u00e5 avslutar jag med en liten dikt:<br><br><em>Det som b\u00e4r oss, \u00e4r inte alltid synligt,<\/em><br><em>ibland \u00e4r det en v\u00e4n med hjul och handtag.<\/em><br><em>Vi g\u00e5r, vi haltar, vi vilar i viljan,<\/em><br><em>och l\u00e5ter solen lysa \u2013 n\u00e4r den behagar.<\/em><\/p>\n\n\n\n<img data-recalc-dims=\"1\" loading=\"lazy\" decoding=\"async\" style=\"opacity: 0;\" superb-addons-animation=\"zoomIn\" src=\"https:\/\/i0.wp.com\/datajenny.se\/Blogg\/wp-content\/uploads\/2025\/07\/1000012255.png?resize=180%2C53&#038;ssl=1\" alt=\"Signatur\" width=\"180\" height=\"53\">\n\n\n\n<p><\/p>\n","protected":false},"excerpt":{"rendered":"<p>Idag d\u00f6k det upp ett minne p\u00e5 Facebook \u2013 det \u00e4r visst 15 \u00e5r sedan jag rakade av mig h\u00e5ret f\u00f6rsta g\u00e5ngen. T\u00e4nk att det g\u00e5tt s\u00e5 l\u00e5ng tid! Mycket har f\u00f6r\u00e4ndrats sedan dess. Typ 35 kilo, f\u00f6r att n\u00e4mna en ganska konkret skillnad. Medan jag var p\u00e5 jobbet idag s\u00e5 f\u00f6ljde Erik med sin [&hellip;]<\/p>\n","protected":false},"author":1,"featured_media":1895,"comment_status":"open","ping_status":"open","sticky":false,"template":"","format":"standard","meta":{"ngg_post_thumbnail":0,"jetpack_post_was_ever_published":false,"_jetpack_newsletter_access":"","_jetpack_dont_email_post_to_subs":false,"_jetpack_newsletter_tier_id":0,"_jetpack_memberships_contains_paywalled_content":false,"_jetpack_memberships_contains_paid_content":false,"footnotes":"","jetpack_publicize_message":"","jetpack_publicize_feature_enabled":true,"jetpack_social_post_already_shared":true,"jetpack_social_options":{"image_generator_settings":{"template":"highway","default_image_id":0,"font":"","enabled":false},"version":2}},"categories":[8,115,121,47],"tags":[9,116,122,48],"class_list":["post-1889","post","type-post","status-publish","format-standard","has-post-thumbnail","hentry","category-blogg","category-jobb","category-mat","category-sjukhus","tag-blogg","tag-jobb","tag-mat","tag-sjukhus"],"featured_image_src":"https:\/\/i0.wp.com\/datajenny.se\/Blogg\/wp-content\/uploads\/2025\/07\/20250722_164005.jpg?fit=1196%2C2400&ssl=1","author_info":{"display_name":"Jenny Louise Nod\u00e9n","author_link":"https:\/\/datajenny.se\/Blogg\/author\/jenny_louise\/"},"yoast_head":"<!-- This site is optimized with the Yoast SEO plugin v27.3 - https:\/\/yoast.com\/product\/yoast-seo-wordpress\/ -->\n<title>15 \u00e5r med rakat h\u00e5r och livet d\u00e4remellan - V\u00e4lkommen till JeLo<\/title>\n<meta name=\"robots\" content=\"index, follow, max-snippet:-1, max-image-preview:large, max-video-preview:-1\" \/>\n<link rel=\"canonical\" href=\"https:\/\/datajenny.se\/Blogg\/2025\/07\/22\/15-ar-med-rakat-har-och-livet-daremellan\/\" \/>\n<meta property=\"og:locale\" content=\"sv_SE\" \/>\n<meta property=\"og:type\" content=\"article\" \/>\n<meta property=\"og:title\" content=\"15 \u00e5r med rakat h\u00e5r och livet d\u00e4remellan - V\u00e4lkommen till JeLo\" \/>\n<meta property=\"og:description\" content=\"Idag d\u00f6k det upp ett minne p\u00e5 Facebook \u2013 det \u00e4r visst 15 \u00e5r sedan jag rakade av mig h\u00e5ret f\u00f6rsta g\u00e5ngen. T\u00e4nk att det g\u00e5tt s\u00e5 l\u00e5ng tid! Mycket har f\u00f6r\u00e4ndrats sedan dess. Typ 35 kilo, f\u00f6r att n\u00e4mna en ganska konkret skillnad. Medan jag var p\u00e5 jobbet idag s\u00e5 f\u00f6ljde Erik med sin [&hellip;]\" \/>\n<meta property=\"og:url\" content=\"https:\/\/datajenny.se\/Blogg\/2025\/07\/22\/15-ar-med-rakat-har-och-livet-daremellan\/\" \/>\n<meta property=\"og:site_name\" content=\"V\u00e4lkommen till JeLo\" \/>\n<meta property=\"article:publisher\" content=\"https:\/\/www.facebook.com\/datajenny\/\" \/>\n<meta property=\"article:author\" content=\"https:\/\/www.facebook.com\/datajenny\/\" \/>\n<meta property=\"article:published_time\" content=\"2025-07-22T15:00:58+00:00\" \/>\n<meta property=\"article:modified_time\" content=\"2025-09-06T19:40:38+00:00\" \/>\n<meta property=\"og:image\" content=\"https:\/\/datajenny.se\/Blogg\/wp-content\/uploads\/2025\/07\/20250722_164005.jpg\" \/>\n\t<meta property=\"og:image:width\" content=\"1196\" \/>\n\t<meta property=\"og:image:height\" content=\"2400\" \/>\n\t<meta property=\"og:image:type\" content=\"image\/jpeg\" \/>\n<meta name=\"author\" content=\"Jenny Louise Nod\u00e9n\" \/>\n<meta name=\"twitter:card\" content=\"summary_large_image\" \/>\n<meta name=\"twitter:label1\" content=\"Skriven av\" \/>\n\t<meta name=\"twitter:data1\" content=\"Jenny Louise Nod\u00e9n\" \/>\n\t<meta name=\"twitter:label2\" content=\"Ber\u00e4knad l\u00e4stid\" \/>\n\t<meta name=\"twitter:data2\" content=\"3 minuter\" \/>\n<script type=\"application\/ld+json\" class=\"yoast-schema-graph\">{\"@context\":\"https:\\\/\\\/schema.org\",\"@graph\":[{\"@type\":\"Article\",\"@id\":\"https:\\\/\\\/datajenny.se\\\/Blogg\\\/2025\\\/07\\\/22\\\/15-ar-med-rakat-har-och-livet-daremellan\\\/#article\",\"isPartOf\":{\"@id\":\"https:\\\/\\\/datajenny.se\\\/Blogg\\\/2025\\\/07\\\/22\\\/15-ar-med-rakat-har-och-livet-daremellan\\\/\"},\"author\":{\"name\":\"Jenny Louise Nod\u00e9n\",\"@id\":\"https:\\\/\\\/datajenny.se\\\/Blogg\\\/#\\\/schema\\\/person\\\/da3cd1b9792c07c50c88641dcf976bee\"},\"headline\":\"15 \u00e5r med rakat h\u00e5r och livet d\u00e4remellan\",\"datePublished\":\"2025-07-22T15:00:58+00:00\",\"dateModified\":\"2025-09-06T19:40:38+00:00\",\"mainEntityOfPage\":{\"@id\":\"https:\\\/\\\/datajenny.se\\\/Blogg\\\/2025\\\/07\\\/22\\\/15-ar-med-rakat-har-och-livet-daremellan\\\/\"},\"wordCount\":290,\"commentCount\":0,\"publisher\":{\"@id\":\"https:\\\/\\\/datajenny.se\\\/Blogg\\\/#\\\/schema\\\/person\\\/da3cd1b9792c07c50c88641dcf976bee\"},\"image\":{\"@id\":\"https:\\\/\\\/datajenny.se\\\/Blogg\\\/2025\\\/07\\\/22\\\/15-ar-med-rakat-har-och-livet-daremellan\\\/#primaryimage\"},\"thumbnailUrl\":\"https:\\\/\\\/i0.wp.com\\\/datajenny.se\\\/Blogg\\\/wp-content\\\/uploads\\\/2025\\\/07\\\/20250722_164005.jpg?fit=1196%2C2400&ssl=1\",\"keywords\":[\"Blogg\",\"Jobb\",\"Mat\",\"Sjukhus\"],\"articleSection\":[\"Blogg\",\"Jobb\",\"Mat\",\"Sjukhus\"],\"inLanguage\":\"sv-SE\",\"potentialAction\":[{\"@type\":\"CommentAction\",\"name\":\"Comment\",\"target\":[\"https:\\\/\\\/datajenny.se\\\/Blogg\\\/2025\\\/07\\\/22\\\/15-ar-med-rakat-har-och-livet-daremellan\\\/#respond\"]}]},{\"@type\":\"WebPage\",\"@id\":\"https:\\\/\\\/datajenny.se\\\/Blogg\\\/2025\\\/07\\\/22\\\/15-ar-med-rakat-har-och-livet-daremellan\\\/\",\"url\":\"https:\\\/\\\/datajenny.se\\\/Blogg\\\/2025\\\/07\\\/22\\\/15-ar-med-rakat-har-och-livet-daremellan\\\/\",\"name\":\"15 \u00e5r med rakat h\u00e5r och livet d\u00e4remellan - V\u00e4lkommen till JeLo\",\"isPartOf\":{\"@id\":\"https:\\\/\\\/datajenny.se\\\/Blogg\\\/#website\"},\"primaryImageOfPage\":{\"@id\":\"https:\\\/\\\/datajenny.se\\\/Blogg\\\/2025\\\/07\\\/22\\\/15-ar-med-rakat-har-och-livet-daremellan\\\/#primaryimage\"},\"image\":{\"@id\":\"https:\\\/\\\/datajenny.se\\\/Blogg\\\/2025\\\/07\\\/22\\\/15-ar-med-rakat-har-och-livet-daremellan\\\/#primaryimage\"},\"thumbnailUrl\":\"https:\\\/\\\/i0.wp.com\\\/datajenny.se\\\/Blogg\\\/wp-content\\\/uploads\\\/2025\\\/07\\\/20250722_164005.jpg?fit=1196%2C2400&ssl=1\",\"datePublished\":\"2025-07-22T15:00:58+00:00\",\"dateModified\":\"2025-09-06T19:40:38+00:00\",\"breadcrumb\":{\"@id\":\"https:\\\/\\\/datajenny.se\\\/Blogg\\\/2025\\\/07\\\/22\\\/15-ar-med-rakat-har-och-livet-daremellan\\\/#breadcrumb\"},\"inLanguage\":\"sv-SE\",\"potentialAction\":[{\"@type\":\"ReadAction\",\"target\":[\"https:\\\/\\\/datajenny.se\\\/Blogg\\\/2025\\\/07\\\/22\\\/15-ar-med-rakat-har-och-livet-daremellan\\\/\"]}]},{\"@type\":\"ImageObject\",\"inLanguage\":\"sv-SE\",\"@id\":\"https:\\\/\\\/datajenny.se\\\/Blogg\\\/2025\\\/07\\\/22\\\/15-ar-med-rakat-har-och-livet-daremellan\\\/#primaryimage\",\"url\":\"https:\\\/\\\/i0.wp.com\\\/datajenny.se\\\/Blogg\\\/wp-content\\\/uploads\\\/2025\\\/07\\\/20250722_164005.jpg?fit=1196%2C2400&ssl=1\",\"contentUrl\":\"https:\\\/\\\/i0.wp.com\\\/datajenny.se\\\/Blogg\\\/wp-content\\\/uploads\\\/2025\\\/07\\\/20250722_164005.jpg?fit=1196%2C2400&ssl=1\",\"width\":1196,\"height\":2400},{\"@type\":\"BreadcrumbList\",\"@id\":\"https:\\\/\\\/datajenny.se\\\/Blogg\\\/2025\\\/07\\\/22\\\/15-ar-med-rakat-har-och-livet-daremellan\\\/#breadcrumb\",\"itemListElement\":[{\"@type\":\"ListItem\",\"position\":1,\"name\":\"Hem\",\"item\":\"https:\\\/\\\/datajenny.se\\\/Blogg\\\/\"},{\"@type\":\"ListItem\",\"position\":2,\"name\":\"15 \u00e5r med rakat h\u00e5r och livet d\u00e4remellan\"}]},{\"@type\":\"WebSite\",\"@id\":\"https:\\\/\\\/datajenny.se\\\/Blogg\\\/#website\",\"url\":\"https:\\\/\\\/datajenny.se\\\/Blogg\\\/\",\"name\":\"V\u00e4lkommen till Jenny Louises blogg\",\"description\":\"Jenny Louises blogg\",\"publisher\":{\"@id\":\"https:\\\/\\\/datajenny.se\\\/Blogg\\\/#\\\/schema\\\/person\\\/da3cd1b9792c07c50c88641dcf976bee\"},\"potentialAction\":[{\"@type\":\"SearchAction\",\"target\":{\"@type\":\"EntryPoint\",\"urlTemplate\":\"https:\\\/\\\/datajenny.se\\\/Blogg\\\/?s={search_term_string}\"},\"query-input\":{\"@type\":\"PropertyValueSpecification\",\"valueRequired\":true,\"valueName\":\"search_term_string\"}}],\"inLanguage\":\"sv-SE\"},{\"@type\":[\"Person\",\"Organization\"],\"@id\":\"https:\\\/\\\/datajenny.se\\\/Blogg\\\/#\\\/schema\\\/person\\\/da3cd1b9792c07c50c88641dcf976bee\",\"name\":\"Jenny Louise Nod\u00e9n\",\"image\":{\"@type\":\"ImageObject\",\"inLanguage\":\"sv-SE\",\"@id\":\"https:\\\/\\\/datajenny.se\\\/Blogg\\\/wp-content\\\/uploads\\\/2025\\\/07\\\/wp-1751728308657.jpg\",\"url\":\"https:\\\/\\\/datajenny.se\\\/Blogg\\\/wp-content\\\/uploads\\\/2025\\\/07\\\/wp-1751728308657.jpg\",\"contentUrl\":\"https:\\\/\\\/datajenny.se\\\/Blogg\\\/wp-content\\\/uploads\\\/2025\\\/07\\\/wp-1751728308657.jpg\",\"width\":928,\"height\":928,\"caption\":\"Jenny Louise Nod\u00e9n\"},\"logo\":{\"@id\":\"https:\\\/\\\/datajenny.se\\\/Blogg\\\/wp-content\\\/uploads\\\/2025\\\/07\\\/wp-1751728308657.jpg\"},\"description\":\"Jag \u00e4r en tjej som oftast \u00e4r glad och \u00e4lskar livet, men den 18 januari 2005 s\u00e5 f\u00f6rs\u00f6kte jag ta mitt liv, jag orkade inte helt enkelt l\u00e4ngre. Men min f\u00e4stman hittade mig i duschen, han r\u00e4ddade livet p\u00e5 mig. Jag fick \u00e5ka in till akuten och blev magpumpad samt s\u00e5 fick jag \u00e4ta kr\u00e4ksirap. Hamnade sedan p\u00e5 S\u00e4ter och log d\u00e4r i fyra dagar. Idag \u00e4r jag glad f\u00f6r att han hittade mig, livet har s\u00e5 mycket att erbjuda. Jag bryr mig f\u00f6r mycket om andra, jag kommer alltid i andra hand hos mig sj\u00e4lv. Jag \u00e4r gift med en underbar man vid namn Magnus och vi har en son som heter Erik och \u00e4r f\u00f6dd juni 2018.\",\"sameAs\":[\"https:\\\/\\\/datajenny.se\\\/Blogg\",\"https:\\\/\\\/www.facebook.com\\\/datajenny\\\/\",\"https:\\\/\\\/www.instagram.com\\\/datajenny\\\/\",\"https:\\\/\\\/www.linkedin.com\\\/in\\\/jenny-louise-nodn-75324811b?\",\"https:\\\/\\\/youtube.com\\\/channel\\\/UCU00yswsJZcmgqfoON6pMwg\",\"https:\\\/\\\/datajenny.tumblr.com\\\/\"],\"url\":\"https:\\\/\\\/datajenny.se\\\/Blogg\\\/author\\\/jenny_louise\\\/\"}]}<\/script>\n<!-- \/ Yoast SEO plugin. -->","yoast_head_json":{"title":"15 \u00e5r med rakat h\u00e5r och livet d\u00e4remellan - V\u00e4lkommen till JeLo","robots":{"index":"index","follow":"follow","max-snippet":"max-snippet:-1","max-image-preview":"max-image-preview:large","max-video-preview":"max-video-preview:-1"},"canonical":"https:\/\/datajenny.se\/Blogg\/2025\/07\/22\/15-ar-med-rakat-har-och-livet-daremellan\/","og_locale":"sv_SE","og_type":"article","og_title":"15 \u00e5r med rakat h\u00e5r och livet d\u00e4remellan - V\u00e4lkommen till JeLo","og_description":"Idag d\u00f6k det upp ett minne p\u00e5 Facebook \u2013 det \u00e4r visst 15 \u00e5r sedan jag rakade av mig h\u00e5ret f\u00f6rsta g\u00e5ngen. T\u00e4nk att det g\u00e5tt s\u00e5 l\u00e5ng tid! Mycket har f\u00f6r\u00e4ndrats sedan dess. Typ 35 kilo, f\u00f6r att n\u00e4mna en ganska konkret skillnad. Medan jag var p\u00e5 jobbet idag s\u00e5 f\u00f6ljde Erik med sin [&hellip;]","og_url":"https:\/\/datajenny.se\/Blogg\/2025\/07\/22\/15-ar-med-rakat-har-och-livet-daremellan\/","og_site_name":"V\u00e4lkommen till JeLo","article_publisher":"https:\/\/www.facebook.com\/datajenny\/","article_author":"https:\/\/www.facebook.com\/datajenny\/","article_published_time":"2025-07-22T15:00:58+00:00","article_modified_time":"2025-09-06T19:40:38+00:00","og_image":[{"width":1196,"height":2400,"url":"https:\/\/datajenny.se\/Blogg\/wp-content\/uploads\/2025\/07\/20250722_164005.jpg","type":"image\/jpeg"}],"author":"Jenny Louise Nod\u00e9n","twitter_card":"summary_large_image","twitter_misc":{"Skriven av":"Jenny Louise Nod\u00e9n","Ber\u00e4knad l\u00e4stid":"3 minuter"},"schema":{"@context":"https:\/\/schema.org","@graph":[{"@type":"Article","@id":"https:\/\/datajenny.se\/Blogg\/2025\/07\/22\/15-ar-med-rakat-har-och-livet-daremellan\/#article","isPartOf":{"@id":"https:\/\/datajenny.se\/Blogg\/2025\/07\/22\/15-ar-med-rakat-har-och-livet-daremellan\/"},"author":{"name":"Jenny Louise Nod\u00e9n","@id":"https:\/\/datajenny.se\/Blogg\/#\/schema\/person\/da3cd1b9792c07c50c88641dcf976bee"},"headline":"15 \u00e5r med rakat h\u00e5r och livet d\u00e4remellan","datePublished":"2025-07-22T15:00:58+00:00","dateModified":"2025-09-06T19:40:38+00:00","mainEntityOfPage":{"@id":"https:\/\/datajenny.se\/Blogg\/2025\/07\/22\/15-ar-med-rakat-har-och-livet-daremellan\/"},"wordCount":290,"commentCount":0,"publisher":{"@id":"https:\/\/datajenny.se\/Blogg\/#\/schema\/person\/da3cd1b9792c07c50c88641dcf976bee"},"image":{"@id":"https:\/\/datajenny.se\/Blogg\/2025\/07\/22\/15-ar-med-rakat-har-och-livet-daremellan\/#primaryimage"},"thumbnailUrl":"https:\/\/i0.wp.com\/datajenny.se\/Blogg\/wp-content\/uploads\/2025\/07\/20250722_164005.jpg?fit=1196%2C2400&ssl=1","keywords":["Blogg","Jobb","Mat","Sjukhus"],"articleSection":["Blogg","Jobb","Mat","Sjukhus"],"inLanguage":"sv-SE","potentialAction":[{"@type":"CommentAction","name":"Comment","target":["https:\/\/datajenny.se\/Blogg\/2025\/07\/22\/15-ar-med-rakat-har-och-livet-daremellan\/#respond"]}]},{"@type":"WebPage","@id":"https:\/\/datajenny.se\/Blogg\/2025\/07\/22\/15-ar-med-rakat-har-och-livet-daremellan\/","url":"https:\/\/datajenny.se\/Blogg\/2025\/07\/22\/15-ar-med-rakat-har-och-livet-daremellan\/","name":"15 \u00e5r med rakat h\u00e5r och livet d\u00e4remellan - V\u00e4lkommen till JeLo","isPartOf":{"@id":"https:\/\/datajenny.se\/Blogg\/#website"},"primaryImageOfPage":{"@id":"https:\/\/datajenny.se\/Blogg\/2025\/07\/22\/15-ar-med-rakat-har-och-livet-daremellan\/#primaryimage"},"image":{"@id":"https:\/\/datajenny.se\/Blogg\/2025\/07\/22\/15-ar-med-rakat-har-och-livet-daremellan\/#primaryimage"},"thumbnailUrl":"https:\/\/i0.wp.com\/datajenny.se\/Blogg\/wp-content\/uploads\/2025\/07\/20250722_164005.jpg?fit=1196%2C2400&ssl=1","datePublished":"2025-07-22T15:00:58+00:00","dateModified":"2025-09-06T19:40:38+00:00","breadcrumb":{"@id":"https:\/\/datajenny.se\/Blogg\/2025\/07\/22\/15-ar-med-rakat-har-och-livet-daremellan\/#breadcrumb"},"inLanguage":"sv-SE","potentialAction":[{"@type":"ReadAction","target":["https:\/\/datajenny.se\/Blogg\/2025\/07\/22\/15-ar-med-rakat-har-och-livet-daremellan\/"]}]},{"@type":"ImageObject","inLanguage":"sv-SE","@id":"https:\/\/datajenny.se\/Blogg\/2025\/07\/22\/15-ar-med-rakat-har-och-livet-daremellan\/#primaryimage","url":"https:\/\/i0.wp.com\/datajenny.se\/Blogg\/wp-content\/uploads\/2025\/07\/20250722_164005.jpg?fit=1196%2C2400&ssl=1","contentUrl":"https:\/\/i0.wp.com\/datajenny.se\/Blogg\/wp-content\/uploads\/2025\/07\/20250722_164005.jpg?fit=1196%2C2400&ssl=1","width":1196,"height":2400},{"@type":"BreadcrumbList","@id":"https:\/\/datajenny.se\/Blogg\/2025\/07\/22\/15-ar-med-rakat-har-och-livet-daremellan\/#breadcrumb","itemListElement":[{"@type":"ListItem","position":1,"name":"Hem","item":"https:\/\/datajenny.se\/Blogg\/"},{"@type":"ListItem","position":2,"name":"15 \u00e5r med rakat h\u00e5r och livet d\u00e4remellan"}]},{"@type":"WebSite","@id":"https:\/\/datajenny.se\/Blogg\/#website","url":"https:\/\/datajenny.se\/Blogg\/","name":"V\u00e4lkommen till Jenny Louises blogg","description":"Jenny Louises blogg","publisher":{"@id":"https:\/\/datajenny.se\/Blogg\/#\/schema\/person\/da3cd1b9792c07c50c88641dcf976bee"},"potentialAction":[{"@type":"SearchAction","target":{"@type":"EntryPoint","urlTemplate":"https:\/\/datajenny.se\/Blogg\/?s={search_term_string}"},"query-input":{"@type":"PropertyValueSpecification","valueRequired":true,"valueName":"search_term_string"}}],"inLanguage":"sv-SE"},{"@type":["Person","Organization"],"@id":"https:\/\/datajenny.se\/Blogg\/#\/schema\/person\/da3cd1b9792c07c50c88641dcf976bee","name":"Jenny Louise Nod\u00e9n","image":{"@type":"ImageObject","inLanguage":"sv-SE","@id":"https:\/\/datajenny.se\/Blogg\/wp-content\/uploads\/2025\/07\/wp-1751728308657.jpg","url":"https:\/\/datajenny.se\/Blogg\/wp-content\/uploads\/2025\/07\/wp-1751728308657.jpg","contentUrl":"https:\/\/datajenny.se\/Blogg\/wp-content\/uploads\/2025\/07\/wp-1751728308657.jpg","width":928,"height":928,"caption":"Jenny Louise Nod\u00e9n"},"logo":{"@id":"https:\/\/datajenny.se\/Blogg\/wp-content\/uploads\/2025\/07\/wp-1751728308657.jpg"},"description":"Jag \u00e4r en tjej som oftast \u00e4r glad och \u00e4lskar livet, men den 18 januari 2005 s\u00e5 f\u00f6rs\u00f6kte jag ta mitt liv, jag orkade inte helt enkelt l\u00e4ngre. Men min f\u00e4stman hittade mig i duschen, han r\u00e4ddade livet p\u00e5 mig. Jag fick \u00e5ka in till akuten och blev magpumpad samt s\u00e5 fick jag \u00e4ta kr\u00e4ksirap. Hamnade sedan p\u00e5 S\u00e4ter och log d\u00e4r i fyra dagar. Idag \u00e4r jag glad f\u00f6r att han hittade mig, livet har s\u00e5 mycket att erbjuda. Jag bryr mig f\u00f6r mycket om andra, jag kommer alltid i andra hand hos mig sj\u00e4lv. Jag \u00e4r gift med en underbar man vid namn Magnus och vi har en son som heter Erik och \u00e4r f\u00f6dd juni 2018.","sameAs":["https:\/\/datajenny.se\/Blogg","https:\/\/www.facebook.com\/datajenny\/","https:\/\/www.instagram.com\/datajenny\/","https:\/\/www.linkedin.com\/in\/jenny-louise-nodn-75324811b?","https:\/\/youtube.com\/channel\/UCU00yswsJZcmgqfoON6pMwg","https:\/\/datajenny.tumblr.com\/"],"url":"https:\/\/datajenny.se\/Blogg\/author\/jenny_louise\/"}]}},"jetpack_publicize_connections":[],"jetpack_featured_media_url":"https:\/\/i0.wp.com\/datajenny.se\/Blogg\/wp-content\/uploads\/2025\/07\/20250722_164005.jpg?fit=1196%2C2400&ssl=1","jetpack_sharing_enabled":true,"jetpack_likes_enabled":true,"_links":{"self":[{"href":"https:\/\/datajenny.se\/Blogg\/wp-json\/wp\/v2\/posts\/1889","targetHints":{"allow":["GET"]}}],"collection":[{"href":"https:\/\/datajenny.se\/Blogg\/wp-json\/wp\/v2\/posts"}],"about":[{"href":"https:\/\/datajenny.se\/Blogg\/wp-json\/wp\/v2\/types\/post"}],"author":[{"embeddable":true,"href":"https:\/\/datajenny.se\/Blogg\/wp-json\/wp\/v2\/users\/1"}],"replies":[{"embeddable":true,"href":"https:\/\/datajenny.se\/Blogg\/wp-json\/wp\/v2\/comments?post=1889"}],"version-history":[{"count":5,"href":"https:\/\/datajenny.se\/Blogg\/wp-json\/wp\/v2\/posts\/1889\/revisions"}],"predecessor-version":[{"id":3209,"href":"https:\/\/datajenny.se\/Blogg\/wp-json\/wp\/v2\/posts\/1889\/revisions\/3209"}],"wp:featuredmedia":[{"embeddable":true,"href":"https:\/\/datajenny.se\/Blogg\/wp-json\/wp\/v2\/media\/1895"}],"wp:attachment":[{"href":"https:\/\/datajenny.se\/Blogg\/wp-json\/wp\/v2\/media?parent=1889"}],"wp:term":[{"taxonomy":"category","embeddable":true,"href":"https:\/\/datajenny.se\/Blogg\/wp-json\/wp\/v2\/categories?post=1889"},{"taxonomy":"post_tag","embeddable":true,"href":"https:\/\/datajenny.se\/Blogg\/wp-json\/wp\/v2\/tags?post=1889"}],"curies":[{"name":"wp","href":"https:\/\/api.w.org\/{rel}","templated":true}]}}