{"id":1907,"date":"2025-07-22T21:19:58","date_gmt":"2025-07-22T19:19:58","guid":{"rendered":"https:\/\/datajenny.se\/Blogg\/2025\/07\/22\/vila-i-frid-ozzy-min-eviga-idol-%f0%9f%96%a4\/"},"modified":"2025-07-22T21:27:28","modified_gmt":"2025-07-22T19:27:28","slug":"vila-i-frid-ozzy-min-eviga-idol-%f0%9f%96%a4","status":"publish","type":"post","link":"https:\/\/datajenny.se\/Blogg\/2025\/07\/22\/vila-i-frid-ozzy-min-eviga-idol-%f0%9f%96%a4\/","title":{"rendered":"Vila i frid, Ozzy \u2013 min eviga idol \ud83d\udda4"},"content":{"rendered":"\n<p><br>Idag kom beskedet jag alltid fruktat men aldrig varit redo f\u00f6r: Ozzy Osbourne \u00e4r d\u00f6d. Det k\u00e4nns overkligt att skriva det. Jag har \u00e4lskat hans musik s\u00e5 l\u00e4nge jag kan minnas \u2013 fr\u00e5n de m\u00f6rka riffen i Black Sabbath till hans galna, vackra solokarri\u00e4r. Ozzy har alltid varit mer \u00e4n bara en artist f\u00f6r mig. Han var en kraft, en ikon, en tr\u00f6st.<br><br>Trots alla \u00e5r av sjukdom och sm\u00e4rta fick han till slut s\u00e4ga farv\u00e4l p\u00e5 sitt eget s\u00e4tt. En sista spelning, &#8221;Back to the Beginning&#8221;, d\u00e4r han samlade n\u00e5gra av v\u00e4rldens st\u00f6rsta band och visade oss varf\u00f6r han alltid varit &#8221;The Prince of Darkness&#8221;. Att han lyckades upptr\u00e4da en sista g\u00e5ng \u2013 sittandes p\u00e5 en tron, men \u00e4nd\u00e5 starkare \u00e4n n\u00e5gonsin \u2013 s\u00e4ger allt om hans styrka.<br><br>Tack Ozzy, f\u00f6r all musik, galenskap och hj\u00e4rta. Du f\u00f6r\u00e4ndrade mitt liv.<br>Vila i frid. \ud83d\udd4a\ufe0f<\/p>\n\n\n\n<blockquote class=\"wp-block-quote is-layout-flow wp-block-quote-is-layout-flow\">\n<p>You\u2019ve got no idea how I feel \u2013 thank you from the bottom of my heart. \u2013 <strong><em>Ozzy Osbourne, juli 2025<\/em><\/strong><\/p>\n<\/blockquote>\n\n\n\n<figure class=\"wp-block-embed is-type-rich is-provider-spotify wp-block-embed-spotify wp-embed-aspect-21-9 wp-has-aspect-ratio\"><div class=\"wp-block-embed__wrapper\">\n<iframe title=\"Spotify Embed: Ozzy\" style=\"border-radius: 12px\" width=\"100%\" height=\"352\" frameborder=\"0\" allowfullscreen allow=\"autoplay; clipboard-write; encrypted-media; fullscreen; picture-in-picture\" loading=\"lazy\" src=\"https:\/\/open.spotify.com\/embed\/playlist\/1J0IG8dUNxgEdvPuiaSFuP?si=zrH1eGFqRHeRexEkKHjPCw&#038;pi=jXNSxU7mRvSM1&#038;utm_source=oembed\"><\/iframe>\n<\/div><\/figure>\n\n\n\n<img data-recalc-dims=\"1\" loading=\"lazy\" decoding=\"async\" style=\"opacity: 0;\" superb-addons-animation=\"zoomIn\" src=\"https:\/\/i0.wp.com\/datajenny.se\/Blogg\/wp-content\/uploads\/2025\/07\/1000012255.png?resize=180%2C53&#038;ssl=1\" alt=\"Signatur\" width=\"180\" height=\"53\">\n","protected":false},"excerpt":{"rendered":"<p>Idag kom beskedet jag alltid fruktat men aldrig varit redo f\u00f6r: Ozzy Osbourne \u00e4r d\u00f6d. Det k\u00e4nns overkligt att skriva det. Jag har \u00e4lskat hans musik s\u00e5 l\u00e4nge jag kan minnas \u2013 fr\u00e5n de m\u00f6rka riffen i Black Sabbath till hans galna, vackra solokarri\u00e4r. Ozzy har alltid varit mer \u00e4n bara en artist f\u00f6r mig. [&hellip;]<\/p>\n","protected":false},"author":1,"featured_media":1906,"comment_status":"open","ping_status":"open","sticky":false,"template":"","format":"standard","meta":{"ngg_post_thumbnail":0,"jetpack_post_was_ever_published":false,"_jetpack_newsletter_access":"","_jetpack_dont_email_post_to_subs":false,"_jetpack_newsletter_tier_id":0,"_jetpack_memberships_contains_paywalled_content":false,"_jetpack_memberships_contains_paid_content":false,"footnotes":"","jetpack_publicize_message":"","jetpack_publicize_feature_enabled":true,"jetpack_social_post_already_shared":true,"jetpack_social_options":{"image_generator_settings":{"template":"highway","default_image_id":0,"font":"","enabled":false},"version":2}},"categories":[8,135],"tags":[9,136],"class_list":["post-1907","post","type-post","status-publish","format-standard","has-post-thumbnail","hentry","category-blogg","category-ozzy-osbourne","tag-blogg","tag-ozzy-osbourne"],"featured_image_src":"https:\/\/i0.wp.com\/datajenny.se\/Blogg\/wp-content\/uploads\/2025\/07\/PhotoCollage_20250722_212416916.jpg?fit=1648%2C892&ssl=1","author_info":{"display_name":"Jenny Louise Nod\u00e9n","author_link":"https:\/\/datajenny.se\/Blogg\/author\/jenny_louise\/"},"yoast_head":"<!-- This site is optimized with the Yoast SEO plugin v27.3 - https:\/\/yoast.com\/product\/yoast-seo-wordpress\/ -->\n<title>Vila i frid, Ozzy \u2013 min eviga idol \ud83d\udda4 - V\u00e4lkommen till JeLo<\/title>\n<meta name=\"robots\" content=\"index, follow, max-snippet:-1, max-image-preview:large, max-video-preview:-1\" \/>\n<link rel=\"canonical\" href=\"https:\/\/datajenny.se\/Blogg\/2025\/07\/22\/vila-i-frid-ozzy-min-eviga-idol-\ud83d\udda4\/\" \/>\n<meta property=\"og:locale\" content=\"sv_SE\" \/>\n<meta property=\"og:type\" content=\"article\" \/>\n<meta property=\"og:title\" content=\"Vila i frid, Ozzy \u2013 min eviga idol \ud83d\udda4 - V\u00e4lkommen till JeLo\" \/>\n<meta property=\"og:description\" content=\"Idag kom beskedet jag alltid fruktat men aldrig varit redo f\u00f6r: Ozzy Osbourne \u00e4r d\u00f6d. Det k\u00e4nns overkligt att skriva det. Jag har \u00e4lskat hans musik s\u00e5 l\u00e4nge jag kan minnas \u2013 fr\u00e5n de m\u00f6rka riffen i Black Sabbath till hans galna, vackra solokarri\u00e4r. Ozzy har alltid varit mer \u00e4n bara en artist f\u00f6r mig. [&hellip;]\" \/>\n<meta property=\"og:url\" content=\"https:\/\/datajenny.se\/Blogg\/2025\/07\/22\/vila-i-frid-ozzy-min-eviga-idol-\ud83d\udda4\/\" \/>\n<meta property=\"og:site_name\" content=\"V\u00e4lkommen till JeLo\" \/>\n<meta property=\"article:publisher\" content=\"https:\/\/www.facebook.com\/datajenny\/\" \/>\n<meta property=\"article:author\" content=\"https:\/\/www.facebook.com\/datajenny\/\" \/>\n<meta property=\"article:published_time\" content=\"2025-07-22T19:19:58+00:00\" \/>\n<meta property=\"article:modified_time\" content=\"2025-07-22T19:27:28+00:00\" \/>\n<meta property=\"og:image\" content=\"https:\/\/datajenny.se\/Blogg\/wp-content\/uploads\/2025\/07\/PhotoCollage_20250722_212416916.jpg\" \/>\n\t<meta property=\"og:image:width\" content=\"1648\" \/>\n\t<meta property=\"og:image:height\" content=\"892\" \/>\n\t<meta property=\"og:image:type\" content=\"image\/jpeg\" \/>\n<meta name=\"author\" content=\"Jenny Louise Nod\u00e9n\" \/>\n<meta name=\"twitter:card\" content=\"summary_large_image\" \/>\n<meta name=\"twitter:label1\" content=\"Skriven av\" \/>\n\t<meta name=\"twitter:data1\" content=\"Jenny Louise Nod\u00e9n\" \/>\n\t<meta name=\"twitter:label2\" content=\"Ber\u00e4knad l\u00e4stid\" \/>\n\t<meta name=\"twitter:data2\" content=\"2 minuter\" \/>\n<script type=\"application\/ld+json\" class=\"yoast-schema-graph\">{\"@context\":\"https:\\\/\\\/schema.org\",\"@graph\":[{\"@type\":\"Article\",\"@id\":\"https:\\\/\\\/datajenny.se\\\/Blogg\\\/2025\\\/07\\\/22\\\/vila-i-frid-ozzy-min-eviga-idol-%f0%9f%96%a4\\\/#article\",\"isPartOf\":{\"@id\":\"https:\\\/\\\/datajenny.se\\\/Blogg\\\/2025\\\/07\\\/22\\\/vila-i-frid-ozzy-min-eviga-idol-%f0%9f%96%a4\\\/\"},\"author\":{\"name\":\"Jenny Louise Nod\u00e9n\",\"@id\":\"https:\\\/\\\/datajenny.se\\\/Blogg\\\/#\\\/schema\\\/person\\\/da3cd1b9792c07c50c88641dcf976bee\"},\"headline\":\"Vila i frid, Ozzy \u2013 min eviga idol \ud83d\udda4\",\"datePublished\":\"2025-07-22T19:19:58+00:00\",\"dateModified\":\"2025-07-22T19:27:28+00:00\",\"mainEntityOfPage\":{\"@id\":\"https:\\\/\\\/datajenny.se\\\/Blogg\\\/2025\\\/07\\\/22\\\/vila-i-frid-ozzy-min-eviga-idol-%f0%9f%96%a4\\\/\"},\"wordCount\":208,\"commentCount\":0,\"publisher\":{\"@id\":\"https:\\\/\\\/datajenny.se\\\/Blogg\\\/#\\\/schema\\\/person\\\/da3cd1b9792c07c50c88641dcf976bee\"},\"image\":{\"@id\":\"https:\\\/\\\/datajenny.se\\\/Blogg\\\/2025\\\/07\\\/22\\\/vila-i-frid-ozzy-min-eviga-idol-%f0%9f%96%a4\\\/#primaryimage\"},\"thumbnailUrl\":\"https:\\\/\\\/i0.wp.com\\\/datajenny.se\\\/Blogg\\\/wp-content\\\/uploads\\\/2025\\\/07\\\/PhotoCollage_20250722_212416916.jpg?fit=1648%2C892&ssl=1\",\"keywords\":[\"Blogg\",\"Ozzy Osbourne\"],\"articleSection\":[\"Blogg\",\"Ozzy Osbourne\"],\"inLanguage\":\"sv-SE\",\"potentialAction\":[{\"@type\":\"CommentAction\",\"name\":\"Comment\",\"target\":[\"https:\\\/\\\/datajenny.se\\\/Blogg\\\/2025\\\/07\\\/22\\\/vila-i-frid-ozzy-min-eviga-idol-%f0%9f%96%a4\\\/#respond\"]}]},{\"@type\":\"WebPage\",\"@id\":\"https:\\\/\\\/datajenny.se\\\/Blogg\\\/2025\\\/07\\\/22\\\/vila-i-frid-ozzy-min-eviga-idol-%f0%9f%96%a4\\\/\",\"url\":\"https:\\\/\\\/datajenny.se\\\/Blogg\\\/2025\\\/07\\\/22\\\/vila-i-frid-ozzy-min-eviga-idol-%f0%9f%96%a4\\\/\",\"name\":\"Vila i frid, Ozzy \u2013 min eviga idol \ud83d\udda4 - V\u00e4lkommen till JeLo\",\"isPartOf\":{\"@id\":\"https:\\\/\\\/datajenny.se\\\/Blogg\\\/#website\"},\"primaryImageOfPage\":{\"@id\":\"https:\\\/\\\/datajenny.se\\\/Blogg\\\/2025\\\/07\\\/22\\\/vila-i-frid-ozzy-min-eviga-idol-%f0%9f%96%a4\\\/#primaryimage\"},\"image\":{\"@id\":\"https:\\\/\\\/datajenny.se\\\/Blogg\\\/2025\\\/07\\\/22\\\/vila-i-frid-ozzy-min-eviga-idol-%f0%9f%96%a4\\\/#primaryimage\"},\"thumbnailUrl\":\"https:\\\/\\\/i0.wp.com\\\/datajenny.se\\\/Blogg\\\/wp-content\\\/uploads\\\/2025\\\/07\\\/PhotoCollage_20250722_212416916.jpg?fit=1648%2C892&ssl=1\",\"datePublished\":\"2025-07-22T19:19:58+00:00\",\"dateModified\":\"2025-07-22T19:27:28+00:00\",\"breadcrumb\":{\"@id\":\"https:\\\/\\\/datajenny.se\\\/Blogg\\\/2025\\\/07\\\/22\\\/vila-i-frid-ozzy-min-eviga-idol-%f0%9f%96%a4\\\/#breadcrumb\"},\"inLanguage\":\"sv-SE\",\"potentialAction\":[{\"@type\":\"ReadAction\",\"target\":[\"https:\\\/\\\/datajenny.se\\\/Blogg\\\/2025\\\/07\\\/22\\\/vila-i-frid-ozzy-min-eviga-idol-%f0%9f%96%a4\\\/\"]}]},{\"@type\":\"ImageObject\",\"inLanguage\":\"sv-SE\",\"@id\":\"https:\\\/\\\/datajenny.se\\\/Blogg\\\/2025\\\/07\\\/22\\\/vila-i-frid-ozzy-min-eviga-idol-%f0%9f%96%a4\\\/#primaryimage\",\"url\":\"https:\\\/\\\/i0.wp.com\\\/datajenny.se\\\/Blogg\\\/wp-content\\\/uploads\\\/2025\\\/07\\\/PhotoCollage_20250722_212416916.jpg?fit=1648%2C892&ssl=1\",\"contentUrl\":\"https:\\\/\\\/i0.wp.com\\\/datajenny.se\\\/Blogg\\\/wp-content\\\/uploads\\\/2025\\\/07\\\/PhotoCollage_20250722_212416916.jpg?fit=1648%2C892&ssl=1\",\"width\":1648,\"height\":892},{\"@type\":\"BreadcrumbList\",\"@id\":\"https:\\\/\\\/datajenny.se\\\/Blogg\\\/2025\\\/07\\\/22\\\/vila-i-frid-ozzy-min-eviga-idol-%f0%9f%96%a4\\\/#breadcrumb\",\"itemListElement\":[{\"@type\":\"ListItem\",\"position\":1,\"name\":\"Hem\",\"item\":\"https:\\\/\\\/datajenny.se\\\/Blogg\\\/\"},{\"@type\":\"ListItem\",\"position\":2,\"name\":\"Vila i frid, Ozzy \u2013 min eviga idol \ud83d\udda4\"}]},{\"@type\":\"WebSite\",\"@id\":\"https:\\\/\\\/datajenny.se\\\/Blogg\\\/#website\",\"url\":\"https:\\\/\\\/datajenny.se\\\/Blogg\\\/\",\"name\":\"V\u00e4lkommen till Jenny Louises blogg\",\"description\":\"Jenny Louises blogg\",\"publisher\":{\"@id\":\"https:\\\/\\\/datajenny.se\\\/Blogg\\\/#\\\/schema\\\/person\\\/da3cd1b9792c07c50c88641dcf976bee\"},\"potentialAction\":[{\"@type\":\"SearchAction\",\"target\":{\"@type\":\"EntryPoint\",\"urlTemplate\":\"https:\\\/\\\/datajenny.se\\\/Blogg\\\/?s={search_term_string}\"},\"query-input\":{\"@type\":\"PropertyValueSpecification\",\"valueRequired\":true,\"valueName\":\"search_term_string\"}}],\"inLanguage\":\"sv-SE\"},{\"@type\":[\"Person\",\"Organization\"],\"@id\":\"https:\\\/\\\/datajenny.se\\\/Blogg\\\/#\\\/schema\\\/person\\\/da3cd1b9792c07c50c88641dcf976bee\",\"name\":\"Jenny Louise Nod\u00e9n\",\"image\":{\"@type\":\"ImageObject\",\"inLanguage\":\"sv-SE\",\"@id\":\"https:\\\/\\\/datajenny.se\\\/Blogg\\\/wp-content\\\/uploads\\\/2025\\\/07\\\/wp-1751728308657.jpg\",\"url\":\"https:\\\/\\\/datajenny.se\\\/Blogg\\\/wp-content\\\/uploads\\\/2025\\\/07\\\/wp-1751728308657.jpg\",\"contentUrl\":\"https:\\\/\\\/datajenny.se\\\/Blogg\\\/wp-content\\\/uploads\\\/2025\\\/07\\\/wp-1751728308657.jpg\",\"width\":928,\"height\":928,\"caption\":\"Jenny Louise Nod\u00e9n\"},\"logo\":{\"@id\":\"https:\\\/\\\/datajenny.se\\\/Blogg\\\/wp-content\\\/uploads\\\/2025\\\/07\\\/wp-1751728308657.jpg\"},\"description\":\"Jag \u00e4r en tjej som oftast \u00e4r glad och \u00e4lskar livet, men den 18 januari 2005 s\u00e5 f\u00f6rs\u00f6kte jag ta mitt liv, jag orkade inte helt enkelt l\u00e4ngre. Men min f\u00e4stman hittade mig i duschen, han r\u00e4ddade livet p\u00e5 mig. Jag fick \u00e5ka in till akuten och blev magpumpad samt s\u00e5 fick jag \u00e4ta kr\u00e4ksirap. Hamnade sedan p\u00e5 S\u00e4ter och log d\u00e4r i fyra dagar. Idag \u00e4r jag glad f\u00f6r att han hittade mig, livet har s\u00e5 mycket att erbjuda. Jag bryr mig f\u00f6r mycket om andra, jag kommer alltid i andra hand hos mig sj\u00e4lv. Jag \u00e4r gift med en underbar man vid namn Magnus och vi har en son som heter Erik och \u00e4r f\u00f6dd juni 2018.\",\"sameAs\":[\"https:\\\/\\\/datajenny.se\\\/Blogg\",\"https:\\\/\\\/www.facebook.com\\\/datajenny\\\/\",\"https:\\\/\\\/www.instagram.com\\\/datajenny\\\/\",\"https:\\\/\\\/www.linkedin.com\\\/in\\\/jenny-louise-nodn-75324811b?\",\"https:\\\/\\\/youtube.com\\\/channel\\\/UCU00yswsJZcmgqfoON6pMwg\",\"https:\\\/\\\/datajenny.tumblr.com\\\/\"],\"url\":\"https:\\\/\\\/datajenny.se\\\/Blogg\\\/author\\\/jenny_louise\\\/\"}]}<\/script>\n<!-- \/ Yoast SEO plugin. -->","yoast_head_json":{"title":"Vila i frid, Ozzy \u2013 min eviga idol \ud83d\udda4 - V\u00e4lkommen till JeLo","robots":{"index":"index","follow":"follow","max-snippet":"max-snippet:-1","max-image-preview":"max-image-preview:large","max-video-preview":"max-video-preview:-1"},"canonical":"https:\/\/datajenny.se\/Blogg\/2025\/07\/22\/vila-i-frid-ozzy-min-eviga-idol-\ud83d\udda4\/","og_locale":"sv_SE","og_type":"article","og_title":"Vila i frid, Ozzy \u2013 min eviga idol \ud83d\udda4 - V\u00e4lkommen till JeLo","og_description":"Idag kom beskedet jag alltid fruktat men aldrig varit redo f\u00f6r: Ozzy Osbourne \u00e4r d\u00f6d. Det k\u00e4nns overkligt att skriva det. Jag har \u00e4lskat hans musik s\u00e5 l\u00e4nge jag kan minnas \u2013 fr\u00e5n de m\u00f6rka riffen i Black Sabbath till hans galna, vackra solokarri\u00e4r. Ozzy har alltid varit mer \u00e4n bara en artist f\u00f6r mig. [&hellip;]","og_url":"https:\/\/datajenny.se\/Blogg\/2025\/07\/22\/vila-i-frid-ozzy-min-eviga-idol-\ud83d\udda4\/","og_site_name":"V\u00e4lkommen till JeLo","article_publisher":"https:\/\/www.facebook.com\/datajenny\/","article_author":"https:\/\/www.facebook.com\/datajenny\/","article_published_time":"2025-07-22T19:19:58+00:00","article_modified_time":"2025-07-22T19:27:28+00:00","og_image":[{"width":1648,"height":892,"url":"https:\/\/datajenny.se\/Blogg\/wp-content\/uploads\/2025\/07\/PhotoCollage_20250722_212416916.jpg","type":"image\/jpeg"}],"author":"Jenny Louise Nod\u00e9n","twitter_card":"summary_large_image","twitter_misc":{"Skriven av":"Jenny Louise Nod\u00e9n","Ber\u00e4knad l\u00e4stid":"2 minuter"},"schema":{"@context":"https:\/\/schema.org","@graph":[{"@type":"Article","@id":"https:\/\/datajenny.se\/Blogg\/2025\/07\/22\/vila-i-frid-ozzy-min-eviga-idol-%f0%9f%96%a4\/#article","isPartOf":{"@id":"https:\/\/datajenny.se\/Blogg\/2025\/07\/22\/vila-i-frid-ozzy-min-eviga-idol-%f0%9f%96%a4\/"},"author":{"name":"Jenny Louise Nod\u00e9n","@id":"https:\/\/datajenny.se\/Blogg\/#\/schema\/person\/da3cd1b9792c07c50c88641dcf976bee"},"headline":"Vila i frid, Ozzy \u2013 min eviga idol \ud83d\udda4","datePublished":"2025-07-22T19:19:58+00:00","dateModified":"2025-07-22T19:27:28+00:00","mainEntityOfPage":{"@id":"https:\/\/datajenny.se\/Blogg\/2025\/07\/22\/vila-i-frid-ozzy-min-eviga-idol-%f0%9f%96%a4\/"},"wordCount":208,"commentCount":0,"publisher":{"@id":"https:\/\/datajenny.se\/Blogg\/#\/schema\/person\/da3cd1b9792c07c50c88641dcf976bee"},"image":{"@id":"https:\/\/datajenny.se\/Blogg\/2025\/07\/22\/vila-i-frid-ozzy-min-eviga-idol-%f0%9f%96%a4\/#primaryimage"},"thumbnailUrl":"https:\/\/i0.wp.com\/datajenny.se\/Blogg\/wp-content\/uploads\/2025\/07\/PhotoCollage_20250722_212416916.jpg?fit=1648%2C892&ssl=1","keywords":["Blogg","Ozzy Osbourne"],"articleSection":["Blogg","Ozzy Osbourne"],"inLanguage":"sv-SE","potentialAction":[{"@type":"CommentAction","name":"Comment","target":["https:\/\/datajenny.se\/Blogg\/2025\/07\/22\/vila-i-frid-ozzy-min-eviga-idol-%f0%9f%96%a4\/#respond"]}]},{"@type":"WebPage","@id":"https:\/\/datajenny.se\/Blogg\/2025\/07\/22\/vila-i-frid-ozzy-min-eviga-idol-%f0%9f%96%a4\/","url":"https:\/\/datajenny.se\/Blogg\/2025\/07\/22\/vila-i-frid-ozzy-min-eviga-idol-%f0%9f%96%a4\/","name":"Vila i frid, Ozzy \u2013 min eviga idol \ud83d\udda4 - V\u00e4lkommen till JeLo","isPartOf":{"@id":"https:\/\/datajenny.se\/Blogg\/#website"},"primaryImageOfPage":{"@id":"https:\/\/datajenny.se\/Blogg\/2025\/07\/22\/vila-i-frid-ozzy-min-eviga-idol-%f0%9f%96%a4\/#primaryimage"},"image":{"@id":"https:\/\/datajenny.se\/Blogg\/2025\/07\/22\/vila-i-frid-ozzy-min-eviga-idol-%f0%9f%96%a4\/#primaryimage"},"thumbnailUrl":"https:\/\/i0.wp.com\/datajenny.se\/Blogg\/wp-content\/uploads\/2025\/07\/PhotoCollage_20250722_212416916.jpg?fit=1648%2C892&ssl=1","datePublished":"2025-07-22T19:19:58+00:00","dateModified":"2025-07-22T19:27:28+00:00","breadcrumb":{"@id":"https:\/\/datajenny.se\/Blogg\/2025\/07\/22\/vila-i-frid-ozzy-min-eviga-idol-%f0%9f%96%a4\/#breadcrumb"},"inLanguage":"sv-SE","potentialAction":[{"@type":"ReadAction","target":["https:\/\/datajenny.se\/Blogg\/2025\/07\/22\/vila-i-frid-ozzy-min-eviga-idol-%f0%9f%96%a4\/"]}]},{"@type":"ImageObject","inLanguage":"sv-SE","@id":"https:\/\/datajenny.se\/Blogg\/2025\/07\/22\/vila-i-frid-ozzy-min-eviga-idol-%f0%9f%96%a4\/#primaryimage","url":"https:\/\/i0.wp.com\/datajenny.se\/Blogg\/wp-content\/uploads\/2025\/07\/PhotoCollage_20250722_212416916.jpg?fit=1648%2C892&ssl=1","contentUrl":"https:\/\/i0.wp.com\/datajenny.se\/Blogg\/wp-content\/uploads\/2025\/07\/PhotoCollage_20250722_212416916.jpg?fit=1648%2C892&ssl=1","width":1648,"height":892},{"@type":"BreadcrumbList","@id":"https:\/\/datajenny.se\/Blogg\/2025\/07\/22\/vila-i-frid-ozzy-min-eviga-idol-%f0%9f%96%a4\/#breadcrumb","itemListElement":[{"@type":"ListItem","position":1,"name":"Hem","item":"https:\/\/datajenny.se\/Blogg\/"},{"@type":"ListItem","position":2,"name":"Vila i frid, Ozzy \u2013 min eviga idol \ud83d\udda4"}]},{"@type":"WebSite","@id":"https:\/\/datajenny.se\/Blogg\/#website","url":"https:\/\/datajenny.se\/Blogg\/","name":"V\u00e4lkommen till Jenny Louises blogg","description":"Jenny Louises blogg","publisher":{"@id":"https:\/\/datajenny.se\/Blogg\/#\/schema\/person\/da3cd1b9792c07c50c88641dcf976bee"},"potentialAction":[{"@type":"SearchAction","target":{"@type":"EntryPoint","urlTemplate":"https:\/\/datajenny.se\/Blogg\/?s={search_term_string}"},"query-input":{"@type":"PropertyValueSpecification","valueRequired":true,"valueName":"search_term_string"}}],"inLanguage":"sv-SE"},{"@type":["Person","Organization"],"@id":"https:\/\/datajenny.se\/Blogg\/#\/schema\/person\/da3cd1b9792c07c50c88641dcf976bee","name":"Jenny Louise Nod\u00e9n","image":{"@type":"ImageObject","inLanguage":"sv-SE","@id":"https:\/\/datajenny.se\/Blogg\/wp-content\/uploads\/2025\/07\/wp-1751728308657.jpg","url":"https:\/\/datajenny.se\/Blogg\/wp-content\/uploads\/2025\/07\/wp-1751728308657.jpg","contentUrl":"https:\/\/datajenny.se\/Blogg\/wp-content\/uploads\/2025\/07\/wp-1751728308657.jpg","width":928,"height":928,"caption":"Jenny Louise Nod\u00e9n"},"logo":{"@id":"https:\/\/datajenny.se\/Blogg\/wp-content\/uploads\/2025\/07\/wp-1751728308657.jpg"},"description":"Jag \u00e4r en tjej som oftast \u00e4r glad och \u00e4lskar livet, men den 18 januari 2005 s\u00e5 f\u00f6rs\u00f6kte jag ta mitt liv, jag orkade inte helt enkelt l\u00e4ngre. Men min f\u00e4stman hittade mig i duschen, han r\u00e4ddade livet p\u00e5 mig. Jag fick \u00e5ka in till akuten och blev magpumpad samt s\u00e5 fick jag \u00e4ta kr\u00e4ksirap. Hamnade sedan p\u00e5 S\u00e4ter och log d\u00e4r i fyra dagar. Idag \u00e4r jag glad f\u00f6r att han hittade mig, livet har s\u00e5 mycket att erbjuda. Jag bryr mig f\u00f6r mycket om andra, jag kommer alltid i andra hand hos mig sj\u00e4lv. Jag \u00e4r gift med en underbar man vid namn Magnus och vi har en son som heter Erik och \u00e4r f\u00f6dd juni 2018.","sameAs":["https:\/\/datajenny.se\/Blogg","https:\/\/www.facebook.com\/datajenny\/","https:\/\/www.instagram.com\/datajenny\/","https:\/\/www.linkedin.com\/in\/jenny-louise-nodn-75324811b?","https:\/\/youtube.com\/channel\/UCU00yswsJZcmgqfoON6pMwg","https:\/\/datajenny.tumblr.com\/"],"url":"https:\/\/datajenny.se\/Blogg\/author\/jenny_louise\/"}]}},"jetpack_publicize_connections":[],"jetpack_featured_media_url":"https:\/\/i0.wp.com\/datajenny.se\/Blogg\/wp-content\/uploads\/2025\/07\/PhotoCollage_20250722_212416916.jpg?fit=1648%2C892&ssl=1","jetpack_sharing_enabled":true,"jetpack_likes_enabled":true,"_links":{"self":[{"href":"https:\/\/datajenny.se\/Blogg\/wp-json\/wp\/v2\/posts\/1907","targetHints":{"allow":["GET"]}}],"collection":[{"href":"https:\/\/datajenny.se\/Blogg\/wp-json\/wp\/v2\/posts"}],"about":[{"href":"https:\/\/datajenny.se\/Blogg\/wp-json\/wp\/v2\/types\/post"}],"author":[{"embeddable":true,"href":"https:\/\/datajenny.se\/Blogg\/wp-json\/wp\/v2\/users\/1"}],"replies":[{"embeddable":true,"href":"https:\/\/datajenny.se\/Blogg\/wp-json\/wp\/v2\/comments?post=1907"}],"version-history":[{"count":1,"href":"https:\/\/datajenny.se\/Blogg\/wp-json\/wp\/v2\/posts\/1907\/revisions"}],"predecessor-version":[{"id":1908,"href":"https:\/\/datajenny.se\/Blogg\/wp-json\/wp\/v2\/posts\/1907\/revisions\/1908"}],"wp:featuredmedia":[{"embeddable":true,"href":"https:\/\/datajenny.se\/Blogg\/wp-json\/wp\/v2\/media\/1906"}],"wp:attachment":[{"href":"https:\/\/datajenny.se\/Blogg\/wp-json\/wp\/v2\/media?parent=1907"}],"wp:term":[{"taxonomy":"category","embeddable":true,"href":"https:\/\/datajenny.se\/Blogg\/wp-json\/wp\/v2\/categories?post=1907"},{"taxonomy":"post_tag","embeddable":true,"href":"https:\/\/datajenny.se\/Blogg\/wp-json\/wp\/v2\/tags?post=1907"}],"curies":[{"name":"wp","href":"https:\/\/api.w.org\/{rel}","templated":true}]}}