{"id":1909,"date":"2025-07-23T18:46:44","date_gmt":"2025-07-23T16:46:44","guid":{"rendered":"https:\/\/datajenny.se\/Blogg\/?p=1909"},"modified":"2025-09-06T21:36:37","modified_gmt":"2025-09-06T19:36:37","slug":"dagen-i-fukt-och-fagelhumor","status":"publish","type":"post","link":"https:\/\/datajenny.se\/Blogg\/2025\/07\/23\/dagen-i-fukt-och-fagelhumor\/","title":{"rendered":"Dagen i fukt och f\u00e5gelhumor"},"content":{"rendered":"\n<p>Dagen b\u00f6rjade med att jag vaknade av att det var v\u00e4ldigt fuktigt inne. N\u00e4r jag kom ut s\u00e5g jag m\u00f6rka moln p\u00e5 himlen, men som tur var hann jag till jobbet innan regnet kom. Annars har v\u00e4dret varit b\u00e5de varmt och klibbigt.<\/p>\n\n\n\n<p>P\u00e5 jobbet blev det fullt upp: jag fabriks\u00e5terst\u00e4llde b\u00e5de datorer och mobiler. Dessutom kom en kund in som beh\u00f6vde hj\u00e4lp att l\u00e5sa upp ett SITHS-kort \u2013 alltid n\u00e5got nytt!<\/p>\n\n\n\n<p>P\u00e5 lunchen hann jag b\u00e5de panta lite burkar och \u00e4ta en Panpizza med rostad l\u00f6k. Inte s\u00e5 dumt \u00e4nd\u00e5.<\/p>\n\n\n\n<p>V\u00e4gen hem bj\u00f6d p\u00e5 \u00e4nnu mer v\u00e4rme och fukt. N\u00e4r jag kom hem och \u00f6ppnade d\u00f6rren, smet Pelle ut \u2013 och d\u00e4r ute stod tv\u00e5 pojkar som tyckte han var j\u00e4ttes\u00f6t. De fr\u00e5gade om de fick klappa honom, och det fick de s\u00e5klart. Pelle \u00e4r verkligen inte r\u00e4dd av sig, bara nyfiken. Han traskade glatt fram till pojkarna.<\/p>\n\n\n<div class=\"wp-block-image\">\n<figure class=\"aligncenter size-full is-resized\"><img data-recalc-dims=\"1\" loading=\"lazy\" decoding=\"async\" width=\"558\" height=\"969\" src=\"https:\/\/i0.wp.com\/datajenny.se\/Blogg\/wp-content\/uploads\/2025\/07\/photostudio_17532837201103739947730658417191.jpg?resize=558%2C969&#038;ssl=1\" alt=\"\" class=\"wp-image-1910\" style=\"width:auto;height:600px\" srcset=\"https:\/\/i0.wp.com\/datajenny.se\/Blogg\/wp-content\/uploads\/2025\/07\/photostudio_17532837201103739947730658417191.jpg?w=558&amp;ssl=1 558w, https:\/\/i0.wp.com\/datajenny.se\/Blogg\/wp-content\/uploads\/2025\/07\/photostudio_17532837201103739947730658417191.jpg?resize=173%2C300&amp;ssl=1 173w\" sizes=\"auto, (max-width: 558px) 100vw, 558px\" \/><\/figure>\n<\/div>\n\n\n<p class=\"has-text-align-left\">Nu blir det lite Robblox-spel med sonen \u2013 perfekt avslut p\u00e5 dagen.<\/p>\n\n\n\n<p class=\"has-text-align-left\">Och h\u00e4r kommer ett riktigt d\u00e5ligt sk\u00e4mt (f\u00f6r den som orkar):<\/p>\n\n\n\n<p class=\"has-text-align-center\"><em><strong>Jag tror jag har f\u00e5tt f\u00e5gelinfluensan.<\/strong><br><strong>Jag hittade just en kr\u00e5ka i n\u00e4san! \ud83d\ude04<\/strong><\/em><\/p>\n\n\n<div class=\"wp-block-ub-divider ub_divider ub-divider-orientation-horizontal\" id=\"ub_divider_91c3036a-c1c3-4608-a882-15d019a3d107\"><div class=\"ub_divider_wrapper\" style=\"position: relative; margin-bottom: 2px; width: 100%; height: 2px; \" data-divider-alignment=\"center\"><div class=\"ub_divider_line\" style=\"border-top: 10px dotted #00d084; margin-top: 2px; \"><\/div><\/div><\/div>\n\n\n<p><\/p>\n\n\n\n<h2 class=\"wp-block-heading\">Dagens dikt<\/h2>\n\n\n\n<p><em>I fuktens gryning vaknar jag l\u00e5ngsamt,<\/em><br><em>moln i horisonten, dagen k\u00e4nns n\u00e5got d\u00e4mpad.<\/em><br><em>Ett klick, en sk\u00e4rm, ett liv i teknikens famn,<\/em><br><em>men Pelle p\u00e5 spr\u00e5ng g\u00f6r hj\u00e4rtat lite varmare \u00e4n damm.<\/em><br><br><em>Burkar klirrar, pizzadoften r\u00e5r,<\/em><br><em>pojkar skrattar \u2013 en katt f\u00e5r nya v\u00e5r.<\/em><br><em>S\u00e5 slutar kv\u00e4llen i spel och skratt,<\/em><br><em>livet \u00e4r vackert i sm\u00e5tt som i skratt.<\/em><\/p>\n\n\n\n<img data-recalc-dims=\"1\" loading=\"lazy\" decoding=\"async\" style=\"opacity: 0;\" superb-addons-animation=\"zoomIn\" src=\"https:\/\/i0.wp.com\/datajenny.se\/Blogg\/wp-content\/uploads\/2025\/07\/1000012255.png?resize=180%2C53&#038;ssl=1\" alt=\"Signatur\" width=\"180\" height=\"53\">\n\n\n\n<p><\/p>\n","protected":false},"excerpt":{"rendered":"<p>Dagen b\u00f6rjade med att jag vaknade av att det var v\u00e4ldigt fuktigt inne. N\u00e4r jag kom ut s\u00e5g jag m\u00f6rka moln p\u00e5 himlen, men som tur var hann jag till jobbet innan regnet kom. Annars har v\u00e4dret varit b\u00e5de varmt och klibbigt. P\u00e5 jobbet blev det fullt upp: jag fabriks\u00e5terst\u00e4llde b\u00e5de datorer och mobiler. Dessutom [&hellip;]<\/p>\n","protected":false},"author":1,"featured_media":1910,"comment_status":"open","ping_status":"open","sticky":false,"template":"","format":"standard","meta":{"ngg_post_thumbnail":0,"jetpack_post_was_ever_published":false,"_jetpack_newsletter_access":"","_jetpack_dont_email_post_to_subs":false,"_jetpack_newsletter_tier_id":0,"_jetpack_memberships_contains_paywalled_content":false,"_jetpack_memberships_contains_paid_content":false,"footnotes":"","jetpack_publicize_message":"","jetpack_publicize_feature_enabled":true,"jetpack_social_post_already_shared":true,"jetpack_social_options":{"image_generator_settings":{"template":"highway","default_image_id":0,"font":"","enabled":false},"version":2}},"categories":[8,115,64,43],"tags":[9,116,67,46],"class_list":["post-1909","post","type-post","status-publish","format-standard","has-post-thumbnail","hentry","category-blogg","category-jobb","category-pelle","category-spel","tag-blogg","tag-jobb","tag-pelle","tag-spel"],"featured_image_src":"https:\/\/i0.wp.com\/datajenny.se\/Blogg\/wp-content\/uploads\/2025\/07\/photostudio_17532837201103739947730658417191.jpg?fit=558%2C969&ssl=1","author_info":{"display_name":"Jenny Louise Nod\u00e9n","author_link":"https:\/\/datajenny.se\/Blogg\/author\/jenny_louise\/"},"yoast_head":"<!-- This site is optimized with the Yoast SEO plugin v27.3 - https:\/\/yoast.com\/product\/yoast-seo-wordpress\/ -->\n<title>Dagen i fukt och f\u00e5gelhumor - V\u00e4lkommen till JeLo<\/title>\n<meta name=\"robots\" content=\"index, follow, max-snippet:-1, max-image-preview:large, max-video-preview:-1\" \/>\n<link rel=\"canonical\" href=\"https:\/\/datajenny.se\/Blogg\/2025\/07\/23\/dagen-i-fukt-och-fagelhumor\/\" \/>\n<meta property=\"og:locale\" content=\"sv_SE\" \/>\n<meta property=\"og:type\" content=\"article\" \/>\n<meta property=\"og:title\" content=\"Dagen i fukt och f\u00e5gelhumor - V\u00e4lkommen till JeLo\" \/>\n<meta property=\"og:description\" content=\"Dagen b\u00f6rjade med att jag vaknade av att det var v\u00e4ldigt fuktigt inne. N\u00e4r jag kom ut s\u00e5g jag m\u00f6rka moln p\u00e5 himlen, men som tur var hann jag till jobbet innan regnet kom. Annars har v\u00e4dret varit b\u00e5de varmt och klibbigt. P\u00e5 jobbet blev det fullt upp: jag fabriks\u00e5terst\u00e4llde b\u00e5de datorer och mobiler. Dessutom [&hellip;]\" \/>\n<meta property=\"og:url\" content=\"https:\/\/datajenny.se\/Blogg\/2025\/07\/23\/dagen-i-fukt-och-fagelhumor\/\" \/>\n<meta property=\"og:site_name\" content=\"V\u00e4lkommen till JeLo\" \/>\n<meta property=\"article:publisher\" content=\"https:\/\/www.facebook.com\/datajenny\/\" \/>\n<meta property=\"article:author\" content=\"https:\/\/www.facebook.com\/datajenny\/\" \/>\n<meta property=\"article:published_time\" content=\"2025-07-23T16:46:44+00:00\" \/>\n<meta property=\"article:modified_time\" content=\"2025-09-06T19:36:37+00:00\" \/>\n<meta property=\"og:image\" content=\"https:\/\/datajenny.se\/Blogg\/wp-content\/uploads\/2025\/07\/photostudio_17532837201103739947730658417191.jpg\" \/>\n\t<meta property=\"og:image:width\" content=\"558\" \/>\n\t<meta property=\"og:image:height\" content=\"969\" \/>\n\t<meta property=\"og:image:type\" content=\"image\/jpeg\" \/>\n<meta name=\"author\" content=\"Jenny Louise Nod\u00e9n\" \/>\n<meta name=\"twitter:card\" content=\"summary_large_image\" \/>\n<meta name=\"twitter:label1\" content=\"Skriven av\" \/>\n\t<meta name=\"twitter:data1\" content=\"Jenny Louise Nod\u00e9n\" \/>\n\t<meta name=\"twitter:label2\" content=\"Ber\u00e4knad l\u00e4stid\" \/>\n\t<meta name=\"twitter:data2\" content=\"2 minuter\" \/>\n<script type=\"application\/ld+json\" class=\"yoast-schema-graph\">{\"@context\":\"https:\\\/\\\/schema.org\",\"@graph\":[{\"@type\":\"Article\",\"@id\":\"https:\\\/\\\/datajenny.se\\\/Blogg\\\/2025\\\/07\\\/23\\\/dagen-i-fukt-och-fagelhumor\\\/#article\",\"isPartOf\":{\"@id\":\"https:\\\/\\\/datajenny.se\\\/Blogg\\\/2025\\\/07\\\/23\\\/dagen-i-fukt-och-fagelhumor\\\/\"},\"author\":{\"name\":\"Jenny Louise Nod\u00e9n\",\"@id\":\"https:\\\/\\\/datajenny.se\\\/Blogg\\\/#\\\/schema\\\/person\\\/da3cd1b9792c07c50c88641dcf976bee\"},\"headline\":\"Dagen i fukt och f\u00e5gelhumor\",\"datePublished\":\"2025-07-23T16:46:44+00:00\",\"dateModified\":\"2025-09-06T19:36:37+00:00\",\"mainEntityOfPage\":{\"@id\":\"https:\\\/\\\/datajenny.se\\\/Blogg\\\/2025\\\/07\\\/23\\\/dagen-i-fukt-och-fagelhumor\\\/\"},\"wordCount\":295,\"commentCount\":0,\"publisher\":{\"@id\":\"https:\\\/\\\/datajenny.se\\\/Blogg\\\/#\\\/schema\\\/person\\\/da3cd1b9792c07c50c88641dcf976bee\"},\"image\":{\"@id\":\"https:\\\/\\\/datajenny.se\\\/Blogg\\\/2025\\\/07\\\/23\\\/dagen-i-fukt-och-fagelhumor\\\/#primaryimage\"},\"thumbnailUrl\":\"https:\\\/\\\/i0.wp.com\\\/datajenny.se\\\/Blogg\\\/wp-content\\\/uploads\\\/2025\\\/07\\\/photostudio_17532837201103739947730658417191.jpg?fit=558%2C969&ssl=1\",\"keywords\":[\"Blogg\",\"Jobb\",\"Pelle\",\"Spel\"],\"articleSection\":[\"Blogg\",\"Jobb\",\"Pelle\",\"Spel\"],\"inLanguage\":\"sv-SE\",\"potentialAction\":[{\"@type\":\"CommentAction\",\"name\":\"Comment\",\"target\":[\"https:\\\/\\\/datajenny.se\\\/Blogg\\\/2025\\\/07\\\/23\\\/dagen-i-fukt-och-fagelhumor\\\/#respond\"]}]},{\"@type\":\"WebPage\",\"@id\":\"https:\\\/\\\/datajenny.se\\\/Blogg\\\/2025\\\/07\\\/23\\\/dagen-i-fukt-och-fagelhumor\\\/\",\"url\":\"https:\\\/\\\/datajenny.se\\\/Blogg\\\/2025\\\/07\\\/23\\\/dagen-i-fukt-och-fagelhumor\\\/\",\"name\":\"Dagen i fukt och f\u00e5gelhumor - V\u00e4lkommen till JeLo\",\"isPartOf\":{\"@id\":\"https:\\\/\\\/datajenny.se\\\/Blogg\\\/#website\"},\"primaryImageOfPage\":{\"@id\":\"https:\\\/\\\/datajenny.se\\\/Blogg\\\/2025\\\/07\\\/23\\\/dagen-i-fukt-och-fagelhumor\\\/#primaryimage\"},\"image\":{\"@id\":\"https:\\\/\\\/datajenny.se\\\/Blogg\\\/2025\\\/07\\\/23\\\/dagen-i-fukt-och-fagelhumor\\\/#primaryimage\"},\"thumbnailUrl\":\"https:\\\/\\\/i0.wp.com\\\/datajenny.se\\\/Blogg\\\/wp-content\\\/uploads\\\/2025\\\/07\\\/photostudio_17532837201103739947730658417191.jpg?fit=558%2C969&ssl=1\",\"datePublished\":\"2025-07-23T16:46:44+00:00\",\"dateModified\":\"2025-09-06T19:36:37+00:00\",\"breadcrumb\":{\"@id\":\"https:\\\/\\\/datajenny.se\\\/Blogg\\\/2025\\\/07\\\/23\\\/dagen-i-fukt-och-fagelhumor\\\/#breadcrumb\"},\"inLanguage\":\"sv-SE\",\"potentialAction\":[{\"@type\":\"ReadAction\",\"target\":[\"https:\\\/\\\/datajenny.se\\\/Blogg\\\/2025\\\/07\\\/23\\\/dagen-i-fukt-och-fagelhumor\\\/\"]}]},{\"@type\":\"ImageObject\",\"inLanguage\":\"sv-SE\",\"@id\":\"https:\\\/\\\/datajenny.se\\\/Blogg\\\/2025\\\/07\\\/23\\\/dagen-i-fukt-och-fagelhumor\\\/#primaryimage\",\"url\":\"https:\\\/\\\/i0.wp.com\\\/datajenny.se\\\/Blogg\\\/wp-content\\\/uploads\\\/2025\\\/07\\\/photostudio_17532837201103739947730658417191.jpg?fit=558%2C969&ssl=1\",\"contentUrl\":\"https:\\\/\\\/i0.wp.com\\\/datajenny.se\\\/Blogg\\\/wp-content\\\/uploads\\\/2025\\\/07\\\/photostudio_17532837201103739947730658417191.jpg?fit=558%2C969&ssl=1\",\"width\":558,\"height\":969},{\"@type\":\"BreadcrumbList\",\"@id\":\"https:\\\/\\\/datajenny.se\\\/Blogg\\\/2025\\\/07\\\/23\\\/dagen-i-fukt-och-fagelhumor\\\/#breadcrumb\",\"itemListElement\":[{\"@type\":\"ListItem\",\"position\":1,\"name\":\"Hem\",\"item\":\"https:\\\/\\\/datajenny.se\\\/Blogg\\\/\"},{\"@type\":\"ListItem\",\"position\":2,\"name\":\"Dagen i fukt och f\u00e5gelhumor\"}]},{\"@type\":\"WebSite\",\"@id\":\"https:\\\/\\\/datajenny.se\\\/Blogg\\\/#website\",\"url\":\"https:\\\/\\\/datajenny.se\\\/Blogg\\\/\",\"name\":\"V\u00e4lkommen till Jenny Louises blogg\",\"description\":\"Jenny Louises blogg\",\"publisher\":{\"@id\":\"https:\\\/\\\/datajenny.se\\\/Blogg\\\/#\\\/schema\\\/person\\\/da3cd1b9792c07c50c88641dcf976bee\"},\"potentialAction\":[{\"@type\":\"SearchAction\",\"target\":{\"@type\":\"EntryPoint\",\"urlTemplate\":\"https:\\\/\\\/datajenny.se\\\/Blogg\\\/?s={search_term_string}\"},\"query-input\":{\"@type\":\"PropertyValueSpecification\",\"valueRequired\":true,\"valueName\":\"search_term_string\"}}],\"inLanguage\":\"sv-SE\"},{\"@type\":[\"Person\",\"Organization\"],\"@id\":\"https:\\\/\\\/datajenny.se\\\/Blogg\\\/#\\\/schema\\\/person\\\/da3cd1b9792c07c50c88641dcf976bee\",\"name\":\"Jenny Louise Nod\u00e9n\",\"image\":{\"@type\":\"ImageObject\",\"inLanguage\":\"sv-SE\",\"@id\":\"https:\\\/\\\/datajenny.se\\\/Blogg\\\/wp-content\\\/uploads\\\/2025\\\/07\\\/wp-1751728308657.jpg\",\"url\":\"https:\\\/\\\/datajenny.se\\\/Blogg\\\/wp-content\\\/uploads\\\/2025\\\/07\\\/wp-1751728308657.jpg\",\"contentUrl\":\"https:\\\/\\\/datajenny.se\\\/Blogg\\\/wp-content\\\/uploads\\\/2025\\\/07\\\/wp-1751728308657.jpg\",\"width\":928,\"height\":928,\"caption\":\"Jenny Louise Nod\u00e9n\"},\"logo\":{\"@id\":\"https:\\\/\\\/datajenny.se\\\/Blogg\\\/wp-content\\\/uploads\\\/2025\\\/07\\\/wp-1751728308657.jpg\"},\"description\":\"Jag \u00e4r en tjej som oftast \u00e4r glad och \u00e4lskar livet, men den 18 januari 2005 s\u00e5 f\u00f6rs\u00f6kte jag ta mitt liv, jag orkade inte helt enkelt l\u00e4ngre. Men min f\u00e4stman hittade mig i duschen, han r\u00e4ddade livet p\u00e5 mig. Jag fick \u00e5ka in till akuten och blev magpumpad samt s\u00e5 fick jag \u00e4ta kr\u00e4ksirap. Hamnade sedan p\u00e5 S\u00e4ter och log d\u00e4r i fyra dagar. Idag \u00e4r jag glad f\u00f6r att han hittade mig, livet har s\u00e5 mycket att erbjuda. Jag bryr mig f\u00f6r mycket om andra, jag kommer alltid i andra hand hos mig sj\u00e4lv. Jag \u00e4r gift med en underbar man vid namn Magnus och vi har en son som heter Erik och \u00e4r f\u00f6dd juni 2018.\",\"sameAs\":[\"https:\\\/\\\/datajenny.se\\\/Blogg\",\"https:\\\/\\\/www.facebook.com\\\/datajenny\\\/\",\"https:\\\/\\\/www.instagram.com\\\/datajenny\\\/\",\"https:\\\/\\\/www.linkedin.com\\\/in\\\/jenny-louise-nodn-75324811b?\",\"https:\\\/\\\/youtube.com\\\/channel\\\/UCU00yswsJZcmgqfoON6pMwg\",\"https:\\\/\\\/datajenny.tumblr.com\\\/\"],\"url\":\"https:\\\/\\\/datajenny.se\\\/Blogg\\\/author\\\/jenny_louise\\\/\"}]}<\/script>\n<!-- \/ Yoast SEO plugin. -->","yoast_head_json":{"title":"Dagen i fukt och f\u00e5gelhumor - V\u00e4lkommen till JeLo","robots":{"index":"index","follow":"follow","max-snippet":"max-snippet:-1","max-image-preview":"max-image-preview:large","max-video-preview":"max-video-preview:-1"},"canonical":"https:\/\/datajenny.se\/Blogg\/2025\/07\/23\/dagen-i-fukt-och-fagelhumor\/","og_locale":"sv_SE","og_type":"article","og_title":"Dagen i fukt och f\u00e5gelhumor - V\u00e4lkommen till JeLo","og_description":"Dagen b\u00f6rjade med att jag vaknade av att det var v\u00e4ldigt fuktigt inne. N\u00e4r jag kom ut s\u00e5g jag m\u00f6rka moln p\u00e5 himlen, men som tur var hann jag till jobbet innan regnet kom. Annars har v\u00e4dret varit b\u00e5de varmt och klibbigt. P\u00e5 jobbet blev det fullt upp: jag fabriks\u00e5terst\u00e4llde b\u00e5de datorer och mobiler. Dessutom [&hellip;]","og_url":"https:\/\/datajenny.se\/Blogg\/2025\/07\/23\/dagen-i-fukt-och-fagelhumor\/","og_site_name":"V\u00e4lkommen till JeLo","article_publisher":"https:\/\/www.facebook.com\/datajenny\/","article_author":"https:\/\/www.facebook.com\/datajenny\/","article_published_time":"2025-07-23T16:46:44+00:00","article_modified_time":"2025-09-06T19:36:37+00:00","og_image":[{"width":558,"height":969,"url":"https:\/\/datajenny.se\/Blogg\/wp-content\/uploads\/2025\/07\/photostudio_17532837201103739947730658417191.jpg","type":"image\/jpeg"}],"author":"Jenny Louise Nod\u00e9n","twitter_card":"summary_large_image","twitter_misc":{"Skriven av":"Jenny Louise Nod\u00e9n","Ber\u00e4knad l\u00e4stid":"2 minuter"},"schema":{"@context":"https:\/\/schema.org","@graph":[{"@type":"Article","@id":"https:\/\/datajenny.se\/Blogg\/2025\/07\/23\/dagen-i-fukt-och-fagelhumor\/#article","isPartOf":{"@id":"https:\/\/datajenny.se\/Blogg\/2025\/07\/23\/dagen-i-fukt-och-fagelhumor\/"},"author":{"name":"Jenny Louise Nod\u00e9n","@id":"https:\/\/datajenny.se\/Blogg\/#\/schema\/person\/da3cd1b9792c07c50c88641dcf976bee"},"headline":"Dagen i fukt och f\u00e5gelhumor","datePublished":"2025-07-23T16:46:44+00:00","dateModified":"2025-09-06T19:36:37+00:00","mainEntityOfPage":{"@id":"https:\/\/datajenny.se\/Blogg\/2025\/07\/23\/dagen-i-fukt-och-fagelhumor\/"},"wordCount":295,"commentCount":0,"publisher":{"@id":"https:\/\/datajenny.se\/Blogg\/#\/schema\/person\/da3cd1b9792c07c50c88641dcf976bee"},"image":{"@id":"https:\/\/datajenny.se\/Blogg\/2025\/07\/23\/dagen-i-fukt-och-fagelhumor\/#primaryimage"},"thumbnailUrl":"https:\/\/i0.wp.com\/datajenny.se\/Blogg\/wp-content\/uploads\/2025\/07\/photostudio_17532837201103739947730658417191.jpg?fit=558%2C969&ssl=1","keywords":["Blogg","Jobb","Pelle","Spel"],"articleSection":["Blogg","Jobb","Pelle","Spel"],"inLanguage":"sv-SE","potentialAction":[{"@type":"CommentAction","name":"Comment","target":["https:\/\/datajenny.se\/Blogg\/2025\/07\/23\/dagen-i-fukt-och-fagelhumor\/#respond"]}]},{"@type":"WebPage","@id":"https:\/\/datajenny.se\/Blogg\/2025\/07\/23\/dagen-i-fukt-och-fagelhumor\/","url":"https:\/\/datajenny.se\/Blogg\/2025\/07\/23\/dagen-i-fukt-och-fagelhumor\/","name":"Dagen i fukt och f\u00e5gelhumor - V\u00e4lkommen till JeLo","isPartOf":{"@id":"https:\/\/datajenny.se\/Blogg\/#website"},"primaryImageOfPage":{"@id":"https:\/\/datajenny.se\/Blogg\/2025\/07\/23\/dagen-i-fukt-och-fagelhumor\/#primaryimage"},"image":{"@id":"https:\/\/datajenny.se\/Blogg\/2025\/07\/23\/dagen-i-fukt-och-fagelhumor\/#primaryimage"},"thumbnailUrl":"https:\/\/i0.wp.com\/datajenny.se\/Blogg\/wp-content\/uploads\/2025\/07\/photostudio_17532837201103739947730658417191.jpg?fit=558%2C969&ssl=1","datePublished":"2025-07-23T16:46:44+00:00","dateModified":"2025-09-06T19:36:37+00:00","breadcrumb":{"@id":"https:\/\/datajenny.se\/Blogg\/2025\/07\/23\/dagen-i-fukt-och-fagelhumor\/#breadcrumb"},"inLanguage":"sv-SE","potentialAction":[{"@type":"ReadAction","target":["https:\/\/datajenny.se\/Blogg\/2025\/07\/23\/dagen-i-fukt-och-fagelhumor\/"]}]},{"@type":"ImageObject","inLanguage":"sv-SE","@id":"https:\/\/datajenny.se\/Blogg\/2025\/07\/23\/dagen-i-fukt-och-fagelhumor\/#primaryimage","url":"https:\/\/i0.wp.com\/datajenny.se\/Blogg\/wp-content\/uploads\/2025\/07\/photostudio_17532837201103739947730658417191.jpg?fit=558%2C969&ssl=1","contentUrl":"https:\/\/i0.wp.com\/datajenny.se\/Blogg\/wp-content\/uploads\/2025\/07\/photostudio_17532837201103739947730658417191.jpg?fit=558%2C969&ssl=1","width":558,"height":969},{"@type":"BreadcrumbList","@id":"https:\/\/datajenny.se\/Blogg\/2025\/07\/23\/dagen-i-fukt-och-fagelhumor\/#breadcrumb","itemListElement":[{"@type":"ListItem","position":1,"name":"Hem","item":"https:\/\/datajenny.se\/Blogg\/"},{"@type":"ListItem","position":2,"name":"Dagen i fukt och f\u00e5gelhumor"}]},{"@type":"WebSite","@id":"https:\/\/datajenny.se\/Blogg\/#website","url":"https:\/\/datajenny.se\/Blogg\/","name":"V\u00e4lkommen till Jenny Louises blogg","description":"Jenny Louises blogg","publisher":{"@id":"https:\/\/datajenny.se\/Blogg\/#\/schema\/person\/da3cd1b9792c07c50c88641dcf976bee"},"potentialAction":[{"@type":"SearchAction","target":{"@type":"EntryPoint","urlTemplate":"https:\/\/datajenny.se\/Blogg\/?s={search_term_string}"},"query-input":{"@type":"PropertyValueSpecification","valueRequired":true,"valueName":"search_term_string"}}],"inLanguage":"sv-SE"},{"@type":["Person","Organization"],"@id":"https:\/\/datajenny.se\/Blogg\/#\/schema\/person\/da3cd1b9792c07c50c88641dcf976bee","name":"Jenny Louise Nod\u00e9n","image":{"@type":"ImageObject","inLanguage":"sv-SE","@id":"https:\/\/datajenny.se\/Blogg\/wp-content\/uploads\/2025\/07\/wp-1751728308657.jpg","url":"https:\/\/datajenny.se\/Blogg\/wp-content\/uploads\/2025\/07\/wp-1751728308657.jpg","contentUrl":"https:\/\/datajenny.se\/Blogg\/wp-content\/uploads\/2025\/07\/wp-1751728308657.jpg","width":928,"height":928,"caption":"Jenny Louise Nod\u00e9n"},"logo":{"@id":"https:\/\/datajenny.se\/Blogg\/wp-content\/uploads\/2025\/07\/wp-1751728308657.jpg"},"description":"Jag \u00e4r en tjej som oftast \u00e4r glad och \u00e4lskar livet, men den 18 januari 2005 s\u00e5 f\u00f6rs\u00f6kte jag ta mitt liv, jag orkade inte helt enkelt l\u00e4ngre. Men min f\u00e4stman hittade mig i duschen, han r\u00e4ddade livet p\u00e5 mig. Jag fick \u00e5ka in till akuten och blev magpumpad samt s\u00e5 fick jag \u00e4ta kr\u00e4ksirap. Hamnade sedan p\u00e5 S\u00e4ter och log d\u00e4r i fyra dagar. Idag \u00e4r jag glad f\u00f6r att han hittade mig, livet har s\u00e5 mycket att erbjuda. Jag bryr mig f\u00f6r mycket om andra, jag kommer alltid i andra hand hos mig sj\u00e4lv. Jag \u00e4r gift med en underbar man vid namn Magnus och vi har en son som heter Erik och \u00e4r f\u00f6dd juni 2018.","sameAs":["https:\/\/datajenny.se\/Blogg","https:\/\/www.facebook.com\/datajenny\/","https:\/\/www.instagram.com\/datajenny\/","https:\/\/www.linkedin.com\/in\/jenny-louise-nodn-75324811b?","https:\/\/youtube.com\/channel\/UCU00yswsJZcmgqfoON6pMwg","https:\/\/datajenny.tumblr.com\/"],"url":"https:\/\/datajenny.se\/Blogg\/author\/jenny_louise\/"}]}},"jetpack_publicize_connections":[],"jetpack_featured_media_url":"https:\/\/i0.wp.com\/datajenny.se\/Blogg\/wp-content\/uploads\/2025\/07\/photostudio_17532837201103739947730658417191.jpg?fit=558%2C969&ssl=1","jetpack_sharing_enabled":true,"jetpack_likes_enabled":true,"_links":{"self":[{"href":"https:\/\/datajenny.se\/Blogg\/wp-json\/wp\/v2\/posts\/1909","targetHints":{"allow":["GET"]}}],"collection":[{"href":"https:\/\/datajenny.se\/Blogg\/wp-json\/wp\/v2\/posts"}],"about":[{"href":"https:\/\/datajenny.se\/Blogg\/wp-json\/wp\/v2\/types\/post"}],"author":[{"embeddable":true,"href":"https:\/\/datajenny.se\/Blogg\/wp-json\/wp\/v2\/users\/1"}],"replies":[{"embeddable":true,"href":"https:\/\/datajenny.se\/Blogg\/wp-json\/wp\/v2\/comments?post=1909"}],"version-history":[{"count":4,"href":"https:\/\/datajenny.se\/Blogg\/wp-json\/wp\/v2\/posts\/1909\/revisions"}],"predecessor-version":[{"id":3206,"href":"https:\/\/datajenny.se\/Blogg\/wp-json\/wp\/v2\/posts\/1909\/revisions\/3206"}],"wp:featuredmedia":[{"embeddable":true,"href":"https:\/\/datajenny.se\/Blogg\/wp-json\/wp\/v2\/media\/1910"}],"wp:attachment":[{"href":"https:\/\/datajenny.se\/Blogg\/wp-json\/wp\/v2\/media?parent=1909"}],"wp:term":[{"taxonomy":"category","embeddable":true,"href":"https:\/\/datajenny.se\/Blogg\/wp-json\/wp\/v2\/categories?post=1909"},{"taxonomy":"post_tag","embeddable":true,"href":"https:\/\/datajenny.se\/Blogg\/wp-json\/wp\/v2\/tags?post=1909"}],"curies":[{"name":"wp","href":"https:\/\/api.w.org\/{rel}","templated":true}]}}