{"id":2137,"date":"2025-07-28T17:10:08","date_gmt":"2025-07-28T15:10:08","guid":{"rendered":"https:\/\/datajenny.se\/Blogg\/2025\/07\/28\/till-bup-och-tillbaka-en-dag-i-eriks-takt\/"},"modified":"2025-07-28T17:16:02","modified_gmt":"2025-07-28T15:16:02","slug":"till-bup-och-tillbaka-en-dag-i-eriks-takt","status":"publish","type":"post","link":"https:\/\/datajenny.se\/Blogg\/2025\/07\/28\/till-bup-och-tillbaka-en-dag-i-eriks-takt\/","title":{"rendered":"Till BUP och tillbaka \u2013 en dag i Eriks takt"},"content":{"rendered":"\n<p>Idag beh\u00f6vde vi kliva upp tidigt d\u00e5 Erik hade tid hos sjukgymnasten p\u00e5 BUP i Borl\u00e4nge kl. 10:45. <\/p>\n\n\n\n<div class=\"wp-block-group\"><div class=\"wp-block-group__inner-container is-layout-constrained wp-block-group-is-layout-constrained\">\n<!--more-->\n<\/div><\/div>\n\n\n\n<p>Det var inte l\u00e4tt att v\u00e4cka honom \u2013 jag fick till och med kl\u00e4 p\u00e5 honom medan han sov.<\/p>\n\n\n<div class=\"wp-block-image\">\n<figure class=\"aligncenter size-large\"><img data-recalc-dims=\"1\" loading=\"lazy\" decoding=\"async\" width=\"640\" height=\"480\" src=\"https:\/\/i0.wp.com\/datajenny.se\/Blogg\/wp-content\/uploads\/2025\/07\/20250728_0918033131321974470657131.jpg?resize=640%2C480&#038;ssl=1\" alt=\"\" class=\"wp-image-2130\" srcset=\"https:\/\/i0.wp.com\/datajenny.se\/Blogg\/wp-content\/uploads\/2025\/07\/20250728_0918033131321974470657131.jpg?resize=720%2C540&amp;ssl=1 720w, https:\/\/i0.wp.com\/datajenny.se\/Blogg\/wp-content\/uploads\/2025\/07\/20250728_0918033131321974470657131.jpg?resize=400%2C300&amp;ssl=1 400w, https:\/\/i0.wp.com\/datajenny.se\/Blogg\/wp-content\/uploads\/2025\/07\/20250728_0918033131321974470657131.jpg?resize=768%2C576&amp;ssl=1 768w, https:\/\/i0.wp.com\/datajenny.se\/Blogg\/wp-content\/uploads\/2025\/07\/20250728_0918033131321974470657131.jpg?resize=1536%2C1152&amp;ssl=1 1536w, https:\/\/i0.wp.com\/datajenny.se\/Blogg\/wp-content\/uploads\/2025\/07\/20250728_0918033131321974470657131.jpg?resize=1024%2C768&amp;ssl=1 1024w, https:\/\/i0.wp.com\/datajenny.se\/Blogg\/wp-content\/uploads\/2025\/07\/20250728_0918033131321974470657131.jpg?w=1600&amp;ssl=1 1600w, https:\/\/i0.wp.com\/datajenny.se\/Blogg\/wp-content\/uploads\/2025\/07\/20250728_0918033131321974470657131.jpg?w=1280&amp;ssl=1 1280w\" sizes=\"auto, (max-width: 640px) 100vw, 640px\" \/><\/figure>\n<\/div>\n\n\n<p>Det tar bara 35 minuter att k\u00f6ra till Borl\u00e4nge, och under den tiden hann han somna om i bilen.<\/p>\n\n\n<div class=\"wp-block-image\">\n<figure class=\"aligncenter size-large\"><img data-recalc-dims=\"1\" loading=\"lazy\" decoding=\"async\" width=\"640\" height=\"645\" src=\"https:\/\/i0.wp.com\/datajenny.se\/Blogg\/wp-content\/uploads\/2025\/07\/20250728_102926281298857657369115862379.jpg?resize=640%2C645&#038;ssl=1\" alt=\"\" class=\"wp-image-2131\" srcset=\"https:\/\/i0.wp.com\/datajenny.se\/Blogg\/wp-content\/uploads\/2025\/07\/20250728_102926281298857657369115862379.jpg?resize=714%2C720&amp;ssl=1 714w, https:\/\/i0.wp.com\/datajenny.se\/Blogg\/wp-content\/uploads\/2025\/07\/20250728_102926281298857657369115862379.jpg?resize=397%2C400&amp;ssl=1 397w, https:\/\/i0.wp.com\/datajenny.se\/Blogg\/wp-content\/uploads\/2025\/07\/20250728_102926281298857657369115862379.jpg?resize=150%2C150&amp;ssl=1 150w, https:\/\/i0.wp.com\/datajenny.se\/Blogg\/wp-content\/uploads\/2025\/07\/20250728_102926281298857657369115862379.jpg?resize=768%2C774&amp;ssl=1 768w, https:\/\/i0.wp.com\/datajenny.se\/Blogg\/wp-content\/uploads\/2025\/07\/20250728_102926281298857657369115862379.jpg?w=1008&amp;ssl=1 1008w\" sizes=\"auto, (max-width: 640px) 100vw, 640px\" \/><\/figure>\n<\/div>\n\n\n<p>Hos sjukgymnasten fick han tv\u00e5 nya \u00f6vningar \u2013 han ska tr\u00e4na t\u00e5g\u00e5ng och h\u00e4lg\u00e5ng. Efter bes\u00f6ket \u00e5kte vi till Candy World p\u00e5 Norra Backa. Erik tyckte det var j\u00e4tteroligt! Han fick v\u00e4lja lite godis, Gummibears och chips \u2013 typ det enda han gillar i godisv\u00e4g.<\/p>\n\n\n<div class=\"wp-block-image\">\n<figure class=\"aligncenter size-medium\"><img data-recalc-dims=\"1\" loading=\"lazy\" decoding=\"async\" width=\"300\" height=\"400\" src=\"https:\/\/i0.wp.com\/datajenny.se\/Blogg\/wp-content\/uploads\/2025\/07\/img_20250728_1254083845035656407356291.jpg?resize=300%2C400&#038;ssl=1\" alt=\"\" class=\"wp-image-2132\" srcset=\"https:\/\/i0.wp.com\/datajenny.se\/Blogg\/wp-content\/uploads\/2025\/07\/img_20250728_1254083845035656407356291.jpg?resize=300%2C400&amp;ssl=1 300w, https:\/\/i0.wp.com\/datajenny.se\/Blogg\/wp-content\/uploads\/2025\/07\/img_20250728_1254083845035656407356291.jpg?resize=540%2C720&amp;ssl=1 540w, https:\/\/i0.wp.com\/datajenny.se\/Blogg\/wp-content\/uploads\/2025\/07\/img_20250728_1254083845035656407356291.jpg?w=768&amp;ssl=1 768w\" sizes=\"auto, (max-width: 300px) 100vw, 300px\" \/><\/figure>\n<\/div>\n\n\n<p><\/p>\n\n\n<div class=\"wp-block-image\">\n<figure class=\"aligncenter size-medium\"><img data-recalc-dims=\"1\" loading=\"lazy\" decoding=\"async\" width=\"300\" height=\"400\" src=\"https:\/\/i0.wp.com\/datajenny.se\/Blogg\/wp-content\/uploads\/2025\/07\/img_20250728_1254016463391583903335950.jpg?resize=300%2C400&#038;ssl=1\" alt=\"\" class=\"wp-image-2133\" srcset=\"https:\/\/i0.wp.com\/datajenny.se\/Blogg\/wp-content\/uploads\/2025\/07\/img_20250728_1254016463391583903335950.jpg?resize=300%2C400&amp;ssl=1 300w, https:\/\/i0.wp.com\/datajenny.se\/Blogg\/wp-content\/uploads\/2025\/07\/img_20250728_1254016463391583903335950.jpg?resize=540%2C720&amp;ssl=1 540w, https:\/\/i0.wp.com\/datajenny.se\/Blogg\/wp-content\/uploads\/2025\/07\/img_20250728_1254016463391583903335950.jpg?w=768&amp;ssl=1 768w\" sizes=\"auto, (max-width: 300px) 100vw, 300px\" \/><\/figure>\n<\/div>\n\n\n<p>P\u00e5 v\u00e4gen hem somnade han igen i bilen, med godisp\u00e5sen i kn\u00e4t. Jag fr\u00e5gade om han ville g\u00e5 till lekparken, men han ville bara hem och vila. Det blir r\u00e4tt s\u00e5 utmattande f\u00f6r honom med s\u00e5dana h\u00e4r sm\u00e5 utflykter, men vad jag f\u00f6rst\u00e5tt \u00e4r det ganska vanligt f\u00f6r barn med ADHD och Autism.<\/p>\n\n\n<div class=\"wp-block-image\">\n<figure class=\"aligncenter size-large\"><img data-recalc-dims=\"1\" loading=\"lazy\" decoding=\"async\" width=\"551\" height=\"720\" src=\"https:\/\/i0.wp.com\/datajenny.se\/Blogg\/wp-content\/uploads\/2025\/07\/screenshot_20250728_115601_gallery8475105958200921262.jpg?resize=551%2C720&#038;ssl=1\" alt=\"\" class=\"wp-image-2134\" srcset=\"https:\/\/i0.wp.com\/datajenny.se\/Blogg\/wp-content\/uploads\/2025\/07\/screenshot_20250728_115601_gallery8475105958200921262.jpg?resize=551%2C720&amp;ssl=1 551w, https:\/\/i0.wp.com\/datajenny.se\/Blogg\/wp-content\/uploads\/2025\/07\/screenshot_20250728_115601_gallery8475105958200921262.jpg?resize=306%2C400&amp;ssl=1 306w, https:\/\/i0.wp.com\/datajenny.se\/Blogg\/wp-content\/uploads\/2025\/07\/screenshot_20250728_115601_gallery8475105958200921262.jpg?w=648&amp;ssl=1 648w\" sizes=\"auto, (max-width: 551px) 100vw, 551px\" \/><\/figure>\n<\/div>\n\n\n<p>Just nu sitter jag p\u00e5 balkongen med katten Pelle i kn\u00e4t medan jag bloggar. Blir lite stavfel ibland n\u00e4r han puffar p\u00e5 mig med nosen. Hehe.<\/p>\n\n\n<div class=\"wp-block-image\">\n<figure class=\"aligncenter size-medium\"><img data-recalc-dims=\"1\" loading=\"lazy\" decoding=\"async\" width=\"400\" height=\"300\" src=\"https:\/\/i0.wp.com\/datajenny.se\/Blogg\/wp-content\/uploads\/2025\/07\/20250728_164820281296648005664596611344.jpg?resize=400%2C300&#038;ssl=1\" alt=\"\" class=\"wp-image-2135\" srcset=\"https:\/\/i0.wp.com\/datajenny.se\/Blogg\/wp-content\/uploads\/2025\/07\/20250728_164820281296648005664596611344.jpg?resize=400%2C300&amp;ssl=1 400w, https:\/\/i0.wp.com\/datajenny.se\/Blogg\/wp-content\/uploads\/2025\/07\/20250728_164820281296648005664596611344.jpg?resize=720%2C539&amp;ssl=1 720w, https:\/\/i0.wp.com\/datajenny.se\/Blogg\/wp-content\/uploads\/2025\/07\/20250728_164820281296648005664596611344.jpg?resize=768%2C575&amp;ssl=1 768w, https:\/\/i0.wp.com\/datajenny.se\/Blogg\/wp-content\/uploads\/2025\/07\/20250728_164820281296648005664596611344.jpg?resize=1024%2C767&amp;ssl=1 1024w, https:\/\/i0.wp.com\/datajenny.se\/Blogg\/wp-content\/uploads\/2025\/07\/20250728_164820281296648005664596611344.jpg?w=1356&amp;ssl=1 1356w, https:\/\/i0.wp.com\/datajenny.se\/Blogg\/wp-content\/uploads\/2025\/07\/20250728_164820281296648005664596611344.jpg?w=1280&amp;ssl=1 1280w\" sizes=\"auto, (max-width: 400px) 100vw, 400px\" \/><\/figure>\n<\/div>\n\n\n<p>&#8212;<\/p>\n\n\n\n<h2 class=\"wp-block-heading\">Dagens dikt<\/h2>\n\n\n\n<p><em>Sm\u00e5 \u00e4ventyr kan bli s\u00e5 stora,<\/em><br><em>f\u00f6r tr\u00f6tta hj\u00e4rnor att genomf\u00f6ra.<\/em><br><em>Men i en vilostund och kattens spinn,<\/em><br><em>finns lugnet som bjuder sj\u00e4len in.<\/em><\/p>\n\n\n\n<img data-recalc-dims=\"1\" loading=\"lazy\" decoding=\"async\" style=\"opacity: 0;\" superb-addons-animation=\"zoomIn\" src=\"https:\/\/i0.wp.com\/datajenny.se\/Blogg\/wp-content\/uploads\/2025\/07\/1000012255.png?resize=180%2C53&#038;ssl=1\" alt=\"Signatur\" width=\"180\" height=\"53\">\n\n\n\n<p><\/p>\n","protected":false},"excerpt":{"rendered":"<p>Idag beh\u00f6vde vi kliva upp tidigt d\u00e5 Erik hade tid hos sjukgymnasten p\u00e5 BUP i Borl\u00e4nge kl. 10:45.<\/p>\n","protected":false},"author":1,"featured_media":2136,"comment_status":"open","ping_status":"open","sticky":false,"template":"","format":"standard","meta":{"ngg_post_thumbnail":0,"jetpack_post_was_ever_published":false,"_jetpack_newsletter_access":"","_jetpack_dont_email_post_to_subs":false,"_jetpack_newsletter_tier_id":0,"_jetpack_memberships_contains_paywalled_content":false,"_jetpack_memberships_contains_paid_content":false,"footnotes":"","jetpack_publicize_message":"","jetpack_publicize_feature_enabled":true,"jetpack_social_post_already_shared":true,"jetpack_social_options":{"image_generator_settings":{"template":"highway","default_image_id":0,"font":"","enabled":false},"version":2}},"categories":[152,38,59,64],"tags":[9,153,11,60,67],"class_list":["post-2137","post","type-post","status-publish","format-standard","has-post-thumbnail","hentry","category-bup","category-erik","category-handla","category-pelle","tag-blogg","tag-bup","tag-erik","tag-handla","tag-pelle"],"featured_image_src":"https:\/\/i0.wp.com\/datajenny.se\/Blogg\/wp-content\/uploads\/2025\/07\/IMG_20250728_125414.jpg?fit=768%2C1024&ssl=1","author_info":{"display_name":"Jenny Louise Nod\u00e9n","author_link":"https:\/\/datajenny.se\/Blogg\/author\/jenny_louise\/"},"yoast_head":"<!-- This site is optimized with the Yoast SEO plugin v27.3 - https:\/\/yoast.com\/product\/yoast-seo-wordpress\/ -->\n<title>Till BUP och tillbaka \u2013 en dag i Eriks takt - V\u00e4lkommen till JeLo<\/title>\n<meta name=\"robots\" content=\"index, follow, max-snippet:-1, max-image-preview:large, max-video-preview:-1\" \/>\n<link rel=\"canonical\" href=\"https:\/\/datajenny.se\/Blogg\/2025\/07\/28\/till-bup-och-tillbaka-en-dag-i-eriks-takt\/\" \/>\n<meta property=\"og:locale\" content=\"sv_SE\" \/>\n<meta property=\"og:type\" content=\"article\" \/>\n<meta property=\"og:title\" content=\"Till BUP och tillbaka \u2013 en dag i Eriks takt - V\u00e4lkommen till JeLo\" \/>\n<meta property=\"og:description\" content=\"Idag beh\u00f6vde vi kliva upp tidigt d\u00e5 Erik hade tid hos sjukgymnasten p\u00e5 BUP i Borl\u00e4nge kl. 10:45.\" \/>\n<meta property=\"og:url\" content=\"https:\/\/datajenny.se\/Blogg\/2025\/07\/28\/till-bup-och-tillbaka-en-dag-i-eriks-takt\/\" \/>\n<meta property=\"og:site_name\" content=\"V\u00e4lkommen till JeLo\" \/>\n<meta property=\"article:publisher\" content=\"https:\/\/www.facebook.com\/datajenny\/\" \/>\n<meta property=\"article:author\" content=\"https:\/\/www.facebook.com\/datajenny\/\" \/>\n<meta property=\"article:published_time\" content=\"2025-07-28T15:10:08+00:00\" \/>\n<meta property=\"article:modified_time\" content=\"2025-07-28T15:16:02+00:00\" \/>\n<meta property=\"og:image\" content=\"https:\/\/datajenny.se\/Blogg\/wp-content\/uploads\/2025\/07\/IMG_20250728_125414.jpg\" \/>\n\t<meta property=\"og:image:width\" content=\"768\" \/>\n\t<meta property=\"og:image:height\" content=\"1024\" \/>\n\t<meta property=\"og:image:type\" content=\"image\/jpeg\" \/>\n<meta name=\"author\" content=\"Jenny Louise Nod\u00e9n\" \/>\n<meta name=\"twitter:card\" content=\"summary_large_image\" \/>\n<meta name=\"twitter:label1\" content=\"Skriven av\" \/>\n\t<meta name=\"twitter:data1\" content=\"Jenny Louise Nod\u00e9n\" \/>\n\t<meta name=\"twitter:label2\" content=\"Ber\u00e4knad l\u00e4stid\" \/>\n\t<meta name=\"twitter:data2\" content=\"3 minuter\" \/>\n<script type=\"application\/ld+json\" class=\"yoast-schema-graph\">{\"@context\":\"https:\\\/\\\/schema.org\",\"@graph\":[{\"@type\":\"Article\",\"@id\":\"https:\\\/\\\/datajenny.se\\\/Blogg\\\/2025\\\/07\\\/28\\\/till-bup-och-tillbaka-en-dag-i-eriks-takt\\\/#article\",\"isPartOf\":{\"@id\":\"https:\\\/\\\/datajenny.se\\\/Blogg\\\/2025\\\/07\\\/28\\\/till-bup-och-tillbaka-en-dag-i-eriks-takt\\\/\"},\"author\":{\"name\":\"Jenny Louise Nod\u00e9n\",\"@id\":\"https:\\\/\\\/datajenny.se\\\/Blogg\\\/#\\\/schema\\\/person\\\/da3cd1b9792c07c50c88641dcf976bee\"},\"headline\":\"Till BUP och tillbaka \u2013 en dag i Eriks takt\",\"datePublished\":\"2025-07-28T15:10:08+00:00\",\"dateModified\":\"2025-07-28T15:16:02+00:00\",\"mainEntityOfPage\":{\"@id\":\"https:\\\/\\\/datajenny.se\\\/Blogg\\\/2025\\\/07\\\/28\\\/till-bup-och-tillbaka-en-dag-i-eriks-takt\\\/\"},\"wordCount\":244,\"commentCount\":0,\"publisher\":{\"@id\":\"https:\\\/\\\/datajenny.se\\\/Blogg\\\/#\\\/schema\\\/person\\\/da3cd1b9792c07c50c88641dcf976bee\"},\"image\":{\"@id\":\"https:\\\/\\\/datajenny.se\\\/Blogg\\\/2025\\\/07\\\/28\\\/till-bup-och-tillbaka-en-dag-i-eriks-takt\\\/#primaryimage\"},\"thumbnailUrl\":\"https:\\\/\\\/i0.wp.com\\\/datajenny.se\\\/Blogg\\\/wp-content\\\/uploads\\\/2025\\\/07\\\/IMG_20250728_125414.jpg?fit=768%2C1024&ssl=1\",\"keywords\":[\"Blogg\",\"BUP\",\"Erik\",\"Handla\",\"Pelle\"],\"articleSection\":[\"BUP\",\"Erik\",\"Handla\",\"Pelle\"],\"inLanguage\":\"sv-SE\",\"potentialAction\":[{\"@type\":\"CommentAction\",\"name\":\"Comment\",\"target\":[\"https:\\\/\\\/datajenny.se\\\/Blogg\\\/2025\\\/07\\\/28\\\/till-bup-och-tillbaka-en-dag-i-eriks-takt\\\/#respond\"]}]},{\"@type\":\"WebPage\",\"@id\":\"https:\\\/\\\/datajenny.se\\\/Blogg\\\/2025\\\/07\\\/28\\\/till-bup-och-tillbaka-en-dag-i-eriks-takt\\\/\",\"url\":\"https:\\\/\\\/datajenny.se\\\/Blogg\\\/2025\\\/07\\\/28\\\/till-bup-och-tillbaka-en-dag-i-eriks-takt\\\/\",\"name\":\"Till BUP och tillbaka \u2013 en dag i Eriks takt - V\u00e4lkommen till JeLo\",\"isPartOf\":{\"@id\":\"https:\\\/\\\/datajenny.se\\\/Blogg\\\/#website\"},\"primaryImageOfPage\":{\"@id\":\"https:\\\/\\\/datajenny.se\\\/Blogg\\\/2025\\\/07\\\/28\\\/till-bup-och-tillbaka-en-dag-i-eriks-takt\\\/#primaryimage\"},\"image\":{\"@id\":\"https:\\\/\\\/datajenny.se\\\/Blogg\\\/2025\\\/07\\\/28\\\/till-bup-och-tillbaka-en-dag-i-eriks-takt\\\/#primaryimage\"},\"thumbnailUrl\":\"https:\\\/\\\/i0.wp.com\\\/datajenny.se\\\/Blogg\\\/wp-content\\\/uploads\\\/2025\\\/07\\\/IMG_20250728_125414.jpg?fit=768%2C1024&ssl=1\",\"datePublished\":\"2025-07-28T15:10:08+00:00\",\"dateModified\":\"2025-07-28T15:16:02+00:00\",\"breadcrumb\":{\"@id\":\"https:\\\/\\\/datajenny.se\\\/Blogg\\\/2025\\\/07\\\/28\\\/till-bup-och-tillbaka-en-dag-i-eriks-takt\\\/#breadcrumb\"},\"inLanguage\":\"sv-SE\",\"potentialAction\":[{\"@type\":\"ReadAction\",\"target\":[\"https:\\\/\\\/datajenny.se\\\/Blogg\\\/2025\\\/07\\\/28\\\/till-bup-och-tillbaka-en-dag-i-eriks-takt\\\/\"]}]},{\"@type\":\"ImageObject\",\"inLanguage\":\"sv-SE\",\"@id\":\"https:\\\/\\\/datajenny.se\\\/Blogg\\\/2025\\\/07\\\/28\\\/till-bup-och-tillbaka-en-dag-i-eriks-takt\\\/#primaryimage\",\"url\":\"https:\\\/\\\/i0.wp.com\\\/datajenny.se\\\/Blogg\\\/wp-content\\\/uploads\\\/2025\\\/07\\\/IMG_20250728_125414.jpg?fit=768%2C1024&ssl=1\",\"contentUrl\":\"https:\\\/\\\/i0.wp.com\\\/datajenny.se\\\/Blogg\\\/wp-content\\\/uploads\\\/2025\\\/07\\\/IMG_20250728_125414.jpg?fit=768%2C1024&ssl=1\",\"width\":768,\"height\":1024},{\"@type\":\"BreadcrumbList\",\"@id\":\"https:\\\/\\\/datajenny.se\\\/Blogg\\\/2025\\\/07\\\/28\\\/till-bup-och-tillbaka-en-dag-i-eriks-takt\\\/#breadcrumb\",\"itemListElement\":[{\"@type\":\"ListItem\",\"position\":1,\"name\":\"Hem\",\"item\":\"https:\\\/\\\/datajenny.se\\\/Blogg\\\/\"},{\"@type\":\"ListItem\",\"position\":2,\"name\":\"Till BUP och tillbaka \u2013 en dag i Eriks takt\"}]},{\"@type\":\"WebSite\",\"@id\":\"https:\\\/\\\/datajenny.se\\\/Blogg\\\/#website\",\"url\":\"https:\\\/\\\/datajenny.se\\\/Blogg\\\/\",\"name\":\"V\u00e4lkommen till Jenny Louises blogg\",\"description\":\"Jenny Louises blogg\",\"publisher\":{\"@id\":\"https:\\\/\\\/datajenny.se\\\/Blogg\\\/#\\\/schema\\\/person\\\/da3cd1b9792c07c50c88641dcf976bee\"},\"potentialAction\":[{\"@type\":\"SearchAction\",\"target\":{\"@type\":\"EntryPoint\",\"urlTemplate\":\"https:\\\/\\\/datajenny.se\\\/Blogg\\\/?s={search_term_string}\"},\"query-input\":{\"@type\":\"PropertyValueSpecification\",\"valueRequired\":true,\"valueName\":\"search_term_string\"}}],\"inLanguage\":\"sv-SE\"},{\"@type\":[\"Person\",\"Organization\"],\"@id\":\"https:\\\/\\\/datajenny.se\\\/Blogg\\\/#\\\/schema\\\/person\\\/da3cd1b9792c07c50c88641dcf976bee\",\"name\":\"Jenny Louise Nod\u00e9n\",\"image\":{\"@type\":\"ImageObject\",\"inLanguage\":\"sv-SE\",\"@id\":\"https:\\\/\\\/datajenny.se\\\/Blogg\\\/wp-content\\\/uploads\\\/2025\\\/07\\\/wp-1751728308657.jpg\",\"url\":\"https:\\\/\\\/datajenny.se\\\/Blogg\\\/wp-content\\\/uploads\\\/2025\\\/07\\\/wp-1751728308657.jpg\",\"contentUrl\":\"https:\\\/\\\/datajenny.se\\\/Blogg\\\/wp-content\\\/uploads\\\/2025\\\/07\\\/wp-1751728308657.jpg\",\"width\":928,\"height\":928,\"caption\":\"Jenny Louise Nod\u00e9n\"},\"logo\":{\"@id\":\"https:\\\/\\\/datajenny.se\\\/Blogg\\\/wp-content\\\/uploads\\\/2025\\\/07\\\/wp-1751728308657.jpg\"},\"description\":\"Jag \u00e4r en tjej som oftast \u00e4r glad och \u00e4lskar livet, men den 18 januari 2005 s\u00e5 f\u00f6rs\u00f6kte jag ta mitt liv, jag orkade inte helt enkelt l\u00e4ngre. Men min f\u00e4stman hittade mig i duschen, han r\u00e4ddade livet p\u00e5 mig. Jag fick \u00e5ka in till akuten och blev magpumpad samt s\u00e5 fick jag \u00e4ta kr\u00e4ksirap. Hamnade sedan p\u00e5 S\u00e4ter och log d\u00e4r i fyra dagar. Idag \u00e4r jag glad f\u00f6r att han hittade mig, livet har s\u00e5 mycket att erbjuda. Jag bryr mig f\u00f6r mycket om andra, jag kommer alltid i andra hand hos mig sj\u00e4lv. Jag \u00e4r gift med en underbar man vid namn Magnus och vi har en son som heter Erik och \u00e4r f\u00f6dd juni 2018.\",\"sameAs\":[\"https:\\\/\\\/datajenny.se\\\/Blogg\",\"https:\\\/\\\/www.facebook.com\\\/datajenny\\\/\",\"https:\\\/\\\/www.instagram.com\\\/datajenny\\\/\",\"https:\\\/\\\/www.linkedin.com\\\/in\\\/jenny-louise-nodn-75324811b?\",\"https:\\\/\\\/youtube.com\\\/channel\\\/UCU00yswsJZcmgqfoON6pMwg\",\"https:\\\/\\\/datajenny.tumblr.com\\\/\"],\"url\":\"https:\\\/\\\/datajenny.se\\\/Blogg\\\/author\\\/jenny_louise\\\/\"}]}<\/script>\n<!-- \/ Yoast SEO plugin. -->","yoast_head_json":{"title":"Till BUP och tillbaka \u2013 en dag i Eriks takt - V\u00e4lkommen till JeLo","robots":{"index":"index","follow":"follow","max-snippet":"max-snippet:-1","max-image-preview":"max-image-preview:large","max-video-preview":"max-video-preview:-1"},"canonical":"https:\/\/datajenny.se\/Blogg\/2025\/07\/28\/till-bup-och-tillbaka-en-dag-i-eriks-takt\/","og_locale":"sv_SE","og_type":"article","og_title":"Till BUP och tillbaka \u2013 en dag i Eriks takt - V\u00e4lkommen till JeLo","og_description":"Idag beh\u00f6vde vi kliva upp tidigt d\u00e5 Erik hade tid hos sjukgymnasten p\u00e5 BUP i Borl\u00e4nge kl. 10:45.","og_url":"https:\/\/datajenny.se\/Blogg\/2025\/07\/28\/till-bup-och-tillbaka-en-dag-i-eriks-takt\/","og_site_name":"V\u00e4lkommen till JeLo","article_publisher":"https:\/\/www.facebook.com\/datajenny\/","article_author":"https:\/\/www.facebook.com\/datajenny\/","article_published_time":"2025-07-28T15:10:08+00:00","article_modified_time":"2025-07-28T15:16:02+00:00","og_image":[{"width":768,"height":1024,"url":"https:\/\/datajenny.se\/Blogg\/wp-content\/uploads\/2025\/07\/IMG_20250728_125414.jpg","type":"image\/jpeg"}],"author":"Jenny Louise Nod\u00e9n","twitter_card":"summary_large_image","twitter_misc":{"Skriven av":"Jenny Louise Nod\u00e9n","Ber\u00e4knad l\u00e4stid":"3 minuter"},"schema":{"@context":"https:\/\/schema.org","@graph":[{"@type":"Article","@id":"https:\/\/datajenny.se\/Blogg\/2025\/07\/28\/till-bup-och-tillbaka-en-dag-i-eriks-takt\/#article","isPartOf":{"@id":"https:\/\/datajenny.se\/Blogg\/2025\/07\/28\/till-bup-och-tillbaka-en-dag-i-eriks-takt\/"},"author":{"name":"Jenny Louise Nod\u00e9n","@id":"https:\/\/datajenny.se\/Blogg\/#\/schema\/person\/da3cd1b9792c07c50c88641dcf976bee"},"headline":"Till BUP och tillbaka \u2013 en dag i Eriks takt","datePublished":"2025-07-28T15:10:08+00:00","dateModified":"2025-07-28T15:16:02+00:00","mainEntityOfPage":{"@id":"https:\/\/datajenny.se\/Blogg\/2025\/07\/28\/till-bup-och-tillbaka-en-dag-i-eriks-takt\/"},"wordCount":244,"commentCount":0,"publisher":{"@id":"https:\/\/datajenny.se\/Blogg\/#\/schema\/person\/da3cd1b9792c07c50c88641dcf976bee"},"image":{"@id":"https:\/\/datajenny.se\/Blogg\/2025\/07\/28\/till-bup-och-tillbaka-en-dag-i-eriks-takt\/#primaryimage"},"thumbnailUrl":"https:\/\/i0.wp.com\/datajenny.se\/Blogg\/wp-content\/uploads\/2025\/07\/IMG_20250728_125414.jpg?fit=768%2C1024&ssl=1","keywords":["Blogg","BUP","Erik","Handla","Pelle"],"articleSection":["BUP","Erik","Handla","Pelle"],"inLanguage":"sv-SE","potentialAction":[{"@type":"CommentAction","name":"Comment","target":["https:\/\/datajenny.se\/Blogg\/2025\/07\/28\/till-bup-och-tillbaka-en-dag-i-eriks-takt\/#respond"]}]},{"@type":"WebPage","@id":"https:\/\/datajenny.se\/Blogg\/2025\/07\/28\/till-bup-och-tillbaka-en-dag-i-eriks-takt\/","url":"https:\/\/datajenny.se\/Blogg\/2025\/07\/28\/till-bup-och-tillbaka-en-dag-i-eriks-takt\/","name":"Till BUP och tillbaka \u2013 en dag i Eriks takt - V\u00e4lkommen till JeLo","isPartOf":{"@id":"https:\/\/datajenny.se\/Blogg\/#website"},"primaryImageOfPage":{"@id":"https:\/\/datajenny.se\/Blogg\/2025\/07\/28\/till-bup-och-tillbaka-en-dag-i-eriks-takt\/#primaryimage"},"image":{"@id":"https:\/\/datajenny.se\/Blogg\/2025\/07\/28\/till-bup-och-tillbaka-en-dag-i-eriks-takt\/#primaryimage"},"thumbnailUrl":"https:\/\/i0.wp.com\/datajenny.se\/Blogg\/wp-content\/uploads\/2025\/07\/IMG_20250728_125414.jpg?fit=768%2C1024&ssl=1","datePublished":"2025-07-28T15:10:08+00:00","dateModified":"2025-07-28T15:16:02+00:00","breadcrumb":{"@id":"https:\/\/datajenny.se\/Blogg\/2025\/07\/28\/till-bup-och-tillbaka-en-dag-i-eriks-takt\/#breadcrumb"},"inLanguage":"sv-SE","potentialAction":[{"@type":"ReadAction","target":["https:\/\/datajenny.se\/Blogg\/2025\/07\/28\/till-bup-och-tillbaka-en-dag-i-eriks-takt\/"]}]},{"@type":"ImageObject","inLanguage":"sv-SE","@id":"https:\/\/datajenny.se\/Blogg\/2025\/07\/28\/till-bup-och-tillbaka-en-dag-i-eriks-takt\/#primaryimage","url":"https:\/\/i0.wp.com\/datajenny.se\/Blogg\/wp-content\/uploads\/2025\/07\/IMG_20250728_125414.jpg?fit=768%2C1024&ssl=1","contentUrl":"https:\/\/i0.wp.com\/datajenny.se\/Blogg\/wp-content\/uploads\/2025\/07\/IMG_20250728_125414.jpg?fit=768%2C1024&ssl=1","width":768,"height":1024},{"@type":"BreadcrumbList","@id":"https:\/\/datajenny.se\/Blogg\/2025\/07\/28\/till-bup-och-tillbaka-en-dag-i-eriks-takt\/#breadcrumb","itemListElement":[{"@type":"ListItem","position":1,"name":"Hem","item":"https:\/\/datajenny.se\/Blogg\/"},{"@type":"ListItem","position":2,"name":"Till BUP och tillbaka \u2013 en dag i Eriks takt"}]},{"@type":"WebSite","@id":"https:\/\/datajenny.se\/Blogg\/#website","url":"https:\/\/datajenny.se\/Blogg\/","name":"V\u00e4lkommen till Jenny Louises blogg","description":"Jenny Louises blogg","publisher":{"@id":"https:\/\/datajenny.se\/Blogg\/#\/schema\/person\/da3cd1b9792c07c50c88641dcf976bee"},"potentialAction":[{"@type":"SearchAction","target":{"@type":"EntryPoint","urlTemplate":"https:\/\/datajenny.se\/Blogg\/?s={search_term_string}"},"query-input":{"@type":"PropertyValueSpecification","valueRequired":true,"valueName":"search_term_string"}}],"inLanguage":"sv-SE"},{"@type":["Person","Organization"],"@id":"https:\/\/datajenny.se\/Blogg\/#\/schema\/person\/da3cd1b9792c07c50c88641dcf976bee","name":"Jenny Louise Nod\u00e9n","image":{"@type":"ImageObject","inLanguage":"sv-SE","@id":"https:\/\/datajenny.se\/Blogg\/wp-content\/uploads\/2025\/07\/wp-1751728308657.jpg","url":"https:\/\/datajenny.se\/Blogg\/wp-content\/uploads\/2025\/07\/wp-1751728308657.jpg","contentUrl":"https:\/\/datajenny.se\/Blogg\/wp-content\/uploads\/2025\/07\/wp-1751728308657.jpg","width":928,"height":928,"caption":"Jenny Louise Nod\u00e9n"},"logo":{"@id":"https:\/\/datajenny.se\/Blogg\/wp-content\/uploads\/2025\/07\/wp-1751728308657.jpg"},"description":"Jag \u00e4r en tjej som oftast \u00e4r glad och \u00e4lskar livet, men den 18 januari 2005 s\u00e5 f\u00f6rs\u00f6kte jag ta mitt liv, jag orkade inte helt enkelt l\u00e4ngre. Men min f\u00e4stman hittade mig i duschen, han r\u00e4ddade livet p\u00e5 mig. Jag fick \u00e5ka in till akuten och blev magpumpad samt s\u00e5 fick jag \u00e4ta kr\u00e4ksirap. Hamnade sedan p\u00e5 S\u00e4ter och log d\u00e4r i fyra dagar. Idag \u00e4r jag glad f\u00f6r att han hittade mig, livet har s\u00e5 mycket att erbjuda. Jag bryr mig f\u00f6r mycket om andra, jag kommer alltid i andra hand hos mig sj\u00e4lv. Jag \u00e4r gift med en underbar man vid namn Magnus och vi har en son som heter Erik och \u00e4r f\u00f6dd juni 2018.","sameAs":["https:\/\/datajenny.se\/Blogg","https:\/\/www.facebook.com\/datajenny\/","https:\/\/www.instagram.com\/datajenny\/","https:\/\/www.linkedin.com\/in\/jenny-louise-nodn-75324811b?","https:\/\/youtube.com\/channel\/UCU00yswsJZcmgqfoON6pMwg","https:\/\/datajenny.tumblr.com\/"],"url":"https:\/\/datajenny.se\/Blogg\/author\/jenny_louise\/"}]}},"jetpack_publicize_connections":[],"jetpack_featured_media_url":"https:\/\/i0.wp.com\/datajenny.se\/Blogg\/wp-content\/uploads\/2025\/07\/IMG_20250728_125414.jpg?fit=768%2C1024&ssl=1","jetpack_sharing_enabled":true,"jetpack_likes_enabled":true,"_links":{"self":[{"href":"https:\/\/datajenny.se\/Blogg\/wp-json\/wp\/v2\/posts\/2137","targetHints":{"allow":["GET"]}}],"collection":[{"href":"https:\/\/datajenny.se\/Blogg\/wp-json\/wp\/v2\/posts"}],"about":[{"href":"https:\/\/datajenny.se\/Blogg\/wp-json\/wp\/v2\/types\/post"}],"author":[{"embeddable":true,"href":"https:\/\/datajenny.se\/Blogg\/wp-json\/wp\/v2\/users\/1"}],"replies":[{"embeddable":true,"href":"https:\/\/datajenny.se\/Blogg\/wp-json\/wp\/v2\/comments?post=2137"}],"version-history":[{"count":2,"href":"https:\/\/datajenny.se\/Blogg\/wp-json\/wp\/v2\/posts\/2137\/revisions"}],"predecessor-version":[{"id":2139,"href":"https:\/\/datajenny.se\/Blogg\/wp-json\/wp\/v2\/posts\/2137\/revisions\/2139"}],"wp:featuredmedia":[{"embeddable":true,"href":"https:\/\/datajenny.se\/Blogg\/wp-json\/wp\/v2\/media\/2136"}],"wp:attachment":[{"href":"https:\/\/datajenny.se\/Blogg\/wp-json\/wp\/v2\/media?parent=2137"}],"wp:term":[{"taxonomy":"category","embeddable":true,"href":"https:\/\/datajenny.se\/Blogg\/wp-json\/wp\/v2\/categories?post=2137"},{"taxonomy":"post_tag","embeddable":true,"href":"https:\/\/datajenny.se\/Blogg\/wp-json\/wp\/v2\/tags?post=2137"}],"curies":[{"name":"wp","href":"https:\/\/api.w.org\/{rel}","templated":true}]}}