{"id":2168,"date":"2025-07-29T17:52:20","date_gmt":"2025-07-29T15:52:20","guid":{"rendered":"https:\/\/datajenny.se\/Blogg\/?p=2168"},"modified":"2025-09-06T21:05:47","modified_gmt":"2025-09-06T19:05:47","slug":"en-tur-till-fagersta-och-tankar-om-somnrutiner","status":"publish","type":"post","link":"https:\/\/datajenny.se\/Blogg\/2025\/07\/29\/en-tur-till-fagersta-och-tankar-om-somnrutiner\/","title":{"rendered":"En tur till Fagersta och tankar om s\u00f6mnrutiner"},"content":{"rendered":"\n<p>Idag tog jag en sv\u00e4ng sj\u00e4lv till Fagersta. Jag skulle h\u00e4mta ut ett paket, och n\u00e4r jag \u00e4nd\u00e5 var d\u00e4r passade jag p\u00e5 att hj\u00e4lpa morsan och farsan med att best\u00e4lla mediciner och f\u00f6rnya recept. Theresia var d\u00e4r ocks\u00e5, s\u00e5 det blev lite socialt mitt i allt det praktiska.<br><br>Till lunch blev det klassiskt: makaroner och k\u00f6ttbullar. Jag k\u00f6r som alltid med grillkrydda och rostad l\u00f6k \u2013 det ger den d\u00e4r extra smaken jag gillar.<br><br>Morsans katt Tarzan var extra kelig idag. Han ville inte bara ha uppm\u00e4rksamhet \u2013 han skulle prompt ligga i mitt kn\u00e4. Det \u00e4r n\u00e5got v\u00e4ldigt rogivande med djur som s\u00f6ker n\u00e4rhet.<\/p>\n\n\n<div class=\"wp-block-image\">\n<figure class=\"aligncenter size-large\"><img data-recalc-dims=\"1\" loading=\"lazy\" decoding=\"async\" width=\"640\" height=\"480\" src=\"https:\/\/i0.wp.com\/datajenny.se\/Blogg\/wp-content\/uploads\/2025\/07\/20250729_123717281292334838744182997743.jpg?resize=640%2C480&#038;ssl=1\" alt=\"\" class=\"wp-image-2165\" srcset=\"https:\/\/i0.wp.com\/datajenny.se\/Blogg\/wp-content\/uploads\/2025\/07\/20250729_123717281292334838744182997743.jpg?w=678&amp;ssl=1 678w, https:\/\/i0.wp.com\/datajenny.se\/Blogg\/wp-content\/uploads\/2025\/07\/20250729_123717281292334838744182997743.jpg?resize=400%2C300&amp;ssl=1 400w\" sizes=\"auto, (max-width: 640px) 100vw, 640px\" \/><\/figure>\n<\/div>\n\n\n<p><\/p>\n\n\n<div class=\"wp-block-image\">\n<figure class=\"aligncenter size-large\"><img data-recalc-dims=\"1\" loading=\"lazy\" decoding=\"async\" width=\"640\" height=\"480\" src=\"https:\/\/i0.wp.com\/datajenny.se\/Blogg\/wp-content\/uploads\/2025\/07\/20250729_123150281291459370823040092864.jpg?resize=640%2C480&#038;ssl=1\" alt=\"\" class=\"wp-image-2166\" srcset=\"https:\/\/i0.wp.com\/datajenny.se\/Blogg\/wp-content\/uploads\/2025\/07\/20250729_123150281291459370823040092864.jpg?w=678&amp;ssl=1 678w, https:\/\/i0.wp.com\/datajenny.se\/Blogg\/wp-content\/uploads\/2025\/07\/20250729_123150281291459370823040092864.jpg?resize=400%2C300&amp;ssl=1 400w\" sizes=\"auto, (max-width: 640px) 100vw, 640px\" \/><\/figure>\n<\/div>\n\n\n<p><br>N\u00e4r jag kom hem m\u00e4rkte jag att Erik var riktigt tr\u00f6tt. Han somnade vid 21 ig\u00e5r men vaknade redan kl 03 i morse \u2013 pigg som en m\u00f6rt. Jag d\u00e4remot, var inte alls redo f\u00f6r dagen d\u00e5. S\u00e5 nu f\u00f6rs\u00f6ker vi h\u00e5lla honom vaken till kl 19 i kv\u00e4ll. Vi jobbar p\u00e5 att f\u00e5 till b\u00e4ttre s\u00f6mnrutiner, speciellt nu n\u00e4r b\u00e5de fritids och skola drar ig\u00e5ng om bara tv\u00e5 veckor.<br><br>V\u00e4dret idag har varit regnigt och gr\u00e5tt, men tack och lov ingen \u00e5ska eller blixt.<\/p>\n\n\n<div class=\"wp-block-ub-divider ub_divider ub-divider-orientation-horizontal\" id=\"ub_divider_68fd47b0-0504-4a81-9c5d-a0acb686a23c\"><div class=\"ub_divider_wrapper\" style=\"position: relative; margin-bottom: 2px; width: 100%; height: 2px; \" data-divider-alignment=\"center\"><div class=\"ub_divider_line\" style=\"border-top: 10px dotted #00d084; margin-top: 2px; \"><\/div><\/div><\/div>\n\n\n<p><\/p>\n\n\n\n<h2 class=\"wp-block-heading\">Dagens dikt<\/h2>\n\n\n\n<p><strong><em>Morgontr\u00f6tt men kv\u00e4llens hopp<\/em><\/strong><\/p>\n\n\n\n<p><em>En katt i kn\u00e4t, en tyst minut,<\/em><br><em>ett regn som faller stilla och mjukt.<\/em><br><em>En son som vaknar i nattens stund,<\/em><br><em>och f\u00f6r\u00e4ldrahj\u00e4rtat g\u00e5r \u00e4nnu en rund.<\/em><br><br><em>Tv\u00e5 veckor kvar, rutiner p\u00e5 g\u00e5ng,<\/em><br><em>vi k\u00e4mpar oss fram i vardagens s\u00e5ng.<\/em><br><em>Med tr\u00f6tt blick men v\u00e4rme i famn,<\/em><br><em>\u00e4r k\u00e4rleken alltid v\u00e5r tryggaste hamn.<\/em><\/p>\n\n\n\n<img data-recalc-dims=\"1\" loading=\"lazy\" decoding=\"async\" style=\"opacity: 0;\" superb-addons-animation=\"zoomIn\" src=\"https:\/\/i0.wp.com\/datajenny.se\/Blogg\/wp-content\/uploads\/2025\/07\/1000012255.png?resize=180%2C53&#038;ssl=1\" alt=\"Signatur\" width=\"180\" height=\"53\">\n\n\n\n<p><\/p>\n","protected":false},"excerpt":{"rendered":"<p>Idag tog jag en sv\u00e4ng sj\u00e4lv till Fagersta. Jag skulle h\u00e4mta ut ett paket, och n\u00e4r jag \u00e4nd\u00e5 var d\u00e4r passade jag p\u00e5 att hj\u00e4lpa morsan och farsan med att best\u00e4lla mediciner och f\u00f6rnya recept. Theresia var d\u00e4r ocks\u00e5, s\u00e5 det blev lite socialt mitt i allt det praktiska. Till lunch blev det klassiskt: makaroner [&hellip;]<\/p>\n","protected":false},"author":1,"featured_media":2167,"comment_status":"open","ping_status":"open","sticky":false,"template":"","format":"standard","meta":{"ngg_post_thumbnail":0,"jetpack_post_was_ever_published":false,"_jetpack_newsletter_access":"","_jetpack_dont_email_post_to_subs":false,"_jetpack_newsletter_tier_id":0,"_jetpack_memberships_contains_paywalled_content":false,"_jetpack_memberships_contains_paid_content":false,"footnotes":"","jetpack_publicize_message":"","jetpack_publicize_feature_enabled":true,"jetpack_social_post_already_shared":true,"jetpack_social_options":{"image_generator_settings":{"template":"highway","default_image_id":0,"font":"","enabled":false},"version":2}},"categories":[8,104,75,63,121],"tags":[9,106,77,66,122],"class_list":["post-2168","post","type-post","status-publish","format-standard","has-post-thumbnail","hentry","category-blogg","category-djur","category-fagersta","category-katter","category-mat","tag-blogg","tag-djur","tag-fagersta","tag-katter","tag-mat"],"featured_image_src":"https:\/\/i0.wp.com\/datajenny.se\/Blogg\/wp-content\/uploads\/2025\/07\/20250729_095556.jpg?fit=1200%2C1600&ssl=1","author_info":{"display_name":"Jenny Louise Nod\u00e9n","author_link":"https:\/\/datajenny.se\/Blogg\/author\/jenny_louise\/"},"yoast_head":"<!-- This site is optimized with the Yoast SEO plugin v27.3 - https:\/\/yoast.com\/product\/yoast-seo-wordpress\/ -->\n<title>En tur till Fagersta och tankar om s\u00f6mnrutiner - V\u00e4lkommen till JeLo<\/title>\n<meta name=\"robots\" content=\"index, follow, max-snippet:-1, max-image-preview:large, max-video-preview:-1\" \/>\n<link rel=\"canonical\" href=\"https:\/\/datajenny.se\/Blogg\/2025\/07\/29\/en-tur-till-fagersta-och-tankar-om-somnrutiner\/\" \/>\n<meta property=\"og:locale\" content=\"sv_SE\" \/>\n<meta property=\"og:type\" content=\"article\" \/>\n<meta property=\"og:title\" content=\"En tur till Fagersta och tankar om s\u00f6mnrutiner - V\u00e4lkommen till JeLo\" \/>\n<meta property=\"og:description\" content=\"Idag tog jag en sv\u00e4ng sj\u00e4lv till Fagersta. Jag skulle h\u00e4mta ut ett paket, och n\u00e4r jag \u00e4nd\u00e5 var d\u00e4r passade jag p\u00e5 att hj\u00e4lpa morsan och farsan med att best\u00e4lla mediciner och f\u00f6rnya recept. Theresia var d\u00e4r ocks\u00e5, s\u00e5 det blev lite socialt mitt i allt det praktiska. Till lunch blev det klassiskt: makaroner [&hellip;]\" \/>\n<meta property=\"og:url\" content=\"https:\/\/datajenny.se\/Blogg\/2025\/07\/29\/en-tur-till-fagersta-och-tankar-om-somnrutiner\/\" \/>\n<meta property=\"og:site_name\" content=\"V\u00e4lkommen till JeLo\" \/>\n<meta property=\"article:publisher\" content=\"https:\/\/www.facebook.com\/datajenny\/\" \/>\n<meta property=\"article:author\" content=\"https:\/\/www.facebook.com\/datajenny\/\" \/>\n<meta property=\"article:published_time\" content=\"2025-07-29T15:52:20+00:00\" \/>\n<meta property=\"article:modified_time\" content=\"2025-09-06T19:05:47+00:00\" \/>\n<meta property=\"og:image\" content=\"https:\/\/datajenny.se\/Blogg\/wp-content\/uploads\/2025\/07\/20250729_095556.jpg\" \/>\n\t<meta property=\"og:image:width\" content=\"1200\" \/>\n\t<meta property=\"og:image:height\" content=\"1600\" \/>\n\t<meta property=\"og:image:type\" content=\"image\/jpeg\" \/>\n<meta name=\"author\" content=\"Jenny Louise Nod\u00e9n\" \/>\n<meta name=\"twitter:card\" content=\"summary_large_image\" \/>\n<meta name=\"twitter:label1\" content=\"Skriven av\" \/>\n\t<meta name=\"twitter:data1\" content=\"Jenny Louise Nod\u00e9n\" \/>\n\t<meta name=\"twitter:label2\" content=\"Ber\u00e4knad l\u00e4stid\" \/>\n\t<meta name=\"twitter:data2\" content=\"3 minuter\" \/>\n<script type=\"application\/ld+json\" class=\"yoast-schema-graph\">{\"@context\":\"https:\\\/\\\/schema.org\",\"@graph\":[{\"@type\":\"Article\",\"@id\":\"https:\\\/\\\/datajenny.se\\\/Blogg\\\/2025\\\/07\\\/29\\\/en-tur-till-fagersta-och-tankar-om-somnrutiner\\\/#article\",\"isPartOf\":{\"@id\":\"https:\\\/\\\/datajenny.se\\\/Blogg\\\/2025\\\/07\\\/29\\\/en-tur-till-fagersta-och-tankar-om-somnrutiner\\\/\"},\"author\":{\"name\":\"Jenny Louise Nod\u00e9n\",\"@id\":\"https:\\\/\\\/datajenny.se\\\/Blogg\\\/#\\\/schema\\\/person\\\/da3cd1b9792c07c50c88641dcf976bee\"},\"headline\":\"En tur till Fagersta och tankar om s\u00f6mnrutiner\",\"datePublished\":\"2025-07-29T15:52:20+00:00\",\"dateModified\":\"2025-09-06T19:05:47+00:00\",\"mainEntityOfPage\":{\"@id\":\"https:\\\/\\\/datajenny.se\\\/Blogg\\\/2025\\\/07\\\/29\\\/en-tur-till-fagersta-och-tankar-om-somnrutiner\\\/\"},\"wordCount\":303,\"commentCount\":0,\"publisher\":{\"@id\":\"https:\\\/\\\/datajenny.se\\\/Blogg\\\/#\\\/schema\\\/person\\\/da3cd1b9792c07c50c88641dcf976bee\"},\"image\":{\"@id\":\"https:\\\/\\\/datajenny.se\\\/Blogg\\\/2025\\\/07\\\/29\\\/en-tur-till-fagersta-och-tankar-om-somnrutiner\\\/#primaryimage\"},\"thumbnailUrl\":\"https:\\\/\\\/i0.wp.com\\\/datajenny.se\\\/Blogg\\\/wp-content\\\/uploads\\\/2025\\\/07\\\/20250729_095556.jpg?fit=1200%2C1600&ssl=1\",\"keywords\":[\"Blogg\",\"Djur\",\"Fagersta\",\"Katter\",\"Mat\"],\"articleSection\":[\"Blogg\",\"Djur\",\"Fagersta\",\"Katter\",\"Mat\"],\"inLanguage\":\"sv-SE\",\"potentialAction\":[{\"@type\":\"CommentAction\",\"name\":\"Comment\",\"target\":[\"https:\\\/\\\/datajenny.se\\\/Blogg\\\/2025\\\/07\\\/29\\\/en-tur-till-fagersta-och-tankar-om-somnrutiner\\\/#respond\"]}]},{\"@type\":\"WebPage\",\"@id\":\"https:\\\/\\\/datajenny.se\\\/Blogg\\\/2025\\\/07\\\/29\\\/en-tur-till-fagersta-och-tankar-om-somnrutiner\\\/\",\"url\":\"https:\\\/\\\/datajenny.se\\\/Blogg\\\/2025\\\/07\\\/29\\\/en-tur-till-fagersta-och-tankar-om-somnrutiner\\\/\",\"name\":\"En tur till Fagersta och tankar om s\u00f6mnrutiner - V\u00e4lkommen till JeLo\",\"isPartOf\":{\"@id\":\"https:\\\/\\\/datajenny.se\\\/Blogg\\\/#website\"},\"primaryImageOfPage\":{\"@id\":\"https:\\\/\\\/datajenny.se\\\/Blogg\\\/2025\\\/07\\\/29\\\/en-tur-till-fagersta-och-tankar-om-somnrutiner\\\/#primaryimage\"},\"image\":{\"@id\":\"https:\\\/\\\/datajenny.se\\\/Blogg\\\/2025\\\/07\\\/29\\\/en-tur-till-fagersta-och-tankar-om-somnrutiner\\\/#primaryimage\"},\"thumbnailUrl\":\"https:\\\/\\\/i0.wp.com\\\/datajenny.se\\\/Blogg\\\/wp-content\\\/uploads\\\/2025\\\/07\\\/20250729_095556.jpg?fit=1200%2C1600&ssl=1\",\"datePublished\":\"2025-07-29T15:52:20+00:00\",\"dateModified\":\"2025-09-06T19:05:47+00:00\",\"breadcrumb\":{\"@id\":\"https:\\\/\\\/datajenny.se\\\/Blogg\\\/2025\\\/07\\\/29\\\/en-tur-till-fagersta-och-tankar-om-somnrutiner\\\/#breadcrumb\"},\"inLanguage\":\"sv-SE\",\"potentialAction\":[{\"@type\":\"ReadAction\",\"target\":[\"https:\\\/\\\/datajenny.se\\\/Blogg\\\/2025\\\/07\\\/29\\\/en-tur-till-fagersta-och-tankar-om-somnrutiner\\\/\"]}]},{\"@type\":\"ImageObject\",\"inLanguage\":\"sv-SE\",\"@id\":\"https:\\\/\\\/datajenny.se\\\/Blogg\\\/2025\\\/07\\\/29\\\/en-tur-till-fagersta-och-tankar-om-somnrutiner\\\/#primaryimage\",\"url\":\"https:\\\/\\\/i0.wp.com\\\/datajenny.se\\\/Blogg\\\/wp-content\\\/uploads\\\/2025\\\/07\\\/20250729_095556.jpg?fit=1200%2C1600&ssl=1\",\"contentUrl\":\"https:\\\/\\\/i0.wp.com\\\/datajenny.se\\\/Blogg\\\/wp-content\\\/uploads\\\/2025\\\/07\\\/20250729_095556.jpg?fit=1200%2C1600&ssl=1\",\"width\":1200,\"height\":1600},{\"@type\":\"BreadcrumbList\",\"@id\":\"https:\\\/\\\/datajenny.se\\\/Blogg\\\/2025\\\/07\\\/29\\\/en-tur-till-fagersta-och-tankar-om-somnrutiner\\\/#breadcrumb\",\"itemListElement\":[{\"@type\":\"ListItem\",\"position\":1,\"name\":\"Hem\",\"item\":\"https:\\\/\\\/datajenny.se\\\/Blogg\\\/\"},{\"@type\":\"ListItem\",\"position\":2,\"name\":\"En tur till Fagersta och tankar om s\u00f6mnrutiner\"}]},{\"@type\":\"WebSite\",\"@id\":\"https:\\\/\\\/datajenny.se\\\/Blogg\\\/#website\",\"url\":\"https:\\\/\\\/datajenny.se\\\/Blogg\\\/\",\"name\":\"V\u00e4lkommen till Jenny Louises blogg\",\"description\":\"Jenny Louises blogg\",\"publisher\":{\"@id\":\"https:\\\/\\\/datajenny.se\\\/Blogg\\\/#\\\/schema\\\/person\\\/da3cd1b9792c07c50c88641dcf976bee\"},\"potentialAction\":[{\"@type\":\"SearchAction\",\"target\":{\"@type\":\"EntryPoint\",\"urlTemplate\":\"https:\\\/\\\/datajenny.se\\\/Blogg\\\/?s={search_term_string}\"},\"query-input\":{\"@type\":\"PropertyValueSpecification\",\"valueRequired\":true,\"valueName\":\"search_term_string\"}}],\"inLanguage\":\"sv-SE\"},{\"@type\":[\"Person\",\"Organization\"],\"@id\":\"https:\\\/\\\/datajenny.se\\\/Blogg\\\/#\\\/schema\\\/person\\\/da3cd1b9792c07c50c88641dcf976bee\",\"name\":\"Jenny Louise Nod\u00e9n\",\"image\":{\"@type\":\"ImageObject\",\"inLanguage\":\"sv-SE\",\"@id\":\"https:\\\/\\\/datajenny.se\\\/Blogg\\\/wp-content\\\/uploads\\\/2025\\\/07\\\/wp-1751728308657.jpg\",\"url\":\"https:\\\/\\\/datajenny.se\\\/Blogg\\\/wp-content\\\/uploads\\\/2025\\\/07\\\/wp-1751728308657.jpg\",\"contentUrl\":\"https:\\\/\\\/datajenny.se\\\/Blogg\\\/wp-content\\\/uploads\\\/2025\\\/07\\\/wp-1751728308657.jpg\",\"width\":928,\"height\":928,\"caption\":\"Jenny Louise Nod\u00e9n\"},\"logo\":{\"@id\":\"https:\\\/\\\/datajenny.se\\\/Blogg\\\/wp-content\\\/uploads\\\/2025\\\/07\\\/wp-1751728308657.jpg\"},\"description\":\"Jag \u00e4r en tjej som oftast \u00e4r glad och \u00e4lskar livet, men den 18 januari 2005 s\u00e5 f\u00f6rs\u00f6kte jag ta mitt liv, jag orkade inte helt enkelt l\u00e4ngre. Men min f\u00e4stman hittade mig i duschen, han r\u00e4ddade livet p\u00e5 mig. Jag fick \u00e5ka in till akuten och blev magpumpad samt s\u00e5 fick jag \u00e4ta kr\u00e4ksirap. Hamnade sedan p\u00e5 S\u00e4ter och log d\u00e4r i fyra dagar. Idag \u00e4r jag glad f\u00f6r att han hittade mig, livet har s\u00e5 mycket att erbjuda. Jag bryr mig f\u00f6r mycket om andra, jag kommer alltid i andra hand hos mig sj\u00e4lv. Jag \u00e4r gift med en underbar man vid namn Magnus och vi har en son som heter Erik och \u00e4r f\u00f6dd juni 2018.\",\"sameAs\":[\"https:\\\/\\\/datajenny.se\\\/Blogg\",\"https:\\\/\\\/www.facebook.com\\\/datajenny\\\/\",\"https:\\\/\\\/www.instagram.com\\\/datajenny\\\/\",\"https:\\\/\\\/www.linkedin.com\\\/in\\\/jenny-louise-nodn-75324811b?\",\"https:\\\/\\\/youtube.com\\\/channel\\\/UCU00yswsJZcmgqfoON6pMwg\",\"https:\\\/\\\/datajenny.tumblr.com\\\/\"],\"url\":\"https:\\\/\\\/datajenny.se\\\/Blogg\\\/author\\\/jenny_louise\\\/\"}]}<\/script>\n<!-- \/ Yoast SEO plugin. -->","yoast_head_json":{"title":"En tur till Fagersta och tankar om s\u00f6mnrutiner - V\u00e4lkommen till JeLo","robots":{"index":"index","follow":"follow","max-snippet":"max-snippet:-1","max-image-preview":"max-image-preview:large","max-video-preview":"max-video-preview:-1"},"canonical":"https:\/\/datajenny.se\/Blogg\/2025\/07\/29\/en-tur-till-fagersta-och-tankar-om-somnrutiner\/","og_locale":"sv_SE","og_type":"article","og_title":"En tur till Fagersta och tankar om s\u00f6mnrutiner - V\u00e4lkommen till JeLo","og_description":"Idag tog jag en sv\u00e4ng sj\u00e4lv till Fagersta. Jag skulle h\u00e4mta ut ett paket, och n\u00e4r jag \u00e4nd\u00e5 var d\u00e4r passade jag p\u00e5 att hj\u00e4lpa morsan och farsan med att best\u00e4lla mediciner och f\u00f6rnya recept. Theresia var d\u00e4r ocks\u00e5, s\u00e5 det blev lite socialt mitt i allt det praktiska. Till lunch blev det klassiskt: makaroner [&hellip;]","og_url":"https:\/\/datajenny.se\/Blogg\/2025\/07\/29\/en-tur-till-fagersta-och-tankar-om-somnrutiner\/","og_site_name":"V\u00e4lkommen till JeLo","article_publisher":"https:\/\/www.facebook.com\/datajenny\/","article_author":"https:\/\/www.facebook.com\/datajenny\/","article_published_time":"2025-07-29T15:52:20+00:00","article_modified_time":"2025-09-06T19:05:47+00:00","og_image":[{"width":1200,"height":1600,"url":"https:\/\/datajenny.se\/Blogg\/wp-content\/uploads\/2025\/07\/20250729_095556.jpg","type":"image\/jpeg"}],"author":"Jenny Louise Nod\u00e9n","twitter_card":"summary_large_image","twitter_misc":{"Skriven av":"Jenny Louise Nod\u00e9n","Ber\u00e4knad l\u00e4stid":"3 minuter"},"schema":{"@context":"https:\/\/schema.org","@graph":[{"@type":"Article","@id":"https:\/\/datajenny.se\/Blogg\/2025\/07\/29\/en-tur-till-fagersta-och-tankar-om-somnrutiner\/#article","isPartOf":{"@id":"https:\/\/datajenny.se\/Blogg\/2025\/07\/29\/en-tur-till-fagersta-och-tankar-om-somnrutiner\/"},"author":{"name":"Jenny Louise Nod\u00e9n","@id":"https:\/\/datajenny.se\/Blogg\/#\/schema\/person\/da3cd1b9792c07c50c88641dcf976bee"},"headline":"En tur till Fagersta och tankar om s\u00f6mnrutiner","datePublished":"2025-07-29T15:52:20+00:00","dateModified":"2025-09-06T19:05:47+00:00","mainEntityOfPage":{"@id":"https:\/\/datajenny.se\/Blogg\/2025\/07\/29\/en-tur-till-fagersta-och-tankar-om-somnrutiner\/"},"wordCount":303,"commentCount":0,"publisher":{"@id":"https:\/\/datajenny.se\/Blogg\/#\/schema\/person\/da3cd1b9792c07c50c88641dcf976bee"},"image":{"@id":"https:\/\/datajenny.se\/Blogg\/2025\/07\/29\/en-tur-till-fagersta-och-tankar-om-somnrutiner\/#primaryimage"},"thumbnailUrl":"https:\/\/i0.wp.com\/datajenny.se\/Blogg\/wp-content\/uploads\/2025\/07\/20250729_095556.jpg?fit=1200%2C1600&ssl=1","keywords":["Blogg","Djur","Fagersta","Katter","Mat"],"articleSection":["Blogg","Djur","Fagersta","Katter","Mat"],"inLanguage":"sv-SE","potentialAction":[{"@type":"CommentAction","name":"Comment","target":["https:\/\/datajenny.se\/Blogg\/2025\/07\/29\/en-tur-till-fagersta-och-tankar-om-somnrutiner\/#respond"]}]},{"@type":"WebPage","@id":"https:\/\/datajenny.se\/Blogg\/2025\/07\/29\/en-tur-till-fagersta-och-tankar-om-somnrutiner\/","url":"https:\/\/datajenny.se\/Blogg\/2025\/07\/29\/en-tur-till-fagersta-och-tankar-om-somnrutiner\/","name":"En tur till Fagersta och tankar om s\u00f6mnrutiner - V\u00e4lkommen till JeLo","isPartOf":{"@id":"https:\/\/datajenny.se\/Blogg\/#website"},"primaryImageOfPage":{"@id":"https:\/\/datajenny.se\/Blogg\/2025\/07\/29\/en-tur-till-fagersta-och-tankar-om-somnrutiner\/#primaryimage"},"image":{"@id":"https:\/\/datajenny.se\/Blogg\/2025\/07\/29\/en-tur-till-fagersta-och-tankar-om-somnrutiner\/#primaryimage"},"thumbnailUrl":"https:\/\/i0.wp.com\/datajenny.se\/Blogg\/wp-content\/uploads\/2025\/07\/20250729_095556.jpg?fit=1200%2C1600&ssl=1","datePublished":"2025-07-29T15:52:20+00:00","dateModified":"2025-09-06T19:05:47+00:00","breadcrumb":{"@id":"https:\/\/datajenny.se\/Blogg\/2025\/07\/29\/en-tur-till-fagersta-och-tankar-om-somnrutiner\/#breadcrumb"},"inLanguage":"sv-SE","potentialAction":[{"@type":"ReadAction","target":["https:\/\/datajenny.se\/Blogg\/2025\/07\/29\/en-tur-till-fagersta-och-tankar-om-somnrutiner\/"]}]},{"@type":"ImageObject","inLanguage":"sv-SE","@id":"https:\/\/datajenny.se\/Blogg\/2025\/07\/29\/en-tur-till-fagersta-och-tankar-om-somnrutiner\/#primaryimage","url":"https:\/\/i0.wp.com\/datajenny.se\/Blogg\/wp-content\/uploads\/2025\/07\/20250729_095556.jpg?fit=1200%2C1600&ssl=1","contentUrl":"https:\/\/i0.wp.com\/datajenny.se\/Blogg\/wp-content\/uploads\/2025\/07\/20250729_095556.jpg?fit=1200%2C1600&ssl=1","width":1200,"height":1600},{"@type":"BreadcrumbList","@id":"https:\/\/datajenny.se\/Blogg\/2025\/07\/29\/en-tur-till-fagersta-och-tankar-om-somnrutiner\/#breadcrumb","itemListElement":[{"@type":"ListItem","position":1,"name":"Hem","item":"https:\/\/datajenny.se\/Blogg\/"},{"@type":"ListItem","position":2,"name":"En tur till Fagersta och tankar om s\u00f6mnrutiner"}]},{"@type":"WebSite","@id":"https:\/\/datajenny.se\/Blogg\/#website","url":"https:\/\/datajenny.se\/Blogg\/","name":"V\u00e4lkommen till Jenny Louises blogg","description":"Jenny Louises blogg","publisher":{"@id":"https:\/\/datajenny.se\/Blogg\/#\/schema\/person\/da3cd1b9792c07c50c88641dcf976bee"},"potentialAction":[{"@type":"SearchAction","target":{"@type":"EntryPoint","urlTemplate":"https:\/\/datajenny.se\/Blogg\/?s={search_term_string}"},"query-input":{"@type":"PropertyValueSpecification","valueRequired":true,"valueName":"search_term_string"}}],"inLanguage":"sv-SE"},{"@type":["Person","Organization"],"@id":"https:\/\/datajenny.se\/Blogg\/#\/schema\/person\/da3cd1b9792c07c50c88641dcf976bee","name":"Jenny Louise Nod\u00e9n","image":{"@type":"ImageObject","inLanguage":"sv-SE","@id":"https:\/\/datajenny.se\/Blogg\/wp-content\/uploads\/2025\/07\/wp-1751728308657.jpg","url":"https:\/\/datajenny.se\/Blogg\/wp-content\/uploads\/2025\/07\/wp-1751728308657.jpg","contentUrl":"https:\/\/datajenny.se\/Blogg\/wp-content\/uploads\/2025\/07\/wp-1751728308657.jpg","width":928,"height":928,"caption":"Jenny Louise Nod\u00e9n"},"logo":{"@id":"https:\/\/datajenny.se\/Blogg\/wp-content\/uploads\/2025\/07\/wp-1751728308657.jpg"},"description":"Jag \u00e4r en tjej som oftast \u00e4r glad och \u00e4lskar livet, men den 18 januari 2005 s\u00e5 f\u00f6rs\u00f6kte jag ta mitt liv, jag orkade inte helt enkelt l\u00e4ngre. Men min f\u00e4stman hittade mig i duschen, han r\u00e4ddade livet p\u00e5 mig. Jag fick \u00e5ka in till akuten och blev magpumpad samt s\u00e5 fick jag \u00e4ta kr\u00e4ksirap. Hamnade sedan p\u00e5 S\u00e4ter och log d\u00e4r i fyra dagar. Idag \u00e4r jag glad f\u00f6r att han hittade mig, livet har s\u00e5 mycket att erbjuda. Jag bryr mig f\u00f6r mycket om andra, jag kommer alltid i andra hand hos mig sj\u00e4lv. Jag \u00e4r gift med en underbar man vid namn Magnus och vi har en son som heter Erik och \u00e4r f\u00f6dd juni 2018.","sameAs":["https:\/\/datajenny.se\/Blogg","https:\/\/www.facebook.com\/datajenny\/","https:\/\/www.instagram.com\/datajenny\/","https:\/\/www.linkedin.com\/in\/jenny-louise-nodn-75324811b?","https:\/\/youtube.com\/channel\/UCU00yswsJZcmgqfoON6pMwg","https:\/\/datajenny.tumblr.com\/"],"url":"https:\/\/datajenny.se\/Blogg\/author\/jenny_louise\/"}]}},"jetpack_publicize_connections":[],"jetpack_featured_media_url":"https:\/\/i0.wp.com\/datajenny.se\/Blogg\/wp-content\/uploads\/2025\/07\/20250729_095556.jpg?fit=1200%2C1600&ssl=1","jetpack_sharing_enabled":true,"jetpack_likes_enabled":true,"_links":{"self":[{"href":"https:\/\/datajenny.se\/Blogg\/wp-json\/wp\/v2\/posts\/2168","targetHints":{"allow":["GET"]}}],"collection":[{"href":"https:\/\/datajenny.se\/Blogg\/wp-json\/wp\/v2\/posts"}],"about":[{"href":"https:\/\/datajenny.se\/Blogg\/wp-json\/wp\/v2\/types\/post"}],"author":[{"embeddable":true,"href":"https:\/\/datajenny.se\/Blogg\/wp-json\/wp\/v2\/users\/1"}],"replies":[{"embeddable":true,"href":"https:\/\/datajenny.se\/Blogg\/wp-json\/wp\/v2\/comments?post=2168"}],"version-history":[{"count":2,"href":"https:\/\/datajenny.se\/Blogg\/wp-json\/wp\/v2\/posts\/2168\/revisions"}],"predecessor-version":[{"id":3183,"href":"https:\/\/datajenny.se\/Blogg\/wp-json\/wp\/v2\/posts\/2168\/revisions\/3183"}],"wp:featuredmedia":[{"embeddable":true,"href":"https:\/\/datajenny.se\/Blogg\/wp-json\/wp\/v2\/media\/2167"}],"wp:attachment":[{"href":"https:\/\/datajenny.se\/Blogg\/wp-json\/wp\/v2\/media?parent=2168"}],"wp:term":[{"taxonomy":"category","embeddable":true,"href":"https:\/\/datajenny.se\/Blogg\/wp-json\/wp\/v2\/categories?post=2168"},{"taxonomy":"post_tag","embeddable":true,"href":"https:\/\/datajenny.se\/Blogg\/wp-json\/wp\/v2\/tags?post=2168"}],"curies":[{"name":"wp","href":"https:\/\/api.w.org\/{rel}","templated":true}]}}