{"id":2514,"date":"2025-08-13T18:52:58","date_gmt":"2025-08-13T16:52:58","guid":{"rendered":"https:\/\/datajenny.se\/Blogg\/?p=2514"},"modified":"2025-09-06T09:35:54","modified_gmt":"2025-09-06T07:35:54","slug":"24-ar-tillsammans-var-karlekshistoria-%e2%9d%a4%ef%b8%8f","status":"publish","type":"post","link":"https:\/\/datajenny.se\/Blogg\/2025\/08\/13\/24-ar-tillsammans-var-karlekshistoria-%e2%9d%a4%ef%b8%8f\/","title":{"rendered":"24 \u00e5r tillsammans \u2013 v\u00e5r k\u00e4rlekshistoria \u2764\ufe0f<br>"},"content":{"rendered":"\n<p>Idag \u00e4r det precis 24 \u00e5r sedan jag och min man blev tillsammans \u2013 den 13 augusti 2001.<\/p>\n\n\n\n<!--more-->\n\n\n\n<p>Tv\u00e5 dagar innan hade jag svarat p\u00e5 hans kontaktannons, jag minns inte om det var p\u00e5 Passagen eller SprayDate, men det var i alla fall en av de d\u00e4r dejtingsidorna som inte l\u00e4ngre finns.<br><br>Dagen efter mitt svar ringde vi upp varandra f\u00f6r f\u00f6rsta g\u00e5ngen. Han hade egentligen inte tid att prata just d\u00e5 \u2013 han skulle iv\u00e4g och fiska \u2013 men lovade att ringa tillbaka. Och det gjorde han. Kl. 20 p\u00e5 kv\u00e4llen b\u00f6rjade vi prata\u2026 och vi pratade hela kv\u00e4llen och natten. N\u00e4r klockan slog 06 var vi tvungna att l\u00e4gga p\u00e5, f\u00f6r jag skulle b\u00f6rja jobba 07. Den natten blev det allts\u00e5 ingen s\u00f6mn alls.<br><br>Efter jobbet samma dag, f\u00f6r exakt 24 \u00e5r sedan, kom han hem till mig. Sedan dess har vi varit tillsammans. \u2764\ufe0f<br><br>Vi flyttade ihop den 1 januari 2003, n\u00e4r jag valde att inte f\u00f6rl\u00e4nga mitt jobb i Fagersta och ist\u00e4llet flyttade hem till honom i Ludvika.<br>Den 1 januari 2005 f\u00f6rlovade vi oss p\u00e5 en fest i Stockholm.<br>Och den 2 januari 2006 gifte vi oss i stadshuset. <\/p>\n\n\n<div style=\"width: 100%; \" class=\"ub-advanced-video-container wp-block-ub-advanced-video\" id=\"ub-advanced-video-db884aef-35c6-452f-a0bd-37c47fc73f31\"><div class=\"ub-advanced-video-embed ub-advanced-video-autofit-youtube\" style=\"box-shadow: 0px -0px 0px 0px rgba(0, 0, 0, 1); border-top: 25px solid #cf2e2e; border-left: 25px solid #cf2e2e; border-right: 25px solid #cf2e2e; border-bottom: 25px solid #cf2e2e; border-top-left-radius: 15px; border-top-right-radius: 15px; border-bottom-left-radius: 15px; border-bottom-right-radius: 15px; --ub-advanced-video-aspect-ratio: 480\/360; \"><iframe loading=\"lazy\" width=\"480\" height=\"360\" src=\"\/\/www.youtube.com\/embed\/5qaMPFgCn9M\" frameborder=\"0\" allow=\"accelerometer; autoplay; clipboard-write; encrypted-media; gyroscope; picture-in-picture; web-share\" referrerpolicy=\"strict-origin-when-cross-origin\" allowfullscreen><\/iframe><\/div><\/div>\n\n\n<p><\/p>\n\n\n\n<p>T\u00e4nk att en kontaktannons p\u00e5 n\u00e4tet kunde leda till allt detta. 24 \u00e5r av k\u00e4rlek, skratt, vardag och liv tillsammans. Jag \u00e4r s\u00e5 tacksam f\u00f6r att jag v\u00e5gade svara den d\u00e4r dagen i augusti. \ud83d\udc95<\/p>\n\n\n<div class=\"wp-block-image\">\n<figure data-wp-context=\"{&quot;imageId&quot;:&quot;69f4ce9c4c06e&quot;}\" data-wp-interactive=\"core\/image\" data-wp-key=\"69f4ce9c4c06e\" class=\"aligncenter size-medium is-resized wp-lightbox-container\"><img data-recalc-dims=\"1\" loading=\"lazy\" decoding=\"async\" width=\"400\" height=\"300\" data-wp-class--hide=\"state.isContentHidden\" data-wp-class--show=\"state.isContentVisible\" data-wp-init=\"callbacks.setButtonStyles\" data-wp-on--click=\"actions.showLightbox\" data-wp-on--load=\"callbacks.setButtonStyles\" data-wp-on-window--resize=\"callbacks.setButtonStyles\" src=\"https:\/\/i0.wp.com\/datajenny.se\/Blogg\/wp-content\/uploads\/2025\/08\/messenger_creation_b069c165-9b3b-425f-b1e4-385142a8da97281292875710436474219095.jpg?resize=400%2C300&#038;ssl=1\" alt=\"\" class=\"wp-image-2516\" style=\"width:450px\" srcset=\"https:\/\/i0.wp.com\/datajenny.se\/Blogg\/wp-content\/uploads\/2025\/08\/messenger_creation_b069c165-9b3b-425f-b1e4-385142a8da97281292875710436474219095.jpg?resize=400%2C300&amp;ssl=1 400w, https:\/\/i0.wp.com\/datajenny.se\/Blogg\/wp-content\/uploads\/2025\/08\/messenger_creation_b069c165-9b3b-425f-b1e4-385142a8da97281292875710436474219095.jpg?w=614&amp;ssl=1 614w\" sizes=\"auto, (max-width: 400px) 100vw, 400px\" \/><button\n\t\t\tclass=\"lightbox-trigger\"\n\t\t\ttype=\"button\"\n\t\t\taria-haspopup=\"dialog\"\n\t\t\taria-label=\"F\u00f6rstora\"\n\t\t\tdata-wp-init=\"callbacks.initTriggerButton\"\n\t\t\tdata-wp-on--click=\"actions.showLightbox\"\n\t\t\tdata-wp-style--right=\"state.imageButtonRight\"\n\t\t\tdata-wp-style--top=\"state.imageButtonTop\"\n\t\t>\n\t\t\t<svg xmlns=\"http:\/\/www.w3.org\/2000\/svg\" width=\"12\" height=\"12\" fill=\"none\" viewBox=\"0 0 12 12\">\n\t\t\t\t<path fill=\"#fff\" d=\"M2 0a2 2 0 0 0-2 2v2h1.5V2a.5.5 0 0 1 .5-.5h2V0H2Zm2 10.5H2a.5.5 0 0 1-.5-.5V8H0v2a2 2 0 0 0 2 2h2v-1.5ZM8 12v-1.5h2a.5.5 0 0 0 .5-.5V8H12v2a2 2 0 0 1-2 2H8Zm2-12a2 2 0 0 1 2 2v2h-1.5V2a.5.5 0 0 0-.5-.5H8V0h2Z\" \/>\n\t\t\t<\/svg>\n\t\t<\/button><figcaption class=\"wp-element-caption\">24 \u00e5r senare s\u00e5 \u00e4r det vi tre. <\/figcaption><\/figure>\n<\/div>\n\n<div class=\"wp-block-ub-divider ub_divider ub-divider-orientation-horizontal\" id=\"ub_divider_a99c9a51-598c-4af2-98ae-922f0e334ee6\"><div class=\"ub_divider_wrapper\" style=\"position: relative; margin-bottom: 2px; width: 100%; height: 2px; \" data-divider-alignment=\"center\"><div class=\"ub_divider_line\" style=\"border-top: 10px dotted #00d084; margin-top: 2px; \"><\/div><\/div><\/div>\n\n\n<p><\/p>\n\n\n\n<h2 class=\"wp-block-heading\">Dikt<\/h2>\n\n\n\n<p><em>Tv\u00e5 ord p\u00e5 en sk\u00e4rm,<\/em><br><em>ett svar i augustis ljus.<\/em><br><em>En r\u00f6st genom natten,<\/em><br><em>utan s\u00f6mn men full av rus.<\/em><\/p>\n\n\n\n<p><em>Fr\u00e5n f\u00f6rsta m\u00f6tet,<\/em><br><em>till hem och ring p\u00e5 hand,<\/em><br><em>har v\u00e5ra hj\u00e4rtan rest tillsammans,<\/em><br><em>genom tid och genom land.<\/em><\/p>\n\n\n\n<p><em>Idag, tjugofyra \u00e5r senare,<\/em><br><em>st\u00e5r vi h\u00e4r, du och jag,<\/em><br><em>med k\u00e4rlek som vuxit,<\/em><br><em>varje steg, varje dag. \u2764\ufe0f<\/em><\/p>\n\n\n\n<img data-recalc-dims=\"1\" loading=\"lazy\" decoding=\"async\" style=\"opacity: 0;\" superb-addons-animation=\"zoomIn\" src=\"https:\/\/i0.wp.com\/datajenny.se\/Blogg\/wp-content\/uploads\/2025\/07\/1000012255.png?resize=180%2C53&#038;ssl=1\" alt=\"Signatur\" width=\"180\" height=\"53\">\n\n\n\n<p><\/p>\n","protected":false},"excerpt":{"rendered":"<p>Idag \u00e4r det precis 24 \u00e5r sedan jag och min man blev tillsammans \u2013 den 13 augusti 2001.<\/p>\n","protected":false},"author":1,"featured_media":2516,"comment_status":"open","ping_status":"open","sticky":false,"template":"","format":"standard","meta":{"ngg_post_thumbnail":0,"jetpack_post_was_ever_published":false,"_jetpack_newsletter_access":"","_jetpack_dont_email_post_to_subs":false,"_jetpack_newsletter_tier_id":0,"_jetpack_memberships_contains_paywalled_content":false,"_jetpack_memberships_contains_paid_content":false,"footnotes":"","jetpack_publicize_message":"","jetpack_publicize_feature_enabled":true,"jetpack_social_post_already_shared":true,"jetpack_social_options":{"image_generator_settings":{"template":"highway","default_image_id":0,"font":"","enabled":false},"version":2}},"categories":[170,8],"tags":[171,9],"class_list":["post-2514","post","type-post","status-publish","format-standard","has-post-thumbnail","hentry","category-arsdag","category-blogg","tag-arsdag","tag-blogg"],"featured_image_src":"https:\/\/i0.wp.com\/datajenny.se\/Blogg\/wp-content\/uploads\/2025\/08\/messenger_creation_b069c165-9b3b-425f-b1e4-385142a8da97281292875710436474219095.jpg?fit=614%2C460&ssl=1","author_info":{"display_name":"Jenny Louise Nod\u00e9n","author_link":"https:\/\/datajenny.se\/Blogg\/author\/jenny_louise\/"},"yoast_head":"<!-- This site is optimized with the Yoast SEO plugin v27.3 - https:\/\/yoast.com\/product\/yoast-seo-wordpress\/ -->\n<title>24 \u00e5r tillsammans \u2013 v\u00e5r k\u00e4rlekshistoria \u2764\ufe0f - V\u00e4lkommen till JeLo<\/title>\n<meta name=\"robots\" content=\"index, follow, max-snippet:-1, max-image-preview:large, max-video-preview:-1\" \/>\n<link rel=\"canonical\" href=\"https:\/\/datajenny.se\/Blogg\/2025\/08\/13\/24-ar-tillsammans-var-karlekshistoria-\u2764\ufe0f\/\" \/>\n<meta property=\"og:locale\" content=\"sv_SE\" \/>\n<meta property=\"og:type\" content=\"article\" \/>\n<meta property=\"og:title\" content=\"24 \u00e5r tillsammans \u2013 v\u00e5r k\u00e4rlekshistoria \u2764\ufe0f - V\u00e4lkommen till JeLo\" \/>\n<meta property=\"og:description\" content=\"Idag \u00e4r det precis 24 \u00e5r sedan jag och min man blev tillsammans \u2013 den 13 augusti 2001.\" \/>\n<meta property=\"og:url\" content=\"https:\/\/datajenny.se\/Blogg\/2025\/08\/13\/24-ar-tillsammans-var-karlekshistoria-\u2764\ufe0f\/\" \/>\n<meta property=\"og:site_name\" content=\"V\u00e4lkommen till JeLo\" \/>\n<meta property=\"article:publisher\" content=\"https:\/\/www.facebook.com\/datajenny\/\" \/>\n<meta property=\"article:author\" content=\"https:\/\/www.facebook.com\/datajenny\/\" \/>\n<meta property=\"article:published_time\" content=\"2025-08-13T16:52:58+00:00\" \/>\n<meta property=\"article:modified_time\" content=\"2025-09-06T07:35:54+00:00\" \/>\n<meta property=\"og:image\" content=\"https:\/\/datajenny.se\/Blogg\/wp-content\/uploads\/2025\/08\/messenger_creation_b069c165-9b3b-425f-b1e4-385142a8da97281292875710436474219095.jpg\" \/>\n\t<meta property=\"og:image:width\" content=\"614\" \/>\n\t<meta property=\"og:image:height\" content=\"460\" \/>\n\t<meta property=\"og:image:type\" content=\"image\/jpeg\" \/>\n<meta name=\"author\" content=\"Jenny Louise Nod\u00e9n\" \/>\n<meta name=\"twitter:card\" content=\"summary_large_image\" \/>\n<meta name=\"twitter:label1\" content=\"Skriven av\" \/>\n\t<meta name=\"twitter:data1\" content=\"Jenny Louise Nod\u00e9n\" \/>\n\t<meta name=\"twitter:label2\" content=\"Ber\u00e4knad l\u00e4stid\" \/>\n\t<meta name=\"twitter:data2\" content=\"3 minuter\" \/>\n<script type=\"application\/ld+json\" class=\"yoast-schema-graph\">{\"@context\":\"https:\\\/\\\/schema.org\",\"@graph\":[{\"@type\":\"Article\",\"@id\":\"https:\\\/\\\/datajenny.se\\\/Blogg\\\/2025\\\/08\\\/13\\\/24-ar-tillsammans-var-karlekshistoria-%e2%9d%a4%ef%b8%8f\\\/#article\",\"isPartOf\":{\"@id\":\"https:\\\/\\\/datajenny.se\\\/Blogg\\\/2025\\\/08\\\/13\\\/24-ar-tillsammans-var-karlekshistoria-%e2%9d%a4%ef%b8%8f\\\/\"},\"author\":{\"name\":\"Jenny Louise Nod\u00e9n\",\"@id\":\"https:\\\/\\\/datajenny.se\\\/Blogg\\\/#\\\/schema\\\/person\\\/da3cd1b9792c07c50c88641dcf976bee\"},\"headline\":\"24 \u00e5r tillsammans \u2013 v\u00e5r k\u00e4rlekshistoria \u2764\ufe0f\",\"datePublished\":\"2025-08-13T16:52:58+00:00\",\"dateModified\":\"2025-09-06T07:35:54+00:00\",\"mainEntityOfPage\":{\"@id\":\"https:\\\/\\\/datajenny.se\\\/Blogg\\\/2025\\\/08\\\/13\\\/24-ar-tillsammans-var-karlekshistoria-%e2%9d%a4%ef%b8%8f\\\/\"},\"wordCount\":318,\"commentCount\":0,\"publisher\":{\"@id\":\"https:\\\/\\\/datajenny.se\\\/Blogg\\\/#\\\/schema\\\/person\\\/da3cd1b9792c07c50c88641dcf976bee\"},\"image\":{\"@id\":\"https:\\\/\\\/datajenny.se\\\/Blogg\\\/2025\\\/08\\\/13\\\/24-ar-tillsammans-var-karlekshistoria-%e2%9d%a4%ef%b8%8f\\\/#primaryimage\"},\"thumbnailUrl\":\"https:\\\/\\\/i0.wp.com\\\/datajenny.se\\\/Blogg\\\/wp-content\\\/uploads\\\/2025\\\/08\\\/messenger_creation_b069c165-9b3b-425f-b1e4-385142a8da97281292875710436474219095.jpg?fit=614%2C460&ssl=1\",\"keywords\":[\"\u00c5rsdag\",\"Blogg\"],\"articleSection\":[\"\u00c5rsdag\",\"Blogg\"],\"inLanguage\":\"sv-SE\",\"potentialAction\":[{\"@type\":\"CommentAction\",\"name\":\"Comment\",\"target\":[\"https:\\\/\\\/datajenny.se\\\/Blogg\\\/2025\\\/08\\\/13\\\/24-ar-tillsammans-var-karlekshistoria-%e2%9d%a4%ef%b8%8f\\\/#respond\"]}]},{\"@type\":\"WebPage\",\"@id\":\"https:\\\/\\\/datajenny.se\\\/Blogg\\\/2025\\\/08\\\/13\\\/24-ar-tillsammans-var-karlekshistoria-%e2%9d%a4%ef%b8%8f\\\/\",\"url\":\"https:\\\/\\\/datajenny.se\\\/Blogg\\\/2025\\\/08\\\/13\\\/24-ar-tillsammans-var-karlekshistoria-%e2%9d%a4%ef%b8%8f\\\/\",\"name\":\"24 \u00e5r tillsammans \u2013 v\u00e5r k\u00e4rlekshistoria \u2764\ufe0f - V\u00e4lkommen till JeLo\",\"isPartOf\":{\"@id\":\"https:\\\/\\\/datajenny.se\\\/Blogg\\\/#website\"},\"primaryImageOfPage\":{\"@id\":\"https:\\\/\\\/datajenny.se\\\/Blogg\\\/2025\\\/08\\\/13\\\/24-ar-tillsammans-var-karlekshistoria-%e2%9d%a4%ef%b8%8f\\\/#primaryimage\"},\"image\":{\"@id\":\"https:\\\/\\\/datajenny.se\\\/Blogg\\\/2025\\\/08\\\/13\\\/24-ar-tillsammans-var-karlekshistoria-%e2%9d%a4%ef%b8%8f\\\/#primaryimage\"},\"thumbnailUrl\":\"https:\\\/\\\/i0.wp.com\\\/datajenny.se\\\/Blogg\\\/wp-content\\\/uploads\\\/2025\\\/08\\\/messenger_creation_b069c165-9b3b-425f-b1e4-385142a8da97281292875710436474219095.jpg?fit=614%2C460&ssl=1\",\"datePublished\":\"2025-08-13T16:52:58+00:00\",\"dateModified\":\"2025-09-06T07:35:54+00:00\",\"breadcrumb\":{\"@id\":\"https:\\\/\\\/datajenny.se\\\/Blogg\\\/2025\\\/08\\\/13\\\/24-ar-tillsammans-var-karlekshistoria-%e2%9d%a4%ef%b8%8f\\\/#breadcrumb\"},\"inLanguage\":\"sv-SE\",\"potentialAction\":[{\"@type\":\"ReadAction\",\"target\":[\"https:\\\/\\\/datajenny.se\\\/Blogg\\\/2025\\\/08\\\/13\\\/24-ar-tillsammans-var-karlekshistoria-%e2%9d%a4%ef%b8%8f\\\/\"]}]},{\"@type\":\"ImageObject\",\"inLanguage\":\"sv-SE\",\"@id\":\"https:\\\/\\\/datajenny.se\\\/Blogg\\\/2025\\\/08\\\/13\\\/24-ar-tillsammans-var-karlekshistoria-%e2%9d%a4%ef%b8%8f\\\/#primaryimage\",\"url\":\"https:\\\/\\\/i0.wp.com\\\/datajenny.se\\\/Blogg\\\/wp-content\\\/uploads\\\/2025\\\/08\\\/messenger_creation_b069c165-9b3b-425f-b1e4-385142a8da97281292875710436474219095.jpg?fit=614%2C460&ssl=1\",\"contentUrl\":\"https:\\\/\\\/i0.wp.com\\\/datajenny.se\\\/Blogg\\\/wp-content\\\/uploads\\\/2025\\\/08\\\/messenger_creation_b069c165-9b3b-425f-b1e4-385142a8da97281292875710436474219095.jpg?fit=614%2C460&ssl=1\",\"width\":614,\"height\":460},{\"@type\":\"BreadcrumbList\",\"@id\":\"https:\\\/\\\/datajenny.se\\\/Blogg\\\/2025\\\/08\\\/13\\\/24-ar-tillsammans-var-karlekshistoria-%e2%9d%a4%ef%b8%8f\\\/#breadcrumb\",\"itemListElement\":[{\"@type\":\"ListItem\",\"position\":1,\"name\":\"Hem\",\"item\":\"https:\\\/\\\/datajenny.se\\\/Blogg\\\/\"},{\"@type\":\"ListItem\",\"position\":2,\"name\":\"24 \u00e5r tillsammans \u2013 v\u00e5r k\u00e4rlekshistoria \u2764\ufe0f\"}]},{\"@type\":\"WebSite\",\"@id\":\"https:\\\/\\\/datajenny.se\\\/Blogg\\\/#website\",\"url\":\"https:\\\/\\\/datajenny.se\\\/Blogg\\\/\",\"name\":\"V\u00e4lkommen till Jenny Louises blogg\",\"description\":\"Jenny Louises blogg\",\"publisher\":{\"@id\":\"https:\\\/\\\/datajenny.se\\\/Blogg\\\/#\\\/schema\\\/person\\\/da3cd1b9792c07c50c88641dcf976bee\"},\"potentialAction\":[{\"@type\":\"SearchAction\",\"target\":{\"@type\":\"EntryPoint\",\"urlTemplate\":\"https:\\\/\\\/datajenny.se\\\/Blogg\\\/?s={search_term_string}\"},\"query-input\":{\"@type\":\"PropertyValueSpecification\",\"valueRequired\":true,\"valueName\":\"search_term_string\"}}],\"inLanguage\":\"sv-SE\"},{\"@type\":[\"Person\",\"Organization\"],\"@id\":\"https:\\\/\\\/datajenny.se\\\/Blogg\\\/#\\\/schema\\\/person\\\/da3cd1b9792c07c50c88641dcf976bee\",\"name\":\"Jenny Louise Nod\u00e9n\",\"image\":{\"@type\":\"ImageObject\",\"inLanguage\":\"sv-SE\",\"@id\":\"https:\\\/\\\/datajenny.se\\\/Blogg\\\/wp-content\\\/uploads\\\/2025\\\/07\\\/wp-1751728308657.jpg\",\"url\":\"https:\\\/\\\/datajenny.se\\\/Blogg\\\/wp-content\\\/uploads\\\/2025\\\/07\\\/wp-1751728308657.jpg\",\"contentUrl\":\"https:\\\/\\\/datajenny.se\\\/Blogg\\\/wp-content\\\/uploads\\\/2025\\\/07\\\/wp-1751728308657.jpg\",\"width\":928,\"height\":928,\"caption\":\"Jenny Louise Nod\u00e9n\"},\"logo\":{\"@id\":\"https:\\\/\\\/datajenny.se\\\/Blogg\\\/wp-content\\\/uploads\\\/2025\\\/07\\\/wp-1751728308657.jpg\"},\"description\":\"Jag \u00e4r en tjej som oftast \u00e4r glad och \u00e4lskar livet, men den 18 januari 2005 s\u00e5 f\u00f6rs\u00f6kte jag ta mitt liv, jag orkade inte helt enkelt l\u00e4ngre. Men min f\u00e4stman hittade mig i duschen, han r\u00e4ddade livet p\u00e5 mig. Jag fick \u00e5ka in till akuten och blev magpumpad samt s\u00e5 fick jag \u00e4ta kr\u00e4ksirap. Hamnade sedan p\u00e5 S\u00e4ter och log d\u00e4r i fyra dagar. Idag \u00e4r jag glad f\u00f6r att han hittade mig, livet har s\u00e5 mycket att erbjuda. Jag bryr mig f\u00f6r mycket om andra, jag kommer alltid i andra hand hos mig sj\u00e4lv. Jag \u00e4r gift med en underbar man vid namn Magnus och vi har en son som heter Erik och \u00e4r f\u00f6dd juni 2018.\",\"sameAs\":[\"https:\\\/\\\/datajenny.se\\\/Blogg\",\"https:\\\/\\\/www.facebook.com\\\/datajenny\\\/\",\"https:\\\/\\\/www.instagram.com\\\/datajenny\\\/\",\"https:\\\/\\\/www.linkedin.com\\\/in\\\/jenny-louise-nodn-75324811b?\",\"https:\\\/\\\/youtube.com\\\/channel\\\/UCU00yswsJZcmgqfoON6pMwg\",\"https:\\\/\\\/datajenny.tumblr.com\\\/\"],\"url\":\"https:\\\/\\\/datajenny.se\\\/Blogg\\\/author\\\/jenny_louise\\\/\"}]}<\/script>\n<!-- \/ Yoast SEO plugin. -->","yoast_head_json":{"title":"24 \u00e5r tillsammans \u2013 v\u00e5r k\u00e4rlekshistoria \u2764\ufe0f - V\u00e4lkommen till JeLo","robots":{"index":"index","follow":"follow","max-snippet":"max-snippet:-1","max-image-preview":"max-image-preview:large","max-video-preview":"max-video-preview:-1"},"canonical":"https:\/\/datajenny.se\/Blogg\/2025\/08\/13\/24-ar-tillsammans-var-karlekshistoria-\u2764\ufe0f\/","og_locale":"sv_SE","og_type":"article","og_title":"24 \u00e5r tillsammans \u2013 v\u00e5r k\u00e4rlekshistoria \u2764\ufe0f - V\u00e4lkommen till JeLo","og_description":"Idag \u00e4r det precis 24 \u00e5r sedan jag och min man blev tillsammans \u2013 den 13 augusti 2001.","og_url":"https:\/\/datajenny.se\/Blogg\/2025\/08\/13\/24-ar-tillsammans-var-karlekshistoria-\u2764\ufe0f\/","og_site_name":"V\u00e4lkommen till JeLo","article_publisher":"https:\/\/www.facebook.com\/datajenny\/","article_author":"https:\/\/www.facebook.com\/datajenny\/","article_published_time":"2025-08-13T16:52:58+00:00","article_modified_time":"2025-09-06T07:35:54+00:00","og_image":[{"width":614,"height":460,"url":"https:\/\/datajenny.se\/Blogg\/wp-content\/uploads\/2025\/08\/messenger_creation_b069c165-9b3b-425f-b1e4-385142a8da97281292875710436474219095.jpg","type":"image\/jpeg"}],"author":"Jenny Louise Nod\u00e9n","twitter_card":"summary_large_image","twitter_misc":{"Skriven av":"Jenny Louise Nod\u00e9n","Ber\u00e4knad l\u00e4stid":"3 minuter"},"schema":{"@context":"https:\/\/schema.org","@graph":[{"@type":"Article","@id":"https:\/\/datajenny.se\/Blogg\/2025\/08\/13\/24-ar-tillsammans-var-karlekshistoria-%e2%9d%a4%ef%b8%8f\/#article","isPartOf":{"@id":"https:\/\/datajenny.se\/Blogg\/2025\/08\/13\/24-ar-tillsammans-var-karlekshistoria-%e2%9d%a4%ef%b8%8f\/"},"author":{"name":"Jenny Louise Nod\u00e9n","@id":"https:\/\/datajenny.se\/Blogg\/#\/schema\/person\/da3cd1b9792c07c50c88641dcf976bee"},"headline":"24 \u00e5r tillsammans \u2013 v\u00e5r k\u00e4rlekshistoria \u2764\ufe0f","datePublished":"2025-08-13T16:52:58+00:00","dateModified":"2025-09-06T07:35:54+00:00","mainEntityOfPage":{"@id":"https:\/\/datajenny.se\/Blogg\/2025\/08\/13\/24-ar-tillsammans-var-karlekshistoria-%e2%9d%a4%ef%b8%8f\/"},"wordCount":318,"commentCount":0,"publisher":{"@id":"https:\/\/datajenny.se\/Blogg\/#\/schema\/person\/da3cd1b9792c07c50c88641dcf976bee"},"image":{"@id":"https:\/\/datajenny.se\/Blogg\/2025\/08\/13\/24-ar-tillsammans-var-karlekshistoria-%e2%9d%a4%ef%b8%8f\/#primaryimage"},"thumbnailUrl":"https:\/\/i0.wp.com\/datajenny.se\/Blogg\/wp-content\/uploads\/2025\/08\/messenger_creation_b069c165-9b3b-425f-b1e4-385142a8da97281292875710436474219095.jpg?fit=614%2C460&ssl=1","keywords":["\u00c5rsdag","Blogg"],"articleSection":["\u00c5rsdag","Blogg"],"inLanguage":"sv-SE","potentialAction":[{"@type":"CommentAction","name":"Comment","target":["https:\/\/datajenny.se\/Blogg\/2025\/08\/13\/24-ar-tillsammans-var-karlekshistoria-%e2%9d%a4%ef%b8%8f\/#respond"]}]},{"@type":"WebPage","@id":"https:\/\/datajenny.se\/Blogg\/2025\/08\/13\/24-ar-tillsammans-var-karlekshistoria-%e2%9d%a4%ef%b8%8f\/","url":"https:\/\/datajenny.se\/Blogg\/2025\/08\/13\/24-ar-tillsammans-var-karlekshistoria-%e2%9d%a4%ef%b8%8f\/","name":"24 \u00e5r tillsammans \u2013 v\u00e5r k\u00e4rlekshistoria \u2764\ufe0f - V\u00e4lkommen till JeLo","isPartOf":{"@id":"https:\/\/datajenny.se\/Blogg\/#website"},"primaryImageOfPage":{"@id":"https:\/\/datajenny.se\/Blogg\/2025\/08\/13\/24-ar-tillsammans-var-karlekshistoria-%e2%9d%a4%ef%b8%8f\/#primaryimage"},"image":{"@id":"https:\/\/datajenny.se\/Blogg\/2025\/08\/13\/24-ar-tillsammans-var-karlekshistoria-%e2%9d%a4%ef%b8%8f\/#primaryimage"},"thumbnailUrl":"https:\/\/i0.wp.com\/datajenny.se\/Blogg\/wp-content\/uploads\/2025\/08\/messenger_creation_b069c165-9b3b-425f-b1e4-385142a8da97281292875710436474219095.jpg?fit=614%2C460&ssl=1","datePublished":"2025-08-13T16:52:58+00:00","dateModified":"2025-09-06T07:35:54+00:00","breadcrumb":{"@id":"https:\/\/datajenny.se\/Blogg\/2025\/08\/13\/24-ar-tillsammans-var-karlekshistoria-%e2%9d%a4%ef%b8%8f\/#breadcrumb"},"inLanguage":"sv-SE","potentialAction":[{"@type":"ReadAction","target":["https:\/\/datajenny.se\/Blogg\/2025\/08\/13\/24-ar-tillsammans-var-karlekshistoria-%e2%9d%a4%ef%b8%8f\/"]}]},{"@type":"ImageObject","inLanguage":"sv-SE","@id":"https:\/\/datajenny.se\/Blogg\/2025\/08\/13\/24-ar-tillsammans-var-karlekshistoria-%e2%9d%a4%ef%b8%8f\/#primaryimage","url":"https:\/\/i0.wp.com\/datajenny.se\/Blogg\/wp-content\/uploads\/2025\/08\/messenger_creation_b069c165-9b3b-425f-b1e4-385142a8da97281292875710436474219095.jpg?fit=614%2C460&ssl=1","contentUrl":"https:\/\/i0.wp.com\/datajenny.se\/Blogg\/wp-content\/uploads\/2025\/08\/messenger_creation_b069c165-9b3b-425f-b1e4-385142a8da97281292875710436474219095.jpg?fit=614%2C460&ssl=1","width":614,"height":460},{"@type":"BreadcrumbList","@id":"https:\/\/datajenny.se\/Blogg\/2025\/08\/13\/24-ar-tillsammans-var-karlekshistoria-%e2%9d%a4%ef%b8%8f\/#breadcrumb","itemListElement":[{"@type":"ListItem","position":1,"name":"Hem","item":"https:\/\/datajenny.se\/Blogg\/"},{"@type":"ListItem","position":2,"name":"24 \u00e5r tillsammans \u2013 v\u00e5r k\u00e4rlekshistoria \u2764\ufe0f"}]},{"@type":"WebSite","@id":"https:\/\/datajenny.se\/Blogg\/#website","url":"https:\/\/datajenny.se\/Blogg\/","name":"V\u00e4lkommen till Jenny Louises blogg","description":"Jenny Louises blogg","publisher":{"@id":"https:\/\/datajenny.se\/Blogg\/#\/schema\/person\/da3cd1b9792c07c50c88641dcf976bee"},"potentialAction":[{"@type":"SearchAction","target":{"@type":"EntryPoint","urlTemplate":"https:\/\/datajenny.se\/Blogg\/?s={search_term_string}"},"query-input":{"@type":"PropertyValueSpecification","valueRequired":true,"valueName":"search_term_string"}}],"inLanguage":"sv-SE"},{"@type":["Person","Organization"],"@id":"https:\/\/datajenny.se\/Blogg\/#\/schema\/person\/da3cd1b9792c07c50c88641dcf976bee","name":"Jenny Louise Nod\u00e9n","image":{"@type":"ImageObject","inLanguage":"sv-SE","@id":"https:\/\/datajenny.se\/Blogg\/wp-content\/uploads\/2025\/07\/wp-1751728308657.jpg","url":"https:\/\/datajenny.se\/Blogg\/wp-content\/uploads\/2025\/07\/wp-1751728308657.jpg","contentUrl":"https:\/\/datajenny.se\/Blogg\/wp-content\/uploads\/2025\/07\/wp-1751728308657.jpg","width":928,"height":928,"caption":"Jenny Louise Nod\u00e9n"},"logo":{"@id":"https:\/\/datajenny.se\/Blogg\/wp-content\/uploads\/2025\/07\/wp-1751728308657.jpg"},"description":"Jag \u00e4r en tjej som oftast \u00e4r glad och \u00e4lskar livet, men den 18 januari 2005 s\u00e5 f\u00f6rs\u00f6kte jag ta mitt liv, jag orkade inte helt enkelt l\u00e4ngre. Men min f\u00e4stman hittade mig i duschen, han r\u00e4ddade livet p\u00e5 mig. Jag fick \u00e5ka in till akuten och blev magpumpad samt s\u00e5 fick jag \u00e4ta kr\u00e4ksirap. Hamnade sedan p\u00e5 S\u00e4ter och log d\u00e4r i fyra dagar. Idag \u00e4r jag glad f\u00f6r att han hittade mig, livet har s\u00e5 mycket att erbjuda. Jag bryr mig f\u00f6r mycket om andra, jag kommer alltid i andra hand hos mig sj\u00e4lv. Jag \u00e4r gift med en underbar man vid namn Magnus och vi har en son som heter Erik och \u00e4r f\u00f6dd juni 2018.","sameAs":["https:\/\/datajenny.se\/Blogg","https:\/\/www.facebook.com\/datajenny\/","https:\/\/www.instagram.com\/datajenny\/","https:\/\/www.linkedin.com\/in\/jenny-louise-nodn-75324811b?","https:\/\/youtube.com\/channel\/UCU00yswsJZcmgqfoON6pMwg","https:\/\/datajenny.tumblr.com\/"],"url":"https:\/\/datajenny.se\/Blogg\/author\/jenny_louise\/"}]}},"jetpack_publicize_connections":[],"jetpack_featured_media_url":"https:\/\/i0.wp.com\/datajenny.se\/Blogg\/wp-content\/uploads\/2025\/08\/messenger_creation_b069c165-9b3b-425f-b1e4-385142a8da97281292875710436474219095.jpg?fit=614%2C460&ssl=1","jetpack_sharing_enabled":true,"jetpack_likes_enabled":true,"_links":{"self":[{"href":"https:\/\/datajenny.se\/Blogg\/wp-json\/wp\/v2\/posts\/2514","targetHints":{"allow":["GET"]}}],"collection":[{"href":"https:\/\/datajenny.se\/Blogg\/wp-json\/wp\/v2\/posts"}],"about":[{"href":"https:\/\/datajenny.se\/Blogg\/wp-json\/wp\/v2\/types\/post"}],"author":[{"embeddable":true,"href":"https:\/\/datajenny.se\/Blogg\/wp-json\/wp\/v2\/users\/1"}],"replies":[{"embeddable":true,"href":"https:\/\/datajenny.se\/Blogg\/wp-json\/wp\/v2\/comments?post=2514"}],"version-history":[{"count":6,"href":"https:\/\/datajenny.se\/Blogg\/wp-json\/wp\/v2\/posts\/2514\/revisions"}],"predecessor-version":[{"id":3126,"href":"https:\/\/datajenny.se\/Blogg\/wp-json\/wp\/v2\/posts\/2514\/revisions\/3126"}],"wp:featuredmedia":[{"embeddable":true,"href":"https:\/\/datajenny.se\/Blogg\/wp-json\/wp\/v2\/media\/2516"}],"wp:attachment":[{"href":"https:\/\/datajenny.se\/Blogg\/wp-json\/wp\/v2\/media?parent=2514"}],"wp:term":[{"taxonomy":"category","embeddable":true,"href":"https:\/\/datajenny.se\/Blogg\/wp-json\/wp\/v2\/categories?post=2514"},{"taxonomy":"post_tag","embeddable":true,"href":"https:\/\/datajenny.se\/Blogg\/wp-json\/wp\/v2\/tags?post=2514"}],"curies":[{"name":"wp","href":"https:\/\/api.w.org\/{rel}","templated":true}]}}