{"id":2542,"date":"2025-08-15T17:39:07","date_gmt":"2025-08-15T15:39:07","guid":{"rendered":"https:\/\/datajenny.se\/Blogg\/2025\/08\/15\/en-hund-en-trumma-och-en-ny-klass\/"},"modified":"2025-09-06T09:28:25","modified_gmt":"2025-09-06T07:28:25","slug":"en-hund-en-trumma-och-en-ny-klass","status":"publish","type":"post","link":"https:\/\/datajenny.se\/Blogg\/2025\/08\/15\/en-hund-en-trumma-och-en-ny-klass\/","title":{"rendered":"En hund, en trumma och en ny klass"},"content":{"rendered":"\n<p>Idag b\u00f6rjade morgonen lite tr\u00f6gare \u00e4n vanligt. Erik var tr\u00f6tt och inte alls lika samarbetsvillig som han varit resten av veckan. Han ville helst inte g\u00e5 alls. Men s\u00e5 fort vi kom ut och han fick syn p\u00e5 hunden fr\u00e5n ig\u00e5r, f\u00f6r\u00e4ndrades allt. Pl\u00f6tsligt var han en glad kille igen, som fick b\u00e5de klappa och prata med hunden. Resten av v\u00e4gen till fritids gick hur smidigt som helst.<br><br>P\u00e5 jobbet rullade dagen p\u00e5 som vanligt, fram till att jag beh\u00f6vde kila iv\u00e4g en stund till Eriks skola. Vi skulle tr\u00e4ffa hans nya l\u00e4rare och se vilket klassrum han ska ha. Erik fick ocks\u00e5 h\u00e4lsa p\u00e5 sin idrottsl\u00e4rare och hann till och med smita in i musikrummet f\u00f6r att spela lite trummor. Ett riktigt lyckat bes\u00f6k! Efter\u00e5t fick han f\u00f6lja med pappa hem ist\u00e4llet f\u00f6r att g\u00e5 tillbaka till fritids.<\/p>\n\n\n<div class=\"wp-block-image\">\n<figure class=\"aligncenter size-large\"><img data-recalc-dims=\"1\" loading=\"lazy\" decoding=\"async\" width=\"409\" height=\"614\" src=\"https:\/\/i0.wp.com\/datajenny.se\/Blogg\/wp-content\/uploads\/2025\/08\/file_000000001acc61f78fb7da36f451a356281299191141810520996103.jpg?resize=409%2C614&#038;ssl=1\" alt=\"\" class=\"wp-image-2541\" srcset=\"https:\/\/i0.wp.com\/datajenny.se\/Blogg\/wp-content\/uploads\/2025\/08\/file_000000001acc61f78fb7da36f451a356281299191141810520996103.jpg?w=409&amp;ssl=1 409w, https:\/\/i0.wp.com\/datajenny.se\/Blogg\/wp-content\/uploads\/2025\/08\/file_000000001acc61f78fb7da36f451a356281299191141810520996103.jpg?resize=266%2C400&amp;ssl=1 266w\" sizes=\"auto, (max-width: 409px) 100vw, 409px\" \/><\/figure>\n<\/div>\n\n\n<p>Sj\u00e4lv \u00e5kte jag tillbaka till jobbet, och bara tio minuter efter att jag klivit in kom sju personer p\u00e5 en g\u00e5ng och ville ha hj\u00e4lp med sina mobiler. Snacka om tajming!<br>Idag fick jag \u00e4ven larma p\u00e5 p\u00e5 jobbet f\u00f6r allra f\u00f6rsta g\u00e5ngen \u2013 det gick galant. Larmat av har jag ju gjort m\u00e5nga g\u00e5nger f\u00f6rut, men nu \u00e4r jag officiellt full\u00e4rd.<br><br>P\u00e5 v\u00e4gen hem sv\u00e4ngde jag f\u00f6rbi aff\u00e4ren och k\u00f6pte frysta pannkakor till Erik. Hans absoluta favorit \u2013 ibland \u00e4r det de sm\u00e5 sakerna som g\u00f6r dagen.<\/p>\n\n\n<div class=\"wp-block-ub-divider ub_divider ub-divider-orientation-horizontal\" id=\"ub_divider_5bc1d812-95c0-431f-b774-d51f48ec2ae1\"><div class=\"ub_divider_wrapper\" style=\"position: relative; margin-bottom: 2px; width: 100%; height: 2px; \" data-divider-alignment=\"center\"><div class=\"ub_divider_line\" style=\"border-top: 10px dotted #00d084; margin-top: 2px; \"><\/div><\/div><\/div>\n\n\n<p><\/p>\n\n\n\n<h2 class=\"wp-block-heading\">Dagens dikt <\/h2>\n\n\n\n<p><em>I ett klassrum fyllt av nya ljud,<br>d\u00e4r nyfikenheten v\u00e4xer och modet blir stort.<br>Ett trumslag, ett leende, en trygg hand att h\u00e5lla \u2013<br>och pl\u00f6tsligt k\u00e4nns skolan som en plats att vilja vara.<\/em><\/p>\n\n\n\n<img data-recalc-dims=\"1\" loading=\"lazy\" decoding=\"async\" style=\"opacity: 0;\" superb-addons-animation=\"zoomIn\" src=\"https:\/\/i0.wp.com\/datajenny.se\/Blogg\/wp-content\/uploads\/2025\/07\/1000012255.png?resize=180%2C53&#038;ssl=1\" alt=\"Signatur\" width=\"180\" height=\"53\">\n\n\n\n<p><\/p>\n","protected":false},"excerpt":{"rendered":"<p>Idag b\u00f6rjade morgonen lite tr\u00f6gare \u00e4n vanligt. Erik var tr\u00f6tt och inte alls lika samarbetsvillig som han varit resten av veckan. Han ville helst inte g\u00e5 alls. Men s\u00e5 fort vi kom ut och han fick syn p\u00e5 hunden fr\u00e5n ig\u00e5r, f\u00f6r\u00e4ndrades allt. Pl\u00f6tsligt var han en glad kille igen, som fick b\u00e5de klappa och [&hellip;]<\/p>\n","protected":false},"author":1,"featured_media":2541,"comment_status":"open","ping_status":"open","sticky":false,"template":"","format":"standard","meta":{"ngg_post_thumbnail":0,"jetpack_post_was_ever_published":false,"_jetpack_newsletter_access":"","_jetpack_dont_email_post_to_subs":false,"_jetpack_newsletter_tier_id":0,"_jetpack_memberships_contains_paywalled_content":false,"_jetpack_memberships_contains_paid_content":false,"footnotes":"","jetpack_publicize_message":"","jetpack_publicize_feature_enabled":true,"jetpack_social_post_already_shared":true,"jetpack_social_options":{"image_generator_settings":{"template":"highway","default_image_id":0,"font":"","enabled":false},"version":2}},"categories":[117,8,104,38,168,59],"tags":[118,9,106,11,169,60],"class_list":["post-2542","post","type-post","status-publish","format-standard","has-post-thumbnail","hentry","category-arbete","category-blogg","category-djur","category-erik","category-fritid-skola","category-handla","tag-arbete","tag-blogg","tag-djur","tag-erik","tag-fritid-skola","tag-handla"],"featured_image_src":"https:\/\/i0.wp.com\/datajenny.se\/Blogg\/wp-content\/uploads\/2025\/08\/file_000000001acc61f78fb7da36f451a356281299191141810520996103.jpg?fit=409%2C614&ssl=1","author_info":{"display_name":"Jenny Louise Nod\u00e9n","author_link":"https:\/\/datajenny.se\/Blogg\/author\/jenny_louise\/"},"yoast_head":"<!-- This site is optimized with the Yoast SEO plugin v27.3 - https:\/\/yoast.com\/product\/yoast-seo-wordpress\/ -->\n<title>En hund, en trumma och en ny klass - V\u00e4lkommen till JeLo<\/title>\n<meta name=\"robots\" content=\"index, follow, max-snippet:-1, max-image-preview:large, max-video-preview:-1\" \/>\n<link rel=\"canonical\" href=\"https:\/\/datajenny.se\/Blogg\/2025\/08\/15\/en-hund-en-trumma-och-en-ny-klass\/\" \/>\n<meta property=\"og:locale\" content=\"sv_SE\" \/>\n<meta property=\"og:type\" content=\"article\" \/>\n<meta property=\"og:title\" content=\"En hund, en trumma och en ny klass - V\u00e4lkommen till JeLo\" \/>\n<meta property=\"og:description\" content=\"Idag b\u00f6rjade morgonen lite tr\u00f6gare \u00e4n vanligt. Erik var tr\u00f6tt och inte alls lika samarbetsvillig som han varit resten av veckan. Han ville helst inte g\u00e5 alls. Men s\u00e5 fort vi kom ut och han fick syn p\u00e5 hunden fr\u00e5n ig\u00e5r, f\u00f6r\u00e4ndrades allt. Pl\u00f6tsligt var han en glad kille igen, som fick b\u00e5de klappa och [&hellip;]\" \/>\n<meta property=\"og:url\" content=\"https:\/\/datajenny.se\/Blogg\/2025\/08\/15\/en-hund-en-trumma-och-en-ny-klass\/\" \/>\n<meta property=\"og:site_name\" content=\"V\u00e4lkommen till JeLo\" \/>\n<meta property=\"article:publisher\" content=\"https:\/\/www.facebook.com\/datajenny\/\" \/>\n<meta property=\"article:author\" content=\"https:\/\/www.facebook.com\/datajenny\/\" \/>\n<meta property=\"article:published_time\" content=\"2025-08-15T15:39:07+00:00\" \/>\n<meta property=\"article:modified_time\" content=\"2025-09-06T07:28:25+00:00\" \/>\n<meta property=\"og:image\" content=\"https:\/\/datajenny.se\/Blogg\/wp-content\/uploads\/2025\/08\/file_000000001acc61f78fb7da36f451a356281299191141810520996103.jpg\" \/>\n\t<meta property=\"og:image:width\" content=\"409\" \/>\n\t<meta property=\"og:image:height\" content=\"614\" \/>\n\t<meta property=\"og:image:type\" content=\"image\/jpeg\" \/>\n<meta name=\"author\" content=\"Jenny Louise Nod\u00e9n\" \/>\n<meta name=\"twitter:card\" content=\"summary_large_image\" \/>\n<meta name=\"twitter:label1\" content=\"Skriven av\" \/>\n\t<meta name=\"twitter:data1\" content=\"Jenny Louise Nod\u00e9n\" \/>\n\t<meta name=\"twitter:label2\" content=\"Ber\u00e4knad l\u00e4stid\" \/>\n\t<meta name=\"twitter:data2\" content=\"2 minuter\" \/>\n<script type=\"application\/ld+json\" class=\"yoast-schema-graph\">{\"@context\":\"https:\\\/\\\/schema.org\",\"@graph\":[{\"@type\":\"Article\",\"@id\":\"https:\\\/\\\/datajenny.se\\\/Blogg\\\/2025\\\/08\\\/15\\\/en-hund-en-trumma-och-en-ny-klass\\\/#article\",\"isPartOf\":{\"@id\":\"https:\\\/\\\/datajenny.se\\\/Blogg\\\/2025\\\/08\\\/15\\\/en-hund-en-trumma-och-en-ny-klass\\\/\"},\"author\":{\"name\":\"Jenny Louise Nod\u00e9n\",\"@id\":\"https:\\\/\\\/datajenny.se\\\/Blogg\\\/#\\\/schema\\\/person\\\/da3cd1b9792c07c50c88641dcf976bee\"},\"headline\":\"En hund, en trumma och en ny klass\",\"datePublished\":\"2025-08-15T15:39:07+00:00\",\"dateModified\":\"2025-09-06T07:28:25+00:00\",\"mainEntityOfPage\":{\"@id\":\"https:\\\/\\\/datajenny.se\\\/Blogg\\\/2025\\\/08\\\/15\\\/en-hund-en-trumma-och-en-ny-klass\\\/\"},\"wordCount\":311,\"commentCount\":0,\"publisher\":{\"@id\":\"https:\\\/\\\/datajenny.se\\\/Blogg\\\/#\\\/schema\\\/person\\\/da3cd1b9792c07c50c88641dcf976bee\"},\"image\":{\"@id\":\"https:\\\/\\\/datajenny.se\\\/Blogg\\\/2025\\\/08\\\/15\\\/en-hund-en-trumma-och-en-ny-klass\\\/#primaryimage\"},\"thumbnailUrl\":\"https:\\\/\\\/i0.wp.com\\\/datajenny.se\\\/Blogg\\\/wp-content\\\/uploads\\\/2025\\\/08\\\/file_000000001acc61f78fb7da36f451a356281299191141810520996103.jpg?fit=409%2C614&ssl=1\",\"keywords\":[\"Arbete\",\"Blogg\",\"Djur\",\"Erik\",\"Fritids\\\/Skola\",\"Handla\"],\"articleSection\":[\"Arbete\",\"Blogg\",\"Djur\",\"Erik\",\"Fritids\\\/Skola\",\"Handla\"],\"inLanguage\":\"sv-SE\",\"potentialAction\":[{\"@type\":\"CommentAction\",\"name\":\"Comment\",\"target\":[\"https:\\\/\\\/datajenny.se\\\/Blogg\\\/2025\\\/08\\\/15\\\/en-hund-en-trumma-och-en-ny-klass\\\/#respond\"]}]},{\"@type\":\"WebPage\",\"@id\":\"https:\\\/\\\/datajenny.se\\\/Blogg\\\/2025\\\/08\\\/15\\\/en-hund-en-trumma-och-en-ny-klass\\\/\",\"url\":\"https:\\\/\\\/datajenny.se\\\/Blogg\\\/2025\\\/08\\\/15\\\/en-hund-en-trumma-och-en-ny-klass\\\/\",\"name\":\"En hund, en trumma och en ny klass - V\u00e4lkommen till JeLo\",\"isPartOf\":{\"@id\":\"https:\\\/\\\/datajenny.se\\\/Blogg\\\/#website\"},\"primaryImageOfPage\":{\"@id\":\"https:\\\/\\\/datajenny.se\\\/Blogg\\\/2025\\\/08\\\/15\\\/en-hund-en-trumma-och-en-ny-klass\\\/#primaryimage\"},\"image\":{\"@id\":\"https:\\\/\\\/datajenny.se\\\/Blogg\\\/2025\\\/08\\\/15\\\/en-hund-en-trumma-och-en-ny-klass\\\/#primaryimage\"},\"thumbnailUrl\":\"https:\\\/\\\/i0.wp.com\\\/datajenny.se\\\/Blogg\\\/wp-content\\\/uploads\\\/2025\\\/08\\\/file_000000001acc61f78fb7da36f451a356281299191141810520996103.jpg?fit=409%2C614&ssl=1\",\"datePublished\":\"2025-08-15T15:39:07+00:00\",\"dateModified\":\"2025-09-06T07:28:25+00:00\",\"breadcrumb\":{\"@id\":\"https:\\\/\\\/datajenny.se\\\/Blogg\\\/2025\\\/08\\\/15\\\/en-hund-en-trumma-och-en-ny-klass\\\/#breadcrumb\"},\"inLanguage\":\"sv-SE\",\"potentialAction\":[{\"@type\":\"ReadAction\",\"target\":[\"https:\\\/\\\/datajenny.se\\\/Blogg\\\/2025\\\/08\\\/15\\\/en-hund-en-trumma-och-en-ny-klass\\\/\"]}]},{\"@type\":\"ImageObject\",\"inLanguage\":\"sv-SE\",\"@id\":\"https:\\\/\\\/datajenny.se\\\/Blogg\\\/2025\\\/08\\\/15\\\/en-hund-en-trumma-och-en-ny-klass\\\/#primaryimage\",\"url\":\"https:\\\/\\\/i0.wp.com\\\/datajenny.se\\\/Blogg\\\/wp-content\\\/uploads\\\/2025\\\/08\\\/file_000000001acc61f78fb7da36f451a356281299191141810520996103.jpg?fit=409%2C614&ssl=1\",\"contentUrl\":\"https:\\\/\\\/i0.wp.com\\\/datajenny.se\\\/Blogg\\\/wp-content\\\/uploads\\\/2025\\\/08\\\/file_000000001acc61f78fb7da36f451a356281299191141810520996103.jpg?fit=409%2C614&ssl=1\",\"width\":409,\"height\":614},{\"@type\":\"BreadcrumbList\",\"@id\":\"https:\\\/\\\/datajenny.se\\\/Blogg\\\/2025\\\/08\\\/15\\\/en-hund-en-trumma-och-en-ny-klass\\\/#breadcrumb\",\"itemListElement\":[{\"@type\":\"ListItem\",\"position\":1,\"name\":\"Hem\",\"item\":\"https:\\\/\\\/datajenny.se\\\/Blogg\\\/\"},{\"@type\":\"ListItem\",\"position\":2,\"name\":\"En hund, en trumma och en ny klass\"}]},{\"@type\":\"WebSite\",\"@id\":\"https:\\\/\\\/datajenny.se\\\/Blogg\\\/#website\",\"url\":\"https:\\\/\\\/datajenny.se\\\/Blogg\\\/\",\"name\":\"V\u00e4lkommen till Jenny Louises blogg\",\"description\":\"Jenny Louises blogg\",\"publisher\":{\"@id\":\"https:\\\/\\\/datajenny.se\\\/Blogg\\\/#\\\/schema\\\/person\\\/da3cd1b9792c07c50c88641dcf976bee\"},\"potentialAction\":[{\"@type\":\"SearchAction\",\"target\":{\"@type\":\"EntryPoint\",\"urlTemplate\":\"https:\\\/\\\/datajenny.se\\\/Blogg\\\/?s={search_term_string}\"},\"query-input\":{\"@type\":\"PropertyValueSpecification\",\"valueRequired\":true,\"valueName\":\"search_term_string\"}}],\"inLanguage\":\"sv-SE\"},{\"@type\":[\"Person\",\"Organization\"],\"@id\":\"https:\\\/\\\/datajenny.se\\\/Blogg\\\/#\\\/schema\\\/person\\\/da3cd1b9792c07c50c88641dcf976bee\",\"name\":\"Jenny Louise Nod\u00e9n\",\"image\":{\"@type\":\"ImageObject\",\"inLanguage\":\"sv-SE\",\"@id\":\"https:\\\/\\\/datajenny.se\\\/Blogg\\\/wp-content\\\/uploads\\\/2025\\\/07\\\/wp-1751728308657.jpg\",\"url\":\"https:\\\/\\\/datajenny.se\\\/Blogg\\\/wp-content\\\/uploads\\\/2025\\\/07\\\/wp-1751728308657.jpg\",\"contentUrl\":\"https:\\\/\\\/datajenny.se\\\/Blogg\\\/wp-content\\\/uploads\\\/2025\\\/07\\\/wp-1751728308657.jpg\",\"width\":928,\"height\":928,\"caption\":\"Jenny Louise Nod\u00e9n\"},\"logo\":{\"@id\":\"https:\\\/\\\/datajenny.se\\\/Blogg\\\/wp-content\\\/uploads\\\/2025\\\/07\\\/wp-1751728308657.jpg\"},\"description\":\"Jag \u00e4r en tjej som oftast \u00e4r glad och \u00e4lskar livet, men den 18 januari 2005 s\u00e5 f\u00f6rs\u00f6kte jag ta mitt liv, jag orkade inte helt enkelt l\u00e4ngre. Men min f\u00e4stman hittade mig i duschen, han r\u00e4ddade livet p\u00e5 mig. Jag fick \u00e5ka in till akuten och blev magpumpad samt s\u00e5 fick jag \u00e4ta kr\u00e4ksirap. Hamnade sedan p\u00e5 S\u00e4ter och log d\u00e4r i fyra dagar. Idag \u00e4r jag glad f\u00f6r att han hittade mig, livet har s\u00e5 mycket att erbjuda. Jag bryr mig f\u00f6r mycket om andra, jag kommer alltid i andra hand hos mig sj\u00e4lv. Jag \u00e4r gift med en underbar man vid namn Magnus och vi har en son som heter Erik och \u00e4r f\u00f6dd juni 2018.\",\"sameAs\":[\"https:\\\/\\\/datajenny.se\\\/Blogg\",\"https:\\\/\\\/www.facebook.com\\\/datajenny\\\/\",\"https:\\\/\\\/www.instagram.com\\\/datajenny\\\/\",\"https:\\\/\\\/www.linkedin.com\\\/in\\\/jenny-louise-nodn-75324811b?\",\"https:\\\/\\\/youtube.com\\\/channel\\\/UCU00yswsJZcmgqfoON6pMwg\",\"https:\\\/\\\/datajenny.tumblr.com\\\/\"],\"url\":\"https:\\\/\\\/datajenny.se\\\/Blogg\\\/author\\\/jenny_louise\\\/\"}]}<\/script>\n<!-- \/ Yoast SEO plugin. -->","yoast_head_json":{"title":"En hund, en trumma och en ny klass - V\u00e4lkommen till JeLo","robots":{"index":"index","follow":"follow","max-snippet":"max-snippet:-1","max-image-preview":"max-image-preview:large","max-video-preview":"max-video-preview:-1"},"canonical":"https:\/\/datajenny.se\/Blogg\/2025\/08\/15\/en-hund-en-trumma-och-en-ny-klass\/","og_locale":"sv_SE","og_type":"article","og_title":"En hund, en trumma och en ny klass - V\u00e4lkommen till JeLo","og_description":"Idag b\u00f6rjade morgonen lite tr\u00f6gare \u00e4n vanligt. Erik var tr\u00f6tt och inte alls lika samarbetsvillig som han varit resten av veckan. Han ville helst inte g\u00e5 alls. Men s\u00e5 fort vi kom ut och han fick syn p\u00e5 hunden fr\u00e5n ig\u00e5r, f\u00f6r\u00e4ndrades allt. Pl\u00f6tsligt var han en glad kille igen, som fick b\u00e5de klappa och [&hellip;]","og_url":"https:\/\/datajenny.se\/Blogg\/2025\/08\/15\/en-hund-en-trumma-och-en-ny-klass\/","og_site_name":"V\u00e4lkommen till JeLo","article_publisher":"https:\/\/www.facebook.com\/datajenny\/","article_author":"https:\/\/www.facebook.com\/datajenny\/","article_published_time":"2025-08-15T15:39:07+00:00","article_modified_time":"2025-09-06T07:28:25+00:00","og_image":[{"width":409,"height":614,"url":"https:\/\/datajenny.se\/Blogg\/wp-content\/uploads\/2025\/08\/file_000000001acc61f78fb7da36f451a356281299191141810520996103.jpg","type":"image\/jpeg"}],"author":"Jenny Louise Nod\u00e9n","twitter_card":"summary_large_image","twitter_misc":{"Skriven av":"Jenny Louise Nod\u00e9n","Ber\u00e4knad l\u00e4stid":"2 minuter"},"schema":{"@context":"https:\/\/schema.org","@graph":[{"@type":"Article","@id":"https:\/\/datajenny.se\/Blogg\/2025\/08\/15\/en-hund-en-trumma-och-en-ny-klass\/#article","isPartOf":{"@id":"https:\/\/datajenny.se\/Blogg\/2025\/08\/15\/en-hund-en-trumma-och-en-ny-klass\/"},"author":{"name":"Jenny Louise Nod\u00e9n","@id":"https:\/\/datajenny.se\/Blogg\/#\/schema\/person\/da3cd1b9792c07c50c88641dcf976bee"},"headline":"En hund, en trumma och en ny klass","datePublished":"2025-08-15T15:39:07+00:00","dateModified":"2025-09-06T07:28:25+00:00","mainEntityOfPage":{"@id":"https:\/\/datajenny.se\/Blogg\/2025\/08\/15\/en-hund-en-trumma-och-en-ny-klass\/"},"wordCount":311,"commentCount":0,"publisher":{"@id":"https:\/\/datajenny.se\/Blogg\/#\/schema\/person\/da3cd1b9792c07c50c88641dcf976bee"},"image":{"@id":"https:\/\/datajenny.se\/Blogg\/2025\/08\/15\/en-hund-en-trumma-och-en-ny-klass\/#primaryimage"},"thumbnailUrl":"https:\/\/i0.wp.com\/datajenny.se\/Blogg\/wp-content\/uploads\/2025\/08\/file_000000001acc61f78fb7da36f451a356281299191141810520996103.jpg?fit=409%2C614&ssl=1","keywords":["Arbete","Blogg","Djur","Erik","Fritids\/Skola","Handla"],"articleSection":["Arbete","Blogg","Djur","Erik","Fritids\/Skola","Handla"],"inLanguage":"sv-SE","potentialAction":[{"@type":"CommentAction","name":"Comment","target":["https:\/\/datajenny.se\/Blogg\/2025\/08\/15\/en-hund-en-trumma-och-en-ny-klass\/#respond"]}]},{"@type":"WebPage","@id":"https:\/\/datajenny.se\/Blogg\/2025\/08\/15\/en-hund-en-trumma-och-en-ny-klass\/","url":"https:\/\/datajenny.se\/Blogg\/2025\/08\/15\/en-hund-en-trumma-och-en-ny-klass\/","name":"En hund, en trumma och en ny klass - V\u00e4lkommen till JeLo","isPartOf":{"@id":"https:\/\/datajenny.se\/Blogg\/#website"},"primaryImageOfPage":{"@id":"https:\/\/datajenny.se\/Blogg\/2025\/08\/15\/en-hund-en-trumma-och-en-ny-klass\/#primaryimage"},"image":{"@id":"https:\/\/datajenny.se\/Blogg\/2025\/08\/15\/en-hund-en-trumma-och-en-ny-klass\/#primaryimage"},"thumbnailUrl":"https:\/\/i0.wp.com\/datajenny.se\/Blogg\/wp-content\/uploads\/2025\/08\/file_000000001acc61f78fb7da36f451a356281299191141810520996103.jpg?fit=409%2C614&ssl=1","datePublished":"2025-08-15T15:39:07+00:00","dateModified":"2025-09-06T07:28:25+00:00","breadcrumb":{"@id":"https:\/\/datajenny.se\/Blogg\/2025\/08\/15\/en-hund-en-trumma-och-en-ny-klass\/#breadcrumb"},"inLanguage":"sv-SE","potentialAction":[{"@type":"ReadAction","target":["https:\/\/datajenny.se\/Blogg\/2025\/08\/15\/en-hund-en-trumma-och-en-ny-klass\/"]}]},{"@type":"ImageObject","inLanguage":"sv-SE","@id":"https:\/\/datajenny.se\/Blogg\/2025\/08\/15\/en-hund-en-trumma-och-en-ny-klass\/#primaryimage","url":"https:\/\/i0.wp.com\/datajenny.se\/Blogg\/wp-content\/uploads\/2025\/08\/file_000000001acc61f78fb7da36f451a356281299191141810520996103.jpg?fit=409%2C614&ssl=1","contentUrl":"https:\/\/i0.wp.com\/datajenny.se\/Blogg\/wp-content\/uploads\/2025\/08\/file_000000001acc61f78fb7da36f451a356281299191141810520996103.jpg?fit=409%2C614&ssl=1","width":409,"height":614},{"@type":"BreadcrumbList","@id":"https:\/\/datajenny.se\/Blogg\/2025\/08\/15\/en-hund-en-trumma-och-en-ny-klass\/#breadcrumb","itemListElement":[{"@type":"ListItem","position":1,"name":"Hem","item":"https:\/\/datajenny.se\/Blogg\/"},{"@type":"ListItem","position":2,"name":"En hund, en trumma och en ny klass"}]},{"@type":"WebSite","@id":"https:\/\/datajenny.se\/Blogg\/#website","url":"https:\/\/datajenny.se\/Blogg\/","name":"V\u00e4lkommen till Jenny Louises blogg","description":"Jenny Louises blogg","publisher":{"@id":"https:\/\/datajenny.se\/Blogg\/#\/schema\/person\/da3cd1b9792c07c50c88641dcf976bee"},"potentialAction":[{"@type":"SearchAction","target":{"@type":"EntryPoint","urlTemplate":"https:\/\/datajenny.se\/Blogg\/?s={search_term_string}"},"query-input":{"@type":"PropertyValueSpecification","valueRequired":true,"valueName":"search_term_string"}}],"inLanguage":"sv-SE"},{"@type":["Person","Organization"],"@id":"https:\/\/datajenny.se\/Blogg\/#\/schema\/person\/da3cd1b9792c07c50c88641dcf976bee","name":"Jenny Louise Nod\u00e9n","image":{"@type":"ImageObject","inLanguage":"sv-SE","@id":"https:\/\/datajenny.se\/Blogg\/wp-content\/uploads\/2025\/07\/wp-1751728308657.jpg","url":"https:\/\/datajenny.se\/Blogg\/wp-content\/uploads\/2025\/07\/wp-1751728308657.jpg","contentUrl":"https:\/\/datajenny.se\/Blogg\/wp-content\/uploads\/2025\/07\/wp-1751728308657.jpg","width":928,"height":928,"caption":"Jenny Louise Nod\u00e9n"},"logo":{"@id":"https:\/\/datajenny.se\/Blogg\/wp-content\/uploads\/2025\/07\/wp-1751728308657.jpg"},"description":"Jag \u00e4r en tjej som oftast \u00e4r glad och \u00e4lskar livet, men den 18 januari 2005 s\u00e5 f\u00f6rs\u00f6kte jag ta mitt liv, jag orkade inte helt enkelt l\u00e4ngre. Men min f\u00e4stman hittade mig i duschen, han r\u00e4ddade livet p\u00e5 mig. Jag fick \u00e5ka in till akuten och blev magpumpad samt s\u00e5 fick jag \u00e4ta kr\u00e4ksirap. Hamnade sedan p\u00e5 S\u00e4ter och log d\u00e4r i fyra dagar. Idag \u00e4r jag glad f\u00f6r att han hittade mig, livet har s\u00e5 mycket att erbjuda. Jag bryr mig f\u00f6r mycket om andra, jag kommer alltid i andra hand hos mig sj\u00e4lv. Jag \u00e4r gift med en underbar man vid namn Magnus och vi har en son som heter Erik och \u00e4r f\u00f6dd juni 2018.","sameAs":["https:\/\/datajenny.se\/Blogg","https:\/\/www.facebook.com\/datajenny\/","https:\/\/www.instagram.com\/datajenny\/","https:\/\/www.linkedin.com\/in\/jenny-louise-nodn-75324811b?","https:\/\/youtube.com\/channel\/UCU00yswsJZcmgqfoON6pMwg","https:\/\/datajenny.tumblr.com\/"],"url":"https:\/\/datajenny.se\/Blogg\/author\/jenny_louise\/"}]}},"jetpack_publicize_connections":[],"jetpack_featured_media_url":"https:\/\/i0.wp.com\/datajenny.se\/Blogg\/wp-content\/uploads\/2025\/08\/file_000000001acc61f78fb7da36f451a356281299191141810520996103.jpg?fit=409%2C614&ssl=1","jetpack_sharing_enabled":true,"jetpack_likes_enabled":true,"_links":{"self":[{"href":"https:\/\/datajenny.se\/Blogg\/wp-json\/wp\/v2\/posts\/2542","targetHints":{"allow":["GET"]}}],"collection":[{"href":"https:\/\/datajenny.se\/Blogg\/wp-json\/wp\/v2\/posts"}],"about":[{"href":"https:\/\/datajenny.se\/Blogg\/wp-json\/wp\/v2\/types\/post"}],"author":[{"embeddable":true,"href":"https:\/\/datajenny.se\/Blogg\/wp-json\/wp\/v2\/users\/1"}],"replies":[{"embeddable":true,"href":"https:\/\/datajenny.se\/Blogg\/wp-json\/wp\/v2\/comments?post=2542"}],"version-history":[{"count":3,"href":"https:\/\/datajenny.se\/Blogg\/wp-json\/wp\/v2\/posts\/2542\/revisions"}],"predecessor-version":[{"id":3120,"href":"https:\/\/datajenny.se\/Blogg\/wp-json\/wp\/v2\/posts\/2542\/revisions\/3120"}],"wp:featuredmedia":[{"embeddable":true,"href":"https:\/\/datajenny.se\/Blogg\/wp-json\/wp\/v2\/media\/2541"}],"wp:attachment":[{"href":"https:\/\/datajenny.se\/Blogg\/wp-json\/wp\/v2\/media?parent=2542"}],"wp:term":[{"taxonomy":"category","embeddable":true,"href":"https:\/\/datajenny.se\/Blogg\/wp-json\/wp\/v2\/categories?post=2542"},{"taxonomy":"post_tag","embeddable":true,"href":"https:\/\/datajenny.se\/Blogg\/wp-json\/wp\/v2\/tags?post=2542"}],"curies":[{"name":"wp","href":"https:\/\/api.w.org\/{rel}","templated":true}]}}