{"id":2578,"date":"2025-08-15T18:55:02","date_gmt":"2025-08-15T16:55:02","guid":{"rendered":"https:\/\/datajenny.se\/Blogg\/?p=2578"},"modified":"2025-08-29T19:07:25","modified_gmt":"2025-08-29T17:07:25","slug":"fem-en-fredag-v-33-overgang","status":"publish","type":"post","link":"https:\/\/datajenny.se\/Blogg\/2025\/08\/15\/fem-en-fredag-v-33-overgang\/","title":{"rendered":"Fem en fredag v.33: \u00d6verg\u00e5ng"},"content":{"rendered":"\n<p>Vill du l\u00e4sa om flera som bloggar om temat Fem en fredag s\u00e5 hittar du dessa h\u00e4r hos <a href=\"https:\/\/www.elisamatilda.se\/fem-en-fredag-v-35-vardagsgladje\/\" target=\"_blank\" rel=\"noreferrer noopener\">Elisa<\/a>.<\/p>\n\n\n\n<!--more-->\n\n\n\n<ol class=\"wp-block-list\">\n<li><strong>Vad k\u00e4nns mest nytt i ditt liv just nu? <\/strong><br><strong>Svar: <\/strong>Det som k\u00e4nns allra mest nytt i livet just nu \u00e4r att Erik ska b\u00f6rja f\u00f6rsta klass. Det \u00e4r mycket som f\u00f6r\u00e4ndras \u2013 nytt klassrum, nya rutiner och en ny l\u00e4rare. Dessutom har vi precis startat f\u00f6r\u00e4ldrautbildningen &#8221;Mitt barn har Autism&#8221;, d\u00e4r jag l\u00e4r mig mycket om autism. Det k\u00e4nns b\u00e5de sp\u00e4nnande och l\u00e4rorikt.<\/li>\n\n\n\n<li><strong>Vilken f\u00e4rg k\u00e4nns som mest \u201ddu\u201d just nu? <\/strong><br><strong>Svar:<\/strong> Jag tycker om b\u00e5de r\u00f6tt och svart, men just nu k\u00e4nner jag mest f\u00f6r svart. Det \u00e4r en f\u00e4rg jag alltid dragits till och den speglar mig b\u00e4st just nu \u2013 enkel, stark och trygg p\u00e5 n\u00e5got s\u00e4tt.<\/li>\n\n\n\n<li><strong>Vad \u00e4r det f\u00f6rsta tecknet p\u00e5 h\u00f6st f\u00f6r dig? <\/strong><br><strong>Svar: <\/strong>F\u00f6r mig \u00e4r det f\u00f6rsta tecknet p\u00e5 h\u00f6sten n\u00e4r kv\u00e4llarna blir m\u00f6rkare och luften k\u00e4nns lite klarare. Tr\u00e4den b\u00f6rjar sakta skifta f\u00e4rg och de f\u00f6rsta gula l\u00f6ven dyker upp.<\/li>\n\n\n\n<li><strong>Vilken vana vill du ta med dig in i h\u00f6sten fr\u00e5n sommaren? <\/strong><br><strong>Svar:<\/strong> Jag vill g\u00e4rna ta med mig vanan att ge mig sj\u00e4lv egen tid in i h\u00f6sten, som att spela eller ta promenader. Det \u00e4r viktigt f\u00f6r mig att verkligen ta mig tid f\u00f6r mig sj\u00e4lv. Samtidigt vet jag att orken kanske inte alltid finns, men om jag kan h\u00e5lla fast vid det s\u00e5 vill jag verkligen forts\u00e4tta.<\/li>\n\n\n\n<li><strong>Vilken h\u00f6strutin l\u00e4ngtar du efter att \u00e5teruppta? <\/strong><br><strong>Svar:<\/strong> Jag har ingen s\u00e4rskild h\u00f6strutin som jag l\u00e4ngtar efter, men jag har b\u00e5de l\u00e4ngtat efter och k\u00e4nt viss oro inf\u00f6r jobb och skolstart. Det k\u00e4nns \u00e4nd\u00e5 sk\u00f6nt att komma tillbaka till de vanliga rutinerna igen.<\/li>\n<\/ol>\n\n\n\n<p><\/p>\n\n\n\n<img data-recalc-dims=\"1\" loading=\"lazy\" decoding=\"async\" style=\"opacity: 0;\" superb-addons-animation=\"zoomIn\" src=\"https:\/\/i0.wp.com\/datajenny.se\/Blogg\/wp-content\/uploads\/2025\/07\/1000012255.png?resize=180%2C53&#038;ssl=1\" alt=\"Signatur\" width=\"180\" height=\"53\">\n\n\n\n<p><\/p>\n","protected":false},"excerpt":{"rendered":"<p>Vill du l\u00e4sa om flera som bloggar om temat Fem en fredag s\u00e5 hittar du dessa h\u00e4r hos Elisa.<\/p>\n","protected":false},"author":1,"featured_media":1327,"comment_status":"open","ping_status":"open","sticky":false,"template":"","format":"standard","meta":{"ngg_post_thumbnail":0,"jetpack_post_was_ever_published":false,"_jetpack_newsletter_access":"","_jetpack_dont_email_post_to_subs":false,"_jetpack_newsletter_tier_id":0,"_jetpack_memberships_contains_paywalled_content":false,"_jetpack_memberships_contains_paid_content":false,"footnotes":"","jetpack_publicize_message":"","jetpack_publicize_feature_enabled":true,"jetpack_social_post_already_shared":true,"jetpack_social_options":{"image_generator_settings":{"template":"highway","default_image_id":0,"font":"","enabled":false},"version":2}},"categories":[8,49],"tags":[9,51],"class_list":["post-2578","post","type-post","status-publish","format-standard","has-post-thumbnail","hentry","category-blogg","category-fem-en-fredag","tag-blogg","tag-fem-en-fredag"],"featured_image_src":"https:\/\/i0.wp.com\/datajenny.se\/Blogg\/wp-content\/uploads\/2025\/07\/funny-friday-pictures-pop6a4pfk0iy8byu.jpg?fit=950%2C775&ssl=1","author_info":{"display_name":"Jenny Louise Nod\u00e9n","author_link":"https:\/\/datajenny.se\/Blogg\/author\/jenny_louise\/"},"yoast_head":"<!-- This site is optimized with the Yoast SEO plugin v27.3 - https:\/\/yoast.com\/product\/yoast-seo-wordpress\/ -->\n<title>Fem en fredag v.33: \u00d6verg\u00e5ng - V\u00e4lkommen till JeLo<\/title>\n<meta name=\"robots\" content=\"index, follow, max-snippet:-1, max-image-preview:large, max-video-preview:-1\" \/>\n<link rel=\"canonical\" href=\"https:\/\/datajenny.se\/Blogg\/2025\/08\/15\/fem-en-fredag-v-33-overgang\/\" \/>\n<meta property=\"og:locale\" content=\"sv_SE\" \/>\n<meta property=\"og:type\" content=\"article\" \/>\n<meta property=\"og:title\" content=\"Fem en fredag v.33: \u00d6verg\u00e5ng - V\u00e4lkommen till JeLo\" \/>\n<meta property=\"og:description\" content=\"Vill du l\u00e4sa om flera som bloggar om temat Fem en fredag s\u00e5 hittar du dessa h\u00e4r hos Elisa.\" \/>\n<meta property=\"og:url\" content=\"https:\/\/datajenny.se\/Blogg\/2025\/08\/15\/fem-en-fredag-v-33-overgang\/\" \/>\n<meta property=\"og:site_name\" content=\"V\u00e4lkommen till JeLo\" \/>\n<meta property=\"article:publisher\" content=\"https:\/\/www.facebook.com\/datajenny\/\" \/>\n<meta property=\"article:author\" content=\"https:\/\/www.facebook.com\/datajenny\/\" \/>\n<meta property=\"article:published_time\" content=\"2025-08-15T16:55:02+00:00\" \/>\n<meta property=\"article:modified_time\" content=\"2025-08-29T17:07:25+00:00\" \/>\n<meta property=\"og:image\" content=\"https:\/\/datajenny.se\/Blogg\/wp-content\/uploads\/2025\/07\/funny-friday-pictures-pop6a4pfk0iy8byu.jpg\" \/>\n\t<meta property=\"og:image:width\" content=\"950\" \/>\n\t<meta property=\"og:image:height\" content=\"775\" \/>\n\t<meta property=\"og:image:type\" content=\"image\/jpeg\" \/>\n<meta name=\"author\" content=\"Jenny Louise Nod\u00e9n\" \/>\n<meta name=\"twitter:card\" content=\"summary_large_image\" \/>\n<meta name=\"twitter:label1\" content=\"Skriven av\" \/>\n\t<meta name=\"twitter:data1\" content=\"Jenny Louise Nod\u00e9n\" \/>\n\t<meta name=\"twitter:label2\" content=\"Ber\u00e4knad l\u00e4stid\" \/>\n\t<meta name=\"twitter:data2\" content=\"2 minuter\" \/>\n<script type=\"application\/ld+json\" class=\"yoast-schema-graph\">{\"@context\":\"https:\\\/\\\/schema.org\",\"@graph\":[{\"@type\":\"Article\",\"@id\":\"https:\\\/\\\/datajenny.se\\\/Blogg\\\/2025\\\/08\\\/15\\\/fem-en-fredag-v-33-overgang\\\/#article\",\"isPartOf\":{\"@id\":\"https:\\\/\\\/datajenny.se\\\/Blogg\\\/2025\\\/08\\\/15\\\/fem-en-fredag-v-33-overgang\\\/\"},\"author\":{\"name\":\"Jenny Louise Nod\u00e9n\",\"@id\":\"https:\\\/\\\/datajenny.se\\\/Blogg\\\/#\\\/schema\\\/person\\\/da3cd1b9792c07c50c88641dcf976bee\"},\"headline\":\"Fem en fredag v.33: \u00d6verg\u00e5ng\",\"datePublished\":\"2025-08-15T16:55:02+00:00\",\"dateModified\":\"2025-08-29T17:07:25+00:00\",\"mainEntityOfPage\":{\"@id\":\"https:\\\/\\\/datajenny.se\\\/Blogg\\\/2025\\\/08\\\/15\\\/fem-en-fredag-v-33-overgang\\\/\"},\"wordCount\":349,\"commentCount\":1,\"publisher\":{\"@id\":\"https:\\\/\\\/datajenny.se\\\/Blogg\\\/#\\\/schema\\\/person\\\/da3cd1b9792c07c50c88641dcf976bee\"},\"image\":{\"@id\":\"https:\\\/\\\/datajenny.se\\\/Blogg\\\/2025\\\/08\\\/15\\\/fem-en-fredag-v-33-overgang\\\/#primaryimage\"},\"thumbnailUrl\":\"https:\\\/\\\/i0.wp.com\\\/datajenny.se\\\/Blogg\\\/wp-content\\\/uploads\\\/2025\\\/07\\\/funny-friday-pictures-pop6a4pfk0iy8byu.jpg?fit=950%2C775&ssl=1\",\"keywords\":[\"Blogg\",\"Fem en fredag\"],\"articleSection\":[\"Blogg\",\"Fem en fredag\"],\"inLanguage\":\"sv-SE\",\"potentialAction\":[{\"@type\":\"CommentAction\",\"name\":\"Comment\",\"target\":[\"https:\\\/\\\/datajenny.se\\\/Blogg\\\/2025\\\/08\\\/15\\\/fem-en-fredag-v-33-overgang\\\/#respond\"]}]},{\"@type\":\"WebPage\",\"@id\":\"https:\\\/\\\/datajenny.se\\\/Blogg\\\/2025\\\/08\\\/15\\\/fem-en-fredag-v-33-overgang\\\/\",\"url\":\"https:\\\/\\\/datajenny.se\\\/Blogg\\\/2025\\\/08\\\/15\\\/fem-en-fredag-v-33-overgang\\\/\",\"name\":\"Fem en fredag v.33: \u00d6verg\u00e5ng - V\u00e4lkommen till JeLo\",\"isPartOf\":{\"@id\":\"https:\\\/\\\/datajenny.se\\\/Blogg\\\/#website\"},\"primaryImageOfPage\":{\"@id\":\"https:\\\/\\\/datajenny.se\\\/Blogg\\\/2025\\\/08\\\/15\\\/fem-en-fredag-v-33-overgang\\\/#primaryimage\"},\"image\":{\"@id\":\"https:\\\/\\\/datajenny.se\\\/Blogg\\\/2025\\\/08\\\/15\\\/fem-en-fredag-v-33-overgang\\\/#primaryimage\"},\"thumbnailUrl\":\"https:\\\/\\\/i0.wp.com\\\/datajenny.se\\\/Blogg\\\/wp-content\\\/uploads\\\/2025\\\/07\\\/funny-friday-pictures-pop6a4pfk0iy8byu.jpg?fit=950%2C775&ssl=1\",\"datePublished\":\"2025-08-15T16:55:02+00:00\",\"dateModified\":\"2025-08-29T17:07:25+00:00\",\"breadcrumb\":{\"@id\":\"https:\\\/\\\/datajenny.se\\\/Blogg\\\/2025\\\/08\\\/15\\\/fem-en-fredag-v-33-overgang\\\/#breadcrumb\"},\"inLanguage\":\"sv-SE\",\"potentialAction\":[{\"@type\":\"ReadAction\",\"target\":[\"https:\\\/\\\/datajenny.se\\\/Blogg\\\/2025\\\/08\\\/15\\\/fem-en-fredag-v-33-overgang\\\/\"]}]},{\"@type\":\"ImageObject\",\"inLanguage\":\"sv-SE\",\"@id\":\"https:\\\/\\\/datajenny.se\\\/Blogg\\\/2025\\\/08\\\/15\\\/fem-en-fredag-v-33-overgang\\\/#primaryimage\",\"url\":\"https:\\\/\\\/i0.wp.com\\\/datajenny.se\\\/Blogg\\\/wp-content\\\/uploads\\\/2025\\\/07\\\/funny-friday-pictures-pop6a4pfk0iy8byu.jpg?fit=950%2C775&ssl=1\",\"contentUrl\":\"https:\\\/\\\/i0.wp.com\\\/datajenny.se\\\/Blogg\\\/wp-content\\\/uploads\\\/2025\\\/07\\\/funny-friday-pictures-pop6a4pfk0iy8byu.jpg?fit=950%2C775&ssl=1\",\"width\":950,\"height\":775},{\"@type\":\"BreadcrumbList\",\"@id\":\"https:\\\/\\\/datajenny.se\\\/Blogg\\\/2025\\\/08\\\/15\\\/fem-en-fredag-v-33-overgang\\\/#breadcrumb\",\"itemListElement\":[{\"@type\":\"ListItem\",\"position\":1,\"name\":\"Hem\",\"item\":\"https:\\\/\\\/datajenny.se\\\/Blogg\\\/\"},{\"@type\":\"ListItem\",\"position\":2,\"name\":\"Fem en fredag v.33: \u00d6verg\u00e5ng\"}]},{\"@type\":\"WebSite\",\"@id\":\"https:\\\/\\\/datajenny.se\\\/Blogg\\\/#website\",\"url\":\"https:\\\/\\\/datajenny.se\\\/Blogg\\\/\",\"name\":\"V\u00e4lkommen till Jenny Louises blogg\",\"description\":\"Jenny Louises blogg\",\"publisher\":{\"@id\":\"https:\\\/\\\/datajenny.se\\\/Blogg\\\/#\\\/schema\\\/person\\\/da3cd1b9792c07c50c88641dcf976bee\"},\"potentialAction\":[{\"@type\":\"SearchAction\",\"target\":{\"@type\":\"EntryPoint\",\"urlTemplate\":\"https:\\\/\\\/datajenny.se\\\/Blogg\\\/?s={search_term_string}\"},\"query-input\":{\"@type\":\"PropertyValueSpecification\",\"valueRequired\":true,\"valueName\":\"search_term_string\"}}],\"inLanguage\":\"sv-SE\"},{\"@type\":[\"Person\",\"Organization\"],\"@id\":\"https:\\\/\\\/datajenny.se\\\/Blogg\\\/#\\\/schema\\\/person\\\/da3cd1b9792c07c50c88641dcf976bee\",\"name\":\"Jenny Louise Nod\u00e9n\",\"image\":{\"@type\":\"ImageObject\",\"inLanguage\":\"sv-SE\",\"@id\":\"https:\\\/\\\/datajenny.se\\\/Blogg\\\/wp-content\\\/uploads\\\/2025\\\/07\\\/wp-1751728308657.jpg\",\"url\":\"https:\\\/\\\/datajenny.se\\\/Blogg\\\/wp-content\\\/uploads\\\/2025\\\/07\\\/wp-1751728308657.jpg\",\"contentUrl\":\"https:\\\/\\\/datajenny.se\\\/Blogg\\\/wp-content\\\/uploads\\\/2025\\\/07\\\/wp-1751728308657.jpg\",\"width\":928,\"height\":928,\"caption\":\"Jenny Louise Nod\u00e9n\"},\"logo\":{\"@id\":\"https:\\\/\\\/datajenny.se\\\/Blogg\\\/wp-content\\\/uploads\\\/2025\\\/07\\\/wp-1751728308657.jpg\"},\"description\":\"Jag \u00e4r en tjej som oftast \u00e4r glad och \u00e4lskar livet, men den 18 januari 2005 s\u00e5 f\u00f6rs\u00f6kte jag ta mitt liv, jag orkade inte helt enkelt l\u00e4ngre. Men min f\u00e4stman hittade mig i duschen, han r\u00e4ddade livet p\u00e5 mig. Jag fick \u00e5ka in till akuten och blev magpumpad samt s\u00e5 fick jag \u00e4ta kr\u00e4ksirap. Hamnade sedan p\u00e5 S\u00e4ter och log d\u00e4r i fyra dagar. Idag \u00e4r jag glad f\u00f6r att han hittade mig, livet har s\u00e5 mycket att erbjuda. Jag bryr mig f\u00f6r mycket om andra, jag kommer alltid i andra hand hos mig sj\u00e4lv. Jag \u00e4r gift med en underbar man vid namn Magnus och vi har en son som heter Erik och \u00e4r f\u00f6dd juni 2018.\",\"sameAs\":[\"https:\\\/\\\/datajenny.se\\\/Blogg\",\"https:\\\/\\\/www.facebook.com\\\/datajenny\\\/\",\"https:\\\/\\\/www.instagram.com\\\/datajenny\\\/\",\"https:\\\/\\\/www.linkedin.com\\\/in\\\/jenny-louise-nodn-75324811b?\",\"https:\\\/\\\/youtube.com\\\/channel\\\/UCU00yswsJZcmgqfoON6pMwg\",\"https:\\\/\\\/datajenny.tumblr.com\\\/\"],\"url\":\"https:\\\/\\\/datajenny.se\\\/Blogg\\\/author\\\/jenny_louise\\\/\"}]}<\/script>\n<!-- \/ Yoast SEO plugin. -->","yoast_head_json":{"title":"Fem en fredag v.33: \u00d6verg\u00e5ng - V\u00e4lkommen till JeLo","robots":{"index":"index","follow":"follow","max-snippet":"max-snippet:-1","max-image-preview":"max-image-preview:large","max-video-preview":"max-video-preview:-1"},"canonical":"https:\/\/datajenny.se\/Blogg\/2025\/08\/15\/fem-en-fredag-v-33-overgang\/","og_locale":"sv_SE","og_type":"article","og_title":"Fem en fredag v.33: \u00d6verg\u00e5ng - V\u00e4lkommen till JeLo","og_description":"Vill du l\u00e4sa om flera som bloggar om temat Fem en fredag s\u00e5 hittar du dessa h\u00e4r hos Elisa.","og_url":"https:\/\/datajenny.se\/Blogg\/2025\/08\/15\/fem-en-fredag-v-33-overgang\/","og_site_name":"V\u00e4lkommen till JeLo","article_publisher":"https:\/\/www.facebook.com\/datajenny\/","article_author":"https:\/\/www.facebook.com\/datajenny\/","article_published_time":"2025-08-15T16:55:02+00:00","article_modified_time":"2025-08-29T17:07:25+00:00","og_image":[{"width":950,"height":775,"url":"https:\/\/datajenny.se\/Blogg\/wp-content\/uploads\/2025\/07\/funny-friday-pictures-pop6a4pfk0iy8byu.jpg","type":"image\/jpeg"}],"author":"Jenny Louise Nod\u00e9n","twitter_card":"summary_large_image","twitter_misc":{"Skriven av":"Jenny Louise Nod\u00e9n","Ber\u00e4knad l\u00e4stid":"2 minuter"},"schema":{"@context":"https:\/\/schema.org","@graph":[{"@type":"Article","@id":"https:\/\/datajenny.se\/Blogg\/2025\/08\/15\/fem-en-fredag-v-33-overgang\/#article","isPartOf":{"@id":"https:\/\/datajenny.se\/Blogg\/2025\/08\/15\/fem-en-fredag-v-33-overgang\/"},"author":{"name":"Jenny Louise Nod\u00e9n","@id":"https:\/\/datajenny.se\/Blogg\/#\/schema\/person\/da3cd1b9792c07c50c88641dcf976bee"},"headline":"Fem en fredag v.33: \u00d6verg\u00e5ng","datePublished":"2025-08-15T16:55:02+00:00","dateModified":"2025-08-29T17:07:25+00:00","mainEntityOfPage":{"@id":"https:\/\/datajenny.se\/Blogg\/2025\/08\/15\/fem-en-fredag-v-33-overgang\/"},"wordCount":349,"commentCount":1,"publisher":{"@id":"https:\/\/datajenny.se\/Blogg\/#\/schema\/person\/da3cd1b9792c07c50c88641dcf976bee"},"image":{"@id":"https:\/\/datajenny.se\/Blogg\/2025\/08\/15\/fem-en-fredag-v-33-overgang\/#primaryimage"},"thumbnailUrl":"https:\/\/i0.wp.com\/datajenny.se\/Blogg\/wp-content\/uploads\/2025\/07\/funny-friday-pictures-pop6a4pfk0iy8byu.jpg?fit=950%2C775&ssl=1","keywords":["Blogg","Fem en fredag"],"articleSection":["Blogg","Fem en fredag"],"inLanguage":"sv-SE","potentialAction":[{"@type":"CommentAction","name":"Comment","target":["https:\/\/datajenny.se\/Blogg\/2025\/08\/15\/fem-en-fredag-v-33-overgang\/#respond"]}]},{"@type":"WebPage","@id":"https:\/\/datajenny.se\/Blogg\/2025\/08\/15\/fem-en-fredag-v-33-overgang\/","url":"https:\/\/datajenny.se\/Blogg\/2025\/08\/15\/fem-en-fredag-v-33-overgang\/","name":"Fem en fredag v.33: \u00d6verg\u00e5ng - V\u00e4lkommen till JeLo","isPartOf":{"@id":"https:\/\/datajenny.se\/Blogg\/#website"},"primaryImageOfPage":{"@id":"https:\/\/datajenny.se\/Blogg\/2025\/08\/15\/fem-en-fredag-v-33-overgang\/#primaryimage"},"image":{"@id":"https:\/\/datajenny.se\/Blogg\/2025\/08\/15\/fem-en-fredag-v-33-overgang\/#primaryimage"},"thumbnailUrl":"https:\/\/i0.wp.com\/datajenny.se\/Blogg\/wp-content\/uploads\/2025\/07\/funny-friday-pictures-pop6a4pfk0iy8byu.jpg?fit=950%2C775&ssl=1","datePublished":"2025-08-15T16:55:02+00:00","dateModified":"2025-08-29T17:07:25+00:00","breadcrumb":{"@id":"https:\/\/datajenny.se\/Blogg\/2025\/08\/15\/fem-en-fredag-v-33-overgang\/#breadcrumb"},"inLanguage":"sv-SE","potentialAction":[{"@type":"ReadAction","target":["https:\/\/datajenny.se\/Blogg\/2025\/08\/15\/fem-en-fredag-v-33-overgang\/"]}]},{"@type":"ImageObject","inLanguage":"sv-SE","@id":"https:\/\/datajenny.se\/Blogg\/2025\/08\/15\/fem-en-fredag-v-33-overgang\/#primaryimage","url":"https:\/\/i0.wp.com\/datajenny.se\/Blogg\/wp-content\/uploads\/2025\/07\/funny-friday-pictures-pop6a4pfk0iy8byu.jpg?fit=950%2C775&ssl=1","contentUrl":"https:\/\/i0.wp.com\/datajenny.se\/Blogg\/wp-content\/uploads\/2025\/07\/funny-friday-pictures-pop6a4pfk0iy8byu.jpg?fit=950%2C775&ssl=1","width":950,"height":775},{"@type":"BreadcrumbList","@id":"https:\/\/datajenny.se\/Blogg\/2025\/08\/15\/fem-en-fredag-v-33-overgang\/#breadcrumb","itemListElement":[{"@type":"ListItem","position":1,"name":"Hem","item":"https:\/\/datajenny.se\/Blogg\/"},{"@type":"ListItem","position":2,"name":"Fem en fredag v.33: \u00d6verg\u00e5ng"}]},{"@type":"WebSite","@id":"https:\/\/datajenny.se\/Blogg\/#website","url":"https:\/\/datajenny.se\/Blogg\/","name":"V\u00e4lkommen till Jenny Louises blogg","description":"Jenny Louises blogg","publisher":{"@id":"https:\/\/datajenny.se\/Blogg\/#\/schema\/person\/da3cd1b9792c07c50c88641dcf976bee"},"potentialAction":[{"@type":"SearchAction","target":{"@type":"EntryPoint","urlTemplate":"https:\/\/datajenny.se\/Blogg\/?s={search_term_string}"},"query-input":{"@type":"PropertyValueSpecification","valueRequired":true,"valueName":"search_term_string"}}],"inLanguage":"sv-SE"},{"@type":["Person","Organization"],"@id":"https:\/\/datajenny.se\/Blogg\/#\/schema\/person\/da3cd1b9792c07c50c88641dcf976bee","name":"Jenny Louise Nod\u00e9n","image":{"@type":"ImageObject","inLanguage":"sv-SE","@id":"https:\/\/datajenny.se\/Blogg\/wp-content\/uploads\/2025\/07\/wp-1751728308657.jpg","url":"https:\/\/datajenny.se\/Blogg\/wp-content\/uploads\/2025\/07\/wp-1751728308657.jpg","contentUrl":"https:\/\/datajenny.se\/Blogg\/wp-content\/uploads\/2025\/07\/wp-1751728308657.jpg","width":928,"height":928,"caption":"Jenny Louise Nod\u00e9n"},"logo":{"@id":"https:\/\/datajenny.se\/Blogg\/wp-content\/uploads\/2025\/07\/wp-1751728308657.jpg"},"description":"Jag \u00e4r en tjej som oftast \u00e4r glad och \u00e4lskar livet, men den 18 januari 2005 s\u00e5 f\u00f6rs\u00f6kte jag ta mitt liv, jag orkade inte helt enkelt l\u00e4ngre. Men min f\u00e4stman hittade mig i duschen, han r\u00e4ddade livet p\u00e5 mig. Jag fick \u00e5ka in till akuten och blev magpumpad samt s\u00e5 fick jag \u00e4ta kr\u00e4ksirap. Hamnade sedan p\u00e5 S\u00e4ter och log d\u00e4r i fyra dagar. Idag \u00e4r jag glad f\u00f6r att han hittade mig, livet har s\u00e5 mycket att erbjuda. Jag bryr mig f\u00f6r mycket om andra, jag kommer alltid i andra hand hos mig sj\u00e4lv. Jag \u00e4r gift med en underbar man vid namn Magnus och vi har en son som heter Erik och \u00e4r f\u00f6dd juni 2018.","sameAs":["https:\/\/datajenny.se\/Blogg","https:\/\/www.facebook.com\/datajenny\/","https:\/\/www.instagram.com\/datajenny\/","https:\/\/www.linkedin.com\/in\/jenny-louise-nodn-75324811b?","https:\/\/youtube.com\/channel\/UCU00yswsJZcmgqfoON6pMwg","https:\/\/datajenny.tumblr.com\/"],"url":"https:\/\/datajenny.se\/Blogg\/author\/jenny_louise\/"}]}},"jetpack_publicize_connections":[],"jetpack_featured_media_url":"https:\/\/i0.wp.com\/datajenny.se\/Blogg\/wp-content\/uploads\/2025\/07\/funny-friday-pictures-pop6a4pfk0iy8byu.jpg?fit=950%2C775&ssl=1","jetpack_sharing_enabled":true,"jetpack_likes_enabled":true,"_links":{"self":[{"href":"https:\/\/datajenny.se\/Blogg\/wp-json\/wp\/v2\/posts\/2578","targetHints":{"allow":["GET"]}}],"collection":[{"href":"https:\/\/datajenny.se\/Blogg\/wp-json\/wp\/v2\/posts"}],"about":[{"href":"https:\/\/datajenny.se\/Blogg\/wp-json\/wp\/v2\/types\/post"}],"author":[{"embeddable":true,"href":"https:\/\/datajenny.se\/Blogg\/wp-json\/wp\/v2\/users\/1"}],"replies":[{"embeddable":true,"href":"https:\/\/datajenny.se\/Blogg\/wp-json\/wp\/v2\/comments?post=2578"}],"version-history":[{"count":4,"href":"https:\/\/datajenny.se\/Blogg\/wp-json\/wp\/v2\/posts\/2578\/revisions"}],"predecessor-version":[{"id":2852,"href":"https:\/\/datajenny.se\/Blogg\/wp-json\/wp\/v2\/posts\/2578\/revisions\/2852"}],"wp:featuredmedia":[{"embeddable":true,"href":"https:\/\/datajenny.se\/Blogg\/wp-json\/wp\/v2\/media\/1327"}],"wp:attachment":[{"href":"https:\/\/datajenny.se\/Blogg\/wp-json\/wp\/v2\/media?parent=2578"}],"wp:term":[{"taxonomy":"category","embeddable":true,"href":"https:\/\/datajenny.se\/Blogg\/wp-json\/wp\/v2\/categories?post=2578"},{"taxonomy":"post_tag","embeddable":true,"href":"https:\/\/datajenny.se\/Blogg\/wp-json\/wp\/v2\/tags?post=2578"}],"curies":[{"name":"wp","href":"https:\/\/api.w.org\/{rel}","templated":true}]}}