{"id":2624,"date":"2025-08-18T17:11:44","date_gmt":"2025-08-18T15:11:44","guid":{"rendered":"https:\/\/datajenny.se\/Blogg\/2025\/08\/18\/en-lang-natt-och-en-stolt-dag\/"},"modified":"2025-09-06T09:14:57","modified_gmt":"2025-09-06T07:14:57","slug":"en-lang-natt-och-en-stolt-dag","status":"publish","type":"post","link":"https:\/\/datajenny.se\/Blogg\/2025\/08\/18\/en-lang-natt-och-en-stolt-dag\/","title":{"rendered":"En l\u00e5ng natt och en stolt dag"},"content":{"rendered":"\n<p>Erik somnade i vanlig tid ig\u00e5r kv\u00e4ll, som han n\u00e4stan alltid g\u00f6r \u2013 mellan 20:30 och 20:40. <\/p>\n\n\n\n<!--more-->\n\n\n\n<p>Det tar ungef\u00e4r 40 minuter att natta honom, och natten brukar flyta p\u00e5. Men i natt blev det inte riktigt som vanligt.<br><br>Vid 02:15 vaknade han och beh\u00f6vde g\u00e5 p\u00e5 toaletten. Jag fick b\u00e4ra honom dit, men efter\u00e5t kunde han inte somna om. En stund senare, vid 03-tiden, beh\u00f6vde han upp igen, och hela tiden upprepade han att han inte kunde sova. N\u00e4r han till slut r\u00e5kade trampa i en kattspya p\u00e5 v\u00e4g tillbaka till s\u00e4ngen, brast allt. Han blev ledsen och otr\u00f6stlig, s\u00e5 jag fick ta fram iPaden f\u00f6r att lugna honom. Det hj\u00e4lpte, men s\u00f6mnen ville \u00e4nd\u00e5 inte komma tillbaka.<br><br>Klockan 06:00 kl\u00e4dde vi p\u00e5 honom och gjorde oss redo f\u00f6r dagen. Trots den l\u00e5nga natten var han ivrig \u2013 mer ivrig \u00e4n n\u00e5gonsin \u2013 att g\u00e5 till skolan. P\u00e5 fritids fick jag hj\u00e4lpa honom med jackan, men det k\u00e4ndes s\u00e5 fint att se honom \u00e4nd\u00e5 kliva in i sin nya skolvardag.<\/p>\n\n\n<div class=\"wp-block-image\">\n<figure class=\"aligncenter size-large is-resized\"><img data-recalc-dims=\"1\" loading=\"lazy\" decoding=\"async\" width=\"409\" height=\"614\" src=\"https:\/\/i0.wp.com\/datajenny.se\/Blogg\/wp-content\/uploads\/2025\/08\/file_000000005a3c6243a646fc48743b1b965036991374965650318.png?resize=409%2C614&#038;ssl=1\" alt=\"\" class=\"wp-image-2623\" style=\"width:348px\" srcset=\"https:\/\/i0.wp.com\/datajenny.se\/Blogg\/wp-content\/uploads\/2025\/08\/file_000000005a3c6243a646fc48743b1b965036991374965650318.png?w=409&amp;ssl=1 409w, https:\/\/i0.wp.com\/datajenny.se\/Blogg\/wp-content\/uploads\/2025\/08\/file_000000005a3c6243a646fc48743b1b965036991374965650318.png?resize=266%2C400&amp;ssl=1 266w\" sizes=\"auto, (max-width: 409px) 100vw, 409px\" \/><\/figure>\n<\/div>\n\n\n<p>Jobbdagen f\u00f6r mig var full av samtal, bes\u00f6k och \u00e4renden, tydligt att skolstarten m\u00e4rks p\u00e5 alla h\u00e5ll. N\u00e4r jag slutade ringde jag Magnus f\u00f6r att h\u00f6ra hur det hade g\u00e5tt f\u00f6r Erik. Svaret gjorde mig varm i hj\u00e4rtat: det hade g\u00e5tt j\u00e4ttebra. Jag \u00e4r s\u00e5 stolt \u00f6ver honom.<br><br>Nu \u00e4r klockan 17 och han \u00e4r fortfarande vaken. Vi var oroliga att han skulle somna mitt under dagen, men det verkar ha g\u00e5tt bra. F\u00f6rhoppningsvis somnar han i tid ikv\u00e4ll, s\u00e5 morgondagen blir lika fin som idag.<br><br>Sj\u00e4lv t\u00e4nker jag avsluta kv\u00e4llen med lite f\u00e4rgl\u00e4ggning p\u00e5 mobilen och kanske en serie.<\/p>\n\n\n<div class=\"wp-block-ub-divider ub_divider ub-divider-orientation-horizontal\" id=\"ub_divider_d0b26793-9180-4087-b738-a2c063991e84\"><div class=\"ub_divider_wrapper\" style=\"position: relative; margin-bottom: 2px; width: 100%; height: 2px; \" data-divider-alignment=\"center\"><div class=\"ub_divider_line\" style=\"border-top: 10px dotted #00d084; margin-top: 2px; \"><\/div><\/div><\/div>\n\n\n<p><\/p>\n\n\n\n<h2 class=\"wp-block-heading\">Dagens dikt <\/h2>\n\n\n\n<p><strong>F\u00f6rsta skoldagen i \u00e5rskurs 1<\/strong><br><br><em>Ett steg mot n\u00e5got nytt, s\u00e5 stort, s\u00e5 fint,<\/em><br><em>en v\u00e4g som b\u00f6rjar d\u00e4r lek och dr\u00f6m m\u00f6ts i ett skrin.<\/em><br><em>Ryggs\u00e4cken tung, men hj\u00e4rtat l\u00e4tt,<\/em><br><em>f\u00f6rsta dagen i skolan \u2013 ett minne som alltid blir r\u00e4tt.<\/em><br><br><em>Sm\u00e5 h\u00e4nder som s\u00f6ker, stora ord som v\u00e4ntar,<\/em><br><em>ett klassrum fyllt av skratt, av r\u00f6ster som fl\u00e4mtar.<\/em><br><em>All oro f\u00f6rsvann i ett \u00f6gonblicks tid,<\/em><br><em>n\u00e4r modet tog plats och blev styrka och frid.<\/em><br><br><em>S\u00e5 b\u00f6rjar resan, kapitel ett,<\/em><br><em>en v\u00e4rld av kunskap \u2013 o\u00e4ndligt och brett.<\/em><br><em>Och mitt i allt st\u00e5r du, min son,<\/em><br><em>redo att v\u00e4xa, i hj\u00e4rta och ton.<\/em><\/p>\n\n\n\n<img data-recalc-dims=\"1\" loading=\"lazy\" decoding=\"async\" style=\"opacity: 0;\" superb-addons-animation=\"zoomIn\" src=\"https:\/\/i0.wp.com\/datajenny.se\/Blogg\/wp-content\/uploads\/2025\/07\/1000012255.png?resize=180%2C53&#038;ssl=1\" alt=\"Signatur\" width=\"180\" height=\"53\">\n\n\n\n<p><\/p>\n","protected":false},"excerpt":{"rendered":"<p>Erik somnade i vanlig tid ig\u00e5r kv\u00e4ll, som han n\u00e4stan alltid g\u00f6r \u2013 mellan 20:30 och 20:40.<\/p>\n","protected":false},"author":1,"featured_media":2622,"comment_status":"open","ping_status":"open","sticky":false,"template":"","format":"standard","meta":{"ngg_post_thumbnail":0,"jetpack_post_was_ever_published":false,"_jetpack_newsletter_access":"","_jetpack_dont_email_post_to_subs":false,"_jetpack_newsletter_tier_id":0,"_jetpack_memberships_contains_paywalled_content":false,"_jetpack_memberships_contains_paid_content":false,"footnotes":"","jetpack_publicize_message":"","jetpack_publicize_feature_enabled":true,"jetpack_social_post_already_shared":true,"jetpack_social_options":{"image_generator_settings":{"template":"highway","default_image_id":0,"font":"","enabled":false},"version":2}},"categories":[117,8,38,168],"tags":[118,9,11,169],"class_list":["post-2624","post","type-post","status-publish","format-standard","has-post-thumbnail","hentry","category-arbete","category-blogg","category-erik","category-fritid-skola","tag-arbete","tag-blogg","tag-erik","tag-fritid-skola"],"featured_image_src":"https:\/\/i0.wp.com\/datajenny.se\/Blogg\/wp-content\/uploads\/2025\/08\/file_000000005a3c6243a646fc48743b1b96.png?fit=409%2C614&ssl=1","author_info":{"display_name":"Jenny Louise Nod\u00e9n","author_link":"https:\/\/datajenny.se\/Blogg\/author\/jenny_louise\/"},"yoast_head":"<!-- This site is optimized with the Yoast SEO plugin v27.3 - https:\/\/yoast.com\/product\/yoast-seo-wordpress\/ -->\n<title>En l\u00e5ng natt och en stolt dag - V\u00e4lkommen till JeLo<\/title>\n<meta name=\"robots\" content=\"index, follow, max-snippet:-1, max-image-preview:large, max-video-preview:-1\" \/>\n<link rel=\"canonical\" href=\"https:\/\/datajenny.se\/Blogg\/2025\/08\/18\/en-lang-natt-och-en-stolt-dag\/\" \/>\n<meta property=\"og:locale\" content=\"sv_SE\" \/>\n<meta property=\"og:type\" content=\"article\" \/>\n<meta property=\"og:title\" content=\"En l\u00e5ng natt och en stolt dag - V\u00e4lkommen till JeLo\" \/>\n<meta property=\"og:description\" content=\"Erik somnade i vanlig tid ig\u00e5r kv\u00e4ll, som han n\u00e4stan alltid g\u00f6r \u2013 mellan 20:30 och 20:40.\" \/>\n<meta property=\"og:url\" content=\"https:\/\/datajenny.se\/Blogg\/2025\/08\/18\/en-lang-natt-och-en-stolt-dag\/\" \/>\n<meta property=\"og:site_name\" content=\"V\u00e4lkommen till JeLo\" \/>\n<meta property=\"article:publisher\" content=\"https:\/\/www.facebook.com\/datajenny\/\" \/>\n<meta property=\"article:author\" content=\"https:\/\/www.facebook.com\/datajenny\/\" \/>\n<meta property=\"article:published_time\" content=\"2025-08-18T15:11:44+00:00\" \/>\n<meta property=\"article:modified_time\" content=\"2025-09-06T07:14:57+00:00\" \/>\n<meta property=\"og:image\" content=\"https:\/\/datajenny.se\/Blogg\/wp-content\/uploads\/2025\/08\/file_000000005a3c6243a646fc48743b1b96.png\" \/>\n\t<meta property=\"og:image:width\" content=\"409\" \/>\n\t<meta property=\"og:image:height\" content=\"614\" \/>\n\t<meta property=\"og:image:type\" content=\"image\/png\" \/>\n<meta name=\"author\" content=\"Jenny Louise Nod\u00e9n\" \/>\n<meta name=\"twitter:card\" content=\"summary_large_image\" \/>\n<meta name=\"twitter:label1\" content=\"Skriven av\" \/>\n\t<meta name=\"twitter:data1\" content=\"Jenny Louise Nod\u00e9n\" \/>\n\t<meta name=\"twitter:label2\" content=\"Ber\u00e4knad l\u00e4stid\" \/>\n\t<meta name=\"twitter:data2\" content=\"3 minuter\" \/>\n<script type=\"application\/ld+json\" class=\"yoast-schema-graph\">{\"@context\":\"https:\\\/\\\/schema.org\",\"@graph\":[{\"@type\":\"Article\",\"@id\":\"https:\\\/\\\/datajenny.se\\\/Blogg\\\/2025\\\/08\\\/18\\\/en-lang-natt-och-en-stolt-dag\\\/#article\",\"isPartOf\":{\"@id\":\"https:\\\/\\\/datajenny.se\\\/Blogg\\\/2025\\\/08\\\/18\\\/en-lang-natt-och-en-stolt-dag\\\/\"},\"author\":{\"name\":\"Jenny Louise Nod\u00e9n\",\"@id\":\"https:\\\/\\\/datajenny.se\\\/Blogg\\\/#\\\/schema\\\/person\\\/da3cd1b9792c07c50c88641dcf976bee\"},\"headline\":\"En l\u00e5ng natt och en stolt dag\",\"datePublished\":\"2025-08-18T15:11:44+00:00\",\"dateModified\":\"2025-09-06T07:14:57+00:00\",\"mainEntityOfPage\":{\"@id\":\"https:\\\/\\\/datajenny.se\\\/Blogg\\\/2025\\\/08\\\/18\\\/en-lang-natt-och-en-stolt-dag\\\/\"},\"wordCount\":440,\"commentCount\":0,\"publisher\":{\"@id\":\"https:\\\/\\\/datajenny.se\\\/Blogg\\\/#\\\/schema\\\/person\\\/da3cd1b9792c07c50c88641dcf976bee\"},\"image\":{\"@id\":\"https:\\\/\\\/datajenny.se\\\/Blogg\\\/2025\\\/08\\\/18\\\/en-lang-natt-och-en-stolt-dag\\\/#primaryimage\"},\"thumbnailUrl\":\"https:\\\/\\\/i0.wp.com\\\/datajenny.se\\\/Blogg\\\/wp-content\\\/uploads\\\/2025\\\/08\\\/file_000000005a3c6243a646fc48743b1b96.png?fit=409%2C614&ssl=1\",\"keywords\":[\"Arbete\",\"Blogg\",\"Erik\",\"Fritids\\\/Skola\"],\"articleSection\":[\"Arbete\",\"Blogg\",\"Erik\",\"Fritids\\\/Skola\"],\"inLanguage\":\"sv-SE\",\"potentialAction\":[{\"@type\":\"CommentAction\",\"name\":\"Comment\",\"target\":[\"https:\\\/\\\/datajenny.se\\\/Blogg\\\/2025\\\/08\\\/18\\\/en-lang-natt-och-en-stolt-dag\\\/#respond\"]}]},{\"@type\":\"WebPage\",\"@id\":\"https:\\\/\\\/datajenny.se\\\/Blogg\\\/2025\\\/08\\\/18\\\/en-lang-natt-och-en-stolt-dag\\\/\",\"url\":\"https:\\\/\\\/datajenny.se\\\/Blogg\\\/2025\\\/08\\\/18\\\/en-lang-natt-och-en-stolt-dag\\\/\",\"name\":\"En l\u00e5ng natt och en stolt dag - V\u00e4lkommen till JeLo\",\"isPartOf\":{\"@id\":\"https:\\\/\\\/datajenny.se\\\/Blogg\\\/#website\"},\"primaryImageOfPage\":{\"@id\":\"https:\\\/\\\/datajenny.se\\\/Blogg\\\/2025\\\/08\\\/18\\\/en-lang-natt-och-en-stolt-dag\\\/#primaryimage\"},\"image\":{\"@id\":\"https:\\\/\\\/datajenny.se\\\/Blogg\\\/2025\\\/08\\\/18\\\/en-lang-natt-och-en-stolt-dag\\\/#primaryimage\"},\"thumbnailUrl\":\"https:\\\/\\\/i0.wp.com\\\/datajenny.se\\\/Blogg\\\/wp-content\\\/uploads\\\/2025\\\/08\\\/file_000000005a3c6243a646fc48743b1b96.png?fit=409%2C614&ssl=1\",\"datePublished\":\"2025-08-18T15:11:44+00:00\",\"dateModified\":\"2025-09-06T07:14:57+00:00\",\"breadcrumb\":{\"@id\":\"https:\\\/\\\/datajenny.se\\\/Blogg\\\/2025\\\/08\\\/18\\\/en-lang-natt-och-en-stolt-dag\\\/#breadcrumb\"},\"inLanguage\":\"sv-SE\",\"potentialAction\":[{\"@type\":\"ReadAction\",\"target\":[\"https:\\\/\\\/datajenny.se\\\/Blogg\\\/2025\\\/08\\\/18\\\/en-lang-natt-och-en-stolt-dag\\\/\"]}]},{\"@type\":\"ImageObject\",\"inLanguage\":\"sv-SE\",\"@id\":\"https:\\\/\\\/datajenny.se\\\/Blogg\\\/2025\\\/08\\\/18\\\/en-lang-natt-och-en-stolt-dag\\\/#primaryimage\",\"url\":\"https:\\\/\\\/i0.wp.com\\\/datajenny.se\\\/Blogg\\\/wp-content\\\/uploads\\\/2025\\\/08\\\/file_000000005a3c6243a646fc48743b1b96.png?fit=409%2C614&ssl=1\",\"contentUrl\":\"https:\\\/\\\/i0.wp.com\\\/datajenny.se\\\/Blogg\\\/wp-content\\\/uploads\\\/2025\\\/08\\\/file_000000005a3c6243a646fc48743b1b96.png?fit=409%2C614&ssl=1\",\"width\":409,\"height\":614},{\"@type\":\"BreadcrumbList\",\"@id\":\"https:\\\/\\\/datajenny.se\\\/Blogg\\\/2025\\\/08\\\/18\\\/en-lang-natt-och-en-stolt-dag\\\/#breadcrumb\",\"itemListElement\":[{\"@type\":\"ListItem\",\"position\":1,\"name\":\"Hem\",\"item\":\"https:\\\/\\\/datajenny.se\\\/Blogg\\\/\"},{\"@type\":\"ListItem\",\"position\":2,\"name\":\"En l\u00e5ng natt och en stolt dag\"}]},{\"@type\":\"WebSite\",\"@id\":\"https:\\\/\\\/datajenny.se\\\/Blogg\\\/#website\",\"url\":\"https:\\\/\\\/datajenny.se\\\/Blogg\\\/\",\"name\":\"V\u00e4lkommen till Jenny Louises blogg\",\"description\":\"Jenny Louises blogg\",\"publisher\":{\"@id\":\"https:\\\/\\\/datajenny.se\\\/Blogg\\\/#\\\/schema\\\/person\\\/da3cd1b9792c07c50c88641dcf976bee\"},\"potentialAction\":[{\"@type\":\"SearchAction\",\"target\":{\"@type\":\"EntryPoint\",\"urlTemplate\":\"https:\\\/\\\/datajenny.se\\\/Blogg\\\/?s={search_term_string}\"},\"query-input\":{\"@type\":\"PropertyValueSpecification\",\"valueRequired\":true,\"valueName\":\"search_term_string\"}}],\"inLanguage\":\"sv-SE\"},{\"@type\":[\"Person\",\"Organization\"],\"@id\":\"https:\\\/\\\/datajenny.se\\\/Blogg\\\/#\\\/schema\\\/person\\\/da3cd1b9792c07c50c88641dcf976bee\",\"name\":\"Jenny Louise Nod\u00e9n\",\"image\":{\"@type\":\"ImageObject\",\"inLanguage\":\"sv-SE\",\"@id\":\"https:\\\/\\\/datajenny.se\\\/Blogg\\\/wp-content\\\/uploads\\\/2025\\\/07\\\/wp-1751728308657.jpg\",\"url\":\"https:\\\/\\\/datajenny.se\\\/Blogg\\\/wp-content\\\/uploads\\\/2025\\\/07\\\/wp-1751728308657.jpg\",\"contentUrl\":\"https:\\\/\\\/datajenny.se\\\/Blogg\\\/wp-content\\\/uploads\\\/2025\\\/07\\\/wp-1751728308657.jpg\",\"width\":928,\"height\":928,\"caption\":\"Jenny Louise Nod\u00e9n\"},\"logo\":{\"@id\":\"https:\\\/\\\/datajenny.se\\\/Blogg\\\/wp-content\\\/uploads\\\/2025\\\/07\\\/wp-1751728308657.jpg\"},\"description\":\"Jag \u00e4r en tjej som oftast \u00e4r glad och \u00e4lskar livet, men den 18 januari 2005 s\u00e5 f\u00f6rs\u00f6kte jag ta mitt liv, jag orkade inte helt enkelt l\u00e4ngre. Men min f\u00e4stman hittade mig i duschen, han r\u00e4ddade livet p\u00e5 mig. Jag fick \u00e5ka in till akuten och blev magpumpad samt s\u00e5 fick jag \u00e4ta kr\u00e4ksirap. Hamnade sedan p\u00e5 S\u00e4ter och log d\u00e4r i fyra dagar. Idag \u00e4r jag glad f\u00f6r att han hittade mig, livet har s\u00e5 mycket att erbjuda. Jag bryr mig f\u00f6r mycket om andra, jag kommer alltid i andra hand hos mig sj\u00e4lv. Jag \u00e4r gift med en underbar man vid namn Magnus och vi har en son som heter Erik och \u00e4r f\u00f6dd juni 2018.\",\"sameAs\":[\"https:\\\/\\\/datajenny.se\\\/Blogg\",\"https:\\\/\\\/www.facebook.com\\\/datajenny\\\/\",\"https:\\\/\\\/www.instagram.com\\\/datajenny\\\/\",\"https:\\\/\\\/www.linkedin.com\\\/in\\\/jenny-louise-nodn-75324811b?\",\"https:\\\/\\\/youtube.com\\\/channel\\\/UCU00yswsJZcmgqfoON6pMwg\",\"https:\\\/\\\/datajenny.tumblr.com\\\/\"],\"url\":\"https:\\\/\\\/datajenny.se\\\/Blogg\\\/author\\\/jenny_louise\\\/\"}]}<\/script>\n<!-- \/ Yoast SEO plugin. -->","yoast_head_json":{"title":"En l\u00e5ng natt och en stolt dag - V\u00e4lkommen till JeLo","robots":{"index":"index","follow":"follow","max-snippet":"max-snippet:-1","max-image-preview":"max-image-preview:large","max-video-preview":"max-video-preview:-1"},"canonical":"https:\/\/datajenny.se\/Blogg\/2025\/08\/18\/en-lang-natt-och-en-stolt-dag\/","og_locale":"sv_SE","og_type":"article","og_title":"En l\u00e5ng natt och en stolt dag - V\u00e4lkommen till JeLo","og_description":"Erik somnade i vanlig tid ig\u00e5r kv\u00e4ll, som han n\u00e4stan alltid g\u00f6r \u2013 mellan 20:30 och 20:40.","og_url":"https:\/\/datajenny.se\/Blogg\/2025\/08\/18\/en-lang-natt-och-en-stolt-dag\/","og_site_name":"V\u00e4lkommen till JeLo","article_publisher":"https:\/\/www.facebook.com\/datajenny\/","article_author":"https:\/\/www.facebook.com\/datajenny\/","article_published_time":"2025-08-18T15:11:44+00:00","article_modified_time":"2025-09-06T07:14:57+00:00","og_image":[{"width":409,"height":614,"url":"https:\/\/datajenny.se\/Blogg\/wp-content\/uploads\/2025\/08\/file_000000005a3c6243a646fc48743b1b96.png","type":"image\/png"}],"author":"Jenny Louise Nod\u00e9n","twitter_card":"summary_large_image","twitter_misc":{"Skriven av":"Jenny Louise Nod\u00e9n","Ber\u00e4knad l\u00e4stid":"3 minuter"},"schema":{"@context":"https:\/\/schema.org","@graph":[{"@type":"Article","@id":"https:\/\/datajenny.se\/Blogg\/2025\/08\/18\/en-lang-natt-och-en-stolt-dag\/#article","isPartOf":{"@id":"https:\/\/datajenny.se\/Blogg\/2025\/08\/18\/en-lang-natt-och-en-stolt-dag\/"},"author":{"name":"Jenny Louise Nod\u00e9n","@id":"https:\/\/datajenny.se\/Blogg\/#\/schema\/person\/da3cd1b9792c07c50c88641dcf976bee"},"headline":"En l\u00e5ng natt och en stolt dag","datePublished":"2025-08-18T15:11:44+00:00","dateModified":"2025-09-06T07:14:57+00:00","mainEntityOfPage":{"@id":"https:\/\/datajenny.se\/Blogg\/2025\/08\/18\/en-lang-natt-och-en-stolt-dag\/"},"wordCount":440,"commentCount":0,"publisher":{"@id":"https:\/\/datajenny.se\/Blogg\/#\/schema\/person\/da3cd1b9792c07c50c88641dcf976bee"},"image":{"@id":"https:\/\/datajenny.se\/Blogg\/2025\/08\/18\/en-lang-natt-och-en-stolt-dag\/#primaryimage"},"thumbnailUrl":"https:\/\/i0.wp.com\/datajenny.se\/Blogg\/wp-content\/uploads\/2025\/08\/file_000000005a3c6243a646fc48743b1b96.png?fit=409%2C614&ssl=1","keywords":["Arbete","Blogg","Erik","Fritids\/Skola"],"articleSection":["Arbete","Blogg","Erik","Fritids\/Skola"],"inLanguage":"sv-SE","potentialAction":[{"@type":"CommentAction","name":"Comment","target":["https:\/\/datajenny.se\/Blogg\/2025\/08\/18\/en-lang-natt-och-en-stolt-dag\/#respond"]}]},{"@type":"WebPage","@id":"https:\/\/datajenny.se\/Blogg\/2025\/08\/18\/en-lang-natt-och-en-stolt-dag\/","url":"https:\/\/datajenny.se\/Blogg\/2025\/08\/18\/en-lang-natt-och-en-stolt-dag\/","name":"En l\u00e5ng natt och en stolt dag - V\u00e4lkommen till JeLo","isPartOf":{"@id":"https:\/\/datajenny.se\/Blogg\/#website"},"primaryImageOfPage":{"@id":"https:\/\/datajenny.se\/Blogg\/2025\/08\/18\/en-lang-natt-och-en-stolt-dag\/#primaryimage"},"image":{"@id":"https:\/\/datajenny.se\/Blogg\/2025\/08\/18\/en-lang-natt-och-en-stolt-dag\/#primaryimage"},"thumbnailUrl":"https:\/\/i0.wp.com\/datajenny.se\/Blogg\/wp-content\/uploads\/2025\/08\/file_000000005a3c6243a646fc48743b1b96.png?fit=409%2C614&ssl=1","datePublished":"2025-08-18T15:11:44+00:00","dateModified":"2025-09-06T07:14:57+00:00","breadcrumb":{"@id":"https:\/\/datajenny.se\/Blogg\/2025\/08\/18\/en-lang-natt-och-en-stolt-dag\/#breadcrumb"},"inLanguage":"sv-SE","potentialAction":[{"@type":"ReadAction","target":["https:\/\/datajenny.se\/Blogg\/2025\/08\/18\/en-lang-natt-och-en-stolt-dag\/"]}]},{"@type":"ImageObject","inLanguage":"sv-SE","@id":"https:\/\/datajenny.se\/Blogg\/2025\/08\/18\/en-lang-natt-och-en-stolt-dag\/#primaryimage","url":"https:\/\/i0.wp.com\/datajenny.se\/Blogg\/wp-content\/uploads\/2025\/08\/file_000000005a3c6243a646fc48743b1b96.png?fit=409%2C614&ssl=1","contentUrl":"https:\/\/i0.wp.com\/datajenny.se\/Blogg\/wp-content\/uploads\/2025\/08\/file_000000005a3c6243a646fc48743b1b96.png?fit=409%2C614&ssl=1","width":409,"height":614},{"@type":"BreadcrumbList","@id":"https:\/\/datajenny.se\/Blogg\/2025\/08\/18\/en-lang-natt-och-en-stolt-dag\/#breadcrumb","itemListElement":[{"@type":"ListItem","position":1,"name":"Hem","item":"https:\/\/datajenny.se\/Blogg\/"},{"@type":"ListItem","position":2,"name":"En l\u00e5ng natt och en stolt dag"}]},{"@type":"WebSite","@id":"https:\/\/datajenny.se\/Blogg\/#website","url":"https:\/\/datajenny.se\/Blogg\/","name":"V\u00e4lkommen till Jenny Louises blogg","description":"Jenny Louises blogg","publisher":{"@id":"https:\/\/datajenny.se\/Blogg\/#\/schema\/person\/da3cd1b9792c07c50c88641dcf976bee"},"potentialAction":[{"@type":"SearchAction","target":{"@type":"EntryPoint","urlTemplate":"https:\/\/datajenny.se\/Blogg\/?s={search_term_string}"},"query-input":{"@type":"PropertyValueSpecification","valueRequired":true,"valueName":"search_term_string"}}],"inLanguage":"sv-SE"},{"@type":["Person","Organization"],"@id":"https:\/\/datajenny.se\/Blogg\/#\/schema\/person\/da3cd1b9792c07c50c88641dcf976bee","name":"Jenny Louise Nod\u00e9n","image":{"@type":"ImageObject","inLanguage":"sv-SE","@id":"https:\/\/datajenny.se\/Blogg\/wp-content\/uploads\/2025\/07\/wp-1751728308657.jpg","url":"https:\/\/datajenny.se\/Blogg\/wp-content\/uploads\/2025\/07\/wp-1751728308657.jpg","contentUrl":"https:\/\/datajenny.se\/Blogg\/wp-content\/uploads\/2025\/07\/wp-1751728308657.jpg","width":928,"height":928,"caption":"Jenny Louise Nod\u00e9n"},"logo":{"@id":"https:\/\/datajenny.se\/Blogg\/wp-content\/uploads\/2025\/07\/wp-1751728308657.jpg"},"description":"Jag \u00e4r en tjej som oftast \u00e4r glad och \u00e4lskar livet, men den 18 januari 2005 s\u00e5 f\u00f6rs\u00f6kte jag ta mitt liv, jag orkade inte helt enkelt l\u00e4ngre. Men min f\u00e4stman hittade mig i duschen, han r\u00e4ddade livet p\u00e5 mig. Jag fick \u00e5ka in till akuten och blev magpumpad samt s\u00e5 fick jag \u00e4ta kr\u00e4ksirap. Hamnade sedan p\u00e5 S\u00e4ter och log d\u00e4r i fyra dagar. Idag \u00e4r jag glad f\u00f6r att han hittade mig, livet har s\u00e5 mycket att erbjuda. Jag bryr mig f\u00f6r mycket om andra, jag kommer alltid i andra hand hos mig sj\u00e4lv. Jag \u00e4r gift med en underbar man vid namn Magnus och vi har en son som heter Erik och \u00e4r f\u00f6dd juni 2018.","sameAs":["https:\/\/datajenny.se\/Blogg","https:\/\/www.facebook.com\/datajenny\/","https:\/\/www.instagram.com\/datajenny\/","https:\/\/www.linkedin.com\/in\/jenny-louise-nodn-75324811b?","https:\/\/youtube.com\/channel\/UCU00yswsJZcmgqfoON6pMwg","https:\/\/datajenny.tumblr.com\/"],"url":"https:\/\/datajenny.se\/Blogg\/author\/jenny_louise\/"}]}},"jetpack_publicize_connections":[],"jetpack_featured_media_url":"https:\/\/i0.wp.com\/datajenny.se\/Blogg\/wp-content\/uploads\/2025\/08\/file_000000005a3c6243a646fc48743b1b96.png?fit=409%2C614&ssl=1","jetpack_sharing_enabled":true,"jetpack_likes_enabled":true,"_links":{"self":[{"href":"https:\/\/datajenny.se\/Blogg\/wp-json\/wp\/v2\/posts\/2624","targetHints":{"allow":["GET"]}}],"collection":[{"href":"https:\/\/datajenny.se\/Blogg\/wp-json\/wp\/v2\/posts"}],"about":[{"href":"https:\/\/datajenny.se\/Blogg\/wp-json\/wp\/v2\/types\/post"}],"author":[{"embeddable":true,"href":"https:\/\/datajenny.se\/Blogg\/wp-json\/wp\/v2\/users\/1"}],"replies":[{"embeddable":true,"href":"https:\/\/datajenny.se\/Blogg\/wp-json\/wp\/v2\/comments?post=2624"}],"version-history":[{"count":3,"href":"https:\/\/datajenny.se\/Blogg\/wp-json\/wp\/v2\/posts\/2624\/revisions"}],"predecessor-version":[{"id":3108,"href":"https:\/\/datajenny.se\/Blogg\/wp-json\/wp\/v2\/posts\/2624\/revisions\/3108"}],"wp:featuredmedia":[{"embeddable":true,"href":"https:\/\/datajenny.se\/Blogg\/wp-json\/wp\/v2\/media\/2622"}],"wp:attachment":[{"href":"https:\/\/datajenny.se\/Blogg\/wp-json\/wp\/v2\/media?parent=2624"}],"wp:term":[{"taxonomy":"category","embeddable":true,"href":"https:\/\/datajenny.se\/Blogg\/wp-json\/wp\/v2\/categories?post=2624"},{"taxonomy":"post_tag","embeddable":true,"href":"https:\/\/datajenny.se\/Blogg\/wp-json\/wp\/v2\/tags?post=2624"}],"curies":[{"name":"wp","href":"https:\/\/api.w.org\/{rel}","templated":true}]}}