{"id":2635,"date":"2025-08-19T20:59:17","date_gmt":"2025-08-19T18:59:17","guid":{"rendered":"https:\/\/datajenny.se\/Blogg\/?p=2635"},"modified":"2025-09-06T09:10:39","modified_gmt":"2025-09-06T07:10:39","slug":"eriks-forsta-schema-och-vardagens-rytm","status":"publish","type":"post","link":"https:\/\/datajenny.se\/Blogg\/2025\/08\/19\/eriks-forsta-schema-och-vardagens-rytm\/","title":{"rendered":"Eriks f\u00f6rsta schema och vardagens rytm"},"content":{"rendered":"\n<p><br>Idag har Erik sovit hela natten \u2013 vilket k\u00e4nns som en lyx i sig.<\/p>\n\n\n\n<!--more-->\n\n\n\n<p>P\u00e5 morgonen hj\u00e4lpte jag honom med de vanliga bestyren innan han och jag gick iv\u00e4g till skolan. P\u00e5 eftermiddagen gick han hem tillsammans med pappa Magnus. Han muttrade lite \u00f6ver att de inte hade bilen, men det gick \u00e4nd\u00e5 bra.<br><br>N\u00e4r han kom hem hade han med sig tv\u00e5 papper. Det ena var hans schema, som jag nu lagt in i Outlook-kalendern. Jag har till och med skapat en egen kalendergrupp bara f\u00f6r Erik. Schemat \u00e4r verkligen fullsp\u00e4ckat varje dag.<\/p>\n\n\n<div class=\"wp-block-image\">\n<figure data-wp-context=\"{&quot;imageId&quot;:&quot;69f34dc0b592a&quot;}\" data-wp-interactive=\"core\/image\" data-wp-key=\"69f34dc0b592a\" class=\"aligncenter size-full wp-lightbox-container\"><img data-recalc-dims=\"1\" loading=\"lazy\" decoding=\"async\" width=\"640\" height=\"329\" data-wp-class--hide=\"state.isContentHidden\" data-wp-class--show=\"state.isContentVisible\" data-wp-init=\"callbacks.setButtonStyles\" data-wp-on--click=\"actions.showLightbox\" data-wp-on--load=\"callbacks.setButtonStyles\" data-wp-on-window--resize=\"callbacks.setButtonStyles\" src=\"https:\/\/i0.wp.com\/datajenny.se\/Blogg\/wp-content\/uploads\/2025\/08\/messenger_creation_d8baf15e-7bd1-462d-a924-86b7e3559be62012762905039333909.jpeg?resize=640%2C329&#038;ssl=1\" alt=\"\" class=\"wp-image-2637\" srcset=\"https:\/\/i0.wp.com\/datajenny.se\/Blogg\/wp-content\/uploads\/2025\/08\/messenger_creation_d8baf15e-7bd1-462d-a924-86b7e3559be62012762905039333909.jpeg?w=1763&amp;ssl=1 1763w, https:\/\/i0.wp.com\/datajenny.se\/Blogg\/wp-content\/uploads\/2025\/08\/messenger_creation_d8baf15e-7bd1-462d-a924-86b7e3559be62012762905039333909.jpeg?resize=400%2C206&amp;ssl=1 400w, https:\/\/i0.wp.com\/datajenny.se\/Blogg\/wp-content\/uploads\/2025\/08\/messenger_creation_d8baf15e-7bd1-462d-a924-86b7e3559be62012762905039333909.jpeg?resize=720%2C370&amp;ssl=1 720w, https:\/\/i0.wp.com\/datajenny.se\/Blogg\/wp-content\/uploads\/2025\/08\/messenger_creation_d8baf15e-7bd1-462d-a924-86b7e3559be62012762905039333909.jpeg?resize=768%2C395&amp;ssl=1 768w, https:\/\/i0.wp.com\/datajenny.se\/Blogg\/wp-content\/uploads\/2025\/08\/messenger_creation_d8baf15e-7bd1-462d-a924-86b7e3559be62012762905039333909.jpeg?resize=1536%2C789&amp;ssl=1 1536w, https:\/\/i0.wp.com\/datajenny.se\/Blogg\/wp-content\/uploads\/2025\/08\/messenger_creation_d8baf15e-7bd1-462d-a924-86b7e3559be62012762905039333909.jpeg?resize=1024%2C526&amp;ssl=1 1024w, https:\/\/i0.wp.com\/datajenny.se\/Blogg\/wp-content\/uploads\/2025\/08\/messenger_creation_d8baf15e-7bd1-462d-a924-86b7e3559be62012762905039333909.jpeg?w=1280&amp;ssl=1 1280w\" sizes=\"auto, (max-width: 640px) 100vw, 640px\" \/><button\n\t\t\tclass=\"lightbox-trigger\"\n\t\t\ttype=\"button\"\n\t\t\taria-haspopup=\"dialog\"\n\t\t\taria-label=\"F\u00f6rstora\"\n\t\t\tdata-wp-init=\"callbacks.initTriggerButton\"\n\t\t\tdata-wp-on--click=\"actions.showLightbox\"\n\t\t\tdata-wp-style--right=\"state.imageButtonRight\"\n\t\t\tdata-wp-style--top=\"state.imageButtonTop\"\n\t\t>\n\t\t\t<svg xmlns=\"http:\/\/www.w3.org\/2000\/svg\" width=\"12\" height=\"12\" fill=\"none\" viewBox=\"0 0 12 12\">\n\t\t\t\t<path fill=\"#fff\" d=\"M2 0a2 2 0 0 0-2 2v2h1.5V2a.5.5 0 0 1 .5-.5h2V0H2Zm2 10.5H2a.5.5 0 0 1-.5-.5V8H0v2a2 2 0 0 0 2 2h2v-1.5ZM8 12v-1.5h2a.5.5 0 0 0 .5-.5V8H12v2a2 2 0 0 1-2 2H8Zm2-12a2 2 0 0 1 2 2v2h-1.5V2a.5.5 0 0 0-.5-.5H8V0h2Z\" \/>\n\t\t\t<\/svg>\n\t\t<\/button><figcaption class=\"wp-element-caption\">Eriks schema<\/figcaption><\/figure>\n<\/div>\n\n\n<p>Imorgon v\u00e4ntar idrott, s\u00e5 jag visade honom att idrottskl\u00e4derna redan ligger packade i hans v\u00e4ska. Det blir sp\u00e4nnande att se hur f\u00f6rsta idrottslektionen g\u00e5r.<br><br>Jobbet rullar p\u00e5 i sitt vanliga tempo \u2013 samtal, \u00e4renden och bes\u00f6k avl\u00f6ser varandra. Det \u00e4r alltid n\u00e5got som beh\u00f6ver g\u00f6ras.<br><br>Det andra pappret fr\u00e5n skolan hette \u201dHj\u00e4lp oss att hj\u00e4lpa\u201d, d\u00e4r vi skulle fylla i kontaktuppgifter och lite praktisk information om Erik. Sk\u00f6nt att ha det gjort.<br><br>Hemma blev det som vanligt vardagspyssel. Jag plockade ut tv\u00e4tten fr\u00e5n maskinen och la in i l\u00e5dorna \u2013 hade st\u00e4llt in den p\u00e5 remote imorse s\u00e5 den var klar n\u00e4r vi kom hem. Sedan lagade vi enkel men god middag: makaroner och k\u00f6ttbullar.<br><br>Nu har Erik somnat, och jag ska snart g\u00f6ra detsamma.<\/p>\n\n\n<div class=\"wp-block-image\">\n<figure class=\"aligncenter size-medium\"><img data-recalc-dims=\"1\" loading=\"lazy\" decoding=\"async\" width=\"400\" height=\"300\" src=\"https:\/\/i0.wp.com\/datajenny.se\/Blogg\/wp-content\/uploads\/2025\/08\/20250819_2050434019987978152456818.jpg?resize=400%2C300&#038;ssl=1\" alt=\"\" class=\"wp-image-2640\" srcset=\"https:\/\/i0.wp.com\/datajenny.se\/Blogg\/wp-content\/uploads\/2025\/08\/20250819_2050434019987978152456818.jpg?resize=400%2C300&amp;ssl=1 400w, https:\/\/i0.wp.com\/datajenny.se\/Blogg\/wp-content\/uploads\/2025\/08\/20250819_2050434019987978152456818.jpg?resize=720%2C540&amp;ssl=1 720w, https:\/\/i0.wp.com\/datajenny.se\/Blogg\/wp-content\/uploads\/2025\/08\/20250819_2050434019987978152456818.jpg?resize=768%2C576&amp;ssl=1 768w, https:\/\/i0.wp.com\/datajenny.se\/Blogg\/wp-content\/uploads\/2025\/08\/20250819_2050434019987978152456818.jpg?resize=1536%2C1152&amp;ssl=1 1536w, https:\/\/i0.wp.com\/datajenny.se\/Blogg\/wp-content\/uploads\/2025\/08\/20250819_2050434019987978152456818.jpg?resize=1024%2C768&amp;ssl=1 1024w, https:\/\/i0.wp.com\/datajenny.se\/Blogg\/wp-content\/uploads\/2025\/08\/20250819_2050434019987978152456818.jpg?w=1600&amp;ssl=1 1600w, https:\/\/i0.wp.com\/datajenny.se\/Blogg\/wp-content\/uploads\/2025\/08\/20250819_2050434019987978152456818.jpg?w=1280&amp;ssl=1 1280w\" sizes=\"auto, (max-width: 400px) 100vw, 400px\" \/><\/figure>\n<\/div>\n\n<div class=\"wp-block-ub-divider ub_divider ub-divider-orientation-horizontal\" id=\"ub_divider_1671afba-ed43-4235-9887-432191bbcda6\"><div class=\"ub_divider_wrapper\" style=\"position: relative; margin-bottom: 2px; width: 100%; height: 2px; \" data-divider-alignment=\"center\"><div class=\"ub_divider_line\" style=\"border-top: 10px dotted #00d084; margin-top: 2px; \"><\/div><\/div><\/div>\n\n\n<p><\/p>\n\n\n\n<h2 class=\"wp-block-heading\">Dagens dikter<\/h2>\n\n\n\n<p><strong>F\u00f6r Erik<\/strong><br><em>En ryggs\u00e4ck packad med dr\u00f6mmar sm\u00e5,<\/em><br><em>en boll, en bok \u2013 allt man kan f\u00e5.<\/em><br><em>Med mod i stegen och skratt i blick,<\/em><br><em>blir morgondagen ett \u00e4ventyr, s\u00e5 skick.<\/em><\/p>\n\n\n\n<p><strong>F\u00f6r mig<\/strong><br><em>I vardagens brus och dagens krav,<\/em><br><em>finns k\u00e4rleken kvar, s\u00e5 enkel och brav.<\/em><br><em>N\u00e4r kv\u00e4llen stilla l\u00e4gger sig ner,<\/em><br><em>ser jag en son jag \u00e4lskar mer och mer.<\/em><\/p>\n\n\n\n<img data-recalc-dims=\"1\" loading=\"lazy\" decoding=\"async\" style=\"opacity: 0;\" superb-addons-animation=\"zoomIn\" src=\"https:\/\/i0.wp.com\/datajenny.se\/Blogg\/wp-content\/uploads\/2025\/07\/1000012255.png?resize=180%2C53&#038;ssl=1\" alt=\"Signatur\" width=\"180\" height=\"53\">\n\n\n\n<p><\/p>\n","protected":false},"excerpt":{"rendered":"<p>Idag har Erik sovit hela natten \u2013 vilket k\u00e4nns som en lyx i sig.<\/p>\n","protected":false},"author":1,"featured_media":2637,"comment_status":"open","ping_status":"open","sticky":false,"template":"","format":"standard","meta":{"ngg_post_thumbnail":0,"jetpack_post_was_ever_published":false,"_jetpack_newsletter_access":"","_jetpack_dont_email_post_to_subs":false,"_jetpack_newsletter_tier_id":0,"_jetpack_memberships_contains_paywalled_content":false,"_jetpack_memberships_contains_paid_content":false,"footnotes":"","jetpack_publicize_message":"","jetpack_publicize_feature_enabled":true,"jetpack_social_post_already_shared":true,"jetpack_social_options":{"image_generator_settings":{"template":"highway","default_image_id":0,"font":"","enabled":false},"version":2}},"categories":[117,8,38,168],"tags":[118,9,11,169],"class_list":["post-2635","post","type-post","status-publish","format-standard","has-post-thumbnail","hentry","category-arbete","category-blogg","category-erik","category-fritid-skola","tag-arbete","tag-blogg","tag-erik","tag-fritid-skola"],"featured_image_src":"https:\/\/i0.wp.com\/datajenny.se\/Blogg\/wp-content\/uploads\/2025\/08\/messenger_creation_d8baf15e-7bd1-462d-a924-86b7e3559be62012762905039333909.jpeg?fit=1763%2C906&ssl=1","author_info":{"display_name":"Jenny Louise Nod\u00e9n","author_link":"https:\/\/datajenny.se\/Blogg\/author\/jenny_louise\/"},"yoast_head":"<!-- This site is optimized with the Yoast SEO plugin v27.3 - https:\/\/yoast.com\/product\/yoast-seo-wordpress\/ -->\n<title>Eriks f\u00f6rsta schema och vardagens rytm - V\u00e4lkommen till JeLo<\/title>\n<meta name=\"robots\" content=\"index, follow, max-snippet:-1, max-image-preview:large, max-video-preview:-1\" \/>\n<link rel=\"canonical\" href=\"https:\/\/datajenny.se\/Blogg\/2025\/08\/19\/eriks-forsta-schema-och-vardagens-rytm\/\" \/>\n<meta property=\"og:locale\" content=\"sv_SE\" \/>\n<meta property=\"og:type\" content=\"article\" \/>\n<meta property=\"og:title\" content=\"Eriks f\u00f6rsta schema och vardagens rytm - V\u00e4lkommen till JeLo\" \/>\n<meta property=\"og:description\" content=\"Idag har Erik sovit hela natten \u2013 vilket k\u00e4nns som en lyx i sig.\" \/>\n<meta property=\"og:url\" content=\"https:\/\/datajenny.se\/Blogg\/2025\/08\/19\/eriks-forsta-schema-och-vardagens-rytm\/\" \/>\n<meta property=\"og:site_name\" content=\"V\u00e4lkommen till JeLo\" \/>\n<meta property=\"article:publisher\" content=\"https:\/\/www.facebook.com\/datajenny\/\" \/>\n<meta property=\"article:author\" content=\"https:\/\/www.facebook.com\/datajenny\/\" \/>\n<meta property=\"article:published_time\" content=\"2025-08-19T18:59:17+00:00\" \/>\n<meta property=\"article:modified_time\" content=\"2025-09-06T07:10:39+00:00\" \/>\n<meta property=\"og:image\" content=\"https:\/\/datajenny.se\/Blogg\/wp-content\/uploads\/2025\/08\/messenger_creation_d8baf15e-7bd1-462d-a924-86b7e3559be62012762905039333909.jpeg\" \/>\n\t<meta property=\"og:image:width\" content=\"1763\" \/>\n\t<meta property=\"og:image:height\" content=\"906\" \/>\n\t<meta property=\"og:image:type\" content=\"image\/jpeg\" \/>\n<meta name=\"author\" content=\"Jenny Louise Nod\u00e9n\" \/>\n<meta name=\"twitter:card\" content=\"summary_large_image\" \/>\n<meta name=\"twitter:label1\" content=\"Skriven av\" \/>\n\t<meta name=\"twitter:data1\" content=\"Jenny Louise Nod\u00e9n\" \/>\n\t<meta name=\"twitter:label2\" content=\"Ber\u00e4knad l\u00e4stid\" \/>\n\t<meta name=\"twitter:data2\" content=\"3 minuter\" \/>\n<script type=\"application\/ld+json\" class=\"yoast-schema-graph\">{\"@context\":\"https:\\\/\\\/schema.org\",\"@graph\":[{\"@type\":\"Article\",\"@id\":\"https:\\\/\\\/datajenny.se\\\/Blogg\\\/2025\\\/08\\\/19\\\/eriks-forsta-schema-och-vardagens-rytm\\\/#article\",\"isPartOf\":{\"@id\":\"https:\\\/\\\/datajenny.se\\\/Blogg\\\/2025\\\/08\\\/19\\\/eriks-forsta-schema-och-vardagens-rytm\\\/\"},\"author\":{\"name\":\"Jenny Louise Nod\u00e9n\",\"@id\":\"https:\\\/\\\/datajenny.se\\\/Blogg\\\/#\\\/schema\\\/person\\\/da3cd1b9792c07c50c88641dcf976bee\"},\"headline\":\"Eriks f\u00f6rsta schema och vardagens rytm\",\"datePublished\":\"2025-08-19T18:59:17+00:00\",\"dateModified\":\"2025-09-06T07:10:39+00:00\",\"mainEntityOfPage\":{\"@id\":\"https:\\\/\\\/datajenny.se\\\/Blogg\\\/2025\\\/08\\\/19\\\/eriks-forsta-schema-och-vardagens-rytm\\\/\"},\"wordCount\":324,\"commentCount\":0,\"publisher\":{\"@id\":\"https:\\\/\\\/datajenny.se\\\/Blogg\\\/#\\\/schema\\\/person\\\/da3cd1b9792c07c50c88641dcf976bee\"},\"image\":{\"@id\":\"https:\\\/\\\/datajenny.se\\\/Blogg\\\/2025\\\/08\\\/19\\\/eriks-forsta-schema-och-vardagens-rytm\\\/#primaryimage\"},\"thumbnailUrl\":\"https:\\\/\\\/i0.wp.com\\\/datajenny.se\\\/Blogg\\\/wp-content\\\/uploads\\\/2025\\\/08\\\/messenger_creation_d8baf15e-7bd1-462d-a924-86b7e3559be62012762905039333909.jpeg?fit=1763%2C906&ssl=1\",\"keywords\":[\"Arbete\",\"Blogg\",\"Erik\",\"Fritids\\\/Skola\"],\"articleSection\":[\"Arbete\",\"Blogg\",\"Erik\",\"Fritids\\\/Skola\"],\"inLanguage\":\"sv-SE\",\"potentialAction\":[{\"@type\":\"CommentAction\",\"name\":\"Comment\",\"target\":[\"https:\\\/\\\/datajenny.se\\\/Blogg\\\/2025\\\/08\\\/19\\\/eriks-forsta-schema-och-vardagens-rytm\\\/#respond\"]}]},{\"@type\":\"WebPage\",\"@id\":\"https:\\\/\\\/datajenny.se\\\/Blogg\\\/2025\\\/08\\\/19\\\/eriks-forsta-schema-och-vardagens-rytm\\\/\",\"url\":\"https:\\\/\\\/datajenny.se\\\/Blogg\\\/2025\\\/08\\\/19\\\/eriks-forsta-schema-och-vardagens-rytm\\\/\",\"name\":\"Eriks f\u00f6rsta schema och vardagens rytm - V\u00e4lkommen till JeLo\",\"isPartOf\":{\"@id\":\"https:\\\/\\\/datajenny.se\\\/Blogg\\\/#website\"},\"primaryImageOfPage\":{\"@id\":\"https:\\\/\\\/datajenny.se\\\/Blogg\\\/2025\\\/08\\\/19\\\/eriks-forsta-schema-och-vardagens-rytm\\\/#primaryimage\"},\"image\":{\"@id\":\"https:\\\/\\\/datajenny.se\\\/Blogg\\\/2025\\\/08\\\/19\\\/eriks-forsta-schema-och-vardagens-rytm\\\/#primaryimage\"},\"thumbnailUrl\":\"https:\\\/\\\/i0.wp.com\\\/datajenny.se\\\/Blogg\\\/wp-content\\\/uploads\\\/2025\\\/08\\\/messenger_creation_d8baf15e-7bd1-462d-a924-86b7e3559be62012762905039333909.jpeg?fit=1763%2C906&ssl=1\",\"datePublished\":\"2025-08-19T18:59:17+00:00\",\"dateModified\":\"2025-09-06T07:10:39+00:00\",\"breadcrumb\":{\"@id\":\"https:\\\/\\\/datajenny.se\\\/Blogg\\\/2025\\\/08\\\/19\\\/eriks-forsta-schema-och-vardagens-rytm\\\/#breadcrumb\"},\"inLanguage\":\"sv-SE\",\"potentialAction\":[{\"@type\":\"ReadAction\",\"target\":[\"https:\\\/\\\/datajenny.se\\\/Blogg\\\/2025\\\/08\\\/19\\\/eriks-forsta-schema-och-vardagens-rytm\\\/\"]}]},{\"@type\":\"ImageObject\",\"inLanguage\":\"sv-SE\",\"@id\":\"https:\\\/\\\/datajenny.se\\\/Blogg\\\/2025\\\/08\\\/19\\\/eriks-forsta-schema-och-vardagens-rytm\\\/#primaryimage\",\"url\":\"https:\\\/\\\/i0.wp.com\\\/datajenny.se\\\/Blogg\\\/wp-content\\\/uploads\\\/2025\\\/08\\\/messenger_creation_d8baf15e-7bd1-462d-a924-86b7e3559be62012762905039333909.jpeg?fit=1763%2C906&ssl=1\",\"contentUrl\":\"https:\\\/\\\/i0.wp.com\\\/datajenny.se\\\/Blogg\\\/wp-content\\\/uploads\\\/2025\\\/08\\\/messenger_creation_d8baf15e-7bd1-462d-a924-86b7e3559be62012762905039333909.jpeg?fit=1763%2C906&ssl=1\",\"width\":1763,\"height\":906},{\"@type\":\"BreadcrumbList\",\"@id\":\"https:\\\/\\\/datajenny.se\\\/Blogg\\\/2025\\\/08\\\/19\\\/eriks-forsta-schema-och-vardagens-rytm\\\/#breadcrumb\",\"itemListElement\":[{\"@type\":\"ListItem\",\"position\":1,\"name\":\"Hem\",\"item\":\"https:\\\/\\\/datajenny.se\\\/Blogg\\\/\"},{\"@type\":\"ListItem\",\"position\":2,\"name\":\"Eriks f\u00f6rsta schema och vardagens rytm\"}]},{\"@type\":\"WebSite\",\"@id\":\"https:\\\/\\\/datajenny.se\\\/Blogg\\\/#website\",\"url\":\"https:\\\/\\\/datajenny.se\\\/Blogg\\\/\",\"name\":\"V\u00e4lkommen till Jenny Louises blogg\",\"description\":\"Jenny Louises blogg\",\"publisher\":{\"@id\":\"https:\\\/\\\/datajenny.se\\\/Blogg\\\/#\\\/schema\\\/person\\\/da3cd1b9792c07c50c88641dcf976bee\"},\"potentialAction\":[{\"@type\":\"SearchAction\",\"target\":{\"@type\":\"EntryPoint\",\"urlTemplate\":\"https:\\\/\\\/datajenny.se\\\/Blogg\\\/?s={search_term_string}\"},\"query-input\":{\"@type\":\"PropertyValueSpecification\",\"valueRequired\":true,\"valueName\":\"search_term_string\"}}],\"inLanguage\":\"sv-SE\"},{\"@type\":[\"Person\",\"Organization\"],\"@id\":\"https:\\\/\\\/datajenny.se\\\/Blogg\\\/#\\\/schema\\\/person\\\/da3cd1b9792c07c50c88641dcf976bee\",\"name\":\"Jenny Louise Nod\u00e9n\",\"image\":{\"@type\":\"ImageObject\",\"inLanguage\":\"sv-SE\",\"@id\":\"https:\\\/\\\/datajenny.se\\\/Blogg\\\/wp-content\\\/uploads\\\/2025\\\/07\\\/wp-1751728308657.jpg\",\"url\":\"https:\\\/\\\/datajenny.se\\\/Blogg\\\/wp-content\\\/uploads\\\/2025\\\/07\\\/wp-1751728308657.jpg\",\"contentUrl\":\"https:\\\/\\\/datajenny.se\\\/Blogg\\\/wp-content\\\/uploads\\\/2025\\\/07\\\/wp-1751728308657.jpg\",\"width\":928,\"height\":928,\"caption\":\"Jenny Louise Nod\u00e9n\"},\"logo\":{\"@id\":\"https:\\\/\\\/datajenny.se\\\/Blogg\\\/wp-content\\\/uploads\\\/2025\\\/07\\\/wp-1751728308657.jpg\"},\"description\":\"Jag \u00e4r en tjej som oftast \u00e4r glad och \u00e4lskar livet, men den 18 januari 2005 s\u00e5 f\u00f6rs\u00f6kte jag ta mitt liv, jag orkade inte helt enkelt l\u00e4ngre. Men min f\u00e4stman hittade mig i duschen, han r\u00e4ddade livet p\u00e5 mig. Jag fick \u00e5ka in till akuten och blev magpumpad samt s\u00e5 fick jag \u00e4ta kr\u00e4ksirap. Hamnade sedan p\u00e5 S\u00e4ter och log d\u00e4r i fyra dagar. Idag \u00e4r jag glad f\u00f6r att han hittade mig, livet har s\u00e5 mycket att erbjuda. Jag bryr mig f\u00f6r mycket om andra, jag kommer alltid i andra hand hos mig sj\u00e4lv. Jag \u00e4r gift med en underbar man vid namn Magnus och vi har en son som heter Erik och \u00e4r f\u00f6dd juni 2018.\",\"sameAs\":[\"https:\\\/\\\/datajenny.se\\\/Blogg\",\"https:\\\/\\\/www.facebook.com\\\/datajenny\\\/\",\"https:\\\/\\\/www.instagram.com\\\/datajenny\\\/\",\"https:\\\/\\\/www.linkedin.com\\\/in\\\/jenny-louise-nodn-75324811b?\",\"https:\\\/\\\/youtube.com\\\/channel\\\/UCU00yswsJZcmgqfoON6pMwg\",\"https:\\\/\\\/datajenny.tumblr.com\\\/\"],\"url\":\"https:\\\/\\\/datajenny.se\\\/Blogg\\\/author\\\/jenny_louise\\\/\"}]}<\/script>\n<!-- \/ Yoast SEO plugin. -->","yoast_head_json":{"title":"Eriks f\u00f6rsta schema och vardagens rytm - V\u00e4lkommen till JeLo","robots":{"index":"index","follow":"follow","max-snippet":"max-snippet:-1","max-image-preview":"max-image-preview:large","max-video-preview":"max-video-preview:-1"},"canonical":"https:\/\/datajenny.se\/Blogg\/2025\/08\/19\/eriks-forsta-schema-och-vardagens-rytm\/","og_locale":"sv_SE","og_type":"article","og_title":"Eriks f\u00f6rsta schema och vardagens rytm - V\u00e4lkommen till JeLo","og_description":"Idag har Erik sovit hela natten \u2013 vilket k\u00e4nns som en lyx i sig.","og_url":"https:\/\/datajenny.se\/Blogg\/2025\/08\/19\/eriks-forsta-schema-och-vardagens-rytm\/","og_site_name":"V\u00e4lkommen till JeLo","article_publisher":"https:\/\/www.facebook.com\/datajenny\/","article_author":"https:\/\/www.facebook.com\/datajenny\/","article_published_time":"2025-08-19T18:59:17+00:00","article_modified_time":"2025-09-06T07:10:39+00:00","og_image":[{"width":1763,"height":906,"url":"https:\/\/datajenny.se\/Blogg\/wp-content\/uploads\/2025\/08\/messenger_creation_d8baf15e-7bd1-462d-a924-86b7e3559be62012762905039333909.jpeg","type":"image\/jpeg"}],"author":"Jenny Louise Nod\u00e9n","twitter_card":"summary_large_image","twitter_misc":{"Skriven av":"Jenny Louise Nod\u00e9n","Ber\u00e4knad l\u00e4stid":"3 minuter"},"schema":{"@context":"https:\/\/schema.org","@graph":[{"@type":"Article","@id":"https:\/\/datajenny.se\/Blogg\/2025\/08\/19\/eriks-forsta-schema-och-vardagens-rytm\/#article","isPartOf":{"@id":"https:\/\/datajenny.se\/Blogg\/2025\/08\/19\/eriks-forsta-schema-och-vardagens-rytm\/"},"author":{"name":"Jenny Louise Nod\u00e9n","@id":"https:\/\/datajenny.se\/Blogg\/#\/schema\/person\/da3cd1b9792c07c50c88641dcf976bee"},"headline":"Eriks f\u00f6rsta schema och vardagens rytm","datePublished":"2025-08-19T18:59:17+00:00","dateModified":"2025-09-06T07:10:39+00:00","mainEntityOfPage":{"@id":"https:\/\/datajenny.se\/Blogg\/2025\/08\/19\/eriks-forsta-schema-och-vardagens-rytm\/"},"wordCount":324,"commentCount":0,"publisher":{"@id":"https:\/\/datajenny.se\/Blogg\/#\/schema\/person\/da3cd1b9792c07c50c88641dcf976bee"},"image":{"@id":"https:\/\/datajenny.se\/Blogg\/2025\/08\/19\/eriks-forsta-schema-och-vardagens-rytm\/#primaryimage"},"thumbnailUrl":"https:\/\/i0.wp.com\/datajenny.se\/Blogg\/wp-content\/uploads\/2025\/08\/messenger_creation_d8baf15e-7bd1-462d-a924-86b7e3559be62012762905039333909.jpeg?fit=1763%2C906&ssl=1","keywords":["Arbete","Blogg","Erik","Fritids\/Skola"],"articleSection":["Arbete","Blogg","Erik","Fritids\/Skola"],"inLanguage":"sv-SE","potentialAction":[{"@type":"CommentAction","name":"Comment","target":["https:\/\/datajenny.se\/Blogg\/2025\/08\/19\/eriks-forsta-schema-och-vardagens-rytm\/#respond"]}]},{"@type":"WebPage","@id":"https:\/\/datajenny.se\/Blogg\/2025\/08\/19\/eriks-forsta-schema-och-vardagens-rytm\/","url":"https:\/\/datajenny.se\/Blogg\/2025\/08\/19\/eriks-forsta-schema-och-vardagens-rytm\/","name":"Eriks f\u00f6rsta schema och vardagens rytm - V\u00e4lkommen till JeLo","isPartOf":{"@id":"https:\/\/datajenny.se\/Blogg\/#website"},"primaryImageOfPage":{"@id":"https:\/\/datajenny.se\/Blogg\/2025\/08\/19\/eriks-forsta-schema-och-vardagens-rytm\/#primaryimage"},"image":{"@id":"https:\/\/datajenny.se\/Blogg\/2025\/08\/19\/eriks-forsta-schema-och-vardagens-rytm\/#primaryimage"},"thumbnailUrl":"https:\/\/i0.wp.com\/datajenny.se\/Blogg\/wp-content\/uploads\/2025\/08\/messenger_creation_d8baf15e-7bd1-462d-a924-86b7e3559be62012762905039333909.jpeg?fit=1763%2C906&ssl=1","datePublished":"2025-08-19T18:59:17+00:00","dateModified":"2025-09-06T07:10:39+00:00","breadcrumb":{"@id":"https:\/\/datajenny.se\/Blogg\/2025\/08\/19\/eriks-forsta-schema-och-vardagens-rytm\/#breadcrumb"},"inLanguage":"sv-SE","potentialAction":[{"@type":"ReadAction","target":["https:\/\/datajenny.se\/Blogg\/2025\/08\/19\/eriks-forsta-schema-och-vardagens-rytm\/"]}]},{"@type":"ImageObject","inLanguage":"sv-SE","@id":"https:\/\/datajenny.se\/Blogg\/2025\/08\/19\/eriks-forsta-schema-och-vardagens-rytm\/#primaryimage","url":"https:\/\/i0.wp.com\/datajenny.se\/Blogg\/wp-content\/uploads\/2025\/08\/messenger_creation_d8baf15e-7bd1-462d-a924-86b7e3559be62012762905039333909.jpeg?fit=1763%2C906&ssl=1","contentUrl":"https:\/\/i0.wp.com\/datajenny.se\/Blogg\/wp-content\/uploads\/2025\/08\/messenger_creation_d8baf15e-7bd1-462d-a924-86b7e3559be62012762905039333909.jpeg?fit=1763%2C906&ssl=1","width":1763,"height":906},{"@type":"BreadcrumbList","@id":"https:\/\/datajenny.se\/Blogg\/2025\/08\/19\/eriks-forsta-schema-och-vardagens-rytm\/#breadcrumb","itemListElement":[{"@type":"ListItem","position":1,"name":"Hem","item":"https:\/\/datajenny.se\/Blogg\/"},{"@type":"ListItem","position":2,"name":"Eriks f\u00f6rsta schema och vardagens rytm"}]},{"@type":"WebSite","@id":"https:\/\/datajenny.se\/Blogg\/#website","url":"https:\/\/datajenny.se\/Blogg\/","name":"V\u00e4lkommen till Jenny Louises blogg","description":"Jenny Louises blogg","publisher":{"@id":"https:\/\/datajenny.se\/Blogg\/#\/schema\/person\/da3cd1b9792c07c50c88641dcf976bee"},"potentialAction":[{"@type":"SearchAction","target":{"@type":"EntryPoint","urlTemplate":"https:\/\/datajenny.se\/Blogg\/?s={search_term_string}"},"query-input":{"@type":"PropertyValueSpecification","valueRequired":true,"valueName":"search_term_string"}}],"inLanguage":"sv-SE"},{"@type":["Person","Organization"],"@id":"https:\/\/datajenny.se\/Blogg\/#\/schema\/person\/da3cd1b9792c07c50c88641dcf976bee","name":"Jenny Louise Nod\u00e9n","image":{"@type":"ImageObject","inLanguage":"sv-SE","@id":"https:\/\/datajenny.se\/Blogg\/wp-content\/uploads\/2025\/07\/wp-1751728308657.jpg","url":"https:\/\/datajenny.se\/Blogg\/wp-content\/uploads\/2025\/07\/wp-1751728308657.jpg","contentUrl":"https:\/\/datajenny.se\/Blogg\/wp-content\/uploads\/2025\/07\/wp-1751728308657.jpg","width":928,"height":928,"caption":"Jenny Louise Nod\u00e9n"},"logo":{"@id":"https:\/\/datajenny.se\/Blogg\/wp-content\/uploads\/2025\/07\/wp-1751728308657.jpg"},"description":"Jag \u00e4r en tjej som oftast \u00e4r glad och \u00e4lskar livet, men den 18 januari 2005 s\u00e5 f\u00f6rs\u00f6kte jag ta mitt liv, jag orkade inte helt enkelt l\u00e4ngre. Men min f\u00e4stman hittade mig i duschen, han r\u00e4ddade livet p\u00e5 mig. Jag fick \u00e5ka in till akuten och blev magpumpad samt s\u00e5 fick jag \u00e4ta kr\u00e4ksirap. Hamnade sedan p\u00e5 S\u00e4ter och log d\u00e4r i fyra dagar. Idag \u00e4r jag glad f\u00f6r att han hittade mig, livet har s\u00e5 mycket att erbjuda. Jag bryr mig f\u00f6r mycket om andra, jag kommer alltid i andra hand hos mig sj\u00e4lv. Jag \u00e4r gift med en underbar man vid namn Magnus och vi har en son som heter Erik och \u00e4r f\u00f6dd juni 2018.","sameAs":["https:\/\/datajenny.se\/Blogg","https:\/\/www.facebook.com\/datajenny\/","https:\/\/www.instagram.com\/datajenny\/","https:\/\/www.linkedin.com\/in\/jenny-louise-nodn-75324811b?","https:\/\/youtube.com\/channel\/UCU00yswsJZcmgqfoON6pMwg","https:\/\/datajenny.tumblr.com\/"],"url":"https:\/\/datajenny.se\/Blogg\/author\/jenny_louise\/"}]}},"jetpack_publicize_connections":[],"jetpack_featured_media_url":"https:\/\/i0.wp.com\/datajenny.se\/Blogg\/wp-content\/uploads\/2025\/08\/messenger_creation_d8baf15e-7bd1-462d-a924-86b7e3559be62012762905039333909.jpeg?fit=1763%2C906&ssl=1","jetpack_sharing_enabled":true,"jetpack_likes_enabled":true,"_links":{"self":[{"href":"https:\/\/datajenny.se\/Blogg\/wp-json\/wp\/v2\/posts\/2635","targetHints":{"allow":["GET"]}}],"collection":[{"href":"https:\/\/datajenny.se\/Blogg\/wp-json\/wp\/v2\/posts"}],"about":[{"href":"https:\/\/datajenny.se\/Blogg\/wp-json\/wp\/v2\/types\/post"}],"author":[{"embeddable":true,"href":"https:\/\/datajenny.se\/Blogg\/wp-json\/wp\/v2\/users\/1"}],"replies":[{"embeddable":true,"href":"https:\/\/datajenny.se\/Blogg\/wp-json\/wp\/v2\/comments?post=2635"}],"version-history":[{"count":8,"href":"https:\/\/datajenny.se\/Blogg\/wp-json\/wp\/v2\/posts\/2635\/revisions"}],"predecessor-version":[{"id":3104,"href":"https:\/\/datajenny.se\/Blogg\/wp-json\/wp\/v2\/posts\/2635\/revisions\/3104"}],"wp:featuredmedia":[{"embeddable":true,"href":"https:\/\/datajenny.se\/Blogg\/wp-json\/wp\/v2\/media\/2637"}],"wp:attachment":[{"href":"https:\/\/datajenny.se\/Blogg\/wp-json\/wp\/v2\/media?parent=2635"}],"wp:term":[{"taxonomy":"category","embeddable":true,"href":"https:\/\/datajenny.se\/Blogg\/wp-json\/wp\/v2\/categories?post=2635"},{"taxonomy":"post_tag","embeddable":true,"href":"https:\/\/datajenny.se\/Blogg\/wp-json\/wp\/v2\/tags?post=2635"}],"curies":[{"name":"wp","href":"https:\/\/api.w.org\/{rel}","templated":true}]}}