{"id":2829,"date":"2025-08-29T17:59:23","date_gmt":"2025-08-29T15:59:23","guid":{"rendered":"https:\/\/datajenny.se\/Blogg\/2025\/08\/29\/fredag-med-huvudvark-och-piggt-barn-med-feber\/"},"modified":"2025-09-05T22:31:48","modified_gmt":"2025-09-05T20:31:48","slug":"fredag-med-huvudvark-och-piggt-barn-med-feber","status":"publish","type":"post","link":"https:\/\/datajenny.se\/Blogg\/2025\/08\/29\/fredag-med-huvudvark-och-piggt-barn-med-feber\/","title":{"rendered":"Fredag med huvudv\u00e4rk och piggt barn med feber"},"content":{"rendered":"\n<p>Jag vaknade upp med en rej\u00e4l huvudv\u00e4rk i morse.<\/p>\n\n\n\n<!--more-->\n\n\n\n<p>Anledningen var nog att jag sovit i s\u00e4ngen som vi har inne i Eriks rum. Den \u00e4r inte direkt gjord f\u00f6r att ge n\u00e5gon sk\u00f6n natts\u00f6mn, och kroppen protesterar med b\u00e5de rygg- och nackont.<br><br>Jobbet har \u00e4nd\u00e5 flutit p\u00e5 bra under dagen. Det har varit en hel del \u00e4renden att ta hand om, och jag hann n\u00e4stan med allt. Men ibland m\u00e5ste man bara acceptera att allt inte ryms p\u00e5 en och samma dag.<br><br>Hemma har Erik varit relativt pigg trots sin feber. Temperaturen har legat runt 38 grader, och n\u00e4r jag kom hem hade den faktiskt g\u00e5tt ner till 37,8. Men jag vet alltf\u00f6r v\u00e4l att den kan stiga igen senare ikv\u00e4ll eller under natten, s\u00e5 vi f\u00e5r se hur det utvecklar sig. Jag blir alltid f\u00f6rv\u00e5nad \u00f6ver hur barn kan orka s\u00e5 mycket \u00e4ven med feber \u2013 sj\u00e4lv k\u00e4nner jag mig helt utslagen redan vid 37,8.<\/p>\n\n\n\n<p>P\u00e5 morgonen fick jag dessutom en bild av Magnus, d\u00e4r Erik sover s\u00e5 gott. Det \u00e4r n\u00e5got fint och rogivande med att se sitt barn sova, \u00e4ven n\u00e4r det \u00e4r feber inblandat. H\u00e4r kommer en tecknad variant av bilden:<\/p>\n\n\n\n<p><\/p>\n\n\n<div class=\"wp-block-image\">\n<figure class=\"aligncenter size-full is-resized\"><img data-recalc-dims=\"1\" loading=\"lazy\" decoding=\"async\" width=\"614\" height=\"831\" src=\"https:\/\/i0.wp.com\/datajenny.se\/Blogg\/wp-content\/uploads\/2025\/08\/photocollage_20250829_1757277773045849184021611532.png?resize=614%2C831&#038;ssl=1\" alt=\"\" class=\"wp-image-2827\" style=\"width:300px\" srcset=\"https:\/\/i0.wp.com\/datajenny.se\/Blogg\/wp-content\/uploads\/2025\/08\/photocollage_20250829_1757277773045849184021611532.png?w=614&amp;ssl=1 614w, https:\/\/i0.wp.com\/datajenny.se\/Blogg\/wp-content\/uploads\/2025\/08\/photocollage_20250829_1757277773045849184021611532.png?resize=296%2C400&amp;ssl=1 296w, https:\/\/i0.wp.com\/datajenny.se\/Blogg\/wp-content\/uploads\/2025\/08\/photocollage_20250829_1757277773045849184021611532.png?resize=532%2C720&amp;ssl=1 532w\" sizes=\"auto, (max-width: 614px) 100vw, 614px\" \/><\/figure>\n<\/div>\n\n\n<p><\/p>\n\n\n\n<p>Nu \u00e4r det fredag kv\u00e4ll, vilket betyder chips och film. En liten stund av avkoppling efter veckan som g\u00e5tt, \u00e4ven om febern h\u00e4nger \u00f6ver oss som ett litet orosmoln.<\/p>\n\n\n<div class=\"wp-block-image\">\n<figure class=\"aligncenter size-large is-resized\"><img data-recalc-dims=\"1\" loading=\"lazy\" decoding=\"async\" width=\"614\" height=\"409\" src=\"https:\/\/i0.wp.com\/datajenny.se\/Blogg\/wp-content\/uploads\/2025\/08\/file_00000000f6306243abf42d00ab19c4105696041964281726868.png?resize=614%2C409&#038;ssl=1\" alt=\"\" class=\"wp-image-2828\" style=\"width:450px\" srcset=\"https:\/\/i0.wp.com\/datajenny.se\/Blogg\/wp-content\/uploads\/2025\/08\/file_00000000f6306243abf42d00ab19c4105696041964281726868.png?w=614&amp;ssl=1 614w, https:\/\/i0.wp.com\/datajenny.se\/Blogg\/wp-content\/uploads\/2025\/08\/file_00000000f6306243abf42d00ab19c4105696041964281726868.png?resize=400%2C266&amp;ssl=1 400w\" sizes=\"auto, (max-width: 614px) 100vw, 614px\" \/><\/figure>\n<\/div>\n\n<div class=\"wp-block-ub-divider ub_divider ub-divider-orientation-horizontal\" id=\"ub_divider_5ea711c7-81dc-4dd3-a48c-f7702990528a\"><div class=\"ub_divider_wrapper\" style=\"position: relative; margin-bottom: 10px; width: 100%; height: 10px; \" data-divider-alignment=\"center\"><div class=\"ub_divider_line\" style=\"border-top: 10px dotted #00d084; margin-top: 10px; \"><\/div><\/div><\/div>\n\n\n<p><\/p>\n\n\n\n<h2 class=\"wp-block-heading\">Dagens dikt <\/h2>\n\n\n\n<p><br><em>Ett huvud som bultar, en kropp som \u00e4r tr\u00f6tt,<\/em> <em>en liten s\u00e4ng gjorde natten r\u00e4tt s\u00f6tt.<\/em><br><em>Febern som kommer, sen sjunker igen,<\/em> <em>vi hoppas p\u00e5 vila f\u00f6r b\u00e5de barn och v\u00e4n.<\/em><br><br><em>Fredagskv\u00e4ll v\u00e4ntar med chips i en sk\u00e5l,<\/em> <em>en film i soffan blir kv\u00e4llens m\u00e5l.<\/em><br><em>Trots oro och v\u00e4rk s\u00e5 k\u00e4nns det \u00e4nd\u00e5 bra,<\/em> <em>f\u00f6r tillsammans hittar vi styrkan vi har.<\/em><\/p>\n\n\n\n<p><\/p>\n\n\n\n<img data-recalc-dims=\"1\" loading=\"lazy\" decoding=\"async\" style=\"opacity: 0;\" superb-addons-animation=\"zoomIn\" src=\"https:\/\/i0.wp.com\/datajenny.se\/Blogg\/wp-content\/uploads\/2025\/07\/1000012255.png?resize=180%2C53&#038;ssl=1\" alt=\"Signatur\" width=\"180\" height=\"53\">\n\n\n\n<p><\/p>\n","protected":false},"excerpt":{"rendered":"<p>Jag vaknade upp med en rej\u00e4l huvudv\u00e4rk i morse.<\/p>\n","protected":false},"author":1,"featured_media":2828,"comment_status":"open","ping_status":"open","sticky":false,"template":"","format":"standard","meta":{"ngg_post_thumbnail":0,"jetpack_post_was_ever_published":false,"_jetpack_newsletter_access":"","_jetpack_dont_email_post_to_subs":false,"_jetpack_newsletter_tier_id":0,"_jetpack_memberships_contains_paywalled_content":false,"_jetpack_memberships_contains_paid_content":false,"footnotes":"","jetpack_publicize_message":"","jetpack_publicize_feature_enabled":true,"jetpack_social_post_already_shared":true,"jetpack_social_options":{"image_generator_settings":{"template":"highway","default_image_id":0,"font":"","enabled":false},"version":2}},"categories":[117,8,131,38,183,158,185],"tags":[118,9,132,11,184,160,186],"class_list":["post-2829","post","type-post","status-publish","format-standard","has-post-thumbnail","hentry","category-arbete","category-blogg","category-dikt","category-erik","category-film","category-huvudvark","category-sjuk","tag-arbete","tag-blogg","tag-dikt","tag-erik","tag-film","tag-huvudvark","tag-sjuk"],"featured_image_src":"https:\/\/i0.wp.com\/datajenny.se\/Blogg\/wp-content\/uploads\/2025\/08\/file_00000000f6306243abf42d00ab19c4105696041964281726868.png?fit=614%2C409&ssl=1","author_info":{"display_name":"Jenny Louise Nod\u00e9n","author_link":"https:\/\/datajenny.se\/Blogg\/author\/jenny_louise\/"},"yoast_head":"<!-- This site is optimized with the Yoast SEO plugin v27.3 - https:\/\/yoast.com\/product\/yoast-seo-wordpress\/ -->\n<title>Fredag med huvudv\u00e4rk och piggt barn med feber - V\u00e4lkommen till JeLo<\/title>\n<meta name=\"robots\" content=\"index, follow, max-snippet:-1, max-image-preview:large, max-video-preview:-1\" \/>\n<link rel=\"canonical\" href=\"https:\/\/datajenny.se\/Blogg\/2025\/08\/29\/fredag-med-huvudvark-och-piggt-barn-med-feber\/\" \/>\n<meta property=\"og:locale\" content=\"sv_SE\" \/>\n<meta property=\"og:type\" content=\"article\" \/>\n<meta property=\"og:title\" content=\"Fredag med huvudv\u00e4rk och piggt barn med feber - V\u00e4lkommen till JeLo\" \/>\n<meta property=\"og:description\" content=\"Jag vaknade upp med en rej\u00e4l huvudv\u00e4rk i morse.\" \/>\n<meta property=\"og:url\" content=\"https:\/\/datajenny.se\/Blogg\/2025\/08\/29\/fredag-med-huvudvark-och-piggt-barn-med-feber\/\" \/>\n<meta property=\"og:site_name\" content=\"V\u00e4lkommen till JeLo\" \/>\n<meta property=\"article:publisher\" content=\"https:\/\/www.facebook.com\/datajenny\/\" \/>\n<meta property=\"article:author\" content=\"https:\/\/www.facebook.com\/datajenny\/\" \/>\n<meta property=\"article:published_time\" content=\"2025-08-29T15:59:23+00:00\" \/>\n<meta property=\"article:modified_time\" content=\"2025-09-05T20:31:48+00:00\" \/>\n<meta property=\"og:image\" content=\"https:\/\/datajenny.se\/Blogg\/wp-content\/uploads\/2025\/08\/file_00000000f6306243abf42d00ab19c4105696041964281726868.png\" \/>\n\t<meta property=\"og:image:width\" content=\"614\" \/>\n\t<meta property=\"og:image:height\" content=\"409\" \/>\n\t<meta property=\"og:image:type\" content=\"image\/png\" \/>\n<meta name=\"author\" content=\"Jenny Louise Nod\u00e9n\" \/>\n<meta name=\"twitter:card\" content=\"summary_large_image\" \/>\n<meta name=\"twitter:label1\" content=\"Skriven av\" \/>\n\t<meta name=\"twitter:data1\" content=\"Jenny Louise Nod\u00e9n\" \/>\n\t<meta name=\"twitter:label2\" content=\"Ber\u00e4knad l\u00e4stid\" \/>\n\t<meta name=\"twitter:data2\" content=\"3 minuter\" \/>\n<script type=\"application\/ld+json\" class=\"yoast-schema-graph\">{\"@context\":\"https:\\\/\\\/schema.org\",\"@graph\":[{\"@type\":\"Article\",\"@id\":\"https:\\\/\\\/datajenny.se\\\/Blogg\\\/2025\\\/08\\\/29\\\/fredag-med-huvudvark-och-piggt-barn-med-feber\\\/#article\",\"isPartOf\":{\"@id\":\"https:\\\/\\\/datajenny.se\\\/Blogg\\\/2025\\\/08\\\/29\\\/fredag-med-huvudvark-och-piggt-barn-med-feber\\\/\"},\"author\":{\"name\":\"Jenny Louise Nod\u00e9n\",\"@id\":\"https:\\\/\\\/datajenny.se\\\/Blogg\\\/#\\\/schema\\\/person\\\/da3cd1b9792c07c50c88641dcf976bee\"},\"headline\":\"Fredag med huvudv\u00e4rk och piggt barn med feber\",\"datePublished\":\"2025-08-29T15:59:23+00:00\",\"dateModified\":\"2025-09-05T20:31:48+00:00\",\"mainEntityOfPage\":{\"@id\":\"https:\\\/\\\/datajenny.se\\\/Blogg\\\/2025\\\/08\\\/29\\\/fredag-med-huvudvark-och-piggt-barn-med-feber\\\/\"},\"wordCount\":335,\"commentCount\":0,\"publisher\":{\"@id\":\"https:\\\/\\\/datajenny.se\\\/Blogg\\\/#\\\/schema\\\/person\\\/da3cd1b9792c07c50c88641dcf976bee\"},\"image\":{\"@id\":\"https:\\\/\\\/datajenny.se\\\/Blogg\\\/2025\\\/08\\\/29\\\/fredag-med-huvudvark-och-piggt-barn-med-feber\\\/#primaryimage\"},\"thumbnailUrl\":\"https:\\\/\\\/i0.wp.com\\\/datajenny.se\\\/Blogg\\\/wp-content\\\/uploads\\\/2025\\\/08\\\/file_00000000f6306243abf42d00ab19c4105696041964281726868.png?fit=614%2C409&ssl=1\",\"keywords\":[\"Arbete\",\"Blogg\",\"Dikt\",\"Erik\",\"Film\",\"Huvudv\u00e4rk\",\"Sjuk\"],\"articleSection\":[\"Arbete\",\"Blogg\",\"Dikt\",\"Erik\",\"Film\",\"Huvudv\u00e4rk\",\"Sjuk\"],\"inLanguage\":\"sv-SE\",\"potentialAction\":[{\"@type\":\"CommentAction\",\"name\":\"Comment\",\"target\":[\"https:\\\/\\\/datajenny.se\\\/Blogg\\\/2025\\\/08\\\/29\\\/fredag-med-huvudvark-och-piggt-barn-med-feber\\\/#respond\"]}]},{\"@type\":\"WebPage\",\"@id\":\"https:\\\/\\\/datajenny.se\\\/Blogg\\\/2025\\\/08\\\/29\\\/fredag-med-huvudvark-och-piggt-barn-med-feber\\\/\",\"url\":\"https:\\\/\\\/datajenny.se\\\/Blogg\\\/2025\\\/08\\\/29\\\/fredag-med-huvudvark-och-piggt-barn-med-feber\\\/\",\"name\":\"Fredag med huvudv\u00e4rk och piggt barn med feber - V\u00e4lkommen till JeLo\",\"isPartOf\":{\"@id\":\"https:\\\/\\\/datajenny.se\\\/Blogg\\\/#website\"},\"primaryImageOfPage\":{\"@id\":\"https:\\\/\\\/datajenny.se\\\/Blogg\\\/2025\\\/08\\\/29\\\/fredag-med-huvudvark-och-piggt-barn-med-feber\\\/#primaryimage\"},\"image\":{\"@id\":\"https:\\\/\\\/datajenny.se\\\/Blogg\\\/2025\\\/08\\\/29\\\/fredag-med-huvudvark-och-piggt-barn-med-feber\\\/#primaryimage\"},\"thumbnailUrl\":\"https:\\\/\\\/i0.wp.com\\\/datajenny.se\\\/Blogg\\\/wp-content\\\/uploads\\\/2025\\\/08\\\/file_00000000f6306243abf42d00ab19c4105696041964281726868.png?fit=614%2C409&ssl=1\",\"datePublished\":\"2025-08-29T15:59:23+00:00\",\"dateModified\":\"2025-09-05T20:31:48+00:00\",\"breadcrumb\":{\"@id\":\"https:\\\/\\\/datajenny.se\\\/Blogg\\\/2025\\\/08\\\/29\\\/fredag-med-huvudvark-och-piggt-barn-med-feber\\\/#breadcrumb\"},\"inLanguage\":\"sv-SE\",\"potentialAction\":[{\"@type\":\"ReadAction\",\"target\":[\"https:\\\/\\\/datajenny.se\\\/Blogg\\\/2025\\\/08\\\/29\\\/fredag-med-huvudvark-och-piggt-barn-med-feber\\\/\"]}]},{\"@type\":\"ImageObject\",\"inLanguage\":\"sv-SE\",\"@id\":\"https:\\\/\\\/datajenny.se\\\/Blogg\\\/2025\\\/08\\\/29\\\/fredag-med-huvudvark-och-piggt-barn-med-feber\\\/#primaryimage\",\"url\":\"https:\\\/\\\/i0.wp.com\\\/datajenny.se\\\/Blogg\\\/wp-content\\\/uploads\\\/2025\\\/08\\\/file_00000000f6306243abf42d00ab19c4105696041964281726868.png?fit=614%2C409&ssl=1\",\"contentUrl\":\"https:\\\/\\\/i0.wp.com\\\/datajenny.se\\\/Blogg\\\/wp-content\\\/uploads\\\/2025\\\/08\\\/file_00000000f6306243abf42d00ab19c4105696041964281726868.png?fit=614%2C409&ssl=1\",\"width\":614,\"height\":409},{\"@type\":\"BreadcrumbList\",\"@id\":\"https:\\\/\\\/datajenny.se\\\/Blogg\\\/2025\\\/08\\\/29\\\/fredag-med-huvudvark-och-piggt-barn-med-feber\\\/#breadcrumb\",\"itemListElement\":[{\"@type\":\"ListItem\",\"position\":1,\"name\":\"Hem\",\"item\":\"https:\\\/\\\/datajenny.se\\\/Blogg\\\/\"},{\"@type\":\"ListItem\",\"position\":2,\"name\":\"Fredag med huvudv\u00e4rk och piggt barn med feber\"}]},{\"@type\":\"WebSite\",\"@id\":\"https:\\\/\\\/datajenny.se\\\/Blogg\\\/#website\",\"url\":\"https:\\\/\\\/datajenny.se\\\/Blogg\\\/\",\"name\":\"V\u00e4lkommen till Jenny Louises blogg\",\"description\":\"Jenny Louises blogg\",\"publisher\":{\"@id\":\"https:\\\/\\\/datajenny.se\\\/Blogg\\\/#\\\/schema\\\/person\\\/da3cd1b9792c07c50c88641dcf976bee\"},\"potentialAction\":[{\"@type\":\"SearchAction\",\"target\":{\"@type\":\"EntryPoint\",\"urlTemplate\":\"https:\\\/\\\/datajenny.se\\\/Blogg\\\/?s={search_term_string}\"},\"query-input\":{\"@type\":\"PropertyValueSpecification\",\"valueRequired\":true,\"valueName\":\"search_term_string\"}}],\"inLanguage\":\"sv-SE\"},{\"@type\":[\"Person\",\"Organization\"],\"@id\":\"https:\\\/\\\/datajenny.se\\\/Blogg\\\/#\\\/schema\\\/person\\\/da3cd1b9792c07c50c88641dcf976bee\",\"name\":\"Jenny Louise Nod\u00e9n\",\"image\":{\"@type\":\"ImageObject\",\"inLanguage\":\"sv-SE\",\"@id\":\"https:\\\/\\\/datajenny.se\\\/Blogg\\\/wp-content\\\/uploads\\\/2025\\\/07\\\/wp-1751728308657.jpg\",\"url\":\"https:\\\/\\\/datajenny.se\\\/Blogg\\\/wp-content\\\/uploads\\\/2025\\\/07\\\/wp-1751728308657.jpg\",\"contentUrl\":\"https:\\\/\\\/datajenny.se\\\/Blogg\\\/wp-content\\\/uploads\\\/2025\\\/07\\\/wp-1751728308657.jpg\",\"width\":928,\"height\":928,\"caption\":\"Jenny Louise Nod\u00e9n\"},\"logo\":{\"@id\":\"https:\\\/\\\/datajenny.se\\\/Blogg\\\/wp-content\\\/uploads\\\/2025\\\/07\\\/wp-1751728308657.jpg\"},\"description\":\"Jag \u00e4r en tjej som oftast \u00e4r glad och \u00e4lskar livet, men den 18 januari 2005 s\u00e5 f\u00f6rs\u00f6kte jag ta mitt liv, jag orkade inte helt enkelt l\u00e4ngre. Men min f\u00e4stman hittade mig i duschen, han r\u00e4ddade livet p\u00e5 mig. Jag fick \u00e5ka in till akuten och blev magpumpad samt s\u00e5 fick jag \u00e4ta kr\u00e4ksirap. Hamnade sedan p\u00e5 S\u00e4ter och log d\u00e4r i fyra dagar. Idag \u00e4r jag glad f\u00f6r att han hittade mig, livet har s\u00e5 mycket att erbjuda. Jag bryr mig f\u00f6r mycket om andra, jag kommer alltid i andra hand hos mig sj\u00e4lv. Jag \u00e4r gift med en underbar man vid namn Magnus och vi har en son som heter Erik och \u00e4r f\u00f6dd juni 2018.\",\"sameAs\":[\"https:\\\/\\\/datajenny.se\\\/Blogg\",\"https:\\\/\\\/www.facebook.com\\\/datajenny\\\/\",\"https:\\\/\\\/www.instagram.com\\\/datajenny\\\/\",\"https:\\\/\\\/www.linkedin.com\\\/in\\\/jenny-louise-nodn-75324811b?\",\"https:\\\/\\\/youtube.com\\\/channel\\\/UCU00yswsJZcmgqfoON6pMwg\",\"https:\\\/\\\/datajenny.tumblr.com\\\/\"],\"url\":\"https:\\\/\\\/datajenny.se\\\/Blogg\\\/author\\\/jenny_louise\\\/\"}]}<\/script>\n<!-- \/ Yoast SEO plugin. -->","yoast_head_json":{"title":"Fredag med huvudv\u00e4rk och piggt barn med feber - V\u00e4lkommen till JeLo","robots":{"index":"index","follow":"follow","max-snippet":"max-snippet:-1","max-image-preview":"max-image-preview:large","max-video-preview":"max-video-preview:-1"},"canonical":"https:\/\/datajenny.se\/Blogg\/2025\/08\/29\/fredag-med-huvudvark-och-piggt-barn-med-feber\/","og_locale":"sv_SE","og_type":"article","og_title":"Fredag med huvudv\u00e4rk och piggt barn med feber - V\u00e4lkommen till JeLo","og_description":"Jag vaknade upp med en rej\u00e4l huvudv\u00e4rk i morse.","og_url":"https:\/\/datajenny.se\/Blogg\/2025\/08\/29\/fredag-med-huvudvark-och-piggt-barn-med-feber\/","og_site_name":"V\u00e4lkommen till JeLo","article_publisher":"https:\/\/www.facebook.com\/datajenny\/","article_author":"https:\/\/www.facebook.com\/datajenny\/","article_published_time":"2025-08-29T15:59:23+00:00","article_modified_time":"2025-09-05T20:31:48+00:00","og_image":[{"width":614,"height":409,"url":"https:\/\/datajenny.se\/Blogg\/wp-content\/uploads\/2025\/08\/file_00000000f6306243abf42d00ab19c4105696041964281726868.png","type":"image\/png"}],"author":"Jenny Louise Nod\u00e9n","twitter_card":"summary_large_image","twitter_misc":{"Skriven av":"Jenny Louise Nod\u00e9n","Ber\u00e4knad l\u00e4stid":"3 minuter"},"schema":{"@context":"https:\/\/schema.org","@graph":[{"@type":"Article","@id":"https:\/\/datajenny.se\/Blogg\/2025\/08\/29\/fredag-med-huvudvark-och-piggt-barn-med-feber\/#article","isPartOf":{"@id":"https:\/\/datajenny.se\/Blogg\/2025\/08\/29\/fredag-med-huvudvark-och-piggt-barn-med-feber\/"},"author":{"name":"Jenny Louise Nod\u00e9n","@id":"https:\/\/datajenny.se\/Blogg\/#\/schema\/person\/da3cd1b9792c07c50c88641dcf976bee"},"headline":"Fredag med huvudv\u00e4rk och piggt barn med feber","datePublished":"2025-08-29T15:59:23+00:00","dateModified":"2025-09-05T20:31:48+00:00","mainEntityOfPage":{"@id":"https:\/\/datajenny.se\/Blogg\/2025\/08\/29\/fredag-med-huvudvark-och-piggt-barn-med-feber\/"},"wordCount":335,"commentCount":0,"publisher":{"@id":"https:\/\/datajenny.se\/Blogg\/#\/schema\/person\/da3cd1b9792c07c50c88641dcf976bee"},"image":{"@id":"https:\/\/datajenny.se\/Blogg\/2025\/08\/29\/fredag-med-huvudvark-och-piggt-barn-med-feber\/#primaryimage"},"thumbnailUrl":"https:\/\/i0.wp.com\/datajenny.se\/Blogg\/wp-content\/uploads\/2025\/08\/file_00000000f6306243abf42d00ab19c4105696041964281726868.png?fit=614%2C409&ssl=1","keywords":["Arbete","Blogg","Dikt","Erik","Film","Huvudv\u00e4rk","Sjuk"],"articleSection":["Arbete","Blogg","Dikt","Erik","Film","Huvudv\u00e4rk","Sjuk"],"inLanguage":"sv-SE","potentialAction":[{"@type":"CommentAction","name":"Comment","target":["https:\/\/datajenny.se\/Blogg\/2025\/08\/29\/fredag-med-huvudvark-och-piggt-barn-med-feber\/#respond"]}]},{"@type":"WebPage","@id":"https:\/\/datajenny.se\/Blogg\/2025\/08\/29\/fredag-med-huvudvark-och-piggt-barn-med-feber\/","url":"https:\/\/datajenny.se\/Blogg\/2025\/08\/29\/fredag-med-huvudvark-och-piggt-barn-med-feber\/","name":"Fredag med huvudv\u00e4rk och piggt barn med feber - V\u00e4lkommen till JeLo","isPartOf":{"@id":"https:\/\/datajenny.se\/Blogg\/#website"},"primaryImageOfPage":{"@id":"https:\/\/datajenny.se\/Blogg\/2025\/08\/29\/fredag-med-huvudvark-och-piggt-barn-med-feber\/#primaryimage"},"image":{"@id":"https:\/\/datajenny.se\/Blogg\/2025\/08\/29\/fredag-med-huvudvark-och-piggt-barn-med-feber\/#primaryimage"},"thumbnailUrl":"https:\/\/i0.wp.com\/datajenny.se\/Blogg\/wp-content\/uploads\/2025\/08\/file_00000000f6306243abf42d00ab19c4105696041964281726868.png?fit=614%2C409&ssl=1","datePublished":"2025-08-29T15:59:23+00:00","dateModified":"2025-09-05T20:31:48+00:00","breadcrumb":{"@id":"https:\/\/datajenny.se\/Blogg\/2025\/08\/29\/fredag-med-huvudvark-och-piggt-barn-med-feber\/#breadcrumb"},"inLanguage":"sv-SE","potentialAction":[{"@type":"ReadAction","target":["https:\/\/datajenny.se\/Blogg\/2025\/08\/29\/fredag-med-huvudvark-och-piggt-barn-med-feber\/"]}]},{"@type":"ImageObject","inLanguage":"sv-SE","@id":"https:\/\/datajenny.se\/Blogg\/2025\/08\/29\/fredag-med-huvudvark-och-piggt-barn-med-feber\/#primaryimage","url":"https:\/\/i0.wp.com\/datajenny.se\/Blogg\/wp-content\/uploads\/2025\/08\/file_00000000f6306243abf42d00ab19c4105696041964281726868.png?fit=614%2C409&ssl=1","contentUrl":"https:\/\/i0.wp.com\/datajenny.se\/Blogg\/wp-content\/uploads\/2025\/08\/file_00000000f6306243abf42d00ab19c4105696041964281726868.png?fit=614%2C409&ssl=1","width":614,"height":409},{"@type":"BreadcrumbList","@id":"https:\/\/datajenny.se\/Blogg\/2025\/08\/29\/fredag-med-huvudvark-och-piggt-barn-med-feber\/#breadcrumb","itemListElement":[{"@type":"ListItem","position":1,"name":"Hem","item":"https:\/\/datajenny.se\/Blogg\/"},{"@type":"ListItem","position":2,"name":"Fredag med huvudv\u00e4rk och piggt barn med feber"}]},{"@type":"WebSite","@id":"https:\/\/datajenny.se\/Blogg\/#website","url":"https:\/\/datajenny.se\/Blogg\/","name":"V\u00e4lkommen till Jenny Louises blogg","description":"Jenny Louises blogg","publisher":{"@id":"https:\/\/datajenny.se\/Blogg\/#\/schema\/person\/da3cd1b9792c07c50c88641dcf976bee"},"potentialAction":[{"@type":"SearchAction","target":{"@type":"EntryPoint","urlTemplate":"https:\/\/datajenny.se\/Blogg\/?s={search_term_string}"},"query-input":{"@type":"PropertyValueSpecification","valueRequired":true,"valueName":"search_term_string"}}],"inLanguage":"sv-SE"},{"@type":["Person","Organization"],"@id":"https:\/\/datajenny.se\/Blogg\/#\/schema\/person\/da3cd1b9792c07c50c88641dcf976bee","name":"Jenny Louise Nod\u00e9n","image":{"@type":"ImageObject","inLanguage":"sv-SE","@id":"https:\/\/datajenny.se\/Blogg\/wp-content\/uploads\/2025\/07\/wp-1751728308657.jpg","url":"https:\/\/datajenny.se\/Blogg\/wp-content\/uploads\/2025\/07\/wp-1751728308657.jpg","contentUrl":"https:\/\/datajenny.se\/Blogg\/wp-content\/uploads\/2025\/07\/wp-1751728308657.jpg","width":928,"height":928,"caption":"Jenny Louise Nod\u00e9n"},"logo":{"@id":"https:\/\/datajenny.se\/Blogg\/wp-content\/uploads\/2025\/07\/wp-1751728308657.jpg"},"description":"Jag \u00e4r en tjej som oftast \u00e4r glad och \u00e4lskar livet, men den 18 januari 2005 s\u00e5 f\u00f6rs\u00f6kte jag ta mitt liv, jag orkade inte helt enkelt l\u00e4ngre. Men min f\u00e4stman hittade mig i duschen, han r\u00e4ddade livet p\u00e5 mig. Jag fick \u00e5ka in till akuten och blev magpumpad samt s\u00e5 fick jag \u00e4ta kr\u00e4ksirap. Hamnade sedan p\u00e5 S\u00e4ter och log d\u00e4r i fyra dagar. Idag \u00e4r jag glad f\u00f6r att han hittade mig, livet har s\u00e5 mycket att erbjuda. Jag bryr mig f\u00f6r mycket om andra, jag kommer alltid i andra hand hos mig sj\u00e4lv. Jag \u00e4r gift med en underbar man vid namn Magnus och vi har en son som heter Erik och \u00e4r f\u00f6dd juni 2018.","sameAs":["https:\/\/datajenny.se\/Blogg","https:\/\/www.facebook.com\/datajenny\/","https:\/\/www.instagram.com\/datajenny\/","https:\/\/www.linkedin.com\/in\/jenny-louise-nodn-75324811b?","https:\/\/youtube.com\/channel\/UCU00yswsJZcmgqfoON6pMwg","https:\/\/datajenny.tumblr.com\/"],"url":"https:\/\/datajenny.se\/Blogg\/author\/jenny_louise\/"}]}},"jetpack_publicize_connections":[],"jetpack_featured_media_url":"https:\/\/i0.wp.com\/datajenny.se\/Blogg\/wp-content\/uploads\/2025\/08\/file_00000000f6306243abf42d00ab19c4105696041964281726868.png?fit=614%2C409&ssl=1","jetpack_sharing_enabled":true,"jetpack_likes_enabled":true,"_links":{"self":[{"href":"https:\/\/datajenny.se\/Blogg\/wp-json\/wp\/v2\/posts\/2829","targetHints":{"allow":["GET"]}}],"collection":[{"href":"https:\/\/datajenny.se\/Blogg\/wp-json\/wp\/v2\/posts"}],"about":[{"href":"https:\/\/datajenny.se\/Blogg\/wp-json\/wp\/v2\/types\/post"}],"author":[{"embeddable":true,"href":"https:\/\/datajenny.se\/Blogg\/wp-json\/wp\/v2\/users\/1"}],"replies":[{"embeddable":true,"href":"https:\/\/datajenny.se\/Blogg\/wp-json\/wp\/v2\/comments?post=2829"}],"version-history":[{"count":5,"href":"https:\/\/datajenny.se\/Blogg\/wp-json\/wp\/v2\/posts\/2829\/revisions"}],"predecessor-version":[{"id":3059,"href":"https:\/\/datajenny.se\/Blogg\/wp-json\/wp\/v2\/posts\/2829\/revisions\/3059"}],"wp:featuredmedia":[{"embeddable":true,"href":"https:\/\/datajenny.se\/Blogg\/wp-json\/wp\/v2\/media\/2828"}],"wp:attachment":[{"href":"https:\/\/datajenny.se\/Blogg\/wp-json\/wp\/v2\/media?parent=2829"}],"wp:term":[{"taxonomy":"category","embeddable":true,"href":"https:\/\/datajenny.se\/Blogg\/wp-json\/wp\/v2\/categories?post=2829"},{"taxonomy":"post_tag","embeddable":true,"href":"https:\/\/datajenny.se\/Blogg\/wp-json\/wp\/v2\/tags?post=2829"}],"curies":[{"name":"wp","href":"https:\/\/api.w.org\/{rel}","templated":true}]}}