{"id":2857,"date":"2025-09-07T19:41:53","date_gmt":"2025-09-07T17:41:53","guid":{"rendered":"https:\/\/datajenny.se\/Blogg\/?p=2857"},"modified":"2025-09-07T19:49:47","modified_gmt":"2025-09-07T17:49:47","slug":"en-sondag-med-lardomar-och-vark","status":"publish","type":"post","link":"https:\/\/datajenny.se\/Blogg\/2025\/09\/07\/en-sondag-med-lardomar-och-vark\/","title":{"rendered":"En s\u00f6ndag med l\u00e4rdomar och v\u00e4rk"},"content":{"rendered":"\n<p>Idag vaknade Erik upp feberfri, vilket var en l\u00e4ttnad. <\/p>\n\n\n\n<!--more-->\n\n\n\n<p>Han \u00e4r fortfarande lite snorig, men imorgon blir det skola igen om inget intr\u00e4ffar inatt.<\/p>\n\n\n\n<p>Sj\u00e4lv har jag haft en ganska lugn dag. Jag var iv\u00e4g och handlade p\u00e5 ICA Kvantum. <\/p>\n\n\n\n<p><\/p>\n\n\n<div class=\"wp-block-image\">\n<figure class=\"aligncenter size-full is-resized\"><img data-recalc-dims=\"1\" loading=\"lazy\" decoding=\"async\" width=\"432\" height=\"504\" src=\"https:\/\/i0.wp.com\/datajenny.se\/Blogg\/wp-content\/uploads\/2025\/09\/screenshot_20250907_1640391784604746705131219.jpg?resize=432%2C504&#038;ssl=1\" alt=\"\" class=\"wp-image-3320\" style=\"width:450px\" srcset=\"https:\/\/i0.wp.com\/datajenny.se\/Blogg\/wp-content\/uploads\/2025\/09\/screenshot_20250907_1640391784604746705131219.jpg?w=432&amp;ssl=1 432w, https:\/\/i0.wp.com\/datajenny.se\/Blogg\/wp-content\/uploads\/2025\/09\/screenshot_20250907_1640391784604746705131219.jpg?resize=343%2C400&amp;ssl=1 343w\" sizes=\"auto, (max-width: 432px) 100vw, 432px\" \/><\/figure>\n<\/div>\n\n\n<p><\/p>\n\n\n\n<p>Resten av dagen har mest handlat om att sitta framf\u00f6r datorn. Jag gjorde en kurs som heter \u201dN\u00e4r samtalet k\u00e4nns sv\u00e5rt\u201d, en facklig utbildning som Vision erbjuder. Jag hinner s\u00e4llan med s\u00e5dana utbildningar p\u00e5 arbetstid, men tycker de \u00e4r viktiga och intressanta \u2013 ett bra s\u00e4tt att h\u00e5lla de fackliga kunskaperna levande.<\/p>\n\n\n\n<p><\/p>\n\n\n<div class=\"wp-block-image\">\n<figure class=\"aligncenter size-full is-resized\"><img data-recalc-dims=\"1\" loading=\"lazy\" decoding=\"async\" width=\"640\" height=\"480\" src=\"https:\/\/i0.wp.com\/datajenny.se\/Blogg\/wp-content\/uploads\/2025\/09\/20250907_1703279181433078667174761.jpg?resize=640%2C480&#038;ssl=1\" alt=\"\" class=\"wp-image-3321\" style=\"width:600px\" srcset=\"https:\/\/i0.wp.com\/datajenny.se\/Blogg\/wp-content\/uploads\/2025\/09\/20250907_1703279181433078667174761.jpg?w=1600&amp;ssl=1 1600w, https:\/\/i0.wp.com\/datajenny.se\/Blogg\/wp-content\/uploads\/2025\/09\/20250907_1703279181433078667174761.jpg?resize=400%2C300&amp;ssl=1 400w, https:\/\/i0.wp.com\/datajenny.se\/Blogg\/wp-content\/uploads\/2025\/09\/20250907_1703279181433078667174761.jpg?resize=720%2C540&amp;ssl=1 720w, https:\/\/i0.wp.com\/datajenny.se\/Blogg\/wp-content\/uploads\/2025\/09\/20250907_1703279181433078667174761.jpg?resize=768%2C576&amp;ssl=1 768w, https:\/\/i0.wp.com\/datajenny.se\/Blogg\/wp-content\/uploads\/2025\/09\/20250907_1703279181433078667174761.jpg?resize=1536%2C1152&amp;ssl=1 1536w, https:\/\/i0.wp.com\/datajenny.se\/Blogg\/wp-content\/uploads\/2025\/09\/20250907_1703279181433078667174761.jpg?resize=1024%2C768&amp;ssl=1 1024w, https:\/\/i0.wp.com\/datajenny.se\/Blogg\/wp-content\/uploads\/2025\/09\/20250907_1703279181433078667174761.jpg?w=1280&amp;ssl=1 1280w\" sizes=\"auto, (max-width: 640px) 100vw, 640px\" \/><\/figure>\n<\/div>\n\n\n<p><\/p>\n\n\n\n<p>Jag har ocks\u00e5 b\u00f6rjat med mitt egna arbete inf\u00f6r Visions ombudsutbildning som jag ska p\u00e5 i G\u00e4vle den 14\u201315 oktober. Uppgiften omfattar ungef\u00e4r fyra timmar, s\u00e5 det k\u00e4nns sk\u00f6nt att komma ig\u00e5ng i tid. Jag har tagit tj\u00e4nstledigt enligt f\u00f6rtroendemannalagen (FML) f\u00f6r att kunna \u00e5ka, och det ska bli sp\u00e4nnande att tr\u00e4ffa andra ombud.<\/p>\n\n\n\n<p><\/p>\n\n\n<div class=\"wp-block-image\">\n<figure class=\"aligncenter size-full is-resized\"><img data-recalc-dims=\"1\" loading=\"lazy\" decoding=\"async\" width=\"640\" height=\"480\" src=\"https:\/\/i0.wp.com\/datajenny.se\/Blogg\/wp-content\/uploads\/2025\/09\/20250907_1721151423067739102365101.jpg?resize=640%2C480&#038;ssl=1\" alt=\"\" class=\"wp-image-3322\" style=\"width:600px\" srcset=\"https:\/\/i0.wp.com\/datajenny.se\/Blogg\/wp-content\/uploads\/2025\/09\/20250907_1721151423067739102365101.jpg?w=1600&amp;ssl=1 1600w, https:\/\/i0.wp.com\/datajenny.se\/Blogg\/wp-content\/uploads\/2025\/09\/20250907_1721151423067739102365101.jpg?resize=400%2C300&amp;ssl=1 400w, https:\/\/i0.wp.com\/datajenny.se\/Blogg\/wp-content\/uploads\/2025\/09\/20250907_1721151423067739102365101.jpg?resize=720%2C540&amp;ssl=1 720w, https:\/\/i0.wp.com\/datajenny.se\/Blogg\/wp-content\/uploads\/2025\/09\/20250907_1721151423067739102365101.jpg?resize=768%2C576&amp;ssl=1 768w, https:\/\/i0.wp.com\/datajenny.se\/Blogg\/wp-content\/uploads\/2025\/09\/20250907_1721151423067739102365101.jpg?resize=1536%2C1152&amp;ssl=1 1536w, https:\/\/i0.wp.com\/datajenny.se\/Blogg\/wp-content\/uploads\/2025\/09\/20250907_1721151423067739102365101.jpg?resize=1024%2C768&amp;ssl=1 1024w, https:\/\/i0.wp.com\/datajenny.se\/Blogg\/wp-content\/uploads\/2025\/09\/20250907_1721151423067739102365101.jpg?w=1280&amp;ssl=1 1280w\" sizes=\"auto, (max-width: 640px) 100vw, 640px\" \/><\/figure>\n<\/div>\n\n\n<p><\/p>\n\n\n\n<p>P\u00e5 matfronten blev det Eriks favorit \u2013 pasta carbonara \u2013 som Magnus lagade. Jag fr\u00e5gade om Erik ville g\u00e5 ut och leka efter maten, men han ville hellre stanna inne. Och som varje s\u00f6ndag hj\u00e4lpte Magnus mig med att raka huvudet.<\/p>\n\n\n\n<p><\/p>\n\n\n<div class=\"wp-block-image\">\n<figure class=\"aligncenter size-full is-resized\"><img data-recalc-dims=\"1\" loading=\"lazy\" decoding=\"async\" width=\"640\" height=\"854\" src=\"https:\/\/i0.wp.com\/datajenny.se\/Blogg\/wp-content\/uploads\/2025\/09\/20250907_1723461667837459680052805.jpg?resize=640%2C854&#038;ssl=1\" alt=\"\" class=\"wp-image-3323\" style=\"width:auto;height:600px\" srcset=\"https:\/\/i0.wp.com\/datajenny.se\/Blogg\/wp-content\/uploads\/2025\/09\/20250907_1723461667837459680052805.jpg?w=1016&amp;ssl=1 1016w, https:\/\/i0.wp.com\/datajenny.se\/Blogg\/wp-content\/uploads\/2025\/09\/20250907_1723461667837459680052805.jpg?resize=300%2C400&amp;ssl=1 300w, https:\/\/i0.wp.com\/datajenny.se\/Blogg\/wp-content\/uploads\/2025\/09\/20250907_1723461667837459680052805.jpg?resize=539%2C720&amp;ssl=1 539w, https:\/\/i0.wp.com\/datajenny.se\/Blogg\/wp-content\/uploads\/2025\/09\/20250907_1723461667837459680052805.jpg?resize=768%2C1025&amp;ssl=1 768w\" sizes=\"auto, (max-width: 640px) 100vw, 640px\" \/><\/figure>\n<\/div>\n\n\n<p><\/p>\n\n\n\n<p>Tyv\u00e4rr har jag fortfarande ont i nacken och ryggen. V\u00e4rktabletter hj\u00e4lper en del, men jag funderar p\u00e5 att ta en diklofenak innan jag g\u00e5r och l\u00e4gger mig. Sm\u00e4rtan g\u00f6r mig ocks\u00e5 lite l\u00e5g, s\u00e5 det \u00e4r nog d\u00e4rf\u00f6r hum\u00f6ret inte \u00e4r p\u00e5 topp idag.<\/p>\n\n\n\n<p>Efter kv\u00e4llsduschen ville Erik prova att kamma sig sj\u00e4lv \u2013 och det blev riktigt fint. Han s\u00e5g s\u00e5 stolt ut n\u00e4r han var klar, och jag blev minst lika stolt jag ocks\u00e5.<\/p>\n\n\n\n<p><\/p>\n\n\n<div class=\"wp-block-image\">\n<figure class=\"aligncenter size-full is-resized\"><img data-recalc-dims=\"1\" loading=\"lazy\" decoding=\"async\" width=\"640\" height=\"853\" src=\"https:\/\/i0.wp.com\/datajenny.se\/Blogg\/wp-content\/uploads\/2025\/09\/20250907_184146281295787387865407674821.jpg?resize=640%2C853&#038;ssl=1\" alt=\"\" class=\"wp-image-3324\" style=\"width:auto;height:600px\" srcset=\"https:\/\/i0.wp.com\/datajenny.se\/Blogg\/wp-content\/uploads\/2025\/09\/20250907_184146281295787387865407674821.jpg?w=1200&amp;ssl=1 1200w, https:\/\/i0.wp.com\/datajenny.se\/Blogg\/wp-content\/uploads\/2025\/09\/20250907_184146281295787387865407674821.jpg?resize=300%2C400&amp;ssl=1 300w, https:\/\/i0.wp.com\/datajenny.se\/Blogg\/wp-content\/uploads\/2025\/09\/20250907_184146281295787387865407674821.jpg?resize=540%2C720&amp;ssl=1 540w, https:\/\/i0.wp.com\/datajenny.se\/Blogg\/wp-content\/uploads\/2025\/09\/20250907_184146281295787387865407674821.jpg?resize=768%2C1024&amp;ssl=1 768w, https:\/\/i0.wp.com\/datajenny.se\/Blogg\/wp-content\/uploads\/2025\/09\/20250907_184146281295787387865407674821.jpg?resize=1152%2C1536&amp;ssl=1 1152w, https:\/\/i0.wp.com\/datajenny.se\/Blogg\/wp-content\/uploads\/2025\/09\/20250907_184146281295787387865407674821.jpg?resize=1024%2C1365&amp;ssl=1 1024w\" sizes=\"auto, (max-width: 640px) 100vw, 640px\" \/><\/figure>\n<\/div>\n\n\n<p><\/p>\n\n\n\n<p>Nu v\u00e4ntar kv\u00e4llens utmaning: att borsta t\u00e4nderna p\u00e5 Erik. Efter det ska jag s\u00e4tta mig ner med dagens f\u00e4rgl\u00e4ggning \u2013 n\u00e5got som alltid ger ett lugnare avslut p\u00e5 dagen.<br><\/p>\n\n\n\n<p><\/p>\n\n\n<div class=\"wp-block-ub-divider ub_divider ub-divider-orientation-horizontal\" id=\"ub_divider_f129c905-5529-4e1b-ad6a-337e8ce4ce98\"><div class=\"ub_divider_wrapper\" style=\"position: relative; margin-bottom: 2px; width: 100%; height: 2px; \" data-divider-alignment=\"center\"><div class=\"ub_divider_line\" style=\"border-top: 10px dotted #00d084; margin-top: 2px; \"><\/div><\/div><\/div>\n\n\n<p><\/p>\n\n\n\n<h2 class=\"wp-block-heading\">Dagens dikt<\/h2>\n\n\n\n<p><em>Sm\u00e4rtan viskar tyst i kroppen, men styrkan bor i varje steg.<\/em><br><em>N\u00e4r tr\u00f6tthet vill dra ner i botten, hittar jag f\u00e4rger som ger mig v\u00e4g.<\/em><\/p>\n\n\n\n<p><\/p>\n\n\n\n<img data-recalc-dims=\"1\" loading=\"lazy\" decoding=\"async\" style=\"opacity: 0;\" superb-addons-animation=\"zoomIn\" src=\"https:\/\/i0.wp.com\/datajenny.se\/Blogg\/wp-content\/uploads\/2025\/07\/1000012255.png?resize=180%2C53&#038;ssl=1\" alt=\"Signatur\" width=\"180\" height=\"53\">\n\n\n\n<p><\/p>\n","protected":false},"excerpt":{"rendered":"<p>Idag vaknade Erik upp feberfri, vilket var en l\u00e4ttnad.<\/p>\n","protected":false},"author":1,"featured_media":3324,"comment_status":"open","ping_status":"open","sticky":false,"template":"","format":"standard","meta":{"ngg_post_thumbnail":0,"jetpack_post_was_ever_published":false,"_jetpack_newsletter_access":"","_jetpack_dont_email_post_to_subs":false,"_jetpack_newsletter_tier_id":0,"_jetpack_memberships_contains_paywalled_content":false,"_jetpack_memberships_contains_paid_content":false,"footnotes":"","jetpack_publicize_message":"","jetpack_publicize_feature_enabled":true,"jetpack_social_post_already_shared":true,"jetpack_social_options":{"image_generator_settings":{"template":"highway","default_image_id":0,"font":"","enabled":false},"version":2}},"categories":[8,131,38,125,59,121,193,195],"tags":[9,132,11,126,60,122,194,196],"class_list":["post-2857","post","type-post","status-publish","format-standard","has-post-thumbnail","hentry","category-blogg","category-dikt","category-erik","category-fackligt","category-handla","category-mat","category-smarta","category-vark","tag-blogg","tag-dikt","tag-erik","tag-fackligt","tag-handla","tag-mat","tag-smarta","tag-vark"],"featured_image_src":"https:\/\/i0.wp.com\/datajenny.se\/Blogg\/wp-content\/uploads\/2025\/09\/20250907_184146281295787387865407674821.jpg?fit=1200%2C1600&ssl=1","author_info":{"display_name":"Jenny Louise Nod\u00e9n","author_link":"https:\/\/datajenny.se\/Blogg\/author\/jenny_louise\/"},"yoast_head":"<!-- This site is optimized with the Yoast SEO plugin v27.3 - https:\/\/yoast.com\/product\/yoast-seo-wordpress\/ -->\n<title>En s\u00f6ndag med l\u00e4rdomar och v\u00e4rk - V\u00e4lkommen till JeLo<\/title>\n<meta name=\"robots\" content=\"index, follow, max-snippet:-1, max-image-preview:large, max-video-preview:-1\" \/>\n<link rel=\"canonical\" href=\"https:\/\/datajenny.se\/Blogg\/2025\/09\/07\/en-sondag-med-lardomar-och-vark\/\" \/>\n<meta property=\"og:locale\" content=\"sv_SE\" \/>\n<meta property=\"og:type\" content=\"article\" \/>\n<meta property=\"og:title\" content=\"En s\u00f6ndag med l\u00e4rdomar och v\u00e4rk - V\u00e4lkommen till JeLo\" \/>\n<meta property=\"og:description\" content=\"Idag vaknade Erik upp feberfri, vilket var en l\u00e4ttnad.\" \/>\n<meta property=\"og:url\" content=\"https:\/\/datajenny.se\/Blogg\/2025\/09\/07\/en-sondag-med-lardomar-och-vark\/\" \/>\n<meta property=\"og:site_name\" content=\"V\u00e4lkommen till JeLo\" \/>\n<meta property=\"article:publisher\" content=\"https:\/\/www.facebook.com\/datajenny\/\" \/>\n<meta property=\"article:author\" content=\"https:\/\/www.facebook.com\/datajenny\/\" \/>\n<meta property=\"article:published_time\" content=\"2025-09-07T17:41:53+00:00\" \/>\n<meta property=\"article:modified_time\" content=\"2025-09-07T17:49:47+00:00\" \/>\n<meta property=\"og:image\" content=\"https:\/\/datajenny.se\/Blogg\/wp-content\/uploads\/2025\/09\/20250907_184146281295787387865407674821.jpg\" \/>\n\t<meta property=\"og:image:width\" content=\"1200\" \/>\n\t<meta property=\"og:image:height\" content=\"1600\" \/>\n\t<meta property=\"og:image:type\" content=\"image\/jpeg\" \/>\n<meta name=\"author\" content=\"Jenny Louise Nod\u00e9n\" \/>\n<meta name=\"twitter:card\" content=\"summary_large_image\" \/>\n<meta name=\"twitter:label1\" content=\"Skriven av\" \/>\n\t<meta name=\"twitter:data1\" content=\"Jenny Louise Nod\u00e9n\" \/>\n\t<meta name=\"twitter:label2\" content=\"Ber\u00e4knad l\u00e4stid\" \/>\n\t<meta name=\"twitter:data2\" content=\"3 minuter\" \/>\n<script type=\"application\/ld+json\" class=\"yoast-schema-graph\">{\"@context\":\"https:\\\/\\\/schema.org\",\"@graph\":[{\"@type\":\"Article\",\"@id\":\"https:\\\/\\\/datajenny.se\\\/Blogg\\\/2025\\\/09\\\/07\\\/en-sondag-med-lardomar-och-vark\\\/#article\",\"isPartOf\":{\"@id\":\"https:\\\/\\\/datajenny.se\\\/Blogg\\\/2025\\\/09\\\/07\\\/en-sondag-med-lardomar-och-vark\\\/\"},\"author\":{\"name\":\"Jenny Louise Nod\u00e9n\",\"@id\":\"https:\\\/\\\/datajenny.se\\\/Blogg\\\/#\\\/schema\\\/person\\\/da3cd1b9792c07c50c88641dcf976bee\"},\"headline\":\"En s\u00f6ndag med l\u00e4rdomar och v\u00e4rk\",\"datePublished\":\"2025-09-07T17:41:53+00:00\",\"dateModified\":\"2025-09-07T17:49:47+00:00\",\"mainEntityOfPage\":{\"@id\":\"https:\\\/\\\/datajenny.se\\\/Blogg\\\/2025\\\/09\\\/07\\\/en-sondag-med-lardomar-och-vark\\\/\"},\"wordCount\":376,\"commentCount\":0,\"publisher\":{\"@id\":\"https:\\\/\\\/datajenny.se\\\/Blogg\\\/#\\\/schema\\\/person\\\/da3cd1b9792c07c50c88641dcf976bee\"},\"image\":{\"@id\":\"https:\\\/\\\/datajenny.se\\\/Blogg\\\/2025\\\/09\\\/07\\\/en-sondag-med-lardomar-och-vark\\\/#primaryimage\"},\"thumbnailUrl\":\"https:\\\/\\\/i0.wp.com\\\/datajenny.se\\\/Blogg\\\/wp-content\\\/uploads\\\/2025\\\/09\\\/20250907_184146281295787387865407674821.jpg?fit=1200%2C1600&ssl=1\",\"keywords\":[\"Blogg\",\"Dikt\",\"Erik\",\"Fackligt\",\"Handla\",\"Mat\",\"Sm\u00e4rta\",\"V\u00e4rk\"],\"articleSection\":[\"Blogg\",\"Dikt\",\"Erik\",\"Fackligt\",\"Handla\",\"Mat\",\"Sm\u00e4rta\",\"V\u00e4rk\"],\"inLanguage\":\"sv-SE\",\"potentialAction\":[{\"@type\":\"CommentAction\",\"name\":\"Comment\",\"target\":[\"https:\\\/\\\/datajenny.se\\\/Blogg\\\/2025\\\/09\\\/07\\\/en-sondag-med-lardomar-och-vark\\\/#respond\"]}]},{\"@type\":\"WebPage\",\"@id\":\"https:\\\/\\\/datajenny.se\\\/Blogg\\\/2025\\\/09\\\/07\\\/en-sondag-med-lardomar-och-vark\\\/\",\"url\":\"https:\\\/\\\/datajenny.se\\\/Blogg\\\/2025\\\/09\\\/07\\\/en-sondag-med-lardomar-och-vark\\\/\",\"name\":\"En s\u00f6ndag med l\u00e4rdomar och v\u00e4rk - V\u00e4lkommen till JeLo\",\"isPartOf\":{\"@id\":\"https:\\\/\\\/datajenny.se\\\/Blogg\\\/#website\"},\"primaryImageOfPage\":{\"@id\":\"https:\\\/\\\/datajenny.se\\\/Blogg\\\/2025\\\/09\\\/07\\\/en-sondag-med-lardomar-och-vark\\\/#primaryimage\"},\"image\":{\"@id\":\"https:\\\/\\\/datajenny.se\\\/Blogg\\\/2025\\\/09\\\/07\\\/en-sondag-med-lardomar-och-vark\\\/#primaryimage\"},\"thumbnailUrl\":\"https:\\\/\\\/i0.wp.com\\\/datajenny.se\\\/Blogg\\\/wp-content\\\/uploads\\\/2025\\\/09\\\/20250907_184146281295787387865407674821.jpg?fit=1200%2C1600&ssl=1\",\"datePublished\":\"2025-09-07T17:41:53+00:00\",\"dateModified\":\"2025-09-07T17:49:47+00:00\",\"breadcrumb\":{\"@id\":\"https:\\\/\\\/datajenny.se\\\/Blogg\\\/2025\\\/09\\\/07\\\/en-sondag-med-lardomar-och-vark\\\/#breadcrumb\"},\"inLanguage\":\"sv-SE\",\"potentialAction\":[{\"@type\":\"ReadAction\",\"target\":[\"https:\\\/\\\/datajenny.se\\\/Blogg\\\/2025\\\/09\\\/07\\\/en-sondag-med-lardomar-och-vark\\\/\"]}]},{\"@type\":\"ImageObject\",\"inLanguage\":\"sv-SE\",\"@id\":\"https:\\\/\\\/datajenny.se\\\/Blogg\\\/2025\\\/09\\\/07\\\/en-sondag-med-lardomar-och-vark\\\/#primaryimage\",\"url\":\"https:\\\/\\\/i0.wp.com\\\/datajenny.se\\\/Blogg\\\/wp-content\\\/uploads\\\/2025\\\/09\\\/20250907_184146281295787387865407674821.jpg?fit=1200%2C1600&ssl=1\",\"contentUrl\":\"https:\\\/\\\/i0.wp.com\\\/datajenny.se\\\/Blogg\\\/wp-content\\\/uploads\\\/2025\\\/09\\\/20250907_184146281295787387865407674821.jpg?fit=1200%2C1600&ssl=1\",\"width\":1200,\"height\":1600},{\"@type\":\"BreadcrumbList\",\"@id\":\"https:\\\/\\\/datajenny.se\\\/Blogg\\\/2025\\\/09\\\/07\\\/en-sondag-med-lardomar-och-vark\\\/#breadcrumb\",\"itemListElement\":[{\"@type\":\"ListItem\",\"position\":1,\"name\":\"Hem\",\"item\":\"https:\\\/\\\/datajenny.se\\\/Blogg\\\/\"},{\"@type\":\"ListItem\",\"position\":2,\"name\":\"En s\u00f6ndag med l\u00e4rdomar och v\u00e4rk\"}]},{\"@type\":\"WebSite\",\"@id\":\"https:\\\/\\\/datajenny.se\\\/Blogg\\\/#website\",\"url\":\"https:\\\/\\\/datajenny.se\\\/Blogg\\\/\",\"name\":\"V\u00e4lkommen till Jenny Louises blogg\",\"description\":\"Jenny Louises blogg\",\"publisher\":{\"@id\":\"https:\\\/\\\/datajenny.se\\\/Blogg\\\/#\\\/schema\\\/person\\\/da3cd1b9792c07c50c88641dcf976bee\"},\"potentialAction\":[{\"@type\":\"SearchAction\",\"target\":{\"@type\":\"EntryPoint\",\"urlTemplate\":\"https:\\\/\\\/datajenny.se\\\/Blogg\\\/?s={search_term_string}\"},\"query-input\":{\"@type\":\"PropertyValueSpecification\",\"valueRequired\":true,\"valueName\":\"search_term_string\"}}],\"inLanguage\":\"sv-SE\"},{\"@type\":[\"Person\",\"Organization\"],\"@id\":\"https:\\\/\\\/datajenny.se\\\/Blogg\\\/#\\\/schema\\\/person\\\/da3cd1b9792c07c50c88641dcf976bee\",\"name\":\"Jenny Louise Nod\u00e9n\",\"image\":{\"@type\":\"ImageObject\",\"inLanguage\":\"sv-SE\",\"@id\":\"https:\\\/\\\/datajenny.se\\\/Blogg\\\/wp-content\\\/uploads\\\/2025\\\/07\\\/wp-1751728308657.jpg\",\"url\":\"https:\\\/\\\/datajenny.se\\\/Blogg\\\/wp-content\\\/uploads\\\/2025\\\/07\\\/wp-1751728308657.jpg\",\"contentUrl\":\"https:\\\/\\\/datajenny.se\\\/Blogg\\\/wp-content\\\/uploads\\\/2025\\\/07\\\/wp-1751728308657.jpg\",\"width\":928,\"height\":928,\"caption\":\"Jenny Louise Nod\u00e9n\"},\"logo\":{\"@id\":\"https:\\\/\\\/datajenny.se\\\/Blogg\\\/wp-content\\\/uploads\\\/2025\\\/07\\\/wp-1751728308657.jpg\"},\"description\":\"Jag \u00e4r en tjej som oftast \u00e4r glad och \u00e4lskar livet, men den 18 januari 2005 s\u00e5 f\u00f6rs\u00f6kte jag ta mitt liv, jag orkade inte helt enkelt l\u00e4ngre. Men min f\u00e4stman hittade mig i duschen, han r\u00e4ddade livet p\u00e5 mig. Jag fick \u00e5ka in till akuten och blev magpumpad samt s\u00e5 fick jag \u00e4ta kr\u00e4ksirap. Hamnade sedan p\u00e5 S\u00e4ter och log d\u00e4r i fyra dagar. Idag \u00e4r jag glad f\u00f6r att han hittade mig, livet har s\u00e5 mycket att erbjuda. Jag bryr mig f\u00f6r mycket om andra, jag kommer alltid i andra hand hos mig sj\u00e4lv. Jag \u00e4r gift med en underbar man vid namn Magnus och vi har en son som heter Erik och \u00e4r f\u00f6dd juni 2018.\",\"sameAs\":[\"https:\\\/\\\/datajenny.se\\\/Blogg\",\"https:\\\/\\\/www.facebook.com\\\/datajenny\\\/\",\"https:\\\/\\\/www.instagram.com\\\/datajenny\\\/\",\"https:\\\/\\\/www.linkedin.com\\\/in\\\/jenny-louise-nodn-75324811b?\",\"https:\\\/\\\/youtube.com\\\/channel\\\/UCU00yswsJZcmgqfoON6pMwg\",\"https:\\\/\\\/datajenny.tumblr.com\\\/\"],\"url\":\"https:\\\/\\\/datajenny.se\\\/Blogg\\\/author\\\/jenny_louise\\\/\"}]}<\/script>\n<!-- \/ Yoast SEO plugin. -->","yoast_head_json":{"title":"En s\u00f6ndag med l\u00e4rdomar och v\u00e4rk - V\u00e4lkommen till JeLo","robots":{"index":"index","follow":"follow","max-snippet":"max-snippet:-1","max-image-preview":"max-image-preview:large","max-video-preview":"max-video-preview:-1"},"canonical":"https:\/\/datajenny.se\/Blogg\/2025\/09\/07\/en-sondag-med-lardomar-och-vark\/","og_locale":"sv_SE","og_type":"article","og_title":"En s\u00f6ndag med l\u00e4rdomar och v\u00e4rk - V\u00e4lkommen till JeLo","og_description":"Idag vaknade Erik upp feberfri, vilket var en l\u00e4ttnad.","og_url":"https:\/\/datajenny.se\/Blogg\/2025\/09\/07\/en-sondag-med-lardomar-och-vark\/","og_site_name":"V\u00e4lkommen till JeLo","article_publisher":"https:\/\/www.facebook.com\/datajenny\/","article_author":"https:\/\/www.facebook.com\/datajenny\/","article_published_time":"2025-09-07T17:41:53+00:00","article_modified_time":"2025-09-07T17:49:47+00:00","og_image":[{"width":1200,"height":1600,"url":"https:\/\/datajenny.se\/Blogg\/wp-content\/uploads\/2025\/09\/20250907_184146281295787387865407674821.jpg","type":"image\/jpeg"}],"author":"Jenny Louise Nod\u00e9n","twitter_card":"summary_large_image","twitter_misc":{"Skriven av":"Jenny Louise Nod\u00e9n","Ber\u00e4knad l\u00e4stid":"3 minuter"},"schema":{"@context":"https:\/\/schema.org","@graph":[{"@type":"Article","@id":"https:\/\/datajenny.se\/Blogg\/2025\/09\/07\/en-sondag-med-lardomar-och-vark\/#article","isPartOf":{"@id":"https:\/\/datajenny.se\/Blogg\/2025\/09\/07\/en-sondag-med-lardomar-och-vark\/"},"author":{"name":"Jenny Louise Nod\u00e9n","@id":"https:\/\/datajenny.se\/Blogg\/#\/schema\/person\/da3cd1b9792c07c50c88641dcf976bee"},"headline":"En s\u00f6ndag med l\u00e4rdomar och v\u00e4rk","datePublished":"2025-09-07T17:41:53+00:00","dateModified":"2025-09-07T17:49:47+00:00","mainEntityOfPage":{"@id":"https:\/\/datajenny.se\/Blogg\/2025\/09\/07\/en-sondag-med-lardomar-och-vark\/"},"wordCount":376,"commentCount":0,"publisher":{"@id":"https:\/\/datajenny.se\/Blogg\/#\/schema\/person\/da3cd1b9792c07c50c88641dcf976bee"},"image":{"@id":"https:\/\/datajenny.se\/Blogg\/2025\/09\/07\/en-sondag-med-lardomar-och-vark\/#primaryimage"},"thumbnailUrl":"https:\/\/i0.wp.com\/datajenny.se\/Blogg\/wp-content\/uploads\/2025\/09\/20250907_184146281295787387865407674821.jpg?fit=1200%2C1600&ssl=1","keywords":["Blogg","Dikt","Erik","Fackligt","Handla","Mat","Sm\u00e4rta","V\u00e4rk"],"articleSection":["Blogg","Dikt","Erik","Fackligt","Handla","Mat","Sm\u00e4rta","V\u00e4rk"],"inLanguage":"sv-SE","potentialAction":[{"@type":"CommentAction","name":"Comment","target":["https:\/\/datajenny.se\/Blogg\/2025\/09\/07\/en-sondag-med-lardomar-och-vark\/#respond"]}]},{"@type":"WebPage","@id":"https:\/\/datajenny.se\/Blogg\/2025\/09\/07\/en-sondag-med-lardomar-och-vark\/","url":"https:\/\/datajenny.se\/Blogg\/2025\/09\/07\/en-sondag-med-lardomar-och-vark\/","name":"En s\u00f6ndag med l\u00e4rdomar och v\u00e4rk - V\u00e4lkommen till JeLo","isPartOf":{"@id":"https:\/\/datajenny.se\/Blogg\/#website"},"primaryImageOfPage":{"@id":"https:\/\/datajenny.se\/Blogg\/2025\/09\/07\/en-sondag-med-lardomar-och-vark\/#primaryimage"},"image":{"@id":"https:\/\/datajenny.se\/Blogg\/2025\/09\/07\/en-sondag-med-lardomar-och-vark\/#primaryimage"},"thumbnailUrl":"https:\/\/i0.wp.com\/datajenny.se\/Blogg\/wp-content\/uploads\/2025\/09\/20250907_184146281295787387865407674821.jpg?fit=1200%2C1600&ssl=1","datePublished":"2025-09-07T17:41:53+00:00","dateModified":"2025-09-07T17:49:47+00:00","breadcrumb":{"@id":"https:\/\/datajenny.se\/Blogg\/2025\/09\/07\/en-sondag-med-lardomar-och-vark\/#breadcrumb"},"inLanguage":"sv-SE","potentialAction":[{"@type":"ReadAction","target":["https:\/\/datajenny.se\/Blogg\/2025\/09\/07\/en-sondag-med-lardomar-och-vark\/"]}]},{"@type":"ImageObject","inLanguage":"sv-SE","@id":"https:\/\/datajenny.se\/Blogg\/2025\/09\/07\/en-sondag-med-lardomar-och-vark\/#primaryimage","url":"https:\/\/i0.wp.com\/datajenny.se\/Blogg\/wp-content\/uploads\/2025\/09\/20250907_184146281295787387865407674821.jpg?fit=1200%2C1600&ssl=1","contentUrl":"https:\/\/i0.wp.com\/datajenny.se\/Blogg\/wp-content\/uploads\/2025\/09\/20250907_184146281295787387865407674821.jpg?fit=1200%2C1600&ssl=1","width":1200,"height":1600},{"@type":"BreadcrumbList","@id":"https:\/\/datajenny.se\/Blogg\/2025\/09\/07\/en-sondag-med-lardomar-och-vark\/#breadcrumb","itemListElement":[{"@type":"ListItem","position":1,"name":"Hem","item":"https:\/\/datajenny.se\/Blogg\/"},{"@type":"ListItem","position":2,"name":"En s\u00f6ndag med l\u00e4rdomar och v\u00e4rk"}]},{"@type":"WebSite","@id":"https:\/\/datajenny.se\/Blogg\/#website","url":"https:\/\/datajenny.se\/Blogg\/","name":"V\u00e4lkommen till Jenny Louises blogg","description":"Jenny Louises blogg","publisher":{"@id":"https:\/\/datajenny.se\/Blogg\/#\/schema\/person\/da3cd1b9792c07c50c88641dcf976bee"},"potentialAction":[{"@type":"SearchAction","target":{"@type":"EntryPoint","urlTemplate":"https:\/\/datajenny.se\/Blogg\/?s={search_term_string}"},"query-input":{"@type":"PropertyValueSpecification","valueRequired":true,"valueName":"search_term_string"}}],"inLanguage":"sv-SE"},{"@type":["Person","Organization"],"@id":"https:\/\/datajenny.se\/Blogg\/#\/schema\/person\/da3cd1b9792c07c50c88641dcf976bee","name":"Jenny Louise Nod\u00e9n","image":{"@type":"ImageObject","inLanguage":"sv-SE","@id":"https:\/\/datajenny.se\/Blogg\/wp-content\/uploads\/2025\/07\/wp-1751728308657.jpg","url":"https:\/\/datajenny.se\/Blogg\/wp-content\/uploads\/2025\/07\/wp-1751728308657.jpg","contentUrl":"https:\/\/datajenny.se\/Blogg\/wp-content\/uploads\/2025\/07\/wp-1751728308657.jpg","width":928,"height":928,"caption":"Jenny Louise Nod\u00e9n"},"logo":{"@id":"https:\/\/datajenny.se\/Blogg\/wp-content\/uploads\/2025\/07\/wp-1751728308657.jpg"},"description":"Jag \u00e4r en tjej som oftast \u00e4r glad och \u00e4lskar livet, men den 18 januari 2005 s\u00e5 f\u00f6rs\u00f6kte jag ta mitt liv, jag orkade inte helt enkelt l\u00e4ngre. Men min f\u00e4stman hittade mig i duschen, han r\u00e4ddade livet p\u00e5 mig. Jag fick \u00e5ka in till akuten och blev magpumpad samt s\u00e5 fick jag \u00e4ta kr\u00e4ksirap. Hamnade sedan p\u00e5 S\u00e4ter och log d\u00e4r i fyra dagar. Idag \u00e4r jag glad f\u00f6r att han hittade mig, livet har s\u00e5 mycket att erbjuda. Jag bryr mig f\u00f6r mycket om andra, jag kommer alltid i andra hand hos mig sj\u00e4lv. Jag \u00e4r gift med en underbar man vid namn Magnus och vi har en son som heter Erik och \u00e4r f\u00f6dd juni 2018.","sameAs":["https:\/\/datajenny.se\/Blogg","https:\/\/www.facebook.com\/datajenny\/","https:\/\/www.instagram.com\/datajenny\/","https:\/\/www.linkedin.com\/in\/jenny-louise-nodn-75324811b?","https:\/\/youtube.com\/channel\/UCU00yswsJZcmgqfoON6pMwg","https:\/\/datajenny.tumblr.com\/"],"url":"https:\/\/datajenny.se\/Blogg\/author\/jenny_louise\/"}]}},"jetpack_publicize_connections":[],"jetpack_featured_media_url":"https:\/\/i0.wp.com\/datajenny.se\/Blogg\/wp-content\/uploads\/2025\/09\/20250907_184146281295787387865407674821.jpg?fit=1200%2C1600&ssl=1","jetpack_sharing_enabled":true,"jetpack_likes_enabled":true,"_links":{"self":[{"href":"https:\/\/datajenny.se\/Blogg\/wp-json\/wp\/v2\/posts\/2857","targetHints":{"allow":["GET"]}}],"collection":[{"href":"https:\/\/datajenny.se\/Blogg\/wp-json\/wp\/v2\/posts"}],"about":[{"href":"https:\/\/datajenny.se\/Blogg\/wp-json\/wp\/v2\/types\/post"}],"author":[{"embeddable":true,"href":"https:\/\/datajenny.se\/Blogg\/wp-json\/wp\/v2\/users\/1"}],"replies":[{"embeddable":true,"href":"https:\/\/datajenny.se\/Blogg\/wp-json\/wp\/v2\/comments?post=2857"}],"version-history":[{"count":4,"href":"https:\/\/datajenny.se\/Blogg\/wp-json\/wp\/v2\/posts\/2857\/revisions"}],"predecessor-version":[{"id":3327,"href":"https:\/\/datajenny.se\/Blogg\/wp-json\/wp\/v2\/posts\/2857\/revisions\/3327"}],"wp:featuredmedia":[{"embeddable":true,"href":"https:\/\/datajenny.se\/Blogg\/wp-json\/wp\/v2\/media\/3324"}],"wp:attachment":[{"href":"https:\/\/datajenny.se\/Blogg\/wp-json\/wp\/v2\/media?parent=2857"}],"wp:term":[{"taxonomy":"category","embeddable":true,"href":"https:\/\/datajenny.se\/Blogg\/wp-json\/wp\/v2\/categories?post=2857"},{"taxonomy":"post_tag","embeddable":true,"href":"https:\/\/datajenny.se\/Blogg\/wp-json\/wp\/v2\/tags?post=2857"}],"curies":[{"name":"wp","href":"https:\/\/api.w.org\/{rel}","templated":true}]}}