{"id":3494,"date":"2025-09-20T20:54:36","date_gmt":"2025-09-20T18:54:36","guid":{"rendered":"https:\/\/datajenny.se\/Blogg\/?p=3494"},"modified":"2025-09-20T20:58:56","modified_gmt":"2025-09-20T18:58:56","slug":"nar-kroppen-sager-ifran","status":"publish","type":"post","link":"https:\/\/datajenny.se\/Blogg\/2025\/09\/20\/nar-kroppen-sager-ifran\/","title":{"rendered":"N\u00e4r kroppen s\u00e4ger ifr\u00e5n"},"content":{"rendered":"\n<h2 class=\"wp-block-heading\">Dagens dikt<\/h2>\n\n\n\n<!--more-->\n\n\n\n<p><em>Idag f\u00e5r orden bli min tr\u00f6st, f\u00f6r kroppen orkar inte som den g\u00f6r som h\u00f6gst.<\/em><\/p>\n\n\n\n<p><em>Hostan river, bih\u00e5lorna v\u00e4rker, allt jag vill \u00e4r att f\u00e5 sova och l\u00e5ta tiden verka.<\/em><br><em>S\u00e5 jag kryper ner, l\u00e5ter dagen g\u00e5,<\/em> <em>med hopp om styrka i morgondagens gr\u00e5.<\/em><\/p>\n\n\n\n<p><em>F\u00f6r \u00e4ven i svaghet kan orden b\u00e4ra, en liten rad om att vila \u00e4r det enda r\u00e4tta att g\u00f6ra.<\/em><\/p>\n\n\n\n<p><\/p>\n\n\n\n<img data-recalc-dims=\"1\" loading=\"lazy\" decoding=\"async\" style=\"opacity: 0;\" superb-addons-animation=\"zoomIn\" src=\"https:\/\/i0.wp.com\/datajenny.se\/Blogg\/wp-content\/uploads\/2025\/07\/1000012255.png?resize=180%2C53&#038;ssl=1\" alt=\"Signatur\" width=\"180\" height=\"53\">\n\n\n\n<p><\/p>\n","protected":false},"excerpt":{"rendered":"<p>Dagens dikt<\/p>\n","protected":false},"author":1,"featured_media":3493,"comment_status":"open","ping_status":"open","sticky":false,"template":"","format":"standard","meta":{"ngg_post_thumbnail":0,"jetpack_post_was_ever_published":false,"_jetpack_newsletter_access":"","_jetpack_dont_email_post_to_subs":false,"_jetpack_newsletter_tier_id":0,"_jetpack_memberships_contains_paywalled_content":false,"_jetpack_memberships_contains_paid_content":false,"footnotes":"","jetpack_publicize_message":"","jetpack_publicize_feature_enabled":true,"jetpack_social_post_already_shared":true,"jetpack_social_options":{"image_generator_settings":{"template":"highway","default_image_id":0,"font":"","enabled":false},"version":2}},"categories":[8,131],"tags":[9,132],"class_list":["post-3494","post","type-post","status-publish","format-standard","has-post-thumbnail","hentry","category-blogg","category-dikt","tag-blogg","tag-dikt"],"featured_image_src":"https:\/\/i0.wp.com\/datajenny.se\/Blogg\/wp-content\/uploads\/2025\/09\/file_00000000359c61fa9c17756766598fa5.png?fit=409%2C614&ssl=1","author_info":{"display_name":"Jenny Louise Nod\u00e9n","author_link":"https:\/\/datajenny.se\/Blogg\/author\/jenny_louise\/"},"yoast_head":"<!-- This site is optimized with the Yoast SEO plugin v27.3 - https:\/\/yoast.com\/product\/yoast-seo-wordpress\/ -->\n<title>N\u00e4r kroppen s\u00e4ger ifr\u00e5n - V\u00e4lkommen till JeLo<\/title>\n<meta name=\"robots\" content=\"index, follow, max-snippet:-1, max-image-preview:large, max-video-preview:-1\" \/>\n<link rel=\"canonical\" href=\"https:\/\/datajenny.se\/Blogg\/2025\/09\/20\/nar-kroppen-sager-ifran\/\" \/>\n<meta property=\"og:locale\" content=\"sv_SE\" \/>\n<meta property=\"og:type\" content=\"article\" \/>\n<meta property=\"og:title\" content=\"N\u00e4r kroppen s\u00e4ger ifr\u00e5n - V\u00e4lkommen till JeLo\" \/>\n<meta property=\"og:description\" content=\"Dagens dikt\" \/>\n<meta property=\"og:url\" content=\"https:\/\/datajenny.se\/Blogg\/2025\/09\/20\/nar-kroppen-sager-ifran\/\" \/>\n<meta property=\"og:site_name\" content=\"V\u00e4lkommen till JeLo\" \/>\n<meta property=\"article:publisher\" content=\"https:\/\/www.facebook.com\/datajenny\/\" \/>\n<meta property=\"article:author\" content=\"https:\/\/www.facebook.com\/datajenny\/\" \/>\n<meta property=\"article:published_time\" content=\"2025-09-20T18:54:36+00:00\" \/>\n<meta property=\"article:modified_time\" content=\"2025-09-20T18:58:56+00:00\" \/>\n<meta property=\"og:image\" content=\"https:\/\/i0.wp.com\/datajenny.se\/Blogg\/wp-content\/uploads\/2025\/09\/file_00000000359c61fa9c17756766598fa5.png?fit=409%2C614&ssl=1\" \/>\n\t<meta property=\"og:image:width\" content=\"409\" \/>\n\t<meta property=\"og:image:height\" content=\"614\" \/>\n\t<meta property=\"og:image:type\" content=\"image\/png\" \/>\n<meta name=\"author\" content=\"Jenny Louise Nod\u00e9n\" \/>\n<meta name=\"twitter:card\" content=\"summary_large_image\" \/>\n<meta name=\"twitter:label1\" content=\"Skriven av\" \/>\n\t<meta name=\"twitter:data1\" content=\"Jenny Louise Nod\u00e9n\" \/>\n<script type=\"application\/ld+json\" class=\"yoast-schema-graph\">{\"@context\":\"https:\\\/\\\/schema.org\",\"@graph\":[{\"@type\":\"Article\",\"@id\":\"https:\\\/\\\/datajenny.se\\\/Blogg\\\/2025\\\/09\\\/20\\\/nar-kroppen-sager-ifran\\\/#article\",\"isPartOf\":{\"@id\":\"https:\\\/\\\/datajenny.se\\\/Blogg\\\/2025\\\/09\\\/20\\\/nar-kroppen-sager-ifran\\\/\"},\"author\":{\"name\":\"Jenny Louise Nod\u00e9n\",\"@id\":\"https:\\\/\\\/datajenny.se\\\/Blogg\\\/#\\\/schema\\\/person\\\/da3cd1b9792c07c50c88641dcf976bee\"},\"headline\":\"N\u00e4r kroppen s\u00e4ger ifr\u00e5n\",\"datePublished\":\"2025-09-20T18:54:36+00:00\",\"dateModified\":\"2025-09-20T18:58:56+00:00\",\"mainEntityOfPage\":{\"@id\":\"https:\\\/\\\/datajenny.se\\\/Blogg\\\/2025\\\/09\\\/20\\\/nar-kroppen-sager-ifran\\\/\"},\"wordCount\":85,\"commentCount\":0,\"publisher\":{\"@id\":\"https:\\\/\\\/datajenny.se\\\/Blogg\\\/#\\\/schema\\\/person\\\/da3cd1b9792c07c50c88641dcf976bee\"},\"image\":{\"@id\":\"https:\\\/\\\/datajenny.se\\\/Blogg\\\/2025\\\/09\\\/20\\\/nar-kroppen-sager-ifran\\\/#primaryimage\"},\"thumbnailUrl\":\"https:\\\/\\\/i0.wp.com\\\/datajenny.se\\\/Blogg\\\/wp-content\\\/uploads\\\/2025\\\/09\\\/file_00000000359c61fa9c17756766598fa5.png?fit=409%2C614&ssl=1\",\"keywords\":[\"Blogg\",\"Dikt\"],\"articleSection\":[\"Blogg\",\"Dikt\"],\"inLanguage\":\"sv-SE\",\"potentialAction\":[{\"@type\":\"CommentAction\",\"name\":\"Comment\",\"target\":[\"https:\\\/\\\/datajenny.se\\\/Blogg\\\/2025\\\/09\\\/20\\\/nar-kroppen-sager-ifran\\\/#respond\"]}]},{\"@type\":\"WebPage\",\"@id\":\"https:\\\/\\\/datajenny.se\\\/Blogg\\\/2025\\\/09\\\/20\\\/nar-kroppen-sager-ifran\\\/\",\"url\":\"https:\\\/\\\/datajenny.se\\\/Blogg\\\/2025\\\/09\\\/20\\\/nar-kroppen-sager-ifran\\\/\",\"name\":\"N\u00e4r kroppen s\u00e4ger ifr\u00e5n - V\u00e4lkommen till JeLo\",\"isPartOf\":{\"@id\":\"https:\\\/\\\/datajenny.se\\\/Blogg\\\/#website\"},\"primaryImageOfPage\":{\"@id\":\"https:\\\/\\\/datajenny.se\\\/Blogg\\\/2025\\\/09\\\/20\\\/nar-kroppen-sager-ifran\\\/#primaryimage\"},\"image\":{\"@id\":\"https:\\\/\\\/datajenny.se\\\/Blogg\\\/2025\\\/09\\\/20\\\/nar-kroppen-sager-ifran\\\/#primaryimage\"},\"thumbnailUrl\":\"https:\\\/\\\/i0.wp.com\\\/datajenny.se\\\/Blogg\\\/wp-content\\\/uploads\\\/2025\\\/09\\\/file_00000000359c61fa9c17756766598fa5.png?fit=409%2C614&ssl=1\",\"datePublished\":\"2025-09-20T18:54:36+00:00\",\"dateModified\":\"2025-09-20T18:58:56+00:00\",\"breadcrumb\":{\"@id\":\"https:\\\/\\\/datajenny.se\\\/Blogg\\\/2025\\\/09\\\/20\\\/nar-kroppen-sager-ifran\\\/#breadcrumb\"},\"inLanguage\":\"sv-SE\",\"potentialAction\":[{\"@type\":\"ReadAction\",\"target\":[\"https:\\\/\\\/datajenny.se\\\/Blogg\\\/2025\\\/09\\\/20\\\/nar-kroppen-sager-ifran\\\/\"]}]},{\"@type\":\"ImageObject\",\"inLanguage\":\"sv-SE\",\"@id\":\"https:\\\/\\\/datajenny.se\\\/Blogg\\\/2025\\\/09\\\/20\\\/nar-kroppen-sager-ifran\\\/#primaryimage\",\"url\":\"https:\\\/\\\/i0.wp.com\\\/datajenny.se\\\/Blogg\\\/wp-content\\\/uploads\\\/2025\\\/09\\\/file_00000000359c61fa9c17756766598fa5.png?fit=409%2C614&ssl=1\",\"contentUrl\":\"https:\\\/\\\/i0.wp.com\\\/datajenny.se\\\/Blogg\\\/wp-content\\\/uploads\\\/2025\\\/09\\\/file_00000000359c61fa9c17756766598fa5.png?fit=409%2C614&ssl=1\",\"width\":409,\"height\":614},{\"@type\":\"BreadcrumbList\",\"@id\":\"https:\\\/\\\/datajenny.se\\\/Blogg\\\/2025\\\/09\\\/20\\\/nar-kroppen-sager-ifran\\\/#breadcrumb\",\"itemListElement\":[{\"@type\":\"ListItem\",\"position\":1,\"name\":\"Hem\",\"item\":\"https:\\\/\\\/datajenny.se\\\/Blogg\\\/\"},{\"@type\":\"ListItem\",\"position\":2,\"name\":\"N\u00e4r kroppen s\u00e4ger ifr\u00e5n\"}]},{\"@type\":\"WebSite\",\"@id\":\"https:\\\/\\\/datajenny.se\\\/Blogg\\\/#website\",\"url\":\"https:\\\/\\\/datajenny.se\\\/Blogg\\\/\",\"name\":\"V\u00e4lkommen till Jenny Louises blogg\",\"description\":\"Jenny Louises blogg\",\"publisher\":{\"@id\":\"https:\\\/\\\/datajenny.se\\\/Blogg\\\/#\\\/schema\\\/person\\\/da3cd1b9792c07c50c88641dcf976bee\"},\"potentialAction\":[{\"@type\":\"SearchAction\",\"target\":{\"@type\":\"EntryPoint\",\"urlTemplate\":\"https:\\\/\\\/datajenny.se\\\/Blogg\\\/?s={search_term_string}\"},\"query-input\":{\"@type\":\"PropertyValueSpecification\",\"valueRequired\":true,\"valueName\":\"search_term_string\"}}],\"inLanguage\":\"sv-SE\"},{\"@type\":[\"Person\",\"Organization\"],\"@id\":\"https:\\\/\\\/datajenny.se\\\/Blogg\\\/#\\\/schema\\\/person\\\/da3cd1b9792c07c50c88641dcf976bee\",\"name\":\"Jenny Louise Nod\u00e9n\",\"image\":{\"@type\":\"ImageObject\",\"inLanguage\":\"sv-SE\",\"@id\":\"https:\\\/\\\/datajenny.se\\\/Blogg\\\/wp-content\\\/uploads\\\/2025\\\/07\\\/wp-1751728308657.jpg\",\"url\":\"https:\\\/\\\/datajenny.se\\\/Blogg\\\/wp-content\\\/uploads\\\/2025\\\/07\\\/wp-1751728308657.jpg\",\"contentUrl\":\"https:\\\/\\\/datajenny.se\\\/Blogg\\\/wp-content\\\/uploads\\\/2025\\\/07\\\/wp-1751728308657.jpg\",\"width\":928,\"height\":928,\"caption\":\"Jenny Louise Nod\u00e9n\"},\"logo\":{\"@id\":\"https:\\\/\\\/datajenny.se\\\/Blogg\\\/wp-content\\\/uploads\\\/2025\\\/07\\\/wp-1751728308657.jpg\"},\"description\":\"Jag \u00e4r en tjej som oftast \u00e4r glad och \u00e4lskar livet, men den 18 januari 2005 s\u00e5 f\u00f6rs\u00f6kte jag ta mitt liv, jag orkade inte helt enkelt l\u00e4ngre. Men min f\u00e4stman hittade mig i duschen, han r\u00e4ddade livet p\u00e5 mig. Jag fick \u00e5ka in till akuten och blev magpumpad samt s\u00e5 fick jag \u00e4ta kr\u00e4ksirap. Hamnade sedan p\u00e5 S\u00e4ter och log d\u00e4r i fyra dagar. Idag \u00e4r jag glad f\u00f6r att han hittade mig, livet har s\u00e5 mycket att erbjuda. Jag bryr mig f\u00f6r mycket om andra, jag kommer alltid i andra hand hos mig sj\u00e4lv. Jag \u00e4r gift med en underbar man vid namn Magnus och vi har en son som heter Erik och \u00e4r f\u00f6dd juni 2018.\",\"sameAs\":[\"https:\\\/\\\/datajenny.se\\\/Blogg\",\"https:\\\/\\\/www.facebook.com\\\/datajenny\\\/\",\"https:\\\/\\\/www.instagram.com\\\/datajenny\\\/\",\"https:\\\/\\\/www.linkedin.com\\\/in\\\/jenny-louise-nodn-75324811b?\",\"https:\\\/\\\/youtube.com\\\/channel\\\/UCU00yswsJZcmgqfoON6pMwg\",\"https:\\\/\\\/datajenny.tumblr.com\\\/\"],\"url\":\"https:\\\/\\\/datajenny.se\\\/Blogg\\\/author\\\/jenny_louise\\\/\"}]}<\/script>\n<!-- \/ Yoast SEO plugin. -->","yoast_head_json":{"title":"N\u00e4r kroppen s\u00e4ger ifr\u00e5n - V\u00e4lkommen till JeLo","robots":{"index":"index","follow":"follow","max-snippet":"max-snippet:-1","max-image-preview":"max-image-preview:large","max-video-preview":"max-video-preview:-1"},"canonical":"https:\/\/datajenny.se\/Blogg\/2025\/09\/20\/nar-kroppen-sager-ifran\/","og_locale":"sv_SE","og_type":"article","og_title":"N\u00e4r kroppen s\u00e4ger ifr\u00e5n - V\u00e4lkommen till JeLo","og_description":"Dagens dikt","og_url":"https:\/\/datajenny.se\/Blogg\/2025\/09\/20\/nar-kroppen-sager-ifran\/","og_site_name":"V\u00e4lkommen till JeLo","article_publisher":"https:\/\/www.facebook.com\/datajenny\/","article_author":"https:\/\/www.facebook.com\/datajenny\/","article_published_time":"2025-09-20T18:54:36+00:00","article_modified_time":"2025-09-20T18:58:56+00:00","og_image":[{"width":409,"height":614,"url":"https:\/\/i0.wp.com\/datajenny.se\/Blogg\/wp-content\/uploads\/2025\/09\/file_00000000359c61fa9c17756766598fa5.png?fit=409%2C614&ssl=1","type":"image\/png"}],"author":"Jenny Louise Nod\u00e9n","twitter_card":"summary_large_image","twitter_misc":{"Skriven av":"Jenny Louise Nod\u00e9n"},"schema":{"@context":"https:\/\/schema.org","@graph":[{"@type":"Article","@id":"https:\/\/datajenny.se\/Blogg\/2025\/09\/20\/nar-kroppen-sager-ifran\/#article","isPartOf":{"@id":"https:\/\/datajenny.se\/Blogg\/2025\/09\/20\/nar-kroppen-sager-ifran\/"},"author":{"name":"Jenny Louise Nod\u00e9n","@id":"https:\/\/datajenny.se\/Blogg\/#\/schema\/person\/da3cd1b9792c07c50c88641dcf976bee"},"headline":"N\u00e4r kroppen s\u00e4ger ifr\u00e5n","datePublished":"2025-09-20T18:54:36+00:00","dateModified":"2025-09-20T18:58:56+00:00","mainEntityOfPage":{"@id":"https:\/\/datajenny.se\/Blogg\/2025\/09\/20\/nar-kroppen-sager-ifran\/"},"wordCount":85,"commentCount":0,"publisher":{"@id":"https:\/\/datajenny.se\/Blogg\/#\/schema\/person\/da3cd1b9792c07c50c88641dcf976bee"},"image":{"@id":"https:\/\/datajenny.se\/Blogg\/2025\/09\/20\/nar-kroppen-sager-ifran\/#primaryimage"},"thumbnailUrl":"https:\/\/i0.wp.com\/datajenny.se\/Blogg\/wp-content\/uploads\/2025\/09\/file_00000000359c61fa9c17756766598fa5.png?fit=409%2C614&ssl=1","keywords":["Blogg","Dikt"],"articleSection":["Blogg","Dikt"],"inLanguage":"sv-SE","potentialAction":[{"@type":"CommentAction","name":"Comment","target":["https:\/\/datajenny.se\/Blogg\/2025\/09\/20\/nar-kroppen-sager-ifran\/#respond"]}]},{"@type":"WebPage","@id":"https:\/\/datajenny.se\/Blogg\/2025\/09\/20\/nar-kroppen-sager-ifran\/","url":"https:\/\/datajenny.se\/Blogg\/2025\/09\/20\/nar-kroppen-sager-ifran\/","name":"N\u00e4r kroppen s\u00e4ger ifr\u00e5n - V\u00e4lkommen till JeLo","isPartOf":{"@id":"https:\/\/datajenny.se\/Blogg\/#website"},"primaryImageOfPage":{"@id":"https:\/\/datajenny.se\/Blogg\/2025\/09\/20\/nar-kroppen-sager-ifran\/#primaryimage"},"image":{"@id":"https:\/\/datajenny.se\/Blogg\/2025\/09\/20\/nar-kroppen-sager-ifran\/#primaryimage"},"thumbnailUrl":"https:\/\/i0.wp.com\/datajenny.se\/Blogg\/wp-content\/uploads\/2025\/09\/file_00000000359c61fa9c17756766598fa5.png?fit=409%2C614&ssl=1","datePublished":"2025-09-20T18:54:36+00:00","dateModified":"2025-09-20T18:58:56+00:00","breadcrumb":{"@id":"https:\/\/datajenny.se\/Blogg\/2025\/09\/20\/nar-kroppen-sager-ifran\/#breadcrumb"},"inLanguage":"sv-SE","potentialAction":[{"@type":"ReadAction","target":["https:\/\/datajenny.se\/Blogg\/2025\/09\/20\/nar-kroppen-sager-ifran\/"]}]},{"@type":"ImageObject","inLanguage":"sv-SE","@id":"https:\/\/datajenny.se\/Blogg\/2025\/09\/20\/nar-kroppen-sager-ifran\/#primaryimage","url":"https:\/\/i0.wp.com\/datajenny.se\/Blogg\/wp-content\/uploads\/2025\/09\/file_00000000359c61fa9c17756766598fa5.png?fit=409%2C614&ssl=1","contentUrl":"https:\/\/i0.wp.com\/datajenny.se\/Blogg\/wp-content\/uploads\/2025\/09\/file_00000000359c61fa9c17756766598fa5.png?fit=409%2C614&ssl=1","width":409,"height":614},{"@type":"BreadcrumbList","@id":"https:\/\/datajenny.se\/Blogg\/2025\/09\/20\/nar-kroppen-sager-ifran\/#breadcrumb","itemListElement":[{"@type":"ListItem","position":1,"name":"Hem","item":"https:\/\/datajenny.se\/Blogg\/"},{"@type":"ListItem","position":2,"name":"N\u00e4r kroppen s\u00e4ger ifr\u00e5n"}]},{"@type":"WebSite","@id":"https:\/\/datajenny.se\/Blogg\/#website","url":"https:\/\/datajenny.se\/Blogg\/","name":"V\u00e4lkommen till Jenny Louises blogg","description":"Jenny Louises blogg","publisher":{"@id":"https:\/\/datajenny.se\/Blogg\/#\/schema\/person\/da3cd1b9792c07c50c88641dcf976bee"},"potentialAction":[{"@type":"SearchAction","target":{"@type":"EntryPoint","urlTemplate":"https:\/\/datajenny.se\/Blogg\/?s={search_term_string}"},"query-input":{"@type":"PropertyValueSpecification","valueRequired":true,"valueName":"search_term_string"}}],"inLanguage":"sv-SE"},{"@type":["Person","Organization"],"@id":"https:\/\/datajenny.se\/Blogg\/#\/schema\/person\/da3cd1b9792c07c50c88641dcf976bee","name":"Jenny Louise Nod\u00e9n","image":{"@type":"ImageObject","inLanguage":"sv-SE","@id":"https:\/\/datajenny.se\/Blogg\/wp-content\/uploads\/2025\/07\/wp-1751728308657.jpg","url":"https:\/\/datajenny.se\/Blogg\/wp-content\/uploads\/2025\/07\/wp-1751728308657.jpg","contentUrl":"https:\/\/datajenny.se\/Blogg\/wp-content\/uploads\/2025\/07\/wp-1751728308657.jpg","width":928,"height":928,"caption":"Jenny Louise Nod\u00e9n"},"logo":{"@id":"https:\/\/datajenny.se\/Blogg\/wp-content\/uploads\/2025\/07\/wp-1751728308657.jpg"},"description":"Jag \u00e4r en tjej som oftast \u00e4r glad och \u00e4lskar livet, men den 18 januari 2005 s\u00e5 f\u00f6rs\u00f6kte jag ta mitt liv, jag orkade inte helt enkelt l\u00e4ngre. Men min f\u00e4stman hittade mig i duschen, han r\u00e4ddade livet p\u00e5 mig. Jag fick \u00e5ka in till akuten och blev magpumpad samt s\u00e5 fick jag \u00e4ta kr\u00e4ksirap. Hamnade sedan p\u00e5 S\u00e4ter och log d\u00e4r i fyra dagar. Idag \u00e4r jag glad f\u00f6r att han hittade mig, livet har s\u00e5 mycket att erbjuda. Jag bryr mig f\u00f6r mycket om andra, jag kommer alltid i andra hand hos mig sj\u00e4lv. Jag \u00e4r gift med en underbar man vid namn Magnus och vi har en son som heter Erik och \u00e4r f\u00f6dd juni 2018.","sameAs":["https:\/\/datajenny.se\/Blogg","https:\/\/www.facebook.com\/datajenny\/","https:\/\/www.instagram.com\/datajenny\/","https:\/\/www.linkedin.com\/in\/jenny-louise-nodn-75324811b?","https:\/\/youtube.com\/channel\/UCU00yswsJZcmgqfoON6pMwg","https:\/\/datajenny.tumblr.com\/"],"url":"https:\/\/datajenny.se\/Blogg\/author\/jenny_louise\/"}]}},"jetpack_publicize_connections":[],"jetpack_featured_media_url":"https:\/\/i0.wp.com\/datajenny.se\/Blogg\/wp-content\/uploads\/2025\/09\/file_00000000359c61fa9c17756766598fa5.png?fit=409%2C614&ssl=1","jetpack_sharing_enabled":true,"jetpack_likes_enabled":true,"_links":{"self":[{"href":"https:\/\/datajenny.se\/Blogg\/wp-json\/wp\/v2\/posts\/3494","targetHints":{"allow":["GET"]}}],"collection":[{"href":"https:\/\/datajenny.se\/Blogg\/wp-json\/wp\/v2\/posts"}],"about":[{"href":"https:\/\/datajenny.se\/Blogg\/wp-json\/wp\/v2\/types\/post"}],"author":[{"embeddable":true,"href":"https:\/\/datajenny.se\/Blogg\/wp-json\/wp\/v2\/users\/1"}],"replies":[{"embeddable":true,"href":"https:\/\/datajenny.se\/Blogg\/wp-json\/wp\/v2\/comments?post=3494"}],"version-history":[{"count":1,"href":"https:\/\/datajenny.se\/Blogg\/wp-json\/wp\/v2\/posts\/3494\/revisions"}],"predecessor-version":[{"id":3495,"href":"https:\/\/datajenny.se\/Blogg\/wp-json\/wp\/v2\/posts\/3494\/revisions\/3495"}],"wp:featuredmedia":[{"embeddable":true,"href":"https:\/\/datajenny.se\/Blogg\/wp-json\/wp\/v2\/media\/3493"}],"wp:attachment":[{"href":"https:\/\/datajenny.se\/Blogg\/wp-json\/wp\/v2\/media?parent=3494"}],"wp:term":[{"taxonomy":"category","embeddable":true,"href":"https:\/\/datajenny.se\/Blogg\/wp-json\/wp\/v2\/categories?post=3494"},{"taxonomy":"post_tag","embeddable":true,"href":"https:\/\/datajenny.se\/Blogg\/wp-json\/wp\/v2\/tags?post=3494"}],"curies":[{"name":"wp","href":"https:\/\/api.w.org\/{rel}","templated":true}]}}