{"id":3500,"date":"2025-09-21T18:14:36","date_gmt":"2025-09-21T16:14:36","guid":{"rendered":"https:\/\/datajenny.se\/Blogg\/2025\/09\/21\/en-regnig-dag-inne\/"},"modified":"2025-09-21T19:02:28","modified_gmt":"2025-09-21T17:02:28","slug":"en-regnig-dag-inne","status":"publish","type":"post","link":"https:\/\/datajenny.se\/Blogg\/2025\/09\/21\/en-regnig-dag-inne\/","title":{"rendered":"En regnig dag inne"},"content":{"rendered":"\n<p>Idag har vi h\u00e5llit oss inne, d\u00e5 v\u00e4dret inte varit det b\u00e4sta. Regnet har \u00f6st ner st\u00f6rre delen av dagen och sj\u00e4lv \u00e4r jag fortfarande inte helt \u00e5terh\u00e4mtad fr\u00e5n hostan<\/p>\n\n\n\n<p><\/p>\n\n\n\n<!--more-->\n\n\n\n<p>Magnus var iv\u00e4g och handlade, s\u00e5 jag passade p\u00e5 att g\u00f6ra ugnspannkaka. Dock var det inte riktigt Eriks favorit, han ville hellre ha nudlar \u2013 s\u00e5 det fick bli tv\u00e5 paket som han \u00e5t upp med god aptit. Tidigare p\u00e5 dagen hade han hunnit b\u00e5de \u00e4ta pannkakor och v\u00e4lling.<\/p>\n\n\n\n<p>En av dagens h\u00f6jdpunkter var att Erik och jag gjorde en egen bok. Han ber\u00e4ttade vad som skulle st\u00e5 och jag skrev ner. Resultatet blev:<\/p>\n\n\n\n<blockquote class=\"wp-block-quote is-layout-flow wp-block-quote-is-layout-flow\">\n<p><strong>Det var en g\u00e5ng en liten pojke som heter Erik. Det var en vacker dag i Solviksskogen. Erik gick in i ett hus, han f\u00f6rst\u00e5r inte huset. Farfars drickhem hette huset. Erik gick in i huset och farfar kommer in och s\u00e4ger vill du ha dricka? Erik drack s\u00e5 fort som en motorcykel. S\u00e5 var sagan slut. THE END.<\/strong><\/p>\n<\/blockquote>\n\n\n\n<p><\/p>\n\n\n<div class=\"wp-block-image\">\n<figure class=\"aligncenter size-full is-resized\"><img data-recalc-dims=\"1\" loading=\"lazy\" decoding=\"async\" width=\"614\" height=\"668\" src=\"https:\/\/i0.wp.com\/datajenny.se\/Blogg\/wp-content\/uploads\/2025\/09\/file_0000000088c861fb8e1116bbe7c76e7c519462417649877809.png?resize=614%2C668&#038;ssl=1\" alt=\"\" class=\"wp-image-3498\" style=\"width:450px\" srcset=\"https:\/\/i0.wp.com\/datajenny.se\/Blogg\/wp-content\/uploads\/2025\/09\/file_0000000088c861fb8e1116bbe7c76e7c519462417649877809.png?w=614&amp;ssl=1 614w, https:\/\/i0.wp.com\/datajenny.se\/Blogg\/wp-content\/uploads\/2025\/09\/file_0000000088c861fb8e1116bbe7c76e7c519462417649877809.png?resize=368%2C400&amp;ssl=1 368w\" sizes=\"auto, (max-width: 614px) 100vw, 614px\" \/><\/figure>\n<\/div>\n\n\n<p><\/p>\n\n\n\n<p>Han \u00e4r p\u00e5hittig v\u00e5r grabb \u2013 fantasin tar verkligen inga pauser.<br>Nu har vi precis duschat och snart \u00e4r det dags att krypa ner i s\u00e4ngen. En ny vecka v\u00e4ntar med b\u00e5de jobb och skola.<\/p>\n\n\n\n<p>Och som en liten \u00f6verraskning p\u00e5 kv\u00e4llen sprack molnen upp \u2013 och en vacker regnb\u00e5ge \ud83c\udf08 visade sig.<\/p>\n\n\n\n<p><\/p>\n\n\n<div class=\"wp-block-image\">\n<figure class=\"aligncenter size-full is-resized\"><img data-recalc-dims=\"1\" loading=\"lazy\" decoding=\"async\" width=\"640\" height=\"853\" src=\"https:\/\/i0.wp.com\/datajenny.se\/Blogg\/wp-content\/uploads\/2025\/09\/20250921_1752315394168797536546077.jpg?resize=640%2C853&#038;ssl=1\" alt=\"\" class=\"wp-image-3499\" style=\"width:450px\" srcset=\"https:\/\/i0.wp.com\/datajenny.se\/Blogg\/wp-content\/uploads\/2025\/09\/20250921_1752315394168797536546077.jpg?w=1200&amp;ssl=1 1200w, https:\/\/i0.wp.com\/datajenny.se\/Blogg\/wp-content\/uploads\/2025\/09\/20250921_1752315394168797536546077.jpg?resize=300%2C400&amp;ssl=1 300w, https:\/\/i0.wp.com\/datajenny.se\/Blogg\/wp-content\/uploads\/2025\/09\/20250921_1752315394168797536546077.jpg?resize=540%2C720&amp;ssl=1 540w, https:\/\/i0.wp.com\/datajenny.se\/Blogg\/wp-content\/uploads\/2025\/09\/20250921_1752315394168797536546077.jpg?resize=768%2C1024&amp;ssl=1 768w, https:\/\/i0.wp.com\/datajenny.se\/Blogg\/wp-content\/uploads\/2025\/09\/20250921_1752315394168797536546077.jpg?resize=1152%2C1536&amp;ssl=1 1152w, https:\/\/i0.wp.com\/datajenny.se\/Blogg\/wp-content\/uploads\/2025\/09\/20250921_1752315394168797536546077.jpg?resize=1024%2C1365&amp;ssl=1 1024w\" sizes=\"auto, (max-width: 640px) 100vw, 640px\" \/><\/figure>\n<\/div>\n\n\n<p><\/p>\n\n\n<div class=\"wp-block-ub-divider ub_divider ub-divider-orientation-horizontal\" id=\"ub_divider_a58c0031-24fa-403b-8207-f246cf39e5c4\"><div class=\"ub_divider_wrapper\" style=\"position: relative; margin-bottom: 2px; width: 100%; height: 2px; \" data-divider-alignment=\"center\"><div class=\"ub_divider_line\" style=\"border-top: 10px dotted #00d084; margin-top: 2px; \"><\/div><\/div><\/div>\n\n\n<p><\/p>\n\n\n\n<h2 class=\"wp-block-heading\">Dagens dikt<\/h2>\n\n\n\n<p><\/p>\n\n\n\n<p><em>Regnet faller, dropp f\u00f6r dropp, tiden g\u00e5r men dagen st\u00e5r opp.<\/em><br><em>Inne finns v\u00e4rme, sagor och skratt, en liten stund som g\u00f6r hj\u00e4rtat glatt.<\/em><\/p>\n\n\n\n<p><\/p>\n\n\n\n<img data-recalc-dims=\"1\" loading=\"lazy\" decoding=\"async\" style=\"opacity: 0;\" superb-addons-animation=\"zoomIn\" src=\"https:\/\/i0.wp.com\/datajenny.se\/Blogg\/wp-content\/uploads\/2025\/07\/1000012255.png?resize=180%2C53&#038;ssl=1\" alt=\"Signatur\" width=\"180\" height=\"53\">\n\n\n\n<p><\/p>\n","protected":false},"excerpt":{"rendered":"<p>Idag har vi h\u00e5llit oss inne, d\u00e5 v\u00e4dret inte varit det b\u00e4sta. Regnet har \u00f6st ner st\u00f6rre delen av dagen och sj\u00e4lv \u00e4r jag fortfarande inte helt \u00e5terh\u00e4mtad fr\u00e5n hostan<\/p>\n","protected":false},"author":1,"featured_media":3499,"comment_status":"open","ping_status":"open","sticky":false,"template":"","format":"standard","meta":{"ngg_post_thumbnail":0,"jetpack_post_was_ever_published":false,"_jetpack_newsletter_access":"","_jetpack_dont_email_post_to_subs":false,"_jetpack_newsletter_tier_id":0,"_jetpack_memberships_contains_paywalled_content":false,"_jetpack_memberships_contains_paid_content":false,"footnotes":"","jetpack_publicize_message":"","jetpack_publicize_feature_enabled":true,"jetpack_social_post_already_shared":true,"jetpack_social_options":{"image_generator_settings":{"template":"highway","default_image_id":0,"font":"","enabled":false},"version":2}},"categories":[143,8,131,38,59,121],"tags":[144,9,132,11,60,122],"class_list":["post-3500","post","type-post","status-publish","format-standard","has-post-thumbnail","hentry","category-berattelser","category-blogg","category-dikt","category-erik","category-handla","category-mat","tag-berattelser","tag-blogg","tag-dikt","tag-erik","tag-handla","tag-mat"],"featured_image_src":"https:\/\/i0.wp.com\/datajenny.se\/Blogg\/wp-content\/uploads\/2025\/09\/20250921_1752315394168797536546077.jpg?fit=1200%2C1600&ssl=1","author_info":{"display_name":"Jenny Louise Nod\u00e9n","author_link":"https:\/\/datajenny.se\/Blogg\/author\/jenny_louise\/"},"yoast_head":"<!-- This site is optimized with the Yoast SEO plugin v27.3 - https:\/\/yoast.com\/product\/yoast-seo-wordpress\/ -->\n<title>En regnig dag inne - V\u00e4lkommen till JeLo<\/title>\n<meta name=\"robots\" content=\"index, follow, max-snippet:-1, max-image-preview:large, max-video-preview:-1\" \/>\n<link rel=\"canonical\" href=\"https:\/\/datajenny.se\/Blogg\/2025\/09\/21\/en-regnig-dag-inne\/\" \/>\n<meta property=\"og:locale\" content=\"sv_SE\" \/>\n<meta property=\"og:type\" content=\"article\" \/>\n<meta property=\"og:title\" content=\"En regnig dag inne - V\u00e4lkommen till JeLo\" \/>\n<meta property=\"og:description\" content=\"Idag har vi h\u00e5llit oss inne, d\u00e5 v\u00e4dret inte varit det b\u00e4sta. Regnet har \u00f6st ner st\u00f6rre delen av dagen och sj\u00e4lv \u00e4r jag fortfarande inte helt \u00e5terh\u00e4mtad fr\u00e5n hostan\" \/>\n<meta property=\"og:url\" content=\"https:\/\/datajenny.se\/Blogg\/2025\/09\/21\/en-regnig-dag-inne\/\" \/>\n<meta property=\"og:site_name\" content=\"V\u00e4lkommen till JeLo\" \/>\n<meta property=\"article:publisher\" content=\"https:\/\/www.facebook.com\/datajenny\/\" \/>\n<meta property=\"article:author\" content=\"https:\/\/www.facebook.com\/datajenny\/\" \/>\n<meta property=\"article:published_time\" content=\"2025-09-21T16:14:36+00:00\" \/>\n<meta property=\"article:modified_time\" content=\"2025-09-21T17:02:28+00:00\" \/>\n<meta property=\"og:image\" content=\"https:\/\/datajenny.se\/Blogg\/wp-content\/uploads\/2025\/09\/20250921_1752315394168797536546077.jpg\" \/>\n\t<meta property=\"og:image:width\" content=\"1200\" \/>\n\t<meta property=\"og:image:height\" content=\"1600\" \/>\n\t<meta property=\"og:image:type\" content=\"image\/jpeg\" \/>\n<meta name=\"author\" content=\"Jenny Louise Nod\u00e9n\" \/>\n<meta name=\"twitter:card\" content=\"summary_large_image\" \/>\n<meta name=\"twitter:label1\" content=\"Skriven av\" \/>\n\t<meta name=\"twitter:data1\" content=\"Jenny Louise Nod\u00e9n\" \/>\n\t<meta name=\"twitter:label2\" content=\"Ber\u00e4knad l\u00e4stid\" \/>\n\t<meta name=\"twitter:data2\" content=\"2 minuter\" \/>\n<script type=\"application\/ld+json\" class=\"yoast-schema-graph\">{\"@context\":\"https:\\\/\\\/schema.org\",\"@graph\":[{\"@type\":\"Article\",\"@id\":\"https:\\\/\\\/datajenny.se\\\/Blogg\\\/2025\\\/09\\\/21\\\/en-regnig-dag-inne\\\/#article\",\"isPartOf\":{\"@id\":\"https:\\\/\\\/datajenny.se\\\/Blogg\\\/2025\\\/09\\\/21\\\/en-regnig-dag-inne\\\/\"},\"author\":{\"name\":\"Jenny Louise Nod\u00e9n\",\"@id\":\"https:\\\/\\\/datajenny.se\\\/Blogg\\\/#\\\/schema\\\/person\\\/da3cd1b9792c07c50c88641dcf976bee\"},\"headline\":\"En regnig dag inne\",\"datePublished\":\"2025-09-21T16:14:36+00:00\",\"dateModified\":\"2025-09-21T17:02:28+00:00\",\"mainEntityOfPage\":{\"@id\":\"https:\\\/\\\/datajenny.se\\\/Blogg\\\/2025\\\/09\\\/21\\\/en-regnig-dag-inne\\\/\"},\"wordCount\":272,\"commentCount\":0,\"publisher\":{\"@id\":\"https:\\\/\\\/datajenny.se\\\/Blogg\\\/#\\\/schema\\\/person\\\/da3cd1b9792c07c50c88641dcf976bee\"},\"image\":{\"@id\":\"https:\\\/\\\/datajenny.se\\\/Blogg\\\/2025\\\/09\\\/21\\\/en-regnig-dag-inne\\\/#primaryimage\"},\"thumbnailUrl\":\"https:\\\/\\\/i0.wp.com\\\/datajenny.se\\\/Blogg\\\/wp-content\\\/uploads\\\/2025\\\/09\\\/20250921_1752315394168797536546077.jpg?fit=1200%2C1600&ssl=1\",\"keywords\":[\"Ber\u00e4ttelser\",\"Blogg\",\"Dikt\",\"Erik\",\"Handla\",\"Mat\"],\"articleSection\":[\"Ber\u00e4ttelser\",\"Blogg\",\"Dikt\",\"Erik\",\"Handla\",\"Mat\"],\"inLanguage\":\"sv-SE\",\"potentialAction\":[{\"@type\":\"CommentAction\",\"name\":\"Comment\",\"target\":[\"https:\\\/\\\/datajenny.se\\\/Blogg\\\/2025\\\/09\\\/21\\\/en-regnig-dag-inne\\\/#respond\"]}]},{\"@type\":\"WebPage\",\"@id\":\"https:\\\/\\\/datajenny.se\\\/Blogg\\\/2025\\\/09\\\/21\\\/en-regnig-dag-inne\\\/\",\"url\":\"https:\\\/\\\/datajenny.se\\\/Blogg\\\/2025\\\/09\\\/21\\\/en-regnig-dag-inne\\\/\",\"name\":\"En regnig dag inne - V\u00e4lkommen till JeLo\",\"isPartOf\":{\"@id\":\"https:\\\/\\\/datajenny.se\\\/Blogg\\\/#website\"},\"primaryImageOfPage\":{\"@id\":\"https:\\\/\\\/datajenny.se\\\/Blogg\\\/2025\\\/09\\\/21\\\/en-regnig-dag-inne\\\/#primaryimage\"},\"image\":{\"@id\":\"https:\\\/\\\/datajenny.se\\\/Blogg\\\/2025\\\/09\\\/21\\\/en-regnig-dag-inne\\\/#primaryimage\"},\"thumbnailUrl\":\"https:\\\/\\\/i0.wp.com\\\/datajenny.se\\\/Blogg\\\/wp-content\\\/uploads\\\/2025\\\/09\\\/20250921_1752315394168797536546077.jpg?fit=1200%2C1600&ssl=1\",\"datePublished\":\"2025-09-21T16:14:36+00:00\",\"dateModified\":\"2025-09-21T17:02:28+00:00\",\"breadcrumb\":{\"@id\":\"https:\\\/\\\/datajenny.se\\\/Blogg\\\/2025\\\/09\\\/21\\\/en-regnig-dag-inne\\\/#breadcrumb\"},\"inLanguage\":\"sv-SE\",\"potentialAction\":[{\"@type\":\"ReadAction\",\"target\":[\"https:\\\/\\\/datajenny.se\\\/Blogg\\\/2025\\\/09\\\/21\\\/en-regnig-dag-inne\\\/\"]}]},{\"@type\":\"ImageObject\",\"inLanguage\":\"sv-SE\",\"@id\":\"https:\\\/\\\/datajenny.se\\\/Blogg\\\/2025\\\/09\\\/21\\\/en-regnig-dag-inne\\\/#primaryimage\",\"url\":\"https:\\\/\\\/i0.wp.com\\\/datajenny.se\\\/Blogg\\\/wp-content\\\/uploads\\\/2025\\\/09\\\/20250921_1752315394168797536546077.jpg?fit=1200%2C1600&ssl=1\",\"contentUrl\":\"https:\\\/\\\/i0.wp.com\\\/datajenny.se\\\/Blogg\\\/wp-content\\\/uploads\\\/2025\\\/09\\\/20250921_1752315394168797536546077.jpg?fit=1200%2C1600&ssl=1\",\"width\":1200,\"height\":1600},{\"@type\":\"BreadcrumbList\",\"@id\":\"https:\\\/\\\/datajenny.se\\\/Blogg\\\/2025\\\/09\\\/21\\\/en-regnig-dag-inne\\\/#breadcrumb\",\"itemListElement\":[{\"@type\":\"ListItem\",\"position\":1,\"name\":\"Hem\",\"item\":\"https:\\\/\\\/datajenny.se\\\/Blogg\\\/\"},{\"@type\":\"ListItem\",\"position\":2,\"name\":\"En regnig dag inne\"}]},{\"@type\":\"WebSite\",\"@id\":\"https:\\\/\\\/datajenny.se\\\/Blogg\\\/#website\",\"url\":\"https:\\\/\\\/datajenny.se\\\/Blogg\\\/\",\"name\":\"V\u00e4lkommen till Jenny Louises blogg\",\"description\":\"Jenny Louises blogg\",\"publisher\":{\"@id\":\"https:\\\/\\\/datajenny.se\\\/Blogg\\\/#\\\/schema\\\/person\\\/da3cd1b9792c07c50c88641dcf976bee\"},\"potentialAction\":[{\"@type\":\"SearchAction\",\"target\":{\"@type\":\"EntryPoint\",\"urlTemplate\":\"https:\\\/\\\/datajenny.se\\\/Blogg\\\/?s={search_term_string}\"},\"query-input\":{\"@type\":\"PropertyValueSpecification\",\"valueRequired\":true,\"valueName\":\"search_term_string\"}}],\"inLanguage\":\"sv-SE\"},{\"@type\":[\"Person\",\"Organization\"],\"@id\":\"https:\\\/\\\/datajenny.se\\\/Blogg\\\/#\\\/schema\\\/person\\\/da3cd1b9792c07c50c88641dcf976bee\",\"name\":\"Jenny Louise Nod\u00e9n\",\"image\":{\"@type\":\"ImageObject\",\"inLanguage\":\"sv-SE\",\"@id\":\"https:\\\/\\\/datajenny.se\\\/Blogg\\\/wp-content\\\/uploads\\\/2025\\\/07\\\/wp-1751728308657.jpg\",\"url\":\"https:\\\/\\\/datajenny.se\\\/Blogg\\\/wp-content\\\/uploads\\\/2025\\\/07\\\/wp-1751728308657.jpg\",\"contentUrl\":\"https:\\\/\\\/datajenny.se\\\/Blogg\\\/wp-content\\\/uploads\\\/2025\\\/07\\\/wp-1751728308657.jpg\",\"width\":928,\"height\":928,\"caption\":\"Jenny Louise Nod\u00e9n\"},\"logo\":{\"@id\":\"https:\\\/\\\/datajenny.se\\\/Blogg\\\/wp-content\\\/uploads\\\/2025\\\/07\\\/wp-1751728308657.jpg\"},\"description\":\"Jag \u00e4r en tjej som oftast \u00e4r glad och \u00e4lskar livet, men den 18 januari 2005 s\u00e5 f\u00f6rs\u00f6kte jag ta mitt liv, jag orkade inte helt enkelt l\u00e4ngre. Men min f\u00e4stman hittade mig i duschen, han r\u00e4ddade livet p\u00e5 mig. Jag fick \u00e5ka in till akuten och blev magpumpad samt s\u00e5 fick jag \u00e4ta kr\u00e4ksirap. Hamnade sedan p\u00e5 S\u00e4ter och log d\u00e4r i fyra dagar. Idag \u00e4r jag glad f\u00f6r att han hittade mig, livet har s\u00e5 mycket att erbjuda. Jag bryr mig f\u00f6r mycket om andra, jag kommer alltid i andra hand hos mig sj\u00e4lv. Jag \u00e4r gift med en underbar man vid namn Magnus och vi har en son som heter Erik och \u00e4r f\u00f6dd juni 2018.\",\"sameAs\":[\"https:\\\/\\\/datajenny.se\\\/Blogg\",\"https:\\\/\\\/www.facebook.com\\\/datajenny\\\/\",\"https:\\\/\\\/www.instagram.com\\\/datajenny\\\/\",\"https:\\\/\\\/www.linkedin.com\\\/in\\\/jenny-louise-nodn-75324811b?\",\"https:\\\/\\\/youtube.com\\\/channel\\\/UCU00yswsJZcmgqfoON6pMwg\",\"https:\\\/\\\/datajenny.tumblr.com\\\/\"],\"url\":\"https:\\\/\\\/datajenny.se\\\/Blogg\\\/author\\\/jenny_louise\\\/\"}]}<\/script>\n<!-- \/ Yoast SEO plugin. -->","yoast_head_json":{"title":"En regnig dag inne - V\u00e4lkommen till JeLo","robots":{"index":"index","follow":"follow","max-snippet":"max-snippet:-1","max-image-preview":"max-image-preview:large","max-video-preview":"max-video-preview:-1"},"canonical":"https:\/\/datajenny.se\/Blogg\/2025\/09\/21\/en-regnig-dag-inne\/","og_locale":"sv_SE","og_type":"article","og_title":"En regnig dag inne - V\u00e4lkommen till JeLo","og_description":"Idag har vi h\u00e5llit oss inne, d\u00e5 v\u00e4dret inte varit det b\u00e4sta. Regnet har \u00f6st ner st\u00f6rre delen av dagen och sj\u00e4lv \u00e4r jag fortfarande inte helt \u00e5terh\u00e4mtad fr\u00e5n hostan","og_url":"https:\/\/datajenny.se\/Blogg\/2025\/09\/21\/en-regnig-dag-inne\/","og_site_name":"V\u00e4lkommen till JeLo","article_publisher":"https:\/\/www.facebook.com\/datajenny\/","article_author":"https:\/\/www.facebook.com\/datajenny\/","article_published_time":"2025-09-21T16:14:36+00:00","article_modified_time":"2025-09-21T17:02:28+00:00","og_image":[{"width":1200,"height":1600,"url":"https:\/\/datajenny.se\/Blogg\/wp-content\/uploads\/2025\/09\/20250921_1752315394168797536546077.jpg","type":"image\/jpeg"}],"author":"Jenny Louise Nod\u00e9n","twitter_card":"summary_large_image","twitter_misc":{"Skriven av":"Jenny Louise Nod\u00e9n","Ber\u00e4knad l\u00e4stid":"2 minuter"},"schema":{"@context":"https:\/\/schema.org","@graph":[{"@type":"Article","@id":"https:\/\/datajenny.se\/Blogg\/2025\/09\/21\/en-regnig-dag-inne\/#article","isPartOf":{"@id":"https:\/\/datajenny.se\/Blogg\/2025\/09\/21\/en-regnig-dag-inne\/"},"author":{"name":"Jenny Louise Nod\u00e9n","@id":"https:\/\/datajenny.se\/Blogg\/#\/schema\/person\/da3cd1b9792c07c50c88641dcf976bee"},"headline":"En regnig dag inne","datePublished":"2025-09-21T16:14:36+00:00","dateModified":"2025-09-21T17:02:28+00:00","mainEntityOfPage":{"@id":"https:\/\/datajenny.se\/Blogg\/2025\/09\/21\/en-regnig-dag-inne\/"},"wordCount":272,"commentCount":0,"publisher":{"@id":"https:\/\/datajenny.se\/Blogg\/#\/schema\/person\/da3cd1b9792c07c50c88641dcf976bee"},"image":{"@id":"https:\/\/datajenny.se\/Blogg\/2025\/09\/21\/en-regnig-dag-inne\/#primaryimage"},"thumbnailUrl":"https:\/\/i0.wp.com\/datajenny.se\/Blogg\/wp-content\/uploads\/2025\/09\/20250921_1752315394168797536546077.jpg?fit=1200%2C1600&ssl=1","keywords":["Ber\u00e4ttelser","Blogg","Dikt","Erik","Handla","Mat"],"articleSection":["Ber\u00e4ttelser","Blogg","Dikt","Erik","Handla","Mat"],"inLanguage":"sv-SE","potentialAction":[{"@type":"CommentAction","name":"Comment","target":["https:\/\/datajenny.se\/Blogg\/2025\/09\/21\/en-regnig-dag-inne\/#respond"]}]},{"@type":"WebPage","@id":"https:\/\/datajenny.se\/Blogg\/2025\/09\/21\/en-regnig-dag-inne\/","url":"https:\/\/datajenny.se\/Blogg\/2025\/09\/21\/en-regnig-dag-inne\/","name":"En regnig dag inne - V\u00e4lkommen till JeLo","isPartOf":{"@id":"https:\/\/datajenny.se\/Blogg\/#website"},"primaryImageOfPage":{"@id":"https:\/\/datajenny.se\/Blogg\/2025\/09\/21\/en-regnig-dag-inne\/#primaryimage"},"image":{"@id":"https:\/\/datajenny.se\/Blogg\/2025\/09\/21\/en-regnig-dag-inne\/#primaryimage"},"thumbnailUrl":"https:\/\/i0.wp.com\/datajenny.se\/Blogg\/wp-content\/uploads\/2025\/09\/20250921_1752315394168797536546077.jpg?fit=1200%2C1600&ssl=1","datePublished":"2025-09-21T16:14:36+00:00","dateModified":"2025-09-21T17:02:28+00:00","breadcrumb":{"@id":"https:\/\/datajenny.se\/Blogg\/2025\/09\/21\/en-regnig-dag-inne\/#breadcrumb"},"inLanguage":"sv-SE","potentialAction":[{"@type":"ReadAction","target":["https:\/\/datajenny.se\/Blogg\/2025\/09\/21\/en-regnig-dag-inne\/"]}]},{"@type":"ImageObject","inLanguage":"sv-SE","@id":"https:\/\/datajenny.se\/Blogg\/2025\/09\/21\/en-regnig-dag-inne\/#primaryimage","url":"https:\/\/i0.wp.com\/datajenny.se\/Blogg\/wp-content\/uploads\/2025\/09\/20250921_1752315394168797536546077.jpg?fit=1200%2C1600&ssl=1","contentUrl":"https:\/\/i0.wp.com\/datajenny.se\/Blogg\/wp-content\/uploads\/2025\/09\/20250921_1752315394168797536546077.jpg?fit=1200%2C1600&ssl=1","width":1200,"height":1600},{"@type":"BreadcrumbList","@id":"https:\/\/datajenny.se\/Blogg\/2025\/09\/21\/en-regnig-dag-inne\/#breadcrumb","itemListElement":[{"@type":"ListItem","position":1,"name":"Hem","item":"https:\/\/datajenny.se\/Blogg\/"},{"@type":"ListItem","position":2,"name":"En regnig dag inne"}]},{"@type":"WebSite","@id":"https:\/\/datajenny.se\/Blogg\/#website","url":"https:\/\/datajenny.se\/Blogg\/","name":"V\u00e4lkommen till Jenny Louises blogg","description":"Jenny Louises blogg","publisher":{"@id":"https:\/\/datajenny.se\/Blogg\/#\/schema\/person\/da3cd1b9792c07c50c88641dcf976bee"},"potentialAction":[{"@type":"SearchAction","target":{"@type":"EntryPoint","urlTemplate":"https:\/\/datajenny.se\/Blogg\/?s={search_term_string}"},"query-input":{"@type":"PropertyValueSpecification","valueRequired":true,"valueName":"search_term_string"}}],"inLanguage":"sv-SE"},{"@type":["Person","Organization"],"@id":"https:\/\/datajenny.se\/Blogg\/#\/schema\/person\/da3cd1b9792c07c50c88641dcf976bee","name":"Jenny Louise Nod\u00e9n","image":{"@type":"ImageObject","inLanguage":"sv-SE","@id":"https:\/\/datajenny.se\/Blogg\/wp-content\/uploads\/2025\/07\/wp-1751728308657.jpg","url":"https:\/\/datajenny.se\/Blogg\/wp-content\/uploads\/2025\/07\/wp-1751728308657.jpg","contentUrl":"https:\/\/datajenny.se\/Blogg\/wp-content\/uploads\/2025\/07\/wp-1751728308657.jpg","width":928,"height":928,"caption":"Jenny Louise Nod\u00e9n"},"logo":{"@id":"https:\/\/datajenny.se\/Blogg\/wp-content\/uploads\/2025\/07\/wp-1751728308657.jpg"},"description":"Jag \u00e4r en tjej som oftast \u00e4r glad och \u00e4lskar livet, men den 18 januari 2005 s\u00e5 f\u00f6rs\u00f6kte jag ta mitt liv, jag orkade inte helt enkelt l\u00e4ngre. Men min f\u00e4stman hittade mig i duschen, han r\u00e4ddade livet p\u00e5 mig. Jag fick \u00e5ka in till akuten och blev magpumpad samt s\u00e5 fick jag \u00e4ta kr\u00e4ksirap. Hamnade sedan p\u00e5 S\u00e4ter och log d\u00e4r i fyra dagar. Idag \u00e4r jag glad f\u00f6r att han hittade mig, livet har s\u00e5 mycket att erbjuda. Jag bryr mig f\u00f6r mycket om andra, jag kommer alltid i andra hand hos mig sj\u00e4lv. Jag \u00e4r gift med en underbar man vid namn Magnus och vi har en son som heter Erik och \u00e4r f\u00f6dd juni 2018.","sameAs":["https:\/\/datajenny.se\/Blogg","https:\/\/www.facebook.com\/datajenny\/","https:\/\/www.instagram.com\/datajenny\/","https:\/\/www.linkedin.com\/in\/jenny-louise-nodn-75324811b?","https:\/\/youtube.com\/channel\/UCU00yswsJZcmgqfoON6pMwg","https:\/\/datajenny.tumblr.com\/"],"url":"https:\/\/datajenny.se\/Blogg\/author\/jenny_louise\/"}]}},"jetpack_publicize_connections":[],"jetpack_featured_media_url":"https:\/\/i0.wp.com\/datajenny.se\/Blogg\/wp-content\/uploads\/2025\/09\/20250921_1752315394168797536546077.jpg?fit=1200%2C1600&ssl=1","jetpack_sharing_enabled":true,"jetpack_likes_enabled":true,"_links":{"self":[{"href":"https:\/\/datajenny.se\/Blogg\/wp-json\/wp\/v2\/posts\/3500","targetHints":{"allow":["GET"]}}],"collection":[{"href":"https:\/\/datajenny.se\/Blogg\/wp-json\/wp\/v2\/posts"}],"about":[{"href":"https:\/\/datajenny.se\/Blogg\/wp-json\/wp\/v2\/types\/post"}],"author":[{"embeddable":true,"href":"https:\/\/datajenny.se\/Blogg\/wp-json\/wp\/v2\/users\/1"}],"replies":[{"embeddable":true,"href":"https:\/\/datajenny.se\/Blogg\/wp-json\/wp\/v2\/comments?post=3500"}],"version-history":[{"count":1,"href":"https:\/\/datajenny.se\/Blogg\/wp-json\/wp\/v2\/posts\/3500\/revisions"}],"predecessor-version":[{"id":3505,"href":"https:\/\/datajenny.se\/Blogg\/wp-json\/wp\/v2\/posts\/3500\/revisions\/3505"}],"wp:featuredmedia":[{"embeddable":true,"href":"https:\/\/datajenny.se\/Blogg\/wp-json\/wp\/v2\/media\/3499"}],"wp:attachment":[{"href":"https:\/\/datajenny.se\/Blogg\/wp-json\/wp\/v2\/media?parent=3500"}],"wp:term":[{"taxonomy":"category","embeddable":true,"href":"https:\/\/datajenny.se\/Blogg\/wp-json\/wp\/v2\/categories?post=3500"},{"taxonomy":"post_tag","embeddable":true,"href":"https:\/\/datajenny.se\/Blogg\/wp-json\/wp\/v2\/tags?post=3500"}],"curies":[{"name":"wp","href":"https:\/\/api.w.org\/{rel}","templated":true}]}}