{"id":3534,"date":"2025-09-25T18:28:46","date_gmt":"2025-09-25T16:28:46","guid":{"rendered":"https:\/\/datajenny.se\/Blogg\/2025\/09\/25\/hosta-grasflackar-och-ugnspannkaka-%f0%9f%8c%bf%f0%9f%a5%9e\/"},"modified":"2025-09-25T18:36:38","modified_gmt":"2025-09-25T16:36:38","slug":"hosta-grasflackar-och-ugnspannkaka-%f0%9f%8c%bf%f0%9f%a5%9e","status":"publish","type":"post","link":"https:\/\/datajenny.se\/Blogg\/2025\/09\/25\/hosta-grasflackar-och-ugnspannkaka-%f0%9f%8c%bf%f0%9f%a5%9e\/","title":{"rendered":"Hosta, gr\u00e4sfl\u00e4ckar och ugnspannkaka \ud83c\udf3f\ud83e\udd5e"},"content":{"rendered":"\n<p>Ig\u00e5r blev det inget inl\u00e4gg \u2013 jag orkade helt enkelt inte. Dagen bestod mest av jobb, precis som idag. <\/p>\n\n\n\n<!--more-->\n\n\n\n<p>D\u00e4remot tog jag kontakt med v\u00e5rdcentralen ang\u00e5ende min envisa hosta. Jag fick recept p\u00e5 Biseltoc mot rethosta, men \u00e4rligt talat tycker jag inte att det har hj\u00e4lpt s\u00e4rskilt mycket.<\/p>\n\n\n\n<p><\/p>\n\n\n<div class=\"wp-block-image\">\n<figure class=\"aligncenter size-large\"><img data-recalc-dims=\"1\" loading=\"lazy\" decoding=\"async\" width=\"480\" height=\"720\" src=\"https:\/\/i0.wp.com\/datajenny.se\/Blogg\/wp-content\/uploads\/2025\/09\/20250924_1648402363826849125707924.jpg?resize=480%2C720&#038;ssl=1\" alt=\"\" class=\"wp-image-3532\" srcset=\"https:\/\/i0.wp.com\/datajenny.se\/Blogg\/wp-content\/uploads\/2025\/09\/20250924_1648402363826849125707924.jpg?resize=480%2C720&amp;ssl=1 480w, https:\/\/i0.wp.com\/datajenny.se\/Blogg\/wp-content\/uploads\/2025\/09\/20250924_1648402363826849125707924.jpg?resize=267%2C400&amp;ssl=1 267w, https:\/\/i0.wp.com\/datajenny.se\/Blogg\/wp-content\/uploads\/2025\/09\/20250924_1648402363826849125707924.jpg?w=764&amp;ssl=1 764w\" sizes=\"auto, (max-width: 480px) 100vw, 480px\" \/><\/figure>\n<\/div>\n\n\n<p><\/p>\n\n\n\n<p>F\u00f6r Erik gick det bra i skolan ig\u00e5r, \u00e4ven om han klagade p\u00e5 magont igen. Idag har han som tur \u00e4r sluppit det, men ist\u00e4llet har han ramlat och skrapat upp samma kn\u00e4n som f\u00f6rra veckan. Dessutom har han lekt s\u00e5 intensivt att hela tr\u00f6jan \u00e4r t\u00e4ckt av gr\u00f6na gr\u00e4sfl\u00e4ckar \u2013 det blir ett litet projekt f\u00f6r mig att f\u00f6rs\u00f6ka f\u00e5 bort dem.<\/p>\n\n\n\n<p><\/p>\n\n\n<div class=\"wp-block-image\">\n<figure class=\"aligncenter size-large\"><img data-recalc-dims=\"1\" loading=\"lazy\" decoding=\"async\" width=\"540\" height=\"720\" src=\"https:\/\/i0.wp.com\/datajenny.se\/Blogg\/wp-content\/uploads\/2025\/09\/20250925_1716537809570635958825627.jpg?resize=540%2C720&#038;ssl=1\" alt=\"\" class=\"wp-image-3535\" srcset=\"https:\/\/i0.wp.com\/datajenny.se\/Blogg\/wp-content\/uploads\/2025\/09\/20250925_1716537809570635958825627.jpg?resize=540%2C720&amp;ssl=1 540w, https:\/\/i0.wp.com\/datajenny.se\/Blogg\/wp-content\/uploads\/2025\/09\/20250925_1716537809570635958825627.jpg?resize=300%2C400&amp;ssl=1 300w, https:\/\/i0.wp.com\/datajenny.se\/Blogg\/wp-content\/uploads\/2025\/09\/20250925_1716537809570635958825627.jpg?resize=768%2C1024&amp;ssl=1 768w, https:\/\/i0.wp.com\/datajenny.se\/Blogg\/wp-content\/uploads\/2025\/09\/20250925_1716537809570635958825627.jpg?resize=1152%2C1536&amp;ssl=1 1152w, https:\/\/i0.wp.com\/datajenny.se\/Blogg\/wp-content\/uploads\/2025\/09\/20250925_1716537809570635958825627.jpg?resize=1024%2C1365&amp;ssl=1 1024w, https:\/\/i0.wp.com\/datajenny.se\/Blogg\/wp-content\/uploads\/2025\/09\/20250925_1716537809570635958825627.jpg?w=1200&amp;ssl=1 1200w\" sizes=\"auto, (max-width: 540px) 100vw, 540px\" \/><\/figure>\n<\/div>\n\n\n<p><\/p>\n\n\n\n<p>Idag var \u00e4ven Magnus och jag p\u00e5 JeWe BUP f\u00f6r en informationsstund om mat och ADHD\/Autism. Det var intressant och l\u00e4rorikt, gav oss en del nya tankar och insikter.<\/p>\n\n\n\n<p><\/p>\n\n\n<div class=\"wp-block-image\">\n<figure class=\"aligncenter size-large\"><img data-recalc-dims=\"1\" loading=\"lazy\" decoding=\"async\" width=\"640\" height=\"480\" src=\"https:\/\/i0.wp.com\/datajenny.se\/Blogg\/wp-content\/uploads\/2025\/09\/20250925_1200508425386969241464997.jpg?resize=640%2C480&#038;ssl=1\" alt=\"\" class=\"wp-image-3533\" srcset=\"https:\/\/i0.wp.com\/datajenny.se\/Blogg\/wp-content\/uploads\/2025\/09\/20250925_1200508425386969241464997.jpg?resize=720%2C540&amp;ssl=1 720w, https:\/\/i0.wp.com\/datajenny.se\/Blogg\/wp-content\/uploads\/2025\/09\/20250925_1200508425386969241464997.jpg?resize=400%2C300&amp;ssl=1 400w, https:\/\/i0.wp.com\/datajenny.se\/Blogg\/wp-content\/uploads\/2025\/09\/20250925_1200508425386969241464997.jpg?resize=768%2C576&amp;ssl=1 768w, https:\/\/i0.wp.com\/datajenny.se\/Blogg\/wp-content\/uploads\/2025\/09\/20250925_1200508425386969241464997.jpg?resize=1536%2C1152&amp;ssl=1 1536w, https:\/\/i0.wp.com\/datajenny.se\/Blogg\/wp-content\/uploads\/2025\/09\/20250925_1200508425386969241464997.jpg?resize=1024%2C768&amp;ssl=1 1024w, https:\/\/i0.wp.com\/datajenny.se\/Blogg\/wp-content\/uploads\/2025\/09\/20250925_1200508425386969241464997.jpg?w=1600&amp;ssl=1 1600w, https:\/\/i0.wp.com\/datajenny.se\/Blogg\/wp-content\/uploads\/2025\/09\/20250925_1200508425386969241464997.jpg?w=1280&amp;ssl=1 1280w\" sizes=\"auto, (max-width: 640px) 100vw, 640px\" \/><figcaption class=\"wp-element-caption\">Mot JeWe BUP i Borl\u00e4nge <\/figcaption><\/figure>\n<\/div>\n\n\n<p><\/p>\n\n\n\n<p>Nu p\u00e5 kv\u00e4llen har jag gjort en ugnspannkaka \u2013 jag \u00e4r verkligen inne i ett stim just nu d\u00e4r det \u00e4r det enda jag vill ha. Erik smakade lite, men han \u00e4r inte s\u00e5 f\u00f6rtjust i det. Jag tror han tycker den \u00e4r f\u00f6r tjock. Sj\u00e4lv njuter jag desto mer.<\/p>\n\n\n\n<p><\/p>\n\n\n\n<p><\/p>\n\n\n<div class=\"wp-block-ub-divider ub_divider ub-divider-orientation-horizontal\" id=\"ub_divider_4ed2eb64-a09c-47dd-918d-9dde7893e512\"><div class=\"ub_divider_wrapper\" style=\"position: relative; margin-bottom: 2px; width: 100%; height: 2px; \" data-divider-alignment=\"center\"><div class=\"ub_divider_line\" style=\"border-top: 10px dotted #00d084; margin-top: 2px; \"><\/div><\/div><\/div>\n\n\n<p><\/p>\n\n\n\n<h2 class=\"wp-block-heading\">\u2728 Dagens dikt \u2728<\/h2>\n\n\n\n<p><em>I vardagens brus finns stilla stunder, sm\u00e5 \u00f6gonblick som binder oss samman.<\/em><br \/><em>Ett skratt, ett s\u00e5r, ett gr\u00e4sfl\u00e4ckat plagg, och v\u00e4rmen av mat som doftar i hemmet.<\/em><br \/><em>Allt blir till minnen vi b\u00e4r inom oss, enkelt, men \u00e4nd\u00e5 s\u00e5 stort.<\/em><\/p>\n\n\n\n<p><\/p>\n\n\n\n<img data-recalc-dims=\"1\" loading=\"lazy\" decoding=\"async\" style=\"opacity: 0;\" superb-addons-animation=\"zoomIn\" src=\"https:\/\/i0.wp.com\/datajenny.se\/Blogg\/wp-content\/uploads\/2025\/07\/1000012255.png?resize=180%2C53&#038;ssl=1\" alt=\"Signatur\" width=\"180\" height=\"53\">\n\n\n\n<p><\/p>\n","protected":false},"excerpt":{"rendered":"<p>Ig\u00e5r blev det inget inl\u00e4gg \u2013 jag orkade helt enkelt inte. Dagen bestod mest av jobb, precis som idag.<\/p>\n","protected":false},"author":1,"featured_media":3533,"comment_status":"open","ping_status":"open","sticky":false,"template":"","format":"standard","meta":{"ngg_post_thumbnail":0,"jetpack_post_was_ever_published":false,"_jetpack_newsletter_access":"","_jetpack_dont_email_post_to_subs":false,"_jetpack_newsletter_tier_id":0,"_jetpack_memberships_contains_paywalled_content":false,"_jetpack_memberships_contains_paid_content":false,"footnotes":"","jetpack_publicize_message":"","jetpack_publicize_feature_enabled":true,"jetpack_social_post_already_shared":true,"jetpack_social_options":{"image_generator_settings":{"template":"highway","default_image_id":0,"font":"","enabled":false},"version":2}},"categories":[154,117,155,8,152,131,38,168,217],"tags":[156,118,157,9,153,132,11,169,218],"class_list":["post-3534","post","type-post","status-publish","format-standard","has-post-thumbnail","hentry","category-adhd","category-arbete","category-autism","category-blogg","category-bup","category-dikt","category-erik","category-fritid-skola","category-vardcentralen","tag-adhd","tag-arbete","tag-autism","tag-blogg","tag-bup","tag-dikt","tag-erik","tag-fritid-skola","tag-vardcentralen"],"featured_image_src":"https:\/\/i0.wp.com\/datajenny.se\/Blogg\/wp-content\/uploads\/2025\/09\/20250925_1200508425386969241464997.jpg?fit=1600%2C1200&ssl=1","author_info":{"display_name":"Jenny Louise Nod\u00e9n","author_link":"https:\/\/datajenny.se\/Blogg\/author\/jenny_louise\/"},"yoast_head":"<!-- This site is optimized with the Yoast SEO plugin v27.3 - https:\/\/yoast.com\/product\/yoast-seo-wordpress\/ -->\n<title>Hosta, gr\u00e4sfl\u00e4ckar och ugnspannkaka \ud83c\udf3f\ud83e\udd5e - V\u00e4lkommen till JeLo<\/title>\n<meta name=\"robots\" content=\"index, follow, max-snippet:-1, max-image-preview:large, max-video-preview:-1\" \/>\n<link rel=\"canonical\" href=\"https:\/\/datajenny.se\/Blogg\/2025\/09\/25\/hosta-grasflackar-och-ugnspannkaka-\ud83c\udf3f\ud83e\udd5e\/\" \/>\n<meta property=\"og:locale\" content=\"sv_SE\" \/>\n<meta property=\"og:type\" content=\"article\" \/>\n<meta property=\"og:title\" content=\"Hosta, gr\u00e4sfl\u00e4ckar och ugnspannkaka \ud83c\udf3f\ud83e\udd5e - V\u00e4lkommen till JeLo\" \/>\n<meta property=\"og:description\" content=\"Ig\u00e5r blev det inget inl\u00e4gg \u2013 jag orkade helt enkelt inte. Dagen bestod mest av jobb, precis som idag.\" \/>\n<meta property=\"og:url\" content=\"https:\/\/datajenny.se\/Blogg\/2025\/09\/25\/hosta-grasflackar-och-ugnspannkaka-\ud83c\udf3f\ud83e\udd5e\/\" \/>\n<meta property=\"og:site_name\" content=\"V\u00e4lkommen till JeLo\" \/>\n<meta property=\"article:publisher\" content=\"https:\/\/www.facebook.com\/datajenny\/\" \/>\n<meta property=\"article:author\" content=\"https:\/\/www.facebook.com\/datajenny\/\" \/>\n<meta property=\"article:published_time\" content=\"2025-09-25T16:28:46+00:00\" \/>\n<meta property=\"article:modified_time\" content=\"2025-09-25T16:36:38+00:00\" \/>\n<meta property=\"og:image\" content=\"https:\/\/i0.wp.com\/datajenny.se\/Blogg\/wp-content\/uploads\/2025\/09\/20250925_1200508425386969241464997.jpg?fit=1600%2C1200&ssl=1\" \/>\n\t<meta property=\"og:image:width\" content=\"1600\" \/>\n\t<meta property=\"og:image:height\" content=\"1200\" \/>\n\t<meta property=\"og:image:type\" content=\"image\/jpeg\" \/>\n<meta name=\"author\" content=\"Jenny Louise Nod\u00e9n\" \/>\n<meta name=\"twitter:card\" content=\"summary_large_image\" \/>\n<meta name=\"twitter:label1\" content=\"Skriven av\" \/>\n\t<meta name=\"twitter:data1\" content=\"Jenny Louise Nod\u00e9n\" \/>\n\t<meta name=\"twitter:label2\" content=\"Ber\u00e4knad l\u00e4stid\" \/>\n\t<meta name=\"twitter:data2\" content=\"1 minut\" \/>\n<script type=\"application\/ld+json\" class=\"yoast-schema-graph\">{\"@context\":\"https:\\\/\\\/schema.org\",\"@graph\":[{\"@type\":\"Article\",\"@id\":\"https:\\\/\\\/datajenny.se\\\/Blogg\\\/2025\\\/09\\\/25\\\/hosta-grasflackar-och-ugnspannkaka-%f0%9f%8c%bf%f0%9f%a5%9e\\\/#article\",\"isPartOf\":{\"@id\":\"https:\\\/\\\/datajenny.se\\\/Blogg\\\/2025\\\/09\\\/25\\\/hosta-grasflackar-och-ugnspannkaka-%f0%9f%8c%bf%f0%9f%a5%9e\\\/\"},\"author\":{\"name\":\"Jenny Louise Nod\u00e9n\",\"@id\":\"https:\\\/\\\/datajenny.se\\\/Blogg\\\/#\\\/schema\\\/person\\\/da3cd1b9792c07c50c88641dcf976bee\"},\"headline\":\"Hosta, gr\u00e4sfl\u00e4ckar och ugnspannkaka \ud83c\udf3f\ud83e\udd5e\",\"datePublished\":\"2025-09-25T16:28:46+00:00\",\"dateModified\":\"2025-09-25T16:36:38+00:00\",\"mainEntityOfPage\":{\"@id\":\"https:\\\/\\\/datajenny.se\\\/Blogg\\\/2025\\\/09\\\/25\\\/hosta-grasflackar-och-ugnspannkaka-%f0%9f%8c%bf%f0%9f%a5%9e\\\/\"},\"wordCount\":274,\"commentCount\":0,\"publisher\":{\"@id\":\"https:\\\/\\\/datajenny.se\\\/Blogg\\\/#\\\/schema\\\/person\\\/da3cd1b9792c07c50c88641dcf976bee\"},\"image\":{\"@id\":\"https:\\\/\\\/datajenny.se\\\/Blogg\\\/2025\\\/09\\\/25\\\/hosta-grasflackar-och-ugnspannkaka-%f0%9f%8c%bf%f0%9f%a5%9e\\\/#primaryimage\"},\"thumbnailUrl\":\"https:\\\/\\\/i0.wp.com\\\/datajenny.se\\\/Blogg\\\/wp-content\\\/uploads\\\/2025\\\/09\\\/20250925_1200508425386969241464997.jpg?fit=1600%2C1200&ssl=1\",\"keywords\":[\"ADHD\",\"Arbete\",\"Autism\",\"Blogg\",\"BUP\",\"Dikt\",\"Erik\",\"Fritids\\\/Skola\",\"V\u00e5rdcentralen\"],\"articleSection\":[\"ADHD\",\"Arbete\",\"Autism\",\"Blogg\",\"BUP\",\"Dikt\",\"Erik\",\"Fritids\\\/Skola\",\"V\u00e5rdcentralen\"],\"inLanguage\":\"sv-SE\",\"potentialAction\":[{\"@type\":\"CommentAction\",\"name\":\"Comment\",\"target\":[\"https:\\\/\\\/datajenny.se\\\/Blogg\\\/2025\\\/09\\\/25\\\/hosta-grasflackar-och-ugnspannkaka-%f0%9f%8c%bf%f0%9f%a5%9e\\\/#respond\"]}]},{\"@type\":\"WebPage\",\"@id\":\"https:\\\/\\\/datajenny.se\\\/Blogg\\\/2025\\\/09\\\/25\\\/hosta-grasflackar-och-ugnspannkaka-%f0%9f%8c%bf%f0%9f%a5%9e\\\/\",\"url\":\"https:\\\/\\\/datajenny.se\\\/Blogg\\\/2025\\\/09\\\/25\\\/hosta-grasflackar-och-ugnspannkaka-%f0%9f%8c%bf%f0%9f%a5%9e\\\/\",\"name\":\"Hosta, gr\u00e4sfl\u00e4ckar och ugnspannkaka \ud83c\udf3f\ud83e\udd5e - V\u00e4lkommen till JeLo\",\"isPartOf\":{\"@id\":\"https:\\\/\\\/datajenny.se\\\/Blogg\\\/#website\"},\"primaryImageOfPage\":{\"@id\":\"https:\\\/\\\/datajenny.se\\\/Blogg\\\/2025\\\/09\\\/25\\\/hosta-grasflackar-och-ugnspannkaka-%f0%9f%8c%bf%f0%9f%a5%9e\\\/#primaryimage\"},\"image\":{\"@id\":\"https:\\\/\\\/datajenny.se\\\/Blogg\\\/2025\\\/09\\\/25\\\/hosta-grasflackar-och-ugnspannkaka-%f0%9f%8c%bf%f0%9f%a5%9e\\\/#primaryimage\"},\"thumbnailUrl\":\"https:\\\/\\\/i0.wp.com\\\/datajenny.se\\\/Blogg\\\/wp-content\\\/uploads\\\/2025\\\/09\\\/20250925_1200508425386969241464997.jpg?fit=1600%2C1200&ssl=1\",\"datePublished\":\"2025-09-25T16:28:46+00:00\",\"dateModified\":\"2025-09-25T16:36:38+00:00\",\"breadcrumb\":{\"@id\":\"https:\\\/\\\/datajenny.se\\\/Blogg\\\/2025\\\/09\\\/25\\\/hosta-grasflackar-och-ugnspannkaka-%f0%9f%8c%bf%f0%9f%a5%9e\\\/#breadcrumb\"},\"inLanguage\":\"sv-SE\",\"potentialAction\":[{\"@type\":\"ReadAction\",\"target\":[\"https:\\\/\\\/datajenny.se\\\/Blogg\\\/2025\\\/09\\\/25\\\/hosta-grasflackar-och-ugnspannkaka-%f0%9f%8c%bf%f0%9f%a5%9e\\\/\"]}]},{\"@type\":\"ImageObject\",\"inLanguage\":\"sv-SE\",\"@id\":\"https:\\\/\\\/datajenny.se\\\/Blogg\\\/2025\\\/09\\\/25\\\/hosta-grasflackar-och-ugnspannkaka-%f0%9f%8c%bf%f0%9f%a5%9e\\\/#primaryimage\",\"url\":\"https:\\\/\\\/i0.wp.com\\\/datajenny.se\\\/Blogg\\\/wp-content\\\/uploads\\\/2025\\\/09\\\/20250925_1200508425386969241464997.jpg?fit=1600%2C1200&ssl=1\",\"contentUrl\":\"https:\\\/\\\/i0.wp.com\\\/datajenny.se\\\/Blogg\\\/wp-content\\\/uploads\\\/2025\\\/09\\\/20250925_1200508425386969241464997.jpg?fit=1600%2C1200&ssl=1\",\"width\":1600,\"height\":1200},{\"@type\":\"BreadcrumbList\",\"@id\":\"https:\\\/\\\/datajenny.se\\\/Blogg\\\/2025\\\/09\\\/25\\\/hosta-grasflackar-och-ugnspannkaka-%f0%9f%8c%bf%f0%9f%a5%9e\\\/#breadcrumb\",\"itemListElement\":[{\"@type\":\"ListItem\",\"position\":1,\"name\":\"Hem\",\"item\":\"https:\\\/\\\/datajenny.se\\\/Blogg\\\/\"},{\"@type\":\"ListItem\",\"position\":2,\"name\":\"Hosta, gr\u00e4sfl\u00e4ckar och ugnspannkaka \ud83c\udf3f\ud83e\udd5e\"}]},{\"@type\":\"WebSite\",\"@id\":\"https:\\\/\\\/datajenny.se\\\/Blogg\\\/#website\",\"url\":\"https:\\\/\\\/datajenny.se\\\/Blogg\\\/\",\"name\":\"V\u00e4lkommen till Jenny Louises blogg\",\"description\":\"Jenny Louises blogg\",\"publisher\":{\"@id\":\"https:\\\/\\\/datajenny.se\\\/Blogg\\\/#\\\/schema\\\/person\\\/da3cd1b9792c07c50c88641dcf976bee\"},\"potentialAction\":[{\"@type\":\"SearchAction\",\"target\":{\"@type\":\"EntryPoint\",\"urlTemplate\":\"https:\\\/\\\/datajenny.se\\\/Blogg\\\/?s={search_term_string}\"},\"query-input\":{\"@type\":\"PropertyValueSpecification\",\"valueRequired\":true,\"valueName\":\"search_term_string\"}}],\"inLanguage\":\"sv-SE\"},{\"@type\":[\"Person\",\"Organization\"],\"@id\":\"https:\\\/\\\/datajenny.se\\\/Blogg\\\/#\\\/schema\\\/person\\\/da3cd1b9792c07c50c88641dcf976bee\",\"name\":\"Jenny Louise Nod\u00e9n\",\"image\":{\"@type\":\"ImageObject\",\"inLanguage\":\"sv-SE\",\"@id\":\"https:\\\/\\\/datajenny.se\\\/Blogg\\\/wp-content\\\/uploads\\\/2025\\\/07\\\/wp-1751728308657.jpg\",\"url\":\"https:\\\/\\\/datajenny.se\\\/Blogg\\\/wp-content\\\/uploads\\\/2025\\\/07\\\/wp-1751728308657.jpg\",\"contentUrl\":\"https:\\\/\\\/datajenny.se\\\/Blogg\\\/wp-content\\\/uploads\\\/2025\\\/07\\\/wp-1751728308657.jpg\",\"width\":928,\"height\":928,\"caption\":\"Jenny Louise Nod\u00e9n\"},\"logo\":{\"@id\":\"https:\\\/\\\/datajenny.se\\\/Blogg\\\/wp-content\\\/uploads\\\/2025\\\/07\\\/wp-1751728308657.jpg\"},\"description\":\"Jag \u00e4r en tjej som oftast \u00e4r glad och \u00e4lskar livet, men den 18 januari 2005 s\u00e5 f\u00f6rs\u00f6kte jag ta mitt liv, jag orkade inte helt enkelt l\u00e4ngre. Men min f\u00e4stman hittade mig i duschen, han r\u00e4ddade livet p\u00e5 mig. Jag fick \u00e5ka in till akuten och blev magpumpad samt s\u00e5 fick jag \u00e4ta kr\u00e4ksirap. Hamnade sedan p\u00e5 S\u00e4ter och log d\u00e4r i fyra dagar. Idag \u00e4r jag glad f\u00f6r att han hittade mig, livet har s\u00e5 mycket att erbjuda. Jag bryr mig f\u00f6r mycket om andra, jag kommer alltid i andra hand hos mig sj\u00e4lv. Jag \u00e4r gift med en underbar man vid namn Magnus och vi har en son som heter Erik och \u00e4r f\u00f6dd juni 2018.\",\"sameAs\":[\"https:\\\/\\\/datajenny.se\\\/Blogg\",\"https:\\\/\\\/www.facebook.com\\\/datajenny\\\/\",\"https:\\\/\\\/www.instagram.com\\\/datajenny\\\/\",\"https:\\\/\\\/www.linkedin.com\\\/in\\\/jenny-louise-nodn-75324811b?\",\"https:\\\/\\\/youtube.com\\\/channel\\\/UCU00yswsJZcmgqfoON6pMwg\",\"https:\\\/\\\/datajenny.tumblr.com\\\/\"],\"url\":\"https:\\\/\\\/datajenny.se\\\/Blogg\\\/author\\\/jenny_louise\\\/\"}]}<\/script>\n<!-- \/ Yoast SEO plugin. -->","yoast_head_json":{"title":"Hosta, gr\u00e4sfl\u00e4ckar och ugnspannkaka \ud83c\udf3f\ud83e\udd5e - V\u00e4lkommen till JeLo","robots":{"index":"index","follow":"follow","max-snippet":"max-snippet:-1","max-image-preview":"max-image-preview:large","max-video-preview":"max-video-preview:-1"},"canonical":"https:\/\/datajenny.se\/Blogg\/2025\/09\/25\/hosta-grasflackar-och-ugnspannkaka-\ud83c\udf3f\ud83e\udd5e\/","og_locale":"sv_SE","og_type":"article","og_title":"Hosta, gr\u00e4sfl\u00e4ckar och ugnspannkaka \ud83c\udf3f\ud83e\udd5e - V\u00e4lkommen till JeLo","og_description":"Ig\u00e5r blev det inget inl\u00e4gg \u2013 jag orkade helt enkelt inte. Dagen bestod mest av jobb, precis som idag.","og_url":"https:\/\/datajenny.se\/Blogg\/2025\/09\/25\/hosta-grasflackar-och-ugnspannkaka-\ud83c\udf3f\ud83e\udd5e\/","og_site_name":"V\u00e4lkommen till JeLo","article_publisher":"https:\/\/www.facebook.com\/datajenny\/","article_author":"https:\/\/www.facebook.com\/datajenny\/","article_published_time":"2025-09-25T16:28:46+00:00","article_modified_time":"2025-09-25T16:36:38+00:00","og_image":[{"width":1600,"height":1200,"url":"https:\/\/i0.wp.com\/datajenny.se\/Blogg\/wp-content\/uploads\/2025\/09\/20250925_1200508425386969241464997.jpg?fit=1600%2C1200&ssl=1","type":"image\/jpeg"}],"author":"Jenny Louise Nod\u00e9n","twitter_card":"summary_large_image","twitter_misc":{"Skriven av":"Jenny Louise Nod\u00e9n","Ber\u00e4knad l\u00e4stid":"1 minut"},"schema":{"@context":"https:\/\/schema.org","@graph":[{"@type":"Article","@id":"https:\/\/datajenny.se\/Blogg\/2025\/09\/25\/hosta-grasflackar-och-ugnspannkaka-%f0%9f%8c%bf%f0%9f%a5%9e\/#article","isPartOf":{"@id":"https:\/\/datajenny.se\/Blogg\/2025\/09\/25\/hosta-grasflackar-och-ugnspannkaka-%f0%9f%8c%bf%f0%9f%a5%9e\/"},"author":{"name":"Jenny Louise Nod\u00e9n","@id":"https:\/\/datajenny.se\/Blogg\/#\/schema\/person\/da3cd1b9792c07c50c88641dcf976bee"},"headline":"Hosta, gr\u00e4sfl\u00e4ckar och ugnspannkaka \ud83c\udf3f\ud83e\udd5e","datePublished":"2025-09-25T16:28:46+00:00","dateModified":"2025-09-25T16:36:38+00:00","mainEntityOfPage":{"@id":"https:\/\/datajenny.se\/Blogg\/2025\/09\/25\/hosta-grasflackar-och-ugnspannkaka-%f0%9f%8c%bf%f0%9f%a5%9e\/"},"wordCount":274,"commentCount":0,"publisher":{"@id":"https:\/\/datajenny.se\/Blogg\/#\/schema\/person\/da3cd1b9792c07c50c88641dcf976bee"},"image":{"@id":"https:\/\/datajenny.se\/Blogg\/2025\/09\/25\/hosta-grasflackar-och-ugnspannkaka-%f0%9f%8c%bf%f0%9f%a5%9e\/#primaryimage"},"thumbnailUrl":"https:\/\/i0.wp.com\/datajenny.se\/Blogg\/wp-content\/uploads\/2025\/09\/20250925_1200508425386969241464997.jpg?fit=1600%2C1200&ssl=1","keywords":["ADHD","Arbete","Autism","Blogg","BUP","Dikt","Erik","Fritids\/Skola","V\u00e5rdcentralen"],"articleSection":["ADHD","Arbete","Autism","Blogg","BUP","Dikt","Erik","Fritids\/Skola","V\u00e5rdcentralen"],"inLanguage":"sv-SE","potentialAction":[{"@type":"CommentAction","name":"Comment","target":["https:\/\/datajenny.se\/Blogg\/2025\/09\/25\/hosta-grasflackar-och-ugnspannkaka-%f0%9f%8c%bf%f0%9f%a5%9e\/#respond"]}]},{"@type":"WebPage","@id":"https:\/\/datajenny.se\/Blogg\/2025\/09\/25\/hosta-grasflackar-och-ugnspannkaka-%f0%9f%8c%bf%f0%9f%a5%9e\/","url":"https:\/\/datajenny.se\/Blogg\/2025\/09\/25\/hosta-grasflackar-och-ugnspannkaka-%f0%9f%8c%bf%f0%9f%a5%9e\/","name":"Hosta, gr\u00e4sfl\u00e4ckar och ugnspannkaka \ud83c\udf3f\ud83e\udd5e - V\u00e4lkommen till JeLo","isPartOf":{"@id":"https:\/\/datajenny.se\/Blogg\/#website"},"primaryImageOfPage":{"@id":"https:\/\/datajenny.se\/Blogg\/2025\/09\/25\/hosta-grasflackar-och-ugnspannkaka-%f0%9f%8c%bf%f0%9f%a5%9e\/#primaryimage"},"image":{"@id":"https:\/\/datajenny.se\/Blogg\/2025\/09\/25\/hosta-grasflackar-och-ugnspannkaka-%f0%9f%8c%bf%f0%9f%a5%9e\/#primaryimage"},"thumbnailUrl":"https:\/\/i0.wp.com\/datajenny.se\/Blogg\/wp-content\/uploads\/2025\/09\/20250925_1200508425386969241464997.jpg?fit=1600%2C1200&ssl=1","datePublished":"2025-09-25T16:28:46+00:00","dateModified":"2025-09-25T16:36:38+00:00","breadcrumb":{"@id":"https:\/\/datajenny.se\/Blogg\/2025\/09\/25\/hosta-grasflackar-och-ugnspannkaka-%f0%9f%8c%bf%f0%9f%a5%9e\/#breadcrumb"},"inLanguage":"sv-SE","potentialAction":[{"@type":"ReadAction","target":["https:\/\/datajenny.se\/Blogg\/2025\/09\/25\/hosta-grasflackar-och-ugnspannkaka-%f0%9f%8c%bf%f0%9f%a5%9e\/"]}]},{"@type":"ImageObject","inLanguage":"sv-SE","@id":"https:\/\/datajenny.se\/Blogg\/2025\/09\/25\/hosta-grasflackar-och-ugnspannkaka-%f0%9f%8c%bf%f0%9f%a5%9e\/#primaryimage","url":"https:\/\/i0.wp.com\/datajenny.se\/Blogg\/wp-content\/uploads\/2025\/09\/20250925_1200508425386969241464997.jpg?fit=1600%2C1200&ssl=1","contentUrl":"https:\/\/i0.wp.com\/datajenny.se\/Blogg\/wp-content\/uploads\/2025\/09\/20250925_1200508425386969241464997.jpg?fit=1600%2C1200&ssl=1","width":1600,"height":1200},{"@type":"BreadcrumbList","@id":"https:\/\/datajenny.se\/Blogg\/2025\/09\/25\/hosta-grasflackar-och-ugnspannkaka-%f0%9f%8c%bf%f0%9f%a5%9e\/#breadcrumb","itemListElement":[{"@type":"ListItem","position":1,"name":"Hem","item":"https:\/\/datajenny.se\/Blogg\/"},{"@type":"ListItem","position":2,"name":"Hosta, gr\u00e4sfl\u00e4ckar och ugnspannkaka \ud83c\udf3f\ud83e\udd5e"}]},{"@type":"WebSite","@id":"https:\/\/datajenny.se\/Blogg\/#website","url":"https:\/\/datajenny.se\/Blogg\/","name":"V\u00e4lkommen till Jenny Louises blogg","description":"Jenny Louises blogg","publisher":{"@id":"https:\/\/datajenny.se\/Blogg\/#\/schema\/person\/da3cd1b9792c07c50c88641dcf976bee"},"potentialAction":[{"@type":"SearchAction","target":{"@type":"EntryPoint","urlTemplate":"https:\/\/datajenny.se\/Blogg\/?s={search_term_string}"},"query-input":{"@type":"PropertyValueSpecification","valueRequired":true,"valueName":"search_term_string"}}],"inLanguage":"sv-SE"},{"@type":["Person","Organization"],"@id":"https:\/\/datajenny.se\/Blogg\/#\/schema\/person\/da3cd1b9792c07c50c88641dcf976bee","name":"Jenny Louise Nod\u00e9n","image":{"@type":"ImageObject","inLanguage":"sv-SE","@id":"https:\/\/datajenny.se\/Blogg\/wp-content\/uploads\/2025\/07\/wp-1751728308657.jpg","url":"https:\/\/datajenny.se\/Blogg\/wp-content\/uploads\/2025\/07\/wp-1751728308657.jpg","contentUrl":"https:\/\/datajenny.se\/Blogg\/wp-content\/uploads\/2025\/07\/wp-1751728308657.jpg","width":928,"height":928,"caption":"Jenny Louise Nod\u00e9n"},"logo":{"@id":"https:\/\/datajenny.se\/Blogg\/wp-content\/uploads\/2025\/07\/wp-1751728308657.jpg"},"description":"Jag \u00e4r en tjej som oftast \u00e4r glad och \u00e4lskar livet, men den 18 januari 2005 s\u00e5 f\u00f6rs\u00f6kte jag ta mitt liv, jag orkade inte helt enkelt l\u00e4ngre. Men min f\u00e4stman hittade mig i duschen, han r\u00e4ddade livet p\u00e5 mig. Jag fick \u00e5ka in till akuten och blev magpumpad samt s\u00e5 fick jag \u00e4ta kr\u00e4ksirap. Hamnade sedan p\u00e5 S\u00e4ter och log d\u00e4r i fyra dagar. Idag \u00e4r jag glad f\u00f6r att han hittade mig, livet har s\u00e5 mycket att erbjuda. Jag bryr mig f\u00f6r mycket om andra, jag kommer alltid i andra hand hos mig sj\u00e4lv. Jag \u00e4r gift med en underbar man vid namn Magnus och vi har en son som heter Erik och \u00e4r f\u00f6dd juni 2018.","sameAs":["https:\/\/datajenny.se\/Blogg","https:\/\/www.facebook.com\/datajenny\/","https:\/\/www.instagram.com\/datajenny\/","https:\/\/www.linkedin.com\/in\/jenny-louise-nodn-75324811b?","https:\/\/youtube.com\/channel\/UCU00yswsJZcmgqfoON6pMwg","https:\/\/datajenny.tumblr.com\/"],"url":"https:\/\/datajenny.se\/Blogg\/author\/jenny_louise\/"}]}},"jetpack_publicize_connections":[],"jetpack_featured_media_url":"https:\/\/i0.wp.com\/datajenny.se\/Blogg\/wp-content\/uploads\/2025\/09\/20250925_1200508425386969241464997.jpg?fit=1600%2C1200&ssl=1","jetpack_sharing_enabled":true,"jetpack_likes_enabled":true,"_links":{"self":[{"href":"https:\/\/datajenny.se\/Blogg\/wp-json\/wp\/v2\/posts\/3534","targetHints":{"allow":["GET"]}}],"collection":[{"href":"https:\/\/datajenny.se\/Blogg\/wp-json\/wp\/v2\/posts"}],"about":[{"href":"https:\/\/datajenny.se\/Blogg\/wp-json\/wp\/v2\/types\/post"}],"author":[{"embeddable":true,"href":"https:\/\/datajenny.se\/Blogg\/wp-json\/wp\/v2\/users\/1"}],"replies":[{"embeddable":true,"href":"https:\/\/datajenny.se\/Blogg\/wp-json\/wp\/v2\/comments?post=3534"}],"version-history":[{"count":1,"href":"https:\/\/datajenny.se\/Blogg\/wp-json\/wp\/v2\/posts\/3534\/revisions"}],"predecessor-version":[{"id":3536,"href":"https:\/\/datajenny.se\/Blogg\/wp-json\/wp\/v2\/posts\/3534\/revisions\/3536"}],"wp:featuredmedia":[{"embeddable":true,"href":"https:\/\/datajenny.se\/Blogg\/wp-json\/wp\/v2\/media\/3533"}],"wp:attachment":[{"href":"https:\/\/datajenny.se\/Blogg\/wp-json\/wp\/v2\/media?parent=3534"}],"wp:term":[{"taxonomy":"category","embeddable":true,"href":"https:\/\/datajenny.se\/Blogg\/wp-json\/wp\/v2\/categories?post=3534"},{"taxonomy":"post_tag","embeddable":true,"href":"https:\/\/datajenny.se\/Blogg\/wp-json\/wp\/v2\/tags?post=3534"}],"curies":[{"name":"wp","href":"https:\/\/api.w.org\/{rel}","templated":true}]}}