{"id":3682,"date":"2025-10-10T19:37:30","date_gmt":"2025-10-10T17:37:30","guid":{"rendered":"https:\/\/datajenny.se\/Blogg\/?p=3682"},"modified":"2025-10-10T19:37:37","modified_gmt":"2025-10-10T17:37:37","slug":"tidig-morgon-och-fredagskansla","status":"publish","type":"post","link":"https:\/\/datajenny.se\/Blogg\/2025\/10\/10\/tidig-morgon-och-fredagskansla\/","title":{"rendered":"Tidig morgon och fredagsk\u00e4nsla"},"content":{"rendered":"\n<p>Imorse best\u00e4mde Erik att det var morgon redan vid 04. <\/p>\n\n\n\n<!--more-->\n\n\n\n<p>Kan ju s\u00e4ga att jag inte riktigt h\u00f6ll med om det! Jag f\u00f6rs\u00f6kte f\u00e5 honom att somna om, men det gick s\u00e5d\u00e4r. Han var pigg som en l\u00e4rka medan jag mest k\u00e4nde mig som en zombie. <\/p>\n\n\n\n<p>Eftersom Magnus \u00e4r sjuk fick jag ta bilen till skolan med Erik i st\u00e4llet f\u00f6r rullatorn. T\u00e4nkte att det skulle underl\u00e4tta n\u00e4r jag skulle h\u00e4mta honom efter jobbet \u2013 och det gjorde det faktiskt.<\/p>\n\n\n\n<p>Jobbet rullade p\u00e5 bra idag. Det var ganska lugnt efter lunch, och n\u00e4r jag slutade \u00e5kte jag direkt och h\u00e4mtade Erik p\u00e5 fritids, runt 16:20. Efter det sv\u00e4ngde vi f\u00f6rbi ICA. B\u00e5de Magnus och Erik hade \u00f6nskat sig chips \u2013 det \u00e4r ju trots allt fredag.<\/p>\n\n\n\n<p>Nu t\u00e4nker jag sl\u00e5 mig ner och titta p\u00e5 lite serier. F\u00f6rhoppningsvis vill Erik somna tidigt, med tanke p\u00e5 att han var uppe i ottan. P\u00e5 fredagar f\u00e5r han annars vara vaken hur l\u00e4nge han vill, vilket oftast betyder att han somnar runt 23\u201300. Jag d\u00e4remot brukar somna l\u00e5ngt f\u00f6re \u2013 ofta redan vid 21 \u2013 men nu n\u00e4r Magnus \u00e4r sjuk f\u00e5r jag f\u00f6rs\u00f6ka h\u00e5lla mig vaken lite l\u00e4ngre.<\/p>\n\n\n\n<p>Jag b\u00f6rjar ocks\u00e5 k\u00e4nna mig lite nerv\u00f6s inf\u00f6r n\u00e4sta vecka. P\u00e5 tisdag och onsdag \u00e5ker jag till G\u00e4vle, och d\u00e5 f\u00e5r Magnus sk\u00f6ta b\u00e5de nattning och l\u00e4mning. Erik \u00e4r ju v\u00e4ldigt mammig, och b\u00e5da tv\u00e5 \u00e4r riktiga morgontr\u00f6tter. Men jag hoppas det g\u00e5r bra f\u00f6r dem.<\/p>\n\n\n\n<p><\/p>\n\n\n<div class=\"wp-block-image\">\n<figure class=\"aligncenter size-large\"><img data-recalc-dims=\"1\" loading=\"lazy\" decoding=\"async\" width=\"480\" height=\"720\" src=\"https:\/\/i0.wp.com\/datajenny.se\/Blogg\/wp-content\/uploads\/2025\/10\/screenshot_20251010_193622_chatgpt8480038450429531910.jpg?resize=480%2C720&#038;ssl=1\" alt=\"\" class=\"wp-image-3683\" srcset=\"https:\/\/i0.wp.com\/datajenny.se\/Blogg\/wp-content\/uploads\/2025\/10\/screenshot_20251010_193622_chatgpt8480038450429531910.jpg?resize=480%2C720&amp;ssl=1 480w, https:\/\/i0.wp.com\/datajenny.se\/Blogg\/wp-content\/uploads\/2025\/10\/screenshot_20251010_193622_chatgpt8480038450429531910.jpg?resize=267%2C400&amp;ssl=1 267w, https:\/\/i0.wp.com\/datajenny.se\/Blogg\/wp-content\/uploads\/2025\/10\/screenshot_20251010_193622_chatgpt8480038450429531910.jpg?w=646&amp;ssl=1 646w\" sizes=\"auto, (max-width: 480px) 100vw, 480px\" \/><\/figure>\n<\/div>\n\n\n<p><\/p>\n\n\n<div class=\"wp-block-ub-divider ub_divider ub-divider-orientation-horizontal\" id=\"ub_divider_4ed2eb64-a09c-47dd-918d-9dde7893e512\"><div class=\"ub_divider_wrapper\" style=\"position: relative; margin-bottom: 2px; width: 100%; height: 2px; \" data-divider-alignment=\"center\"><div class=\"ub_divider_line\" style=\"border-top: 10px dotted #00d084; margin-top: 2px; \"><\/div><\/div><\/div>\n\n\n<p><\/p>\n\n\n\n<h2 class=\"wp-block-heading\">\u2728 Dagens dikt \u2728<\/h2>\n\n\n\n<p><em>N\u00e4r natten smyger, tyst och gr\u00e5, och dagens tr\u00f6tthet lagt sig s\u00e5, d\u00e5 hoppas jag att s\u00f6mnen b\u00e4r<\/em><br \/><em>b\u00e5de liten och stor \u2013 till dr\u00f6mmar d\u00e4r.<\/em><\/p>\n\n\n\n<p><\/p>\n\n\n\n<img data-recalc-dims=\"1\" loading=\"lazy\" decoding=\"async\" style=\"opacity: 0;\" superb-addons-animation=\"zoomIn\" src=\"https:\/\/i0.wp.com\/datajenny.se\/Blogg\/wp-content\/uploads\/2025\/07\/1000012255.png?resize=180%2C53&#038;ssl=1\" alt=\"Signatur\" width=\"180\" height=\"53\">\n\n\n\n<p><\/p>\n","protected":false},"excerpt":{"rendered":"<p>Imorse best\u00e4mde Erik att det var morgon redan vid 04.<\/p>\n","protected":false},"author":1,"featured_media":3683,"comment_status":"open","ping_status":"open","sticky":false,"template":"","format":"standard","meta":{"ngg_post_thumbnail":0,"jetpack_post_was_ever_published":false,"_jetpack_newsletter_access":"","_jetpack_dont_email_post_to_subs":false,"_jetpack_newsletter_tier_id":0,"_jetpack_memberships_contains_paywalled_content":false,"_jetpack_memberships_contains_paid_content":false,"footnotes":"","jetpack_publicize_message":"","jetpack_publicize_feature_enabled":true,"jetpack_social_post_already_shared":true,"jetpack_social_options":{"image_generator_settings":{"template":"highway","default_image_id":0,"font":"","enabled":false},"version":2}},"categories":[117,8,131,38,168,59,185],"tags":[118,9,132,11,169,60,186],"class_list":["post-3682","post","type-post","status-publish","format-standard","has-post-thumbnail","hentry","category-arbete","category-blogg","category-dikt","category-erik","category-fritid-skola","category-handla","category-sjuk","tag-arbete","tag-blogg","tag-dikt","tag-erik","tag-fritid-skola","tag-handla","tag-sjuk"],"featured_image_src":"https:\/\/i0.wp.com\/datajenny.se\/Blogg\/wp-content\/uploads\/2025\/10\/screenshot_20251010_193622_chatgpt8480038450429531910.jpg?fit=646%2C968&ssl=1","author_info":{"display_name":"Jenny Louise Nod\u00e9n","author_link":"https:\/\/datajenny.se\/Blogg\/author\/jenny_louise\/"},"yoast_head":"<!-- This site is optimized with the Yoast SEO plugin v27.3 - https:\/\/yoast.com\/product\/yoast-seo-wordpress\/ -->\n<title>Tidig morgon och fredagsk\u00e4nsla - V\u00e4lkommen till JeLo<\/title>\n<meta name=\"robots\" content=\"index, follow, max-snippet:-1, max-image-preview:large, max-video-preview:-1\" \/>\n<link rel=\"canonical\" href=\"https:\/\/datajenny.se\/Blogg\/2025\/10\/10\/tidig-morgon-och-fredagskansla\/\" \/>\n<meta property=\"og:locale\" content=\"sv_SE\" \/>\n<meta property=\"og:type\" content=\"article\" \/>\n<meta property=\"og:title\" content=\"Tidig morgon och fredagsk\u00e4nsla - V\u00e4lkommen till JeLo\" \/>\n<meta property=\"og:description\" content=\"Imorse best\u00e4mde Erik att det var morgon redan vid 04.\" \/>\n<meta property=\"og:url\" content=\"https:\/\/datajenny.se\/Blogg\/2025\/10\/10\/tidig-morgon-och-fredagskansla\/\" \/>\n<meta property=\"og:site_name\" content=\"V\u00e4lkommen till JeLo\" \/>\n<meta property=\"article:publisher\" content=\"https:\/\/www.facebook.com\/datajenny\/\" \/>\n<meta property=\"article:author\" content=\"https:\/\/www.facebook.com\/datajenny\/\" \/>\n<meta property=\"article:published_time\" content=\"2025-10-10T17:37:30+00:00\" \/>\n<meta property=\"article:modified_time\" content=\"2025-10-10T17:37:37+00:00\" \/>\n<meta property=\"og:image\" content=\"https:\/\/datajenny.se\/Blogg\/wp-content\/uploads\/2025\/10\/screenshot_20251010_193622_chatgpt8480038450429531910-480x720.jpg\" \/>\n<meta name=\"author\" content=\"Jenny Louise Nod\u00e9n\" \/>\n<meta name=\"twitter:card\" content=\"summary_large_image\" \/>\n<meta name=\"twitter:label1\" content=\"Skriven av\" \/>\n\t<meta name=\"twitter:data1\" content=\"Jenny Louise Nod\u00e9n\" \/>\n\t<meta name=\"twitter:label2\" content=\"Ber\u00e4knad l\u00e4stid\" \/>\n\t<meta name=\"twitter:data2\" content=\"2 minuter\" \/>\n<script type=\"application\/ld+json\" class=\"yoast-schema-graph\">{\"@context\":\"https:\\\/\\\/schema.org\",\"@graph\":[{\"@type\":\"Article\",\"@id\":\"https:\\\/\\\/datajenny.se\\\/Blogg\\\/2025\\\/10\\\/10\\\/tidig-morgon-och-fredagskansla\\\/#article\",\"isPartOf\":{\"@id\":\"https:\\\/\\\/datajenny.se\\\/Blogg\\\/2025\\\/10\\\/10\\\/tidig-morgon-och-fredagskansla\\\/\"},\"author\":{\"name\":\"Jenny Louise Nod\u00e9n\",\"@id\":\"https:\\\/\\\/datajenny.se\\\/Blogg\\\/#\\\/schema\\\/person\\\/da3cd1b9792c07c50c88641dcf976bee\"},\"headline\":\"Tidig morgon och fredagsk\u00e4nsla\",\"datePublished\":\"2025-10-10T17:37:30+00:00\",\"dateModified\":\"2025-10-10T17:37:37+00:00\",\"mainEntityOfPage\":{\"@id\":\"https:\\\/\\\/datajenny.se\\\/Blogg\\\/2025\\\/10\\\/10\\\/tidig-morgon-och-fredagskansla\\\/\"},\"wordCount\":321,\"commentCount\":0,\"publisher\":{\"@id\":\"https:\\\/\\\/datajenny.se\\\/Blogg\\\/#\\\/schema\\\/person\\\/da3cd1b9792c07c50c88641dcf976bee\"},\"image\":{\"@id\":\"https:\\\/\\\/datajenny.se\\\/Blogg\\\/2025\\\/10\\\/10\\\/tidig-morgon-och-fredagskansla\\\/#primaryimage\"},\"thumbnailUrl\":\"https:\\\/\\\/i0.wp.com\\\/datajenny.se\\\/Blogg\\\/wp-content\\\/uploads\\\/2025\\\/10\\\/screenshot_20251010_193622_chatgpt8480038450429531910.jpg?fit=646%2C968&ssl=1\",\"keywords\":[\"Arbete\",\"Blogg\",\"Dikt\",\"Erik\",\"Fritids\\\/Skola\",\"Handla\",\"Sjuk\"],\"articleSection\":[\"Arbete\",\"Blogg\",\"Dikt\",\"Erik\",\"Fritids\\\/Skola\",\"Handla\",\"Sjuk\"],\"inLanguage\":\"sv-SE\",\"potentialAction\":[{\"@type\":\"CommentAction\",\"name\":\"Comment\",\"target\":[\"https:\\\/\\\/datajenny.se\\\/Blogg\\\/2025\\\/10\\\/10\\\/tidig-morgon-och-fredagskansla\\\/#respond\"]}]},{\"@type\":\"WebPage\",\"@id\":\"https:\\\/\\\/datajenny.se\\\/Blogg\\\/2025\\\/10\\\/10\\\/tidig-morgon-och-fredagskansla\\\/\",\"url\":\"https:\\\/\\\/datajenny.se\\\/Blogg\\\/2025\\\/10\\\/10\\\/tidig-morgon-och-fredagskansla\\\/\",\"name\":\"Tidig morgon och fredagsk\u00e4nsla - V\u00e4lkommen till JeLo\",\"isPartOf\":{\"@id\":\"https:\\\/\\\/datajenny.se\\\/Blogg\\\/#website\"},\"primaryImageOfPage\":{\"@id\":\"https:\\\/\\\/datajenny.se\\\/Blogg\\\/2025\\\/10\\\/10\\\/tidig-morgon-och-fredagskansla\\\/#primaryimage\"},\"image\":{\"@id\":\"https:\\\/\\\/datajenny.se\\\/Blogg\\\/2025\\\/10\\\/10\\\/tidig-morgon-och-fredagskansla\\\/#primaryimage\"},\"thumbnailUrl\":\"https:\\\/\\\/i0.wp.com\\\/datajenny.se\\\/Blogg\\\/wp-content\\\/uploads\\\/2025\\\/10\\\/screenshot_20251010_193622_chatgpt8480038450429531910.jpg?fit=646%2C968&ssl=1\",\"datePublished\":\"2025-10-10T17:37:30+00:00\",\"dateModified\":\"2025-10-10T17:37:37+00:00\",\"breadcrumb\":{\"@id\":\"https:\\\/\\\/datajenny.se\\\/Blogg\\\/2025\\\/10\\\/10\\\/tidig-morgon-och-fredagskansla\\\/#breadcrumb\"},\"inLanguage\":\"sv-SE\",\"potentialAction\":[{\"@type\":\"ReadAction\",\"target\":[\"https:\\\/\\\/datajenny.se\\\/Blogg\\\/2025\\\/10\\\/10\\\/tidig-morgon-och-fredagskansla\\\/\"]}]},{\"@type\":\"ImageObject\",\"inLanguage\":\"sv-SE\",\"@id\":\"https:\\\/\\\/datajenny.se\\\/Blogg\\\/2025\\\/10\\\/10\\\/tidig-morgon-och-fredagskansla\\\/#primaryimage\",\"url\":\"https:\\\/\\\/i0.wp.com\\\/datajenny.se\\\/Blogg\\\/wp-content\\\/uploads\\\/2025\\\/10\\\/screenshot_20251010_193622_chatgpt8480038450429531910.jpg?fit=646%2C968&ssl=1\",\"contentUrl\":\"https:\\\/\\\/i0.wp.com\\\/datajenny.se\\\/Blogg\\\/wp-content\\\/uploads\\\/2025\\\/10\\\/screenshot_20251010_193622_chatgpt8480038450429531910.jpg?fit=646%2C968&ssl=1\",\"width\":646,\"height\":968},{\"@type\":\"BreadcrumbList\",\"@id\":\"https:\\\/\\\/datajenny.se\\\/Blogg\\\/2025\\\/10\\\/10\\\/tidig-morgon-och-fredagskansla\\\/#breadcrumb\",\"itemListElement\":[{\"@type\":\"ListItem\",\"position\":1,\"name\":\"Hem\",\"item\":\"https:\\\/\\\/datajenny.se\\\/Blogg\\\/\"},{\"@type\":\"ListItem\",\"position\":2,\"name\":\"Tidig morgon och fredagsk\u00e4nsla\"}]},{\"@type\":\"WebSite\",\"@id\":\"https:\\\/\\\/datajenny.se\\\/Blogg\\\/#website\",\"url\":\"https:\\\/\\\/datajenny.se\\\/Blogg\\\/\",\"name\":\"V\u00e4lkommen till Jenny Louises blogg\",\"description\":\"Jenny Louises blogg\",\"publisher\":{\"@id\":\"https:\\\/\\\/datajenny.se\\\/Blogg\\\/#\\\/schema\\\/person\\\/da3cd1b9792c07c50c88641dcf976bee\"},\"potentialAction\":[{\"@type\":\"SearchAction\",\"target\":{\"@type\":\"EntryPoint\",\"urlTemplate\":\"https:\\\/\\\/datajenny.se\\\/Blogg\\\/?s={search_term_string}\"},\"query-input\":{\"@type\":\"PropertyValueSpecification\",\"valueRequired\":true,\"valueName\":\"search_term_string\"}}],\"inLanguage\":\"sv-SE\"},{\"@type\":[\"Person\",\"Organization\"],\"@id\":\"https:\\\/\\\/datajenny.se\\\/Blogg\\\/#\\\/schema\\\/person\\\/da3cd1b9792c07c50c88641dcf976bee\",\"name\":\"Jenny Louise Nod\u00e9n\",\"image\":{\"@type\":\"ImageObject\",\"inLanguage\":\"sv-SE\",\"@id\":\"https:\\\/\\\/datajenny.se\\\/Blogg\\\/wp-content\\\/uploads\\\/2025\\\/07\\\/wp-1751728308657.jpg\",\"url\":\"https:\\\/\\\/datajenny.se\\\/Blogg\\\/wp-content\\\/uploads\\\/2025\\\/07\\\/wp-1751728308657.jpg\",\"contentUrl\":\"https:\\\/\\\/datajenny.se\\\/Blogg\\\/wp-content\\\/uploads\\\/2025\\\/07\\\/wp-1751728308657.jpg\",\"width\":928,\"height\":928,\"caption\":\"Jenny Louise Nod\u00e9n\"},\"logo\":{\"@id\":\"https:\\\/\\\/datajenny.se\\\/Blogg\\\/wp-content\\\/uploads\\\/2025\\\/07\\\/wp-1751728308657.jpg\"},\"description\":\"Jag \u00e4r en tjej som oftast \u00e4r glad och \u00e4lskar livet, men den 18 januari 2005 s\u00e5 f\u00f6rs\u00f6kte jag ta mitt liv, jag orkade inte helt enkelt l\u00e4ngre. Men min f\u00e4stman hittade mig i duschen, han r\u00e4ddade livet p\u00e5 mig. Jag fick \u00e5ka in till akuten och blev magpumpad samt s\u00e5 fick jag \u00e4ta kr\u00e4ksirap. Hamnade sedan p\u00e5 S\u00e4ter och log d\u00e4r i fyra dagar. Idag \u00e4r jag glad f\u00f6r att han hittade mig, livet har s\u00e5 mycket att erbjuda. Jag bryr mig f\u00f6r mycket om andra, jag kommer alltid i andra hand hos mig sj\u00e4lv. Jag \u00e4r gift med en underbar man vid namn Magnus och vi har en son som heter Erik och \u00e4r f\u00f6dd juni 2018.\",\"sameAs\":[\"https:\\\/\\\/datajenny.se\\\/Blogg\",\"https:\\\/\\\/www.facebook.com\\\/datajenny\\\/\",\"https:\\\/\\\/www.instagram.com\\\/datajenny\\\/\",\"https:\\\/\\\/www.linkedin.com\\\/in\\\/jenny-louise-nodn-75324811b?\",\"https:\\\/\\\/youtube.com\\\/channel\\\/UCU00yswsJZcmgqfoON6pMwg\",\"https:\\\/\\\/datajenny.tumblr.com\\\/\"],\"url\":\"https:\\\/\\\/datajenny.se\\\/Blogg\\\/author\\\/jenny_louise\\\/\"}]}<\/script>\n<!-- \/ Yoast SEO plugin. -->","yoast_head_json":{"title":"Tidig morgon och fredagsk\u00e4nsla - V\u00e4lkommen till JeLo","robots":{"index":"index","follow":"follow","max-snippet":"max-snippet:-1","max-image-preview":"max-image-preview:large","max-video-preview":"max-video-preview:-1"},"canonical":"https:\/\/datajenny.se\/Blogg\/2025\/10\/10\/tidig-morgon-och-fredagskansla\/","og_locale":"sv_SE","og_type":"article","og_title":"Tidig morgon och fredagsk\u00e4nsla - V\u00e4lkommen till JeLo","og_description":"Imorse best\u00e4mde Erik att det var morgon redan vid 04.","og_url":"https:\/\/datajenny.se\/Blogg\/2025\/10\/10\/tidig-morgon-och-fredagskansla\/","og_site_name":"V\u00e4lkommen till JeLo","article_publisher":"https:\/\/www.facebook.com\/datajenny\/","article_author":"https:\/\/www.facebook.com\/datajenny\/","article_published_time":"2025-10-10T17:37:30+00:00","article_modified_time":"2025-10-10T17:37:37+00:00","og_image":[{"url":"https:\/\/datajenny.se\/Blogg\/wp-content\/uploads\/2025\/10\/screenshot_20251010_193622_chatgpt8480038450429531910-480x720.jpg","type":"","width":"","height":""}],"author":"Jenny Louise Nod\u00e9n","twitter_card":"summary_large_image","twitter_misc":{"Skriven av":"Jenny Louise Nod\u00e9n","Ber\u00e4knad l\u00e4stid":"2 minuter"},"schema":{"@context":"https:\/\/schema.org","@graph":[{"@type":"Article","@id":"https:\/\/datajenny.se\/Blogg\/2025\/10\/10\/tidig-morgon-och-fredagskansla\/#article","isPartOf":{"@id":"https:\/\/datajenny.se\/Blogg\/2025\/10\/10\/tidig-morgon-och-fredagskansla\/"},"author":{"name":"Jenny Louise Nod\u00e9n","@id":"https:\/\/datajenny.se\/Blogg\/#\/schema\/person\/da3cd1b9792c07c50c88641dcf976bee"},"headline":"Tidig morgon och fredagsk\u00e4nsla","datePublished":"2025-10-10T17:37:30+00:00","dateModified":"2025-10-10T17:37:37+00:00","mainEntityOfPage":{"@id":"https:\/\/datajenny.se\/Blogg\/2025\/10\/10\/tidig-morgon-och-fredagskansla\/"},"wordCount":321,"commentCount":0,"publisher":{"@id":"https:\/\/datajenny.se\/Blogg\/#\/schema\/person\/da3cd1b9792c07c50c88641dcf976bee"},"image":{"@id":"https:\/\/datajenny.se\/Blogg\/2025\/10\/10\/tidig-morgon-och-fredagskansla\/#primaryimage"},"thumbnailUrl":"https:\/\/i0.wp.com\/datajenny.se\/Blogg\/wp-content\/uploads\/2025\/10\/screenshot_20251010_193622_chatgpt8480038450429531910.jpg?fit=646%2C968&ssl=1","keywords":["Arbete","Blogg","Dikt","Erik","Fritids\/Skola","Handla","Sjuk"],"articleSection":["Arbete","Blogg","Dikt","Erik","Fritids\/Skola","Handla","Sjuk"],"inLanguage":"sv-SE","potentialAction":[{"@type":"CommentAction","name":"Comment","target":["https:\/\/datajenny.se\/Blogg\/2025\/10\/10\/tidig-morgon-och-fredagskansla\/#respond"]}]},{"@type":"WebPage","@id":"https:\/\/datajenny.se\/Blogg\/2025\/10\/10\/tidig-morgon-och-fredagskansla\/","url":"https:\/\/datajenny.se\/Blogg\/2025\/10\/10\/tidig-morgon-och-fredagskansla\/","name":"Tidig morgon och fredagsk\u00e4nsla - V\u00e4lkommen till JeLo","isPartOf":{"@id":"https:\/\/datajenny.se\/Blogg\/#website"},"primaryImageOfPage":{"@id":"https:\/\/datajenny.se\/Blogg\/2025\/10\/10\/tidig-morgon-och-fredagskansla\/#primaryimage"},"image":{"@id":"https:\/\/datajenny.se\/Blogg\/2025\/10\/10\/tidig-morgon-och-fredagskansla\/#primaryimage"},"thumbnailUrl":"https:\/\/i0.wp.com\/datajenny.se\/Blogg\/wp-content\/uploads\/2025\/10\/screenshot_20251010_193622_chatgpt8480038450429531910.jpg?fit=646%2C968&ssl=1","datePublished":"2025-10-10T17:37:30+00:00","dateModified":"2025-10-10T17:37:37+00:00","breadcrumb":{"@id":"https:\/\/datajenny.se\/Blogg\/2025\/10\/10\/tidig-morgon-och-fredagskansla\/#breadcrumb"},"inLanguage":"sv-SE","potentialAction":[{"@type":"ReadAction","target":["https:\/\/datajenny.se\/Blogg\/2025\/10\/10\/tidig-morgon-och-fredagskansla\/"]}]},{"@type":"ImageObject","inLanguage":"sv-SE","@id":"https:\/\/datajenny.se\/Blogg\/2025\/10\/10\/tidig-morgon-och-fredagskansla\/#primaryimage","url":"https:\/\/i0.wp.com\/datajenny.se\/Blogg\/wp-content\/uploads\/2025\/10\/screenshot_20251010_193622_chatgpt8480038450429531910.jpg?fit=646%2C968&ssl=1","contentUrl":"https:\/\/i0.wp.com\/datajenny.se\/Blogg\/wp-content\/uploads\/2025\/10\/screenshot_20251010_193622_chatgpt8480038450429531910.jpg?fit=646%2C968&ssl=1","width":646,"height":968},{"@type":"BreadcrumbList","@id":"https:\/\/datajenny.se\/Blogg\/2025\/10\/10\/tidig-morgon-och-fredagskansla\/#breadcrumb","itemListElement":[{"@type":"ListItem","position":1,"name":"Hem","item":"https:\/\/datajenny.se\/Blogg\/"},{"@type":"ListItem","position":2,"name":"Tidig morgon och fredagsk\u00e4nsla"}]},{"@type":"WebSite","@id":"https:\/\/datajenny.se\/Blogg\/#website","url":"https:\/\/datajenny.se\/Blogg\/","name":"V\u00e4lkommen till Jenny Louises blogg","description":"Jenny Louises blogg","publisher":{"@id":"https:\/\/datajenny.se\/Blogg\/#\/schema\/person\/da3cd1b9792c07c50c88641dcf976bee"},"potentialAction":[{"@type":"SearchAction","target":{"@type":"EntryPoint","urlTemplate":"https:\/\/datajenny.se\/Blogg\/?s={search_term_string}"},"query-input":{"@type":"PropertyValueSpecification","valueRequired":true,"valueName":"search_term_string"}}],"inLanguage":"sv-SE"},{"@type":["Person","Organization"],"@id":"https:\/\/datajenny.se\/Blogg\/#\/schema\/person\/da3cd1b9792c07c50c88641dcf976bee","name":"Jenny Louise Nod\u00e9n","image":{"@type":"ImageObject","inLanguage":"sv-SE","@id":"https:\/\/datajenny.se\/Blogg\/wp-content\/uploads\/2025\/07\/wp-1751728308657.jpg","url":"https:\/\/datajenny.se\/Blogg\/wp-content\/uploads\/2025\/07\/wp-1751728308657.jpg","contentUrl":"https:\/\/datajenny.se\/Blogg\/wp-content\/uploads\/2025\/07\/wp-1751728308657.jpg","width":928,"height":928,"caption":"Jenny Louise Nod\u00e9n"},"logo":{"@id":"https:\/\/datajenny.se\/Blogg\/wp-content\/uploads\/2025\/07\/wp-1751728308657.jpg"},"description":"Jag \u00e4r en tjej som oftast \u00e4r glad och \u00e4lskar livet, men den 18 januari 2005 s\u00e5 f\u00f6rs\u00f6kte jag ta mitt liv, jag orkade inte helt enkelt l\u00e4ngre. Men min f\u00e4stman hittade mig i duschen, han r\u00e4ddade livet p\u00e5 mig. Jag fick \u00e5ka in till akuten och blev magpumpad samt s\u00e5 fick jag \u00e4ta kr\u00e4ksirap. Hamnade sedan p\u00e5 S\u00e4ter och log d\u00e4r i fyra dagar. Idag \u00e4r jag glad f\u00f6r att han hittade mig, livet har s\u00e5 mycket att erbjuda. Jag bryr mig f\u00f6r mycket om andra, jag kommer alltid i andra hand hos mig sj\u00e4lv. Jag \u00e4r gift med en underbar man vid namn Magnus och vi har en son som heter Erik och \u00e4r f\u00f6dd juni 2018.","sameAs":["https:\/\/datajenny.se\/Blogg","https:\/\/www.facebook.com\/datajenny\/","https:\/\/www.instagram.com\/datajenny\/","https:\/\/www.linkedin.com\/in\/jenny-louise-nodn-75324811b?","https:\/\/youtube.com\/channel\/UCU00yswsJZcmgqfoON6pMwg","https:\/\/datajenny.tumblr.com\/"],"url":"https:\/\/datajenny.se\/Blogg\/author\/jenny_louise\/"}]}},"jetpack_publicize_connections":[],"jetpack_featured_media_url":"https:\/\/i0.wp.com\/datajenny.se\/Blogg\/wp-content\/uploads\/2025\/10\/screenshot_20251010_193622_chatgpt8480038450429531910.jpg?fit=646%2C968&ssl=1","jetpack_sharing_enabled":true,"jetpack_likes_enabled":true,"_links":{"self":[{"href":"https:\/\/datajenny.se\/Blogg\/wp-json\/wp\/v2\/posts\/3682","targetHints":{"allow":["GET"]}}],"collection":[{"href":"https:\/\/datajenny.se\/Blogg\/wp-json\/wp\/v2\/posts"}],"about":[{"href":"https:\/\/datajenny.se\/Blogg\/wp-json\/wp\/v2\/types\/post"}],"author":[{"embeddable":true,"href":"https:\/\/datajenny.se\/Blogg\/wp-json\/wp\/v2\/users\/1"}],"replies":[{"embeddable":true,"href":"https:\/\/datajenny.se\/Blogg\/wp-json\/wp\/v2\/comments?post=3682"}],"version-history":[{"count":1,"href":"https:\/\/datajenny.se\/Blogg\/wp-json\/wp\/v2\/posts\/3682\/revisions"}],"predecessor-version":[{"id":3684,"href":"https:\/\/datajenny.se\/Blogg\/wp-json\/wp\/v2\/posts\/3682\/revisions\/3684"}],"wp:featuredmedia":[{"embeddable":true,"href":"https:\/\/datajenny.se\/Blogg\/wp-json\/wp\/v2\/media\/3683"}],"wp:attachment":[{"href":"https:\/\/datajenny.se\/Blogg\/wp-json\/wp\/v2\/media?parent=3682"}],"wp:term":[{"taxonomy":"category","embeddable":true,"href":"https:\/\/datajenny.se\/Blogg\/wp-json\/wp\/v2\/categories?post=3682"},{"taxonomy":"post_tag","embeddable":true,"href":"https:\/\/datajenny.se\/Blogg\/wp-json\/wp\/v2\/tags?post=3682"}],"curies":[{"name":"wp","href":"https:\/\/api.w.org\/{rel}","templated":true}]}}