{"id":3798,"date":"2025-10-25T18:50:40","date_gmt":"2025-10-25T16:50:40","guid":{"rendered":"https:\/\/datajenny.se\/Blogg\/?p=3798"},"modified":"2025-10-25T18:54:13","modified_gmt":"2025-10-25T16:54:13","slug":"en-lordag-med-karlek-och-teknikstrul-%f0%9f%92%bb%f0%9f%92%9e","status":"publish","type":"post","link":"https:\/\/datajenny.se\/Blogg\/2025\/10\/25\/en-lordag-med-karlek-och-teknikstrul-%f0%9f%92%bb%f0%9f%92%9e\/","title":{"rendered":"En l\u00f6rdag med k\u00e4rlek och teknikstrul \ud83d\udcbb\ud83d\udc9e"},"content":{"rendered":"\n<p>Familjen vaknade runt 07:30 i morse, ganska lagom tid f\u00f6r att vara helg.<\/p>\n\n\n\n<!--more-->\n\n\n\n<p>Efter lunch ringde farsan \u2013 datorn hade inget internet, och det var f\u00f6rst\u00e5s akut. S\u00e5 jag packade ihop mig sj\u00e4lv och fr\u00e5gade Erik om han ville f\u00f6lja med till mormor och morfar. Det ville han verkligen!<br>Medan jag satt p\u00e5 toa h\u00f6r jag pl\u00f6tsligt ett ivrigt:<br>\u2013 &#8221;Nu \u00e5ker vi!&#8221;<br>Jag tittar ut \u2013 och d\u00e4r st\u00e5r Erik, redo med st\u00f6vlarna p\u00e5\u2026 men utan byxor. \ud83d\ude05<br>Jag fick snabbt p\u00e5minna honom om att byxor faktiskt \u00e4r en ganska viktig del av outfiten.<\/p>\n\n\n\n<p><\/p>\n\n\n<div class=\"wp-block-image\">\n<figure class=\"aligncenter size-large\"><img data-recalc-dims=\"1\" loading=\"lazy\" decoding=\"async\" width=\"540\" height=\"720\" src=\"https:\/\/i0.wp.com\/datajenny.se\/Blogg\/wp-content\/uploads\/2025\/10\/20251025_1243523270647572629209080.jpg?resize=540%2C720&#038;ssl=1\" alt=\"\" class=\"wp-image-3796\" srcset=\"https:\/\/i0.wp.com\/datajenny.se\/Blogg\/wp-content\/uploads\/2025\/10\/20251025_1243523270647572629209080.jpg?resize=540%2C720&amp;ssl=1 540w, https:\/\/i0.wp.com\/datajenny.se\/Blogg\/wp-content\/uploads\/2025\/10\/20251025_1243523270647572629209080.jpg?resize=300%2C400&amp;ssl=1 300w, https:\/\/i0.wp.com\/datajenny.se\/Blogg\/wp-content\/uploads\/2025\/10\/20251025_1243523270647572629209080.jpg?resize=768%2C1024&amp;ssl=1 768w, https:\/\/i0.wp.com\/datajenny.se\/Blogg\/wp-content\/uploads\/2025\/10\/20251025_1243523270647572629209080.jpg?resize=1152%2C1536&amp;ssl=1 1152w, https:\/\/i0.wp.com\/datajenny.se\/Blogg\/wp-content\/uploads\/2025\/10\/20251025_1243523270647572629209080.jpg?resize=1024%2C1365&amp;ssl=1 1024w, https:\/\/i0.wp.com\/datajenny.se\/Blogg\/wp-content\/uploads\/2025\/10\/20251025_1243523270647572629209080.jpg?w=1200&amp;ssl=1 1200w\" sizes=\"auto, (max-width: 540px) 100vw, 540px\" \/><\/figure>\n<\/div>\n\n\n<p><\/p>\n\n\n\n<p>V\u00e4l framme i Fagersta kollade jag datorn \u2013 inget WIFI. Jag tog fram min egen f\u00f6r att testa, men inte ens den gick att koppla upp. Det visade sig att ingen enhet hade WIFI. Som tur var l\u00f6ste det sig efter en klassisk fels\u00f6kningsmetod: starta om routern. Allt fungerade igen.<\/p>\n\n\n\n<p><\/p>\n\n\n<div class=\"wp-block-image\">\n<figure class=\"aligncenter size-large\"><img data-recalc-dims=\"1\" loading=\"lazy\" decoding=\"async\" width=\"640\" height=\"480\" src=\"https:\/\/i0.wp.com\/datajenny.se\/Blogg\/wp-content\/uploads\/2025\/10\/20251025_1424235161034361109798369.jpg?resize=640%2C480&#038;ssl=1\" alt=\"\" class=\"wp-image-3797\" srcset=\"https:\/\/i0.wp.com\/datajenny.se\/Blogg\/wp-content\/uploads\/2025\/10\/20251025_1424235161034361109798369.jpg?resize=720%2C540&amp;ssl=1 720w, https:\/\/i0.wp.com\/datajenny.se\/Blogg\/wp-content\/uploads\/2025\/10\/20251025_1424235161034361109798369.jpg?resize=400%2C300&amp;ssl=1 400w, https:\/\/i0.wp.com\/datajenny.se\/Blogg\/wp-content\/uploads\/2025\/10\/20251025_1424235161034361109798369.jpg?resize=768%2C576&amp;ssl=1 768w, https:\/\/i0.wp.com\/datajenny.se\/Blogg\/wp-content\/uploads\/2025\/10\/20251025_1424235161034361109798369.jpg?resize=1536%2C1152&amp;ssl=1 1536w, https:\/\/i0.wp.com\/datajenny.se\/Blogg\/wp-content\/uploads\/2025\/10\/20251025_1424235161034361109798369.jpg?resize=1024%2C768&amp;ssl=1 1024w, https:\/\/i0.wp.com\/datajenny.se\/Blogg\/wp-content\/uploads\/2025\/10\/20251025_1424235161034361109798369.jpg?w=1600&amp;ssl=1 1600w, https:\/\/i0.wp.com\/datajenny.se\/Blogg\/wp-content\/uploads\/2025\/10\/20251025_1424235161034361109798369.jpg?w=1280&amp;ssl=1 1280w\" sizes=\"auto, (max-width: 640px) 100vw, 640px\" \/><\/figure>\n<\/div>\n\n\n<p><\/p>\n\n\n\n<p>Under tiden hade jag s\u00e4llskap av morsans katt Tarzan, som absolut skulle ligga i mitt kn\u00e4 \u2013 oavsett om det fanns plats eller inte. \ud83d\ude3a<\/p>\n\n\n\n<p><\/p>\n\n\n<div style=\"width: 100%; \" class=\"ub-advanced-video-container wp-block-ub-advanced-video\" id=\"ub-advanced-video-aa6ea4e1-8f76-46b3-bb4e-81eb317836fb\"><div class=\"ub-advanced-video-embed ub-advanced-video-autofit-youtube\" style=\"box-shadow: 0px -0px 0px 0px rgba(0, 0, 0, 1); border-top: 0px solid ; border-left: 0px solid ; border-right: 0px solid ; border-bottom: 0px solid ; border-top-left-radius: 0px; border-top-right-radius: 0px; border-bottom-left-radius: 0px; border-bottom-right-radius: 0px; --ub-advanced-video-aspect-ratio: 1280\/720; \"><iframe loading=\"lazy\" width=\"1280\" height=\"720\" src=\"\/\/www.youtube.com\/embed\/gpVScJPBTfA\" frameborder=\"0\" allow=\"accelerometer; autoplay; clipboard-write; encrypted-media; gyroscope; picture-in-picture; web-share\" referrerpolicy=\"strict-origin-when-cross-origin\" allowfullscreen><\/iframe><\/div><\/div>\n\n\n<p><\/p>\n\n\n\n<p>Den andra katten, Tesla, \u00e4r inte lika social, s\u00e4rskilt inte n\u00e4r barn \u00e4r i n\u00e4rheten. Hon h\u00f6ll sig mest g\u00f6md bakom airfryern under hela bes\u00f6ket.<\/p>\n\n\n\n<p><\/p>\n\n\n<div class=\"wp-block-image\">\n<figure class=\"aligncenter size-large\"><img data-recalc-dims=\"1\" loading=\"lazy\" decoding=\"async\" width=\"540\" height=\"720\" src=\"https:\/\/i0.wp.com\/datajenny.se\/Blogg\/wp-content\/uploads\/2025\/10\/20251025_15400484552572430335753.jpg?resize=540%2C720&#038;ssl=1\" alt=\"\" class=\"wp-image-3799\" srcset=\"https:\/\/i0.wp.com\/datajenny.se\/Blogg\/wp-content\/uploads\/2025\/10\/20251025_15400484552572430335753.jpg?resize=540%2C720&amp;ssl=1 540w, https:\/\/i0.wp.com\/datajenny.se\/Blogg\/wp-content\/uploads\/2025\/10\/20251025_15400484552572430335753.jpg?resize=300%2C400&amp;ssl=1 300w, https:\/\/i0.wp.com\/datajenny.se\/Blogg\/wp-content\/uploads\/2025\/10\/20251025_15400484552572430335753.jpg?resize=768%2C1024&amp;ssl=1 768w, https:\/\/i0.wp.com\/datajenny.se\/Blogg\/wp-content\/uploads\/2025\/10\/20251025_15400484552572430335753.jpg?resize=1152%2C1536&amp;ssl=1 1152w, https:\/\/i0.wp.com\/datajenny.se\/Blogg\/wp-content\/uploads\/2025\/10\/20251025_15400484552572430335753.jpg?resize=1024%2C1365&amp;ssl=1 1024w, https:\/\/i0.wp.com\/datajenny.se\/Blogg\/wp-content\/uploads\/2025\/10\/20251025_15400484552572430335753.jpg?w=1200&amp;ssl=1 1200w\" sizes=\"auto, (max-width: 540px) 100vw, 540px\" \/><\/figure>\n<\/div>\n\n\n<p><\/p>\n\n\n\n<p>Theresia var d\u00e4r ocks\u00e5. Hon och Erik lekte s\u00e5 fint ihop. De tv\u00e5 \u00e4r verkligen oskiljaktiga, och enligt dem sj\u00e4lva ska de gifta sig n\u00e4r de blir stora. \ud83e\udd70<br>Jag kan inte l\u00e5ta bli att undra vad de kommer s\u00e4ga n\u00e4r man ber\u00e4ttar det om n\u00e5gra \u00e5r\u2026<br><\/p>\n\n\n\n<p>\ud83d\udc49 L\u00e4s g\u00e4rna det tidigare inl\u00e4gget om deras lilla k\u00e4rlekshistoria:<br><a href=\"https:\/\/datajenny.se\/Blogg\/2025\/10\/25\/karlek-pa-lagstadieniva-%F0%9F%92%95\/\">K\u00e4rlek p\u00e5 l\u00e5gstadieniv\u00e5<\/a> \ud83d\udc95<\/p>\n\n\n\n<p><\/p>\n\n\n<div class=\"wp-block-ub-divider ub_divider ub-divider-orientation-horizontal\" id=\"ub_divider_4952b739-164d-40ce-864b-2290d6c43bec\"><div class=\"ub_divider_wrapper\" style=\"position: relative; margin-bottom: 2px; width: 100%; height: 2px; \" data-divider-alignment=\"center\"><div class=\"ub_divider_line\" style=\"border-top: 10px dotted #00d084; margin-top: 2px; \"><\/div><\/div><\/div>\n\n\n<p><\/p>\n\n\n\n<h2 class=\"wp-block-heading\">\u2728 Dagens dikt \u2728<\/h2>\n\n\n\n<p><em>Sm\u00e5 f\u00f6tter springer, stora dr\u00f6mmar bor, i hj\u00e4rtan som \u00e4nnu inte vet vart de g\u00e5r.<\/em><br><em>K\u00e4rleken spirar i lekens land, d\u00e4r allt k\u00e4nns m\u00f6jligt \u2013 hand i hand.<\/em><br><em>Och mitt i vardagens trassel och brus, finns v\u00e4rmen d\u00e4r, som ett stilla ljus.<\/em><\/p>\n\n\n\n<p><\/p>\n\n\n\n<img data-recalc-dims=\"1\" loading=\"lazy\" decoding=\"async\" style=\"opacity: 0;\" superb-addons-animation=\"zoomIn\" src=\"https:\/\/i0.wp.com\/datajenny.se\/Blogg\/wp-content\/uploads\/2025\/07\/1000012255.png?resize=180%2C53&#038;ssl=1\" alt=\"Signatur\" width=\"180\" height=\"53\">\n\n\n\n<p><\/p>\n","protected":false},"excerpt":{"rendered":"<p>Familjen vaknade runt 07:30 i morse, ganska lagom tid f\u00f6r att vara helg.<\/p>\n","protected":false},"author":1,"featured_media":3797,"comment_status":"open","ping_status":"open","sticky":false,"template":"","format":"standard","meta":{"ngg_post_thumbnail":0,"jetpack_post_was_ever_published":false,"_jetpack_newsletter_access":"","_jetpack_dont_email_post_to_subs":false,"_jetpack_newsletter_tier_id":0,"_jetpack_memberships_contains_paywalled_content":false,"_jetpack_memberships_contains_paid_content":false,"footnotes":"","jetpack_publicize_message":"","jetpack_publicize_feature_enabled":true,"jetpack_social_post_already_shared":true,"jetpack_social_options":{"image_generator_settings":{"template":"highway","default_image_id":0,"font":"","enabled":false},"version":2}},"categories":[231,8,131,38,75,63,150,235,44],"tags":[9,132,11,77,66,151,236,12],"class_list":["post-3798","post","type-post","status-publish","format-standard","has-post-thumbnail","hentry","category-barn","category-blogg","category-dikt","category-erik","category-fagersta","category-katter","category-mormor-och-morfar","category-support","category-youtube","tag-blogg","tag-dikt","tag-erik","tag-fagersta","tag-katter","tag-mormor-och-morfar","tag-support","tag-youtube"],"featured_image_src":"https:\/\/i0.wp.com\/datajenny.se\/Blogg\/wp-content\/uploads\/2025\/10\/20251025_1424235161034361109798369.jpg?fit=1600%2C1200&ssl=1","author_info":{"display_name":"Jenny Louise Nod\u00e9n","author_link":"https:\/\/datajenny.se\/Blogg\/author\/jenny_louise\/"},"yoast_head":"<!-- This site is optimized with the Yoast SEO plugin v27.3 - https:\/\/yoast.com\/product\/yoast-seo-wordpress\/ -->\n<title>En l\u00f6rdag med k\u00e4rlek och teknikstrul \ud83d\udcbb\ud83d\udc9e - V\u00e4lkommen till JeLo<\/title>\n<meta name=\"robots\" content=\"index, follow, max-snippet:-1, max-image-preview:large, max-video-preview:-1\" \/>\n<link rel=\"canonical\" href=\"https:\/\/datajenny.se\/Blogg\/2025\/10\/25\/en-lordag-med-karlek-och-teknikstrul-\ud83d\udcbb\ud83d\udc9e\/\" \/>\n<meta property=\"og:locale\" content=\"sv_SE\" \/>\n<meta property=\"og:type\" content=\"article\" \/>\n<meta property=\"og:title\" content=\"En l\u00f6rdag med k\u00e4rlek och teknikstrul \ud83d\udcbb\ud83d\udc9e - V\u00e4lkommen till JeLo\" \/>\n<meta property=\"og:description\" content=\"Familjen vaknade runt 07:30 i morse, ganska lagom tid f\u00f6r att vara helg.\" \/>\n<meta property=\"og:url\" content=\"https:\/\/datajenny.se\/Blogg\/2025\/10\/25\/en-lordag-med-karlek-och-teknikstrul-\ud83d\udcbb\ud83d\udc9e\/\" \/>\n<meta property=\"og:site_name\" content=\"V\u00e4lkommen till JeLo\" \/>\n<meta property=\"article:publisher\" content=\"https:\/\/www.facebook.com\/datajenny\/\" \/>\n<meta property=\"article:author\" content=\"https:\/\/www.facebook.com\/datajenny\/\" \/>\n<meta property=\"article:published_time\" content=\"2025-10-25T16:50:40+00:00\" \/>\n<meta property=\"article:modified_time\" content=\"2025-10-25T16:54:13+00:00\" \/>\n<meta property=\"og:image\" content=\"https:\/\/datajenny.se\/Blogg\/wp-content\/uploads\/2025\/10\/20251025_1424235161034361109798369.jpg\" \/>\n\t<meta property=\"og:image:width\" content=\"1600\" \/>\n\t<meta property=\"og:image:height\" content=\"1200\" \/>\n\t<meta property=\"og:image:type\" content=\"image\/jpeg\" \/>\n<meta name=\"author\" content=\"Jenny Louise Nod\u00e9n\" \/>\n<meta name=\"twitter:card\" content=\"summary_large_image\" \/>\n<meta name=\"twitter:label1\" content=\"Skriven av\" \/>\n\t<meta name=\"twitter:data1\" content=\"Jenny Louise Nod\u00e9n\" \/>\n\t<meta name=\"twitter:label2\" content=\"Ber\u00e4knad l\u00e4stid\" \/>\n\t<meta name=\"twitter:data2\" content=\"3 minuter\" \/>\n<script type=\"application\/ld+json\" class=\"yoast-schema-graph\">{\"@context\":\"https:\\\/\\\/schema.org\",\"@graph\":[{\"@type\":\"Article\",\"@id\":\"https:\\\/\\\/datajenny.se\\\/Blogg\\\/2025\\\/10\\\/25\\\/en-lordag-med-karlek-och-teknikstrul-%f0%9f%92%bb%f0%9f%92%9e\\\/#article\",\"isPartOf\":{\"@id\":\"https:\\\/\\\/datajenny.se\\\/Blogg\\\/2025\\\/10\\\/25\\\/en-lordag-med-karlek-och-teknikstrul-%f0%9f%92%bb%f0%9f%92%9e\\\/\"},\"author\":{\"name\":\"Jenny Louise Nod\u00e9n\",\"@id\":\"https:\\\/\\\/datajenny.se\\\/Blogg\\\/#\\\/schema\\\/person\\\/da3cd1b9792c07c50c88641dcf976bee\"},\"headline\":\"En l\u00f6rdag med k\u00e4rlek och teknikstrul \ud83d\udcbb\ud83d\udc9e\",\"datePublished\":\"2025-10-25T16:50:40+00:00\",\"dateModified\":\"2025-10-25T16:54:13+00:00\",\"mainEntityOfPage\":{\"@id\":\"https:\\\/\\\/datajenny.se\\\/Blogg\\\/2025\\\/10\\\/25\\\/en-lordag-med-karlek-och-teknikstrul-%f0%9f%92%bb%f0%9f%92%9e\\\/\"},\"wordCount\":343,\"commentCount\":0,\"publisher\":{\"@id\":\"https:\\\/\\\/datajenny.se\\\/Blogg\\\/#\\\/schema\\\/person\\\/da3cd1b9792c07c50c88641dcf976bee\"},\"image\":{\"@id\":\"https:\\\/\\\/datajenny.se\\\/Blogg\\\/2025\\\/10\\\/25\\\/en-lordag-med-karlek-och-teknikstrul-%f0%9f%92%bb%f0%9f%92%9e\\\/#primaryimage\"},\"thumbnailUrl\":\"https:\\\/\\\/i0.wp.com\\\/datajenny.se\\\/Blogg\\\/wp-content\\\/uploads\\\/2025\\\/10\\\/20251025_1424235161034361109798369.jpg?fit=1600%2C1200&ssl=1\",\"keywords\":[\"Blogg\",\"Dikt\",\"Erik\",\"Fagersta\",\"Katter\",\"Mormor och Morfar\",\"Support\",\"YouTube\"],\"articleSection\":[\"Barn\",\"Blogg\",\"Dikt\",\"Erik\",\"Fagersta\",\"Katter\",\"Mormor och morfar\",\"Support\",\"YouTube\"],\"inLanguage\":\"sv-SE\",\"potentialAction\":[{\"@type\":\"CommentAction\",\"name\":\"Comment\",\"target\":[\"https:\\\/\\\/datajenny.se\\\/Blogg\\\/2025\\\/10\\\/25\\\/en-lordag-med-karlek-och-teknikstrul-%f0%9f%92%bb%f0%9f%92%9e\\\/#respond\"]}]},{\"@type\":\"WebPage\",\"@id\":\"https:\\\/\\\/datajenny.se\\\/Blogg\\\/2025\\\/10\\\/25\\\/en-lordag-med-karlek-och-teknikstrul-%f0%9f%92%bb%f0%9f%92%9e\\\/\",\"url\":\"https:\\\/\\\/datajenny.se\\\/Blogg\\\/2025\\\/10\\\/25\\\/en-lordag-med-karlek-och-teknikstrul-%f0%9f%92%bb%f0%9f%92%9e\\\/\",\"name\":\"En l\u00f6rdag med k\u00e4rlek och teknikstrul \ud83d\udcbb\ud83d\udc9e - V\u00e4lkommen till JeLo\",\"isPartOf\":{\"@id\":\"https:\\\/\\\/datajenny.se\\\/Blogg\\\/#website\"},\"primaryImageOfPage\":{\"@id\":\"https:\\\/\\\/datajenny.se\\\/Blogg\\\/2025\\\/10\\\/25\\\/en-lordag-med-karlek-och-teknikstrul-%f0%9f%92%bb%f0%9f%92%9e\\\/#primaryimage\"},\"image\":{\"@id\":\"https:\\\/\\\/datajenny.se\\\/Blogg\\\/2025\\\/10\\\/25\\\/en-lordag-med-karlek-och-teknikstrul-%f0%9f%92%bb%f0%9f%92%9e\\\/#primaryimage\"},\"thumbnailUrl\":\"https:\\\/\\\/i0.wp.com\\\/datajenny.se\\\/Blogg\\\/wp-content\\\/uploads\\\/2025\\\/10\\\/20251025_1424235161034361109798369.jpg?fit=1600%2C1200&ssl=1\",\"datePublished\":\"2025-10-25T16:50:40+00:00\",\"dateModified\":\"2025-10-25T16:54:13+00:00\",\"breadcrumb\":{\"@id\":\"https:\\\/\\\/datajenny.se\\\/Blogg\\\/2025\\\/10\\\/25\\\/en-lordag-med-karlek-och-teknikstrul-%f0%9f%92%bb%f0%9f%92%9e\\\/#breadcrumb\"},\"inLanguage\":\"sv-SE\",\"potentialAction\":[{\"@type\":\"ReadAction\",\"target\":[\"https:\\\/\\\/datajenny.se\\\/Blogg\\\/2025\\\/10\\\/25\\\/en-lordag-med-karlek-och-teknikstrul-%f0%9f%92%bb%f0%9f%92%9e\\\/\"]}]},{\"@type\":\"ImageObject\",\"inLanguage\":\"sv-SE\",\"@id\":\"https:\\\/\\\/datajenny.se\\\/Blogg\\\/2025\\\/10\\\/25\\\/en-lordag-med-karlek-och-teknikstrul-%f0%9f%92%bb%f0%9f%92%9e\\\/#primaryimage\",\"url\":\"https:\\\/\\\/i0.wp.com\\\/datajenny.se\\\/Blogg\\\/wp-content\\\/uploads\\\/2025\\\/10\\\/20251025_1424235161034361109798369.jpg?fit=1600%2C1200&ssl=1\",\"contentUrl\":\"https:\\\/\\\/i0.wp.com\\\/datajenny.se\\\/Blogg\\\/wp-content\\\/uploads\\\/2025\\\/10\\\/20251025_1424235161034361109798369.jpg?fit=1600%2C1200&ssl=1\",\"width\":1600,\"height\":1200},{\"@type\":\"BreadcrumbList\",\"@id\":\"https:\\\/\\\/datajenny.se\\\/Blogg\\\/2025\\\/10\\\/25\\\/en-lordag-med-karlek-och-teknikstrul-%f0%9f%92%bb%f0%9f%92%9e\\\/#breadcrumb\",\"itemListElement\":[{\"@type\":\"ListItem\",\"position\":1,\"name\":\"Hem\",\"item\":\"https:\\\/\\\/datajenny.se\\\/Blogg\\\/\"},{\"@type\":\"ListItem\",\"position\":2,\"name\":\"En l\u00f6rdag med k\u00e4rlek och teknikstrul \ud83d\udcbb\ud83d\udc9e\"}]},{\"@type\":\"WebSite\",\"@id\":\"https:\\\/\\\/datajenny.se\\\/Blogg\\\/#website\",\"url\":\"https:\\\/\\\/datajenny.se\\\/Blogg\\\/\",\"name\":\"V\u00e4lkommen till Jenny Louises blogg\",\"description\":\"Jenny Louises blogg\",\"publisher\":{\"@id\":\"https:\\\/\\\/datajenny.se\\\/Blogg\\\/#\\\/schema\\\/person\\\/da3cd1b9792c07c50c88641dcf976bee\"},\"potentialAction\":[{\"@type\":\"SearchAction\",\"target\":{\"@type\":\"EntryPoint\",\"urlTemplate\":\"https:\\\/\\\/datajenny.se\\\/Blogg\\\/?s={search_term_string}\"},\"query-input\":{\"@type\":\"PropertyValueSpecification\",\"valueRequired\":true,\"valueName\":\"search_term_string\"}}],\"inLanguage\":\"sv-SE\"},{\"@type\":[\"Person\",\"Organization\"],\"@id\":\"https:\\\/\\\/datajenny.se\\\/Blogg\\\/#\\\/schema\\\/person\\\/da3cd1b9792c07c50c88641dcf976bee\",\"name\":\"Jenny Louise Nod\u00e9n\",\"image\":{\"@type\":\"ImageObject\",\"inLanguage\":\"sv-SE\",\"@id\":\"https:\\\/\\\/datajenny.se\\\/Blogg\\\/wp-content\\\/uploads\\\/2025\\\/07\\\/wp-1751728308657.jpg\",\"url\":\"https:\\\/\\\/datajenny.se\\\/Blogg\\\/wp-content\\\/uploads\\\/2025\\\/07\\\/wp-1751728308657.jpg\",\"contentUrl\":\"https:\\\/\\\/datajenny.se\\\/Blogg\\\/wp-content\\\/uploads\\\/2025\\\/07\\\/wp-1751728308657.jpg\",\"width\":928,\"height\":928,\"caption\":\"Jenny Louise Nod\u00e9n\"},\"logo\":{\"@id\":\"https:\\\/\\\/datajenny.se\\\/Blogg\\\/wp-content\\\/uploads\\\/2025\\\/07\\\/wp-1751728308657.jpg\"},\"description\":\"Jag \u00e4r en tjej som oftast \u00e4r glad och \u00e4lskar livet, men den 18 januari 2005 s\u00e5 f\u00f6rs\u00f6kte jag ta mitt liv, jag orkade inte helt enkelt l\u00e4ngre. Men min f\u00e4stman hittade mig i duschen, han r\u00e4ddade livet p\u00e5 mig. Jag fick \u00e5ka in till akuten och blev magpumpad samt s\u00e5 fick jag \u00e4ta kr\u00e4ksirap. Hamnade sedan p\u00e5 S\u00e4ter och log d\u00e4r i fyra dagar. Idag \u00e4r jag glad f\u00f6r att han hittade mig, livet har s\u00e5 mycket att erbjuda. Jag bryr mig f\u00f6r mycket om andra, jag kommer alltid i andra hand hos mig sj\u00e4lv. Jag \u00e4r gift med en underbar man vid namn Magnus och vi har en son som heter Erik och \u00e4r f\u00f6dd juni 2018.\",\"sameAs\":[\"https:\\\/\\\/datajenny.se\\\/Blogg\",\"https:\\\/\\\/www.facebook.com\\\/datajenny\\\/\",\"https:\\\/\\\/www.instagram.com\\\/datajenny\\\/\",\"https:\\\/\\\/www.linkedin.com\\\/in\\\/jenny-louise-nodn-75324811b?\",\"https:\\\/\\\/youtube.com\\\/channel\\\/UCU00yswsJZcmgqfoON6pMwg\",\"https:\\\/\\\/datajenny.tumblr.com\\\/\"],\"url\":\"https:\\\/\\\/datajenny.se\\\/Blogg\\\/author\\\/jenny_louise\\\/\"}]}<\/script>\n<!-- \/ Yoast SEO plugin. -->","yoast_head_json":{"title":"En l\u00f6rdag med k\u00e4rlek och teknikstrul \ud83d\udcbb\ud83d\udc9e - V\u00e4lkommen till JeLo","robots":{"index":"index","follow":"follow","max-snippet":"max-snippet:-1","max-image-preview":"max-image-preview:large","max-video-preview":"max-video-preview:-1"},"canonical":"https:\/\/datajenny.se\/Blogg\/2025\/10\/25\/en-lordag-med-karlek-och-teknikstrul-\ud83d\udcbb\ud83d\udc9e\/","og_locale":"sv_SE","og_type":"article","og_title":"En l\u00f6rdag med k\u00e4rlek och teknikstrul \ud83d\udcbb\ud83d\udc9e - V\u00e4lkommen till JeLo","og_description":"Familjen vaknade runt 07:30 i morse, ganska lagom tid f\u00f6r att vara helg.","og_url":"https:\/\/datajenny.se\/Blogg\/2025\/10\/25\/en-lordag-med-karlek-och-teknikstrul-\ud83d\udcbb\ud83d\udc9e\/","og_site_name":"V\u00e4lkommen till JeLo","article_publisher":"https:\/\/www.facebook.com\/datajenny\/","article_author":"https:\/\/www.facebook.com\/datajenny\/","article_published_time":"2025-10-25T16:50:40+00:00","article_modified_time":"2025-10-25T16:54:13+00:00","og_image":[{"width":1600,"height":1200,"url":"https:\/\/datajenny.se\/Blogg\/wp-content\/uploads\/2025\/10\/20251025_1424235161034361109798369.jpg","type":"image\/jpeg"}],"author":"Jenny Louise Nod\u00e9n","twitter_card":"summary_large_image","twitter_misc":{"Skriven av":"Jenny Louise Nod\u00e9n","Ber\u00e4knad l\u00e4stid":"3 minuter"},"schema":{"@context":"https:\/\/schema.org","@graph":[{"@type":"Article","@id":"https:\/\/datajenny.se\/Blogg\/2025\/10\/25\/en-lordag-med-karlek-och-teknikstrul-%f0%9f%92%bb%f0%9f%92%9e\/#article","isPartOf":{"@id":"https:\/\/datajenny.se\/Blogg\/2025\/10\/25\/en-lordag-med-karlek-och-teknikstrul-%f0%9f%92%bb%f0%9f%92%9e\/"},"author":{"name":"Jenny Louise Nod\u00e9n","@id":"https:\/\/datajenny.se\/Blogg\/#\/schema\/person\/da3cd1b9792c07c50c88641dcf976bee"},"headline":"En l\u00f6rdag med k\u00e4rlek och teknikstrul \ud83d\udcbb\ud83d\udc9e","datePublished":"2025-10-25T16:50:40+00:00","dateModified":"2025-10-25T16:54:13+00:00","mainEntityOfPage":{"@id":"https:\/\/datajenny.se\/Blogg\/2025\/10\/25\/en-lordag-med-karlek-och-teknikstrul-%f0%9f%92%bb%f0%9f%92%9e\/"},"wordCount":343,"commentCount":0,"publisher":{"@id":"https:\/\/datajenny.se\/Blogg\/#\/schema\/person\/da3cd1b9792c07c50c88641dcf976bee"},"image":{"@id":"https:\/\/datajenny.se\/Blogg\/2025\/10\/25\/en-lordag-med-karlek-och-teknikstrul-%f0%9f%92%bb%f0%9f%92%9e\/#primaryimage"},"thumbnailUrl":"https:\/\/i0.wp.com\/datajenny.se\/Blogg\/wp-content\/uploads\/2025\/10\/20251025_1424235161034361109798369.jpg?fit=1600%2C1200&ssl=1","keywords":["Blogg","Dikt","Erik","Fagersta","Katter","Mormor och Morfar","Support","YouTube"],"articleSection":["Barn","Blogg","Dikt","Erik","Fagersta","Katter","Mormor och morfar","Support","YouTube"],"inLanguage":"sv-SE","potentialAction":[{"@type":"CommentAction","name":"Comment","target":["https:\/\/datajenny.se\/Blogg\/2025\/10\/25\/en-lordag-med-karlek-och-teknikstrul-%f0%9f%92%bb%f0%9f%92%9e\/#respond"]}]},{"@type":"WebPage","@id":"https:\/\/datajenny.se\/Blogg\/2025\/10\/25\/en-lordag-med-karlek-och-teknikstrul-%f0%9f%92%bb%f0%9f%92%9e\/","url":"https:\/\/datajenny.se\/Blogg\/2025\/10\/25\/en-lordag-med-karlek-och-teknikstrul-%f0%9f%92%bb%f0%9f%92%9e\/","name":"En l\u00f6rdag med k\u00e4rlek och teknikstrul \ud83d\udcbb\ud83d\udc9e - V\u00e4lkommen till JeLo","isPartOf":{"@id":"https:\/\/datajenny.se\/Blogg\/#website"},"primaryImageOfPage":{"@id":"https:\/\/datajenny.se\/Blogg\/2025\/10\/25\/en-lordag-med-karlek-och-teknikstrul-%f0%9f%92%bb%f0%9f%92%9e\/#primaryimage"},"image":{"@id":"https:\/\/datajenny.se\/Blogg\/2025\/10\/25\/en-lordag-med-karlek-och-teknikstrul-%f0%9f%92%bb%f0%9f%92%9e\/#primaryimage"},"thumbnailUrl":"https:\/\/i0.wp.com\/datajenny.se\/Blogg\/wp-content\/uploads\/2025\/10\/20251025_1424235161034361109798369.jpg?fit=1600%2C1200&ssl=1","datePublished":"2025-10-25T16:50:40+00:00","dateModified":"2025-10-25T16:54:13+00:00","breadcrumb":{"@id":"https:\/\/datajenny.se\/Blogg\/2025\/10\/25\/en-lordag-med-karlek-och-teknikstrul-%f0%9f%92%bb%f0%9f%92%9e\/#breadcrumb"},"inLanguage":"sv-SE","potentialAction":[{"@type":"ReadAction","target":["https:\/\/datajenny.se\/Blogg\/2025\/10\/25\/en-lordag-med-karlek-och-teknikstrul-%f0%9f%92%bb%f0%9f%92%9e\/"]}]},{"@type":"ImageObject","inLanguage":"sv-SE","@id":"https:\/\/datajenny.se\/Blogg\/2025\/10\/25\/en-lordag-med-karlek-och-teknikstrul-%f0%9f%92%bb%f0%9f%92%9e\/#primaryimage","url":"https:\/\/i0.wp.com\/datajenny.se\/Blogg\/wp-content\/uploads\/2025\/10\/20251025_1424235161034361109798369.jpg?fit=1600%2C1200&ssl=1","contentUrl":"https:\/\/i0.wp.com\/datajenny.se\/Blogg\/wp-content\/uploads\/2025\/10\/20251025_1424235161034361109798369.jpg?fit=1600%2C1200&ssl=1","width":1600,"height":1200},{"@type":"BreadcrumbList","@id":"https:\/\/datajenny.se\/Blogg\/2025\/10\/25\/en-lordag-med-karlek-och-teknikstrul-%f0%9f%92%bb%f0%9f%92%9e\/#breadcrumb","itemListElement":[{"@type":"ListItem","position":1,"name":"Hem","item":"https:\/\/datajenny.se\/Blogg\/"},{"@type":"ListItem","position":2,"name":"En l\u00f6rdag med k\u00e4rlek och teknikstrul \ud83d\udcbb\ud83d\udc9e"}]},{"@type":"WebSite","@id":"https:\/\/datajenny.se\/Blogg\/#website","url":"https:\/\/datajenny.se\/Blogg\/","name":"V\u00e4lkommen till Jenny Louises blogg","description":"Jenny Louises blogg","publisher":{"@id":"https:\/\/datajenny.se\/Blogg\/#\/schema\/person\/da3cd1b9792c07c50c88641dcf976bee"},"potentialAction":[{"@type":"SearchAction","target":{"@type":"EntryPoint","urlTemplate":"https:\/\/datajenny.se\/Blogg\/?s={search_term_string}"},"query-input":{"@type":"PropertyValueSpecification","valueRequired":true,"valueName":"search_term_string"}}],"inLanguage":"sv-SE"},{"@type":["Person","Organization"],"@id":"https:\/\/datajenny.se\/Blogg\/#\/schema\/person\/da3cd1b9792c07c50c88641dcf976bee","name":"Jenny Louise Nod\u00e9n","image":{"@type":"ImageObject","inLanguage":"sv-SE","@id":"https:\/\/datajenny.se\/Blogg\/wp-content\/uploads\/2025\/07\/wp-1751728308657.jpg","url":"https:\/\/datajenny.se\/Blogg\/wp-content\/uploads\/2025\/07\/wp-1751728308657.jpg","contentUrl":"https:\/\/datajenny.se\/Blogg\/wp-content\/uploads\/2025\/07\/wp-1751728308657.jpg","width":928,"height":928,"caption":"Jenny Louise Nod\u00e9n"},"logo":{"@id":"https:\/\/datajenny.se\/Blogg\/wp-content\/uploads\/2025\/07\/wp-1751728308657.jpg"},"description":"Jag \u00e4r en tjej som oftast \u00e4r glad och \u00e4lskar livet, men den 18 januari 2005 s\u00e5 f\u00f6rs\u00f6kte jag ta mitt liv, jag orkade inte helt enkelt l\u00e4ngre. Men min f\u00e4stman hittade mig i duschen, han r\u00e4ddade livet p\u00e5 mig. Jag fick \u00e5ka in till akuten och blev magpumpad samt s\u00e5 fick jag \u00e4ta kr\u00e4ksirap. Hamnade sedan p\u00e5 S\u00e4ter och log d\u00e4r i fyra dagar. Idag \u00e4r jag glad f\u00f6r att han hittade mig, livet har s\u00e5 mycket att erbjuda. Jag bryr mig f\u00f6r mycket om andra, jag kommer alltid i andra hand hos mig sj\u00e4lv. Jag \u00e4r gift med en underbar man vid namn Magnus och vi har en son som heter Erik och \u00e4r f\u00f6dd juni 2018.","sameAs":["https:\/\/datajenny.se\/Blogg","https:\/\/www.facebook.com\/datajenny\/","https:\/\/www.instagram.com\/datajenny\/","https:\/\/www.linkedin.com\/in\/jenny-louise-nodn-75324811b?","https:\/\/youtube.com\/channel\/UCU00yswsJZcmgqfoON6pMwg","https:\/\/datajenny.tumblr.com\/"],"url":"https:\/\/datajenny.se\/Blogg\/author\/jenny_louise\/"}]}},"jetpack_publicize_connections":[],"jetpack_featured_media_url":"https:\/\/i0.wp.com\/datajenny.se\/Blogg\/wp-content\/uploads\/2025\/10\/20251025_1424235161034361109798369.jpg?fit=1600%2C1200&ssl=1","jetpack_sharing_enabled":true,"jetpack_likes_enabled":true,"_links":{"self":[{"href":"https:\/\/datajenny.se\/Blogg\/wp-json\/wp\/v2\/posts\/3798","targetHints":{"allow":["GET"]}}],"collection":[{"href":"https:\/\/datajenny.se\/Blogg\/wp-json\/wp\/v2\/posts"}],"about":[{"href":"https:\/\/datajenny.se\/Blogg\/wp-json\/wp\/v2\/types\/post"}],"author":[{"embeddable":true,"href":"https:\/\/datajenny.se\/Blogg\/wp-json\/wp\/v2\/users\/1"}],"replies":[{"embeddable":true,"href":"https:\/\/datajenny.se\/Blogg\/wp-json\/wp\/v2\/comments?post=3798"}],"version-history":[{"count":2,"href":"https:\/\/datajenny.se\/Blogg\/wp-json\/wp\/v2\/posts\/3798\/revisions"}],"predecessor-version":[{"id":3801,"href":"https:\/\/datajenny.se\/Blogg\/wp-json\/wp\/v2\/posts\/3798\/revisions\/3801"}],"wp:featuredmedia":[{"embeddable":true,"href":"https:\/\/datajenny.se\/Blogg\/wp-json\/wp\/v2\/media\/3797"}],"wp:attachment":[{"href":"https:\/\/datajenny.se\/Blogg\/wp-json\/wp\/v2\/media?parent=3798"}],"wp:term":[{"taxonomy":"category","embeddable":true,"href":"https:\/\/datajenny.se\/Blogg\/wp-json\/wp\/v2\/categories?post=3798"},{"taxonomy":"post_tag","embeddable":true,"href":"https:\/\/datajenny.se\/Blogg\/wp-json\/wp\/v2\/tags?post=3798"}],"curies":[{"name":"wp","href":"https:\/\/api.w.org\/{rel}","templated":true}]}}