{"id":3831,"date":"2025-10-28T18:54:14","date_gmt":"2025-10-28T16:54:14","guid":{"rendered":"https:\/\/datajenny.se\/Blogg\/2025\/10\/28\/nar-vardagen-rullar-pa-trots-feber\/"},"modified":"2025-10-28T18:56:58","modified_gmt":"2025-10-28T16:56:58","slug":"nar-vardagen-rullar-pa-trots-feber","status":"publish","type":"post","link":"https:\/\/datajenny.se\/Blogg\/2025\/10\/28\/nar-vardagen-rullar-pa-trots-feber\/","title":{"rendered":"N\u00e4r vardagen rullar p\u00e5 trots feber"},"content":{"rendered":"\n<p>Ig\u00e5r somnade Erik p\u00e5 mitt br\u00f6st. Han hade lite feber, och under natten steg den ytterligare. <\/p>\n\n\n\n<!--more-->\n\n\n\n<p><\/p>\n\n\n<div class=\"wp-block-image\">\n<figure class=\"aligncenter size-large\"><img data-recalc-dims=\"1\" loading=\"lazy\" decoding=\"async\" width=\"640\" height=\"480\" src=\"https:\/\/i0.wp.com\/datajenny.se\/Blogg\/wp-content\/uploads\/2025\/10\/20251027_2001397115653707402233461.jpg?resize=640%2C480&#038;ssl=1\" alt=\"\" class=\"wp-image-3830\" srcset=\"https:\/\/i0.wp.com\/datajenny.se\/Blogg\/wp-content\/uploads\/2025\/10\/20251027_2001397115653707402233461.jpg?resize=720%2C540&amp;ssl=1 720w, https:\/\/i0.wp.com\/datajenny.se\/Blogg\/wp-content\/uploads\/2025\/10\/20251027_2001397115653707402233461.jpg?resize=400%2C300&amp;ssl=1 400w, https:\/\/i0.wp.com\/datajenny.se\/Blogg\/wp-content\/uploads\/2025\/10\/20251027_2001397115653707402233461.jpg?resize=768%2C576&amp;ssl=1 768w, https:\/\/i0.wp.com\/datajenny.se\/Blogg\/wp-content\/uploads\/2025\/10\/20251027_2001397115653707402233461.jpg?resize=1536%2C1152&amp;ssl=1 1536w, https:\/\/i0.wp.com\/datajenny.se\/Blogg\/wp-content\/uploads\/2025\/10\/20251027_2001397115653707402233461.jpg?resize=1024%2C768&amp;ssl=1 1024w, https:\/\/i0.wp.com\/datajenny.se\/Blogg\/wp-content\/uploads\/2025\/10\/20251027_2001397115653707402233461.jpg?w=1600&amp;ssl=1 1600w, https:\/\/i0.wp.com\/datajenny.se\/Blogg\/wp-content\/uploads\/2025\/10\/20251027_2001397115653707402233461.jpg?w=1280&amp;ssl=1 1280w\" sizes=\"auto, (max-width: 640px) 100vw, 640px\" \/><\/figure>\n<\/div>\n\n\n<p><\/p>\n\n\n\n<p>Men imorse, n\u00e4r han vaknade, hade den g\u00e5tt ner helt utan Alvedon. Hela dagen har han varit pigg och glad, \u00e4ven om tempen legat lite f\u00f6rh\u00f6jd \u2013 37,9. S\u00e5 han f\u00e5r stanna hemma imorgon ocks\u00e5. <\/p>\n\n\n\n<p>Jag har h\u00f6rt att m\u00e5nga \u00e4r sjuka nu, och att \u00e5terinsjuknandet \u00e4r stort b\u00e5de bland personal och elever. H\u00f6sten g\u00f6r verkligen sitt int\u00e5g p\u00e5 alla s\u00e4tt.<br><\/p>\n\n\n\n<p>P\u00e5 jobbet har det rullat p\u00e5 bra. Det har varit m\u00e5nga bes\u00f6kare idag, framf\u00f6r allt med problem med sina mobiler.<\/p>\n\n\n\n<p>N\u00e4r jag kom hem hade Magnus redan gjort mat \u2013 makaroner och k\u00f6ttf\u00e4rss\u00e5s. Det var gott, och vi fick till och med matl\u00e5dor till alla. Erik \u00e5t dock bara makaroner.<\/p>\n\n\n\n<p>Nu ska jag snart best\u00e4lla nya dammsugarp\u00e5sar \u2013 de \u00e4r t\u00e4mligen slut \u2013 och sedan avsluta kv\u00e4llen med n\u00e5gon bra serie.<\/p>\n\n\n\n<p><\/p>\n\n\n\n<p><\/p>\n\n\n\n<p><\/p>\n\n\n<div class=\"wp-block-ub-divider ub_divider ub-divider-orientation-horizontal\" id=\"ub_divider_4ed2eb64-a09c-47dd-918d-9dde7893e512\"><div class=\"ub_divider_wrapper\" style=\"position: relative; margin-bottom: 2px; width: 100%; height: 2px; \" data-divider-alignment=\"center\"><div class=\"ub_divider_line\" style=\"border-top: 10px dotted #00d084; margin-top: 2px; \"><\/div><\/div><\/div>\n\n\n<p><\/p>\n\n\n\n<h2 class=\"wp-block-heading\">\u2728 Dagens dikt \u2728<\/h2>\n\n\n\n<p><em>N\u00e4r dagen lagt sig till ro, och huset tystnar i sitt bo, k\u00e4nner jag tacksamhetens frid, f\u00f6r v\u00e4rmen h\u00e4r, f\u00f6r lugnets tid.<\/em><\/p>\n\n\n\n<p><em>Febern kommer, g\u00e5r och far, men k\u00e4rleken best\u00e5r som klar.<\/em><br \/><em>I vardagens sm\u00e5 andetag, finns styrkan f\u00f6r en ny dag.<\/em><\/p>\n\n\n\n<p><\/p>\n\n\n\n<img data-recalc-dims=\"1\" loading=\"lazy\" decoding=\"async\" style=\"opacity: 0;\" superb-addons-animation=\"zoomIn\" src=\"https:\/\/i0.wp.com\/datajenny.se\/Blogg\/wp-content\/uploads\/2025\/07\/1000012255.png?resize=180%2C53&#038;ssl=1\" alt=\"Signatur\" width=\"180\" height=\"53\">\n\n\n\n<p><\/p>\n","protected":false},"excerpt":{"rendered":"<p>Ig\u00e5r somnade Erik p\u00e5 mitt br\u00f6st. Han hade lite feber, och under natten steg den ytterligare.<\/p>\n","protected":false},"author":1,"featured_media":3830,"comment_status":"open","ping_status":"open","sticky":false,"template":"","format":"standard","meta":{"ngg_post_thumbnail":0,"jetpack_post_was_ever_published":false,"_jetpack_newsletter_access":"","_jetpack_dont_email_post_to_subs":false,"_jetpack_newsletter_tier_id":0,"_jetpack_memberships_contains_paywalled_content":false,"_jetpack_memberships_contains_paid_content":false,"footnotes":"","jetpack_publicize_message":"","jetpack_publicize_feature_enabled":true,"jetpack_social_post_already_shared":true,"jetpack_social_options":{"image_generator_settings":{"template":"highway","default_image_id":0,"font":"","enabled":false},"version":2}},"categories":[117,8,131,38,197],"tags":[118,9,132,11,198],"class_list":["post-3831","post","type-post","status-publish","format-standard","has-post-thumbnail","hentry","category-arbete","category-blogg","category-dikt","category-erik","category-feber","tag-arbete","tag-blogg","tag-dikt","tag-erik","tag-feber"],"featured_image_src":"https:\/\/i0.wp.com\/datajenny.se\/Blogg\/wp-content\/uploads\/2025\/10\/20251027_2001397115653707402233461.jpg?fit=1600%2C1200&ssl=1","author_info":{"display_name":"Jenny Louise Nod\u00e9n","author_link":"https:\/\/datajenny.se\/Blogg\/author\/jenny_louise\/"},"yoast_head":"<!-- This site is optimized with the Yoast SEO plugin v27.3 - https:\/\/yoast.com\/product\/yoast-seo-wordpress\/ -->\n<title>N\u00e4r vardagen rullar p\u00e5 trots feber - V\u00e4lkommen till JeLo<\/title>\n<meta name=\"robots\" content=\"index, follow, max-snippet:-1, max-image-preview:large, max-video-preview:-1\" \/>\n<link rel=\"canonical\" href=\"https:\/\/datajenny.se\/Blogg\/2025\/10\/28\/nar-vardagen-rullar-pa-trots-feber\/\" \/>\n<meta property=\"og:locale\" content=\"sv_SE\" \/>\n<meta property=\"og:type\" content=\"article\" \/>\n<meta property=\"og:title\" content=\"N\u00e4r vardagen rullar p\u00e5 trots feber - V\u00e4lkommen till JeLo\" \/>\n<meta property=\"og:description\" content=\"Ig\u00e5r somnade Erik p\u00e5 mitt br\u00f6st. Han hade lite feber, och under natten steg den ytterligare.\" \/>\n<meta property=\"og:url\" content=\"https:\/\/datajenny.se\/Blogg\/2025\/10\/28\/nar-vardagen-rullar-pa-trots-feber\/\" \/>\n<meta property=\"og:site_name\" content=\"V\u00e4lkommen till JeLo\" \/>\n<meta property=\"article:publisher\" content=\"https:\/\/www.facebook.com\/datajenny\/\" \/>\n<meta property=\"article:author\" content=\"https:\/\/www.facebook.com\/datajenny\/\" \/>\n<meta property=\"article:published_time\" content=\"2025-10-28T16:54:14+00:00\" \/>\n<meta property=\"article:modified_time\" content=\"2025-10-28T16:56:58+00:00\" \/>\n<meta property=\"og:image\" content=\"https:\/\/i0.wp.com\/datajenny.se\/Blogg\/wp-content\/uploads\/2025\/10\/20251027_2001397115653707402233461.jpg?fit=1600%2C1200&ssl=1\" \/>\n\t<meta property=\"og:image:width\" content=\"1600\" \/>\n\t<meta property=\"og:image:height\" content=\"1200\" \/>\n\t<meta property=\"og:image:type\" content=\"image\/jpeg\" \/>\n<meta name=\"author\" content=\"Jenny Louise Nod\u00e9n\" \/>\n<meta name=\"twitter:card\" content=\"summary_large_image\" \/>\n<meta name=\"twitter:label1\" content=\"Skriven av\" \/>\n\t<meta name=\"twitter:data1\" content=\"Jenny Louise Nod\u00e9n\" \/>\n\t<meta name=\"twitter:label2\" content=\"Ber\u00e4knad l\u00e4stid\" \/>\n\t<meta name=\"twitter:data2\" content=\"1 minut\" \/>\n<script type=\"application\/ld+json\" class=\"yoast-schema-graph\">{\"@context\":\"https:\\\/\\\/schema.org\",\"@graph\":[{\"@type\":\"Article\",\"@id\":\"https:\\\/\\\/datajenny.se\\\/Blogg\\\/2025\\\/10\\\/28\\\/nar-vardagen-rullar-pa-trots-feber\\\/#article\",\"isPartOf\":{\"@id\":\"https:\\\/\\\/datajenny.se\\\/Blogg\\\/2025\\\/10\\\/28\\\/nar-vardagen-rullar-pa-trots-feber\\\/\"},\"author\":{\"name\":\"Jenny Louise Nod\u00e9n\",\"@id\":\"https:\\\/\\\/datajenny.se\\\/Blogg\\\/#\\\/schema\\\/person\\\/da3cd1b9792c07c50c88641dcf976bee\"},\"headline\":\"N\u00e4r vardagen rullar p\u00e5 trots feber\",\"datePublished\":\"2025-10-28T16:54:14+00:00\",\"dateModified\":\"2025-10-28T16:56:58+00:00\",\"mainEntityOfPage\":{\"@id\":\"https:\\\/\\\/datajenny.se\\\/Blogg\\\/2025\\\/10\\\/28\\\/nar-vardagen-rullar-pa-trots-feber\\\/\"},\"wordCount\":231,\"commentCount\":0,\"publisher\":{\"@id\":\"https:\\\/\\\/datajenny.se\\\/Blogg\\\/#\\\/schema\\\/person\\\/da3cd1b9792c07c50c88641dcf976bee\"},\"image\":{\"@id\":\"https:\\\/\\\/datajenny.se\\\/Blogg\\\/2025\\\/10\\\/28\\\/nar-vardagen-rullar-pa-trots-feber\\\/#primaryimage\"},\"thumbnailUrl\":\"https:\\\/\\\/i0.wp.com\\\/datajenny.se\\\/Blogg\\\/wp-content\\\/uploads\\\/2025\\\/10\\\/20251027_2001397115653707402233461.jpg?fit=1600%2C1200&ssl=1\",\"keywords\":[\"Arbete\",\"Blogg\",\"Dikt\",\"Erik\",\"Feber\"],\"articleSection\":[\"Arbete\",\"Blogg\",\"Dikt\",\"Erik\",\"Feber\"],\"inLanguage\":\"sv-SE\",\"potentialAction\":[{\"@type\":\"CommentAction\",\"name\":\"Comment\",\"target\":[\"https:\\\/\\\/datajenny.se\\\/Blogg\\\/2025\\\/10\\\/28\\\/nar-vardagen-rullar-pa-trots-feber\\\/#respond\"]}]},{\"@type\":\"WebPage\",\"@id\":\"https:\\\/\\\/datajenny.se\\\/Blogg\\\/2025\\\/10\\\/28\\\/nar-vardagen-rullar-pa-trots-feber\\\/\",\"url\":\"https:\\\/\\\/datajenny.se\\\/Blogg\\\/2025\\\/10\\\/28\\\/nar-vardagen-rullar-pa-trots-feber\\\/\",\"name\":\"N\u00e4r vardagen rullar p\u00e5 trots feber - V\u00e4lkommen till JeLo\",\"isPartOf\":{\"@id\":\"https:\\\/\\\/datajenny.se\\\/Blogg\\\/#website\"},\"primaryImageOfPage\":{\"@id\":\"https:\\\/\\\/datajenny.se\\\/Blogg\\\/2025\\\/10\\\/28\\\/nar-vardagen-rullar-pa-trots-feber\\\/#primaryimage\"},\"image\":{\"@id\":\"https:\\\/\\\/datajenny.se\\\/Blogg\\\/2025\\\/10\\\/28\\\/nar-vardagen-rullar-pa-trots-feber\\\/#primaryimage\"},\"thumbnailUrl\":\"https:\\\/\\\/i0.wp.com\\\/datajenny.se\\\/Blogg\\\/wp-content\\\/uploads\\\/2025\\\/10\\\/20251027_2001397115653707402233461.jpg?fit=1600%2C1200&ssl=1\",\"datePublished\":\"2025-10-28T16:54:14+00:00\",\"dateModified\":\"2025-10-28T16:56:58+00:00\",\"breadcrumb\":{\"@id\":\"https:\\\/\\\/datajenny.se\\\/Blogg\\\/2025\\\/10\\\/28\\\/nar-vardagen-rullar-pa-trots-feber\\\/#breadcrumb\"},\"inLanguage\":\"sv-SE\",\"potentialAction\":[{\"@type\":\"ReadAction\",\"target\":[\"https:\\\/\\\/datajenny.se\\\/Blogg\\\/2025\\\/10\\\/28\\\/nar-vardagen-rullar-pa-trots-feber\\\/\"]}]},{\"@type\":\"ImageObject\",\"inLanguage\":\"sv-SE\",\"@id\":\"https:\\\/\\\/datajenny.se\\\/Blogg\\\/2025\\\/10\\\/28\\\/nar-vardagen-rullar-pa-trots-feber\\\/#primaryimage\",\"url\":\"https:\\\/\\\/i0.wp.com\\\/datajenny.se\\\/Blogg\\\/wp-content\\\/uploads\\\/2025\\\/10\\\/20251027_2001397115653707402233461.jpg?fit=1600%2C1200&ssl=1\",\"contentUrl\":\"https:\\\/\\\/i0.wp.com\\\/datajenny.se\\\/Blogg\\\/wp-content\\\/uploads\\\/2025\\\/10\\\/20251027_2001397115653707402233461.jpg?fit=1600%2C1200&ssl=1\",\"width\":1600,\"height\":1200},{\"@type\":\"BreadcrumbList\",\"@id\":\"https:\\\/\\\/datajenny.se\\\/Blogg\\\/2025\\\/10\\\/28\\\/nar-vardagen-rullar-pa-trots-feber\\\/#breadcrumb\",\"itemListElement\":[{\"@type\":\"ListItem\",\"position\":1,\"name\":\"Hem\",\"item\":\"https:\\\/\\\/datajenny.se\\\/Blogg\\\/\"},{\"@type\":\"ListItem\",\"position\":2,\"name\":\"N\u00e4r vardagen rullar p\u00e5 trots feber\"}]},{\"@type\":\"WebSite\",\"@id\":\"https:\\\/\\\/datajenny.se\\\/Blogg\\\/#website\",\"url\":\"https:\\\/\\\/datajenny.se\\\/Blogg\\\/\",\"name\":\"V\u00e4lkommen till Jenny Louises blogg\",\"description\":\"Jenny Louises blogg\",\"publisher\":{\"@id\":\"https:\\\/\\\/datajenny.se\\\/Blogg\\\/#\\\/schema\\\/person\\\/da3cd1b9792c07c50c88641dcf976bee\"},\"potentialAction\":[{\"@type\":\"SearchAction\",\"target\":{\"@type\":\"EntryPoint\",\"urlTemplate\":\"https:\\\/\\\/datajenny.se\\\/Blogg\\\/?s={search_term_string}\"},\"query-input\":{\"@type\":\"PropertyValueSpecification\",\"valueRequired\":true,\"valueName\":\"search_term_string\"}}],\"inLanguage\":\"sv-SE\"},{\"@type\":[\"Person\",\"Organization\"],\"@id\":\"https:\\\/\\\/datajenny.se\\\/Blogg\\\/#\\\/schema\\\/person\\\/da3cd1b9792c07c50c88641dcf976bee\",\"name\":\"Jenny Louise Nod\u00e9n\",\"image\":{\"@type\":\"ImageObject\",\"inLanguage\":\"sv-SE\",\"@id\":\"https:\\\/\\\/datajenny.se\\\/Blogg\\\/wp-content\\\/uploads\\\/2025\\\/07\\\/wp-1751728308657.jpg\",\"url\":\"https:\\\/\\\/datajenny.se\\\/Blogg\\\/wp-content\\\/uploads\\\/2025\\\/07\\\/wp-1751728308657.jpg\",\"contentUrl\":\"https:\\\/\\\/datajenny.se\\\/Blogg\\\/wp-content\\\/uploads\\\/2025\\\/07\\\/wp-1751728308657.jpg\",\"width\":928,\"height\":928,\"caption\":\"Jenny Louise Nod\u00e9n\"},\"logo\":{\"@id\":\"https:\\\/\\\/datajenny.se\\\/Blogg\\\/wp-content\\\/uploads\\\/2025\\\/07\\\/wp-1751728308657.jpg\"},\"description\":\"Jag \u00e4r en tjej som oftast \u00e4r glad och \u00e4lskar livet, men den 18 januari 2005 s\u00e5 f\u00f6rs\u00f6kte jag ta mitt liv, jag orkade inte helt enkelt l\u00e4ngre. Men min f\u00e4stman hittade mig i duschen, han r\u00e4ddade livet p\u00e5 mig. Jag fick \u00e5ka in till akuten och blev magpumpad samt s\u00e5 fick jag \u00e4ta kr\u00e4ksirap. Hamnade sedan p\u00e5 S\u00e4ter och log d\u00e4r i fyra dagar. Idag \u00e4r jag glad f\u00f6r att han hittade mig, livet har s\u00e5 mycket att erbjuda. Jag bryr mig f\u00f6r mycket om andra, jag kommer alltid i andra hand hos mig sj\u00e4lv. Jag \u00e4r gift med en underbar man vid namn Magnus och vi har en son som heter Erik och \u00e4r f\u00f6dd juni 2018.\",\"sameAs\":[\"https:\\\/\\\/datajenny.se\\\/Blogg\",\"https:\\\/\\\/www.facebook.com\\\/datajenny\\\/\",\"https:\\\/\\\/www.instagram.com\\\/datajenny\\\/\",\"https:\\\/\\\/www.linkedin.com\\\/in\\\/jenny-louise-nodn-75324811b?\",\"https:\\\/\\\/youtube.com\\\/channel\\\/UCU00yswsJZcmgqfoON6pMwg\",\"https:\\\/\\\/datajenny.tumblr.com\\\/\"],\"url\":\"https:\\\/\\\/datajenny.se\\\/Blogg\\\/author\\\/jenny_louise\\\/\"}]}<\/script>\n<!-- \/ Yoast SEO plugin. -->","yoast_head_json":{"title":"N\u00e4r vardagen rullar p\u00e5 trots feber - V\u00e4lkommen till JeLo","robots":{"index":"index","follow":"follow","max-snippet":"max-snippet:-1","max-image-preview":"max-image-preview:large","max-video-preview":"max-video-preview:-1"},"canonical":"https:\/\/datajenny.se\/Blogg\/2025\/10\/28\/nar-vardagen-rullar-pa-trots-feber\/","og_locale":"sv_SE","og_type":"article","og_title":"N\u00e4r vardagen rullar p\u00e5 trots feber - V\u00e4lkommen till JeLo","og_description":"Ig\u00e5r somnade Erik p\u00e5 mitt br\u00f6st. Han hade lite feber, och under natten steg den ytterligare.","og_url":"https:\/\/datajenny.se\/Blogg\/2025\/10\/28\/nar-vardagen-rullar-pa-trots-feber\/","og_site_name":"V\u00e4lkommen till JeLo","article_publisher":"https:\/\/www.facebook.com\/datajenny\/","article_author":"https:\/\/www.facebook.com\/datajenny\/","article_published_time":"2025-10-28T16:54:14+00:00","article_modified_time":"2025-10-28T16:56:58+00:00","og_image":[{"width":1600,"height":1200,"url":"https:\/\/i0.wp.com\/datajenny.se\/Blogg\/wp-content\/uploads\/2025\/10\/20251027_2001397115653707402233461.jpg?fit=1600%2C1200&ssl=1","type":"image\/jpeg"}],"author":"Jenny Louise Nod\u00e9n","twitter_card":"summary_large_image","twitter_misc":{"Skriven av":"Jenny Louise Nod\u00e9n","Ber\u00e4knad l\u00e4stid":"1 minut"},"schema":{"@context":"https:\/\/schema.org","@graph":[{"@type":"Article","@id":"https:\/\/datajenny.se\/Blogg\/2025\/10\/28\/nar-vardagen-rullar-pa-trots-feber\/#article","isPartOf":{"@id":"https:\/\/datajenny.se\/Blogg\/2025\/10\/28\/nar-vardagen-rullar-pa-trots-feber\/"},"author":{"name":"Jenny Louise Nod\u00e9n","@id":"https:\/\/datajenny.se\/Blogg\/#\/schema\/person\/da3cd1b9792c07c50c88641dcf976bee"},"headline":"N\u00e4r vardagen rullar p\u00e5 trots feber","datePublished":"2025-10-28T16:54:14+00:00","dateModified":"2025-10-28T16:56:58+00:00","mainEntityOfPage":{"@id":"https:\/\/datajenny.se\/Blogg\/2025\/10\/28\/nar-vardagen-rullar-pa-trots-feber\/"},"wordCount":231,"commentCount":0,"publisher":{"@id":"https:\/\/datajenny.se\/Blogg\/#\/schema\/person\/da3cd1b9792c07c50c88641dcf976bee"},"image":{"@id":"https:\/\/datajenny.se\/Blogg\/2025\/10\/28\/nar-vardagen-rullar-pa-trots-feber\/#primaryimage"},"thumbnailUrl":"https:\/\/i0.wp.com\/datajenny.se\/Blogg\/wp-content\/uploads\/2025\/10\/20251027_2001397115653707402233461.jpg?fit=1600%2C1200&ssl=1","keywords":["Arbete","Blogg","Dikt","Erik","Feber"],"articleSection":["Arbete","Blogg","Dikt","Erik","Feber"],"inLanguage":"sv-SE","potentialAction":[{"@type":"CommentAction","name":"Comment","target":["https:\/\/datajenny.se\/Blogg\/2025\/10\/28\/nar-vardagen-rullar-pa-trots-feber\/#respond"]}]},{"@type":"WebPage","@id":"https:\/\/datajenny.se\/Blogg\/2025\/10\/28\/nar-vardagen-rullar-pa-trots-feber\/","url":"https:\/\/datajenny.se\/Blogg\/2025\/10\/28\/nar-vardagen-rullar-pa-trots-feber\/","name":"N\u00e4r vardagen rullar p\u00e5 trots feber - V\u00e4lkommen till JeLo","isPartOf":{"@id":"https:\/\/datajenny.se\/Blogg\/#website"},"primaryImageOfPage":{"@id":"https:\/\/datajenny.se\/Blogg\/2025\/10\/28\/nar-vardagen-rullar-pa-trots-feber\/#primaryimage"},"image":{"@id":"https:\/\/datajenny.se\/Blogg\/2025\/10\/28\/nar-vardagen-rullar-pa-trots-feber\/#primaryimage"},"thumbnailUrl":"https:\/\/i0.wp.com\/datajenny.se\/Blogg\/wp-content\/uploads\/2025\/10\/20251027_2001397115653707402233461.jpg?fit=1600%2C1200&ssl=1","datePublished":"2025-10-28T16:54:14+00:00","dateModified":"2025-10-28T16:56:58+00:00","breadcrumb":{"@id":"https:\/\/datajenny.se\/Blogg\/2025\/10\/28\/nar-vardagen-rullar-pa-trots-feber\/#breadcrumb"},"inLanguage":"sv-SE","potentialAction":[{"@type":"ReadAction","target":["https:\/\/datajenny.se\/Blogg\/2025\/10\/28\/nar-vardagen-rullar-pa-trots-feber\/"]}]},{"@type":"ImageObject","inLanguage":"sv-SE","@id":"https:\/\/datajenny.se\/Blogg\/2025\/10\/28\/nar-vardagen-rullar-pa-trots-feber\/#primaryimage","url":"https:\/\/i0.wp.com\/datajenny.se\/Blogg\/wp-content\/uploads\/2025\/10\/20251027_2001397115653707402233461.jpg?fit=1600%2C1200&ssl=1","contentUrl":"https:\/\/i0.wp.com\/datajenny.se\/Blogg\/wp-content\/uploads\/2025\/10\/20251027_2001397115653707402233461.jpg?fit=1600%2C1200&ssl=1","width":1600,"height":1200},{"@type":"BreadcrumbList","@id":"https:\/\/datajenny.se\/Blogg\/2025\/10\/28\/nar-vardagen-rullar-pa-trots-feber\/#breadcrumb","itemListElement":[{"@type":"ListItem","position":1,"name":"Hem","item":"https:\/\/datajenny.se\/Blogg\/"},{"@type":"ListItem","position":2,"name":"N\u00e4r vardagen rullar p\u00e5 trots feber"}]},{"@type":"WebSite","@id":"https:\/\/datajenny.se\/Blogg\/#website","url":"https:\/\/datajenny.se\/Blogg\/","name":"V\u00e4lkommen till Jenny Louises blogg","description":"Jenny Louises blogg","publisher":{"@id":"https:\/\/datajenny.se\/Blogg\/#\/schema\/person\/da3cd1b9792c07c50c88641dcf976bee"},"potentialAction":[{"@type":"SearchAction","target":{"@type":"EntryPoint","urlTemplate":"https:\/\/datajenny.se\/Blogg\/?s={search_term_string}"},"query-input":{"@type":"PropertyValueSpecification","valueRequired":true,"valueName":"search_term_string"}}],"inLanguage":"sv-SE"},{"@type":["Person","Organization"],"@id":"https:\/\/datajenny.se\/Blogg\/#\/schema\/person\/da3cd1b9792c07c50c88641dcf976bee","name":"Jenny Louise Nod\u00e9n","image":{"@type":"ImageObject","inLanguage":"sv-SE","@id":"https:\/\/datajenny.se\/Blogg\/wp-content\/uploads\/2025\/07\/wp-1751728308657.jpg","url":"https:\/\/datajenny.se\/Blogg\/wp-content\/uploads\/2025\/07\/wp-1751728308657.jpg","contentUrl":"https:\/\/datajenny.se\/Blogg\/wp-content\/uploads\/2025\/07\/wp-1751728308657.jpg","width":928,"height":928,"caption":"Jenny Louise Nod\u00e9n"},"logo":{"@id":"https:\/\/datajenny.se\/Blogg\/wp-content\/uploads\/2025\/07\/wp-1751728308657.jpg"},"description":"Jag \u00e4r en tjej som oftast \u00e4r glad och \u00e4lskar livet, men den 18 januari 2005 s\u00e5 f\u00f6rs\u00f6kte jag ta mitt liv, jag orkade inte helt enkelt l\u00e4ngre. Men min f\u00e4stman hittade mig i duschen, han r\u00e4ddade livet p\u00e5 mig. Jag fick \u00e5ka in till akuten och blev magpumpad samt s\u00e5 fick jag \u00e4ta kr\u00e4ksirap. Hamnade sedan p\u00e5 S\u00e4ter och log d\u00e4r i fyra dagar. Idag \u00e4r jag glad f\u00f6r att han hittade mig, livet har s\u00e5 mycket att erbjuda. Jag bryr mig f\u00f6r mycket om andra, jag kommer alltid i andra hand hos mig sj\u00e4lv. Jag \u00e4r gift med en underbar man vid namn Magnus och vi har en son som heter Erik och \u00e4r f\u00f6dd juni 2018.","sameAs":["https:\/\/datajenny.se\/Blogg","https:\/\/www.facebook.com\/datajenny\/","https:\/\/www.instagram.com\/datajenny\/","https:\/\/www.linkedin.com\/in\/jenny-louise-nodn-75324811b?","https:\/\/youtube.com\/channel\/UCU00yswsJZcmgqfoON6pMwg","https:\/\/datajenny.tumblr.com\/"],"url":"https:\/\/datajenny.se\/Blogg\/author\/jenny_louise\/"}]}},"jetpack_publicize_connections":[],"jetpack_featured_media_url":"https:\/\/i0.wp.com\/datajenny.se\/Blogg\/wp-content\/uploads\/2025\/10\/20251027_2001397115653707402233461.jpg?fit=1600%2C1200&ssl=1","jetpack_sharing_enabled":true,"jetpack_likes_enabled":true,"_links":{"self":[{"href":"https:\/\/datajenny.se\/Blogg\/wp-json\/wp\/v2\/posts\/3831","targetHints":{"allow":["GET"]}}],"collection":[{"href":"https:\/\/datajenny.se\/Blogg\/wp-json\/wp\/v2\/posts"}],"about":[{"href":"https:\/\/datajenny.se\/Blogg\/wp-json\/wp\/v2\/types\/post"}],"author":[{"embeddable":true,"href":"https:\/\/datajenny.se\/Blogg\/wp-json\/wp\/v2\/users\/1"}],"replies":[{"embeddable":true,"href":"https:\/\/datajenny.se\/Blogg\/wp-json\/wp\/v2\/comments?post=3831"}],"version-history":[{"count":1,"href":"https:\/\/datajenny.se\/Blogg\/wp-json\/wp\/v2\/posts\/3831\/revisions"}],"predecessor-version":[{"id":3832,"href":"https:\/\/datajenny.se\/Blogg\/wp-json\/wp\/v2\/posts\/3831\/revisions\/3832"}],"wp:featuredmedia":[{"embeddable":true,"href":"https:\/\/datajenny.se\/Blogg\/wp-json\/wp\/v2\/media\/3830"}],"wp:attachment":[{"href":"https:\/\/datajenny.se\/Blogg\/wp-json\/wp\/v2\/media?parent=3831"}],"wp:term":[{"taxonomy":"category","embeddable":true,"href":"https:\/\/datajenny.se\/Blogg\/wp-json\/wp\/v2\/categories?post=3831"},{"taxonomy":"post_tag","embeddable":true,"href":"https:\/\/datajenny.se\/Blogg\/wp-json\/wp\/v2\/tags?post=3831"}],"curies":[{"name":"wp","href":"https:\/\/api.w.org\/{rel}","templated":true}]}}