{"id":3851,"date":"2025-11-08T17:43:09","date_gmt":"2025-11-08T15:43:09","guid":{"rendered":"https:\/\/datajenny.se\/Blogg\/?p=3851"},"modified":"2025-11-08T17:46:57","modified_gmt":"2025-11-08T15:46:57","slug":"%f0%9f%92%aa-jag-brinner-for-det-fackliga-arbetet","status":"publish","type":"post","link":"https:\/\/datajenny.se\/Blogg\/2025\/11\/08\/%f0%9f%92%aa-jag-brinner-for-det-fackliga-arbetet\/","title":{"rendered":"\ud83d\udcaa Jag brinner f\u00f6r det fackliga arbetet"},"content":{"rendered":"\n<p>Jag brinner verkligen f\u00f6r det fackliga arbetet. F\u00f6r mig handlar det om att st\u00e5 upp f\u00f6r r\u00e4ttvisa, trygghet och gemenskap p\u00e5 jobbet. <\/p>\n\n\n\n<!--more-->\n\n\n\n<p>Det \u00e4r en del av vem jag \u00e4r \u2014 att finnas d\u00e4r f\u00f6r andra, att lyssna, st\u00f6tta och f\u00f6rs\u00f6ka g\u00f6ra skillnad.<\/p>\n\n\n\n<p>Jag har jobbat fackligt i \u00f6ver tio \u00e5r nu. Det har varit en resa fylld av b\u00e5de utmaningar och l\u00e4rdomar. Under den tiden har jag varit aktiv i tv\u00e5 olika fackf\u00f6rbund och p\u00e5 tv\u00e5 olika arbetsplatser \u2013 och jag har f\u00e5tt uppleva b\u00e5de omorganisationer och till och med nedl\u00e4ggningar.<\/p>\n\n\n\n<p>Som fackligt aktiv har jag nu flera uppdrag: jag \u00e4r vice ordf\u00f6rande, skyddsombud, visionsombud, medlemsansvarig, l\u00f6nef\u00f6rhandlare och har f\u00f6rhandlingsmandat. Det betyder att jag b\u00e5de arbetar med att f\u00f6rb\u00e4ttra arbetsmilj\u00f6n, f\u00f6rebygga problem och driva fr\u00e5gor som r\u00f6r villkor, l\u00f6ner och r\u00e4ttigheter.<\/p>\n\n\n\n<p>Men det fackliga handlar inte bara om m\u00f6ten och f\u00f6rhandlingar. Det handlar om m\u00e4nniskor. Om att n\u00e5gon ska kunna g\u00e5 till jobbet och k\u00e4nna sig trygg, sedd och respekterad. Att v\u00e5ga ta samtalen n\u00e4r n\u00e5got inte fungerar. Att st\u00e5 upp n\u00e4r det \u00e4r tufft.<br \/><\/p>\n\n\n\n<p>Jag g\u00f6r mycket av mitt fackliga arbete utanf\u00f6r arbetstid, men jag g\u00f6r det med gl\u00e4dje \u2014 f\u00f6r jag vet att det betyder n\u00e5got. F\u00f6r mig, f\u00f6r kollegorna och f\u00f6r framtiden. \u2764\ufe0f<\/p>\n\n\n\n<h2 class=\"wp-block-heading\">\u2764\ufe0f Varf\u00f6r jag engagerar mig fackligt<\/h2>\n\n\n\n<p>Det fackliga arbetet ligger mig varmt om hj\u00e4rtat. F\u00f6r mig handlar det inte om titlar eller m\u00f6ten, utan om m\u00e4nniskor \u2013 om oss som jobbar sida vid sida varje dag.<br \/><\/p>\n\n\n\n<p>Jag b\u00f6rjade engagera mig f\u00f6r att jag s\u00e5g or\u00e4ttvisor, sm\u00e5 saker som p\u00e5verkade mycket. Jag ville vara den som v\u00e5gade s\u00e4ga ifr\u00e5n, den som lyssnar och st\u00f6ttar n\u00e4r n\u00e5got k\u00e4nns fel. <\/p>\n\n\n\n<p>Att jobba fackligt handlar om att bry sig \u2013 p\u00e5 riktigt. Att st\u00e5 upp f\u00f6r r\u00e4ttvisa, trygghet och respekt. Att se till att ingen l\u00e4mnas ensam n\u00e4r det bl\u00e5ser.<br \/><\/p>\n\n\n\n<p>Jag vet att det jag g\u00f6r g\u00f6r skillnad. Kanske inte alltid syns det direkt, men i l\u00e4ngden. Varje g\u00e5ng n\u00e5gon v\u00e5gar be om hj\u00e4lp, varje g\u00e5ng ett problem l\u00f6ses, varje g\u00e5ng n\u00e5gon k\u00e4nner sig sedd \u2013 d\u00e5 vet jag att det \u00e4r v\u00e4rt all tid jag l\u00e4gger ner.<br \/><\/p>\n\n\n\n<p>Det h\u00e4r \u00e4r mitt s\u00e4tt att bidra. Mitt s\u00e4tt att g\u00f6ra skillnad. \ud83d\udcaa\u2764\ufe0f<\/p>\n\n\n\n<p><\/p>\n\n\n\n<img data-recalc-dims=\"1\" loading=\"lazy\" decoding=\"async\" style=\"opacity: 0;\" superb-addons-animation=\"zoomIn\" src=\"https:\/\/i0.wp.com\/datajenny.se\/Blogg\/wp-content\/uploads\/2025\/07\/1000012255.png?resize=180%2C53&#038;ssl=1\" alt=\"Signatur\" width=\"180\" height=\"53\">\n\n\n\n<p><\/p>\n","protected":false},"excerpt":{"rendered":"<p>Jag brinner verkligen f\u00f6r det fackliga arbetet. F\u00f6r mig handlar det om att st\u00e5 upp f\u00f6r r\u00e4ttvisa, trygghet och gemenskap p\u00e5 jobbet.<\/p>\n","protected":false},"author":1,"featured_media":3852,"comment_status":"open","ping_status":"open","sticky":false,"template":"","format":"standard","meta":{"ngg_post_thumbnail":0,"jetpack_post_was_ever_published":false,"_jetpack_newsletter_access":"","_jetpack_dont_email_post_to_subs":false,"_jetpack_newsletter_tier_id":0,"_jetpack_memberships_contains_paywalled_content":false,"_jetpack_memberships_contains_paid_content":false,"footnotes":"","jetpack_publicize_message":"","jetpack_publicize_feature_enabled":true,"jetpack_social_post_already_shared":true,"jetpack_social_options":{"image_generator_settings":{"template":"highway","default_image_id":0,"font":"","enabled":false},"version":2}},"categories":[8,125],"tags":[9,126],"class_list":["post-3851","post","type-post","status-publish","format-standard","has-post-thumbnail","hentry","category-blogg","category-fackligt","tag-blogg","tag-fackligt"],"featured_image_src":"https:\/\/i0.wp.com\/datajenny.se\/Blogg\/wp-content\/uploads\/2025\/11\/file_000000002f7c71f4a1db50f62c062b67.png?fit=614%2C409&ssl=1","author_info":{"display_name":"Jenny Louise Nod\u00e9n","author_link":"https:\/\/datajenny.se\/Blogg\/author\/jenny_louise\/"},"yoast_head":"<!-- This site is optimized with the Yoast SEO plugin v27.3 - https:\/\/yoast.com\/product\/yoast-seo-wordpress\/ -->\n<title>\ud83d\udcaa Jag brinner f\u00f6r det fackliga arbetet - V\u00e4lkommen till JeLo<\/title>\n<meta name=\"robots\" content=\"index, follow, max-snippet:-1, max-image-preview:large, max-video-preview:-1\" \/>\n<link rel=\"canonical\" href=\"https:\/\/datajenny.se\/Blogg\/2025\/11\/08\/\ud83d\udcaa-jag-brinner-for-det-fackliga-arbetet\/\" \/>\n<meta property=\"og:locale\" content=\"sv_SE\" \/>\n<meta property=\"og:type\" content=\"article\" \/>\n<meta property=\"og:title\" content=\"\ud83d\udcaa Jag brinner f\u00f6r det fackliga arbetet - V\u00e4lkommen till JeLo\" \/>\n<meta property=\"og:description\" content=\"Jag brinner verkligen f\u00f6r det fackliga arbetet. F\u00f6r mig handlar det om att st\u00e5 upp f\u00f6r r\u00e4ttvisa, trygghet och gemenskap p\u00e5 jobbet.\" \/>\n<meta property=\"og:url\" content=\"https:\/\/datajenny.se\/Blogg\/2025\/11\/08\/\ud83d\udcaa-jag-brinner-for-det-fackliga-arbetet\/\" \/>\n<meta property=\"og:site_name\" content=\"V\u00e4lkommen till JeLo\" \/>\n<meta property=\"article:publisher\" content=\"https:\/\/www.facebook.com\/datajenny\/\" \/>\n<meta property=\"article:author\" content=\"https:\/\/www.facebook.com\/datajenny\/\" \/>\n<meta property=\"article:published_time\" content=\"2025-11-08T15:43:09+00:00\" \/>\n<meta property=\"article:modified_time\" content=\"2025-11-08T15:46:57+00:00\" \/>\n<meta property=\"og:image\" content=\"https:\/\/i0.wp.com\/datajenny.se\/Blogg\/wp-content\/uploads\/2025\/11\/file_000000002f7c71f4a1db50f62c062b67.png?fit=614%2C409&ssl=1\" \/>\n\t<meta property=\"og:image:width\" content=\"614\" \/>\n\t<meta property=\"og:image:height\" content=\"409\" \/>\n\t<meta property=\"og:image:type\" content=\"image\/png\" \/>\n<meta name=\"author\" content=\"Jenny Louise Nod\u00e9n\" \/>\n<meta name=\"twitter:card\" content=\"summary_large_image\" \/>\n<meta name=\"twitter:label1\" content=\"Skriven av\" \/>\n\t<meta name=\"twitter:data1\" content=\"Jenny Louise Nod\u00e9n\" \/>\n\t<meta name=\"twitter:label2\" content=\"Ber\u00e4knad l\u00e4stid\" \/>\n\t<meta name=\"twitter:data2\" content=\"2 minuter\" \/>\n<script type=\"application\/ld+json\" class=\"yoast-schema-graph\">{\"@context\":\"https:\\\/\\\/schema.org\",\"@graph\":[{\"@type\":\"Article\",\"@id\":\"https:\\\/\\\/datajenny.se\\\/Blogg\\\/2025\\\/11\\\/08\\\/%f0%9f%92%aa-jag-brinner-for-det-fackliga-arbetet\\\/#article\",\"isPartOf\":{\"@id\":\"https:\\\/\\\/datajenny.se\\\/Blogg\\\/2025\\\/11\\\/08\\\/%f0%9f%92%aa-jag-brinner-for-det-fackliga-arbetet\\\/\"},\"author\":{\"name\":\"Jenny Louise Nod\u00e9n\",\"@id\":\"https:\\\/\\\/datajenny.se\\\/Blogg\\\/#\\\/schema\\\/person\\\/da3cd1b9792c07c50c88641dcf976bee\"},\"headline\":\"\ud83d\udcaa Jag brinner f\u00f6r det fackliga arbetet\",\"datePublished\":\"2025-11-08T15:43:09+00:00\",\"dateModified\":\"2025-11-08T15:46:57+00:00\",\"mainEntityOfPage\":{\"@id\":\"https:\\\/\\\/datajenny.se\\\/Blogg\\\/2025\\\/11\\\/08\\\/%f0%9f%92%aa-jag-brinner-for-det-fackliga-arbetet\\\/\"},\"wordCount\":449,\"commentCount\":0,\"publisher\":{\"@id\":\"https:\\\/\\\/datajenny.se\\\/Blogg\\\/#\\\/schema\\\/person\\\/da3cd1b9792c07c50c88641dcf976bee\"},\"image\":{\"@id\":\"https:\\\/\\\/datajenny.se\\\/Blogg\\\/2025\\\/11\\\/08\\\/%f0%9f%92%aa-jag-brinner-for-det-fackliga-arbetet\\\/#primaryimage\"},\"thumbnailUrl\":\"https:\\\/\\\/i0.wp.com\\\/datajenny.se\\\/Blogg\\\/wp-content\\\/uploads\\\/2025\\\/11\\\/file_000000002f7c71f4a1db50f62c062b67.png?fit=614%2C409&ssl=1\",\"keywords\":[\"Blogg\",\"Fackligt\"],\"articleSection\":[\"Blogg\",\"Fackligt\"],\"inLanguage\":\"sv-SE\",\"potentialAction\":[{\"@type\":\"CommentAction\",\"name\":\"Comment\",\"target\":[\"https:\\\/\\\/datajenny.se\\\/Blogg\\\/2025\\\/11\\\/08\\\/%f0%9f%92%aa-jag-brinner-for-det-fackliga-arbetet\\\/#respond\"]}]},{\"@type\":\"WebPage\",\"@id\":\"https:\\\/\\\/datajenny.se\\\/Blogg\\\/2025\\\/11\\\/08\\\/%f0%9f%92%aa-jag-brinner-for-det-fackliga-arbetet\\\/\",\"url\":\"https:\\\/\\\/datajenny.se\\\/Blogg\\\/2025\\\/11\\\/08\\\/%f0%9f%92%aa-jag-brinner-for-det-fackliga-arbetet\\\/\",\"name\":\"\ud83d\udcaa Jag brinner f\u00f6r det fackliga arbetet - V\u00e4lkommen till JeLo\",\"isPartOf\":{\"@id\":\"https:\\\/\\\/datajenny.se\\\/Blogg\\\/#website\"},\"primaryImageOfPage\":{\"@id\":\"https:\\\/\\\/datajenny.se\\\/Blogg\\\/2025\\\/11\\\/08\\\/%f0%9f%92%aa-jag-brinner-for-det-fackliga-arbetet\\\/#primaryimage\"},\"image\":{\"@id\":\"https:\\\/\\\/datajenny.se\\\/Blogg\\\/2025\\\/11\\\/08\\\/%f0%9f%92%aa-jag-brinner-for-det-fackliga-arbetet\\\/#primaryimage\"},\"thumbnailUrl\":\"https:\\\/\\\/i0.wp.com\\\/datajenny.se\\\/Blogg\\\/wp-content\\\/uploads\\\/2025\\\/11\\\/file_000000002f7c71f4a1db50f62c062b67.png?fit=614%2C409&ssl=1\",\"datePublished\":\"2025-11-08T15:43:09+00:00\",\"dateModified\":\"2025-11-08T15:46:57+00:00\",\"breadcrumb\":{\"@id\":\"https:\\\/\\\/datajenny.se\\\/Blogg\\\/2025\\\/11\\\/08\\\/%f0%9f%92%aa-jag-brinner-for-det-fackliga-arbetet\\\/#breadcrumb\"},\"inLanguage\":\"sv-SE\",\"potentialAction\":[{\"@type\":\"ReadAction\",\"target\":[\"https:\\\/\\\/datajenny.se\\\/Blogg\\\/2025\\\/11\\\/08\\\/%f0%9f%92%aa-jag-brinner-for-det-fackliga-arbetet\\\/\"]}]},{\"@type\":\"ImageObject\",\"inLanguage\":\"sv-SE\",\"@id\":\"https:\\\/\\\/datajenny.se\\\/Blogg\\\/2025\\\/11\\\/08\\\/%f0%9f%92%aa-jag-brinner-for-det-fackliga-arbetet\\\/#primaryimage\",\"url\":\"https:\\\/\\\/i0.wp.com\\\/datajenny.se\\\/Blogg\\\/wp-content\\\/uploads\\\/2025\\\/11\\\/file_000000002f7c71f4a1db50f62c062b67.png?fit=614%2C409&ssl=1\",\"contentUrl\":\"https:\\\/\\\/i0.wp.com\\\/datajenny.se\\\/Blogg\\\/wp-content\\\/uploads\\\/2025\\\/11\\\/file_000000002f7c71f4a1db50f62c062b67.png?fit=614%2C409&ssl=1\",\"width\":614,\"height\":409},{\"@type\":\"BreadcrumbList\",\"@id\":\"https:\\\/\\\/datajenny.se\\\/Blogg\\\/2025\\\/11\\\/08\\\/%f0%9f%92%aa-jag-brinner-for-det-fackliga-arbetet\\\/#breadcrumb\",\"itemListElement\":[{\"@type\":\"ListItem\",\"position\":1,\"name\":\"Hem\",\"item\":\"https:\\\/\\\/datajenny.se\\\/Blogg\\\/\"},{\"@type\":\"ListItem\",\"position\":2,\"name\":\"\ud83d\udcaa Jag brinner f\u00f6r det fackliga arbetet\"}]},{\"@type\":\"WebSite\",\"@id\":\"https:\\\/\\\/datajenny.se\\\/Blogg\\\/#website\",\"url\":\"https:\\\/\\\/datajenny.se\\\/Blogg\\\/\",\"name\":\"V\u00e4lkommen till Jenny Louises blogg\",\"description\":\"Jenny Louises blogg\",\"publisher\":{\"@id\":\"https:\\\/\\\/datajenny.se\\\/Blogg\\\/#\\\/schema\\\/person\\\/da3cd1b9792c07c50c88641dcf976bee\"},\"potentialAction\":[{\"@type\":\"SearchAction\",\"target\":{\"@type\":\"EntryPoint\",\"urlTemplate\":\"https:\\\/\\\/datajenny.se\\\/Blogg\\\/?s={search_term_string}\"},\"query-input\":{\"@type\":\"PropertyValueSpecification\",\"valueRequired\":true,\"valueName\":\"search_term_string\"}}],\"inLanguage\":\"sv-SE\"},{\"@type\":[\"Person\",\"Organization\"],\"@id\":\"https:\\\/\\\/datajenny.se\\\/Blogg\\\/#\\\/schema\\\/person\\\/da3cd1b9792c07c50c88641dcf976bee\",\"name\":\"Jenny Louise Nod\u00e9n\",\"image\":{\"@type\":\"ImageObject\",\"inLanguage\":\"sv-SE\",\"@id\":\"https:\\\/\\\/datajenny.se\\\/Blogg\\\/wp-content\\\/uploads\\\/2025\\\/07\\\/wp-1751728308657.jpg\",\"url\":\"https:\\\/\\\/datajenny.se\\\/Blogg\\\/wp-content\\\/uploads\\\/2025\\\/07\\\/wp-1751728308657.jpg\",\"contentUrl\":\"https:\\\/\\\/datajenny.se\\\/Blogg\\\/wp-content\\\/uploads\\\/2025\\\/07\\\/wp-1751728308657.jpg\",\"width\":928,\"height\":928,\"caption\":\"Jenny Louise Nod\u00e9n\"},\"logo\":{\"@id\":\"https:\\\/\\\/datajenny.se\\\/Blogg\\\/wp-content\\\/uploads\\\/2025\\\/07\\\/wp-1751728308657.jpg\"},\"description\":\"Jag \u00e4r en tjej som oftast \u00e4r glad och \u00e4lskar livet, men den 18 januari 2005 s\u00e5 f\u00f6rs\u00f6kte jag ta mitt liv, jag orkade inte helt enkelt l\u00e4ngre. Men min f\u00e4stman hittade mig i duschen, han r\u00e4ddade livet p\u00e5 mig. Jag fick \u00e5ka in till akuten och blev magpumpad samt s\u00e5 fick jag \u00e4ta kr\u00e4ksirap. Hamnade sedan p\u00e5 S\u00e4ter och log d\u00e4r i fyra dagar. Idag \u00e4r jag glad f\u00f6r att han hittade mig, livet har s\u00e5 mycket att erbjuda. Jag bryr mig f\u00f6r mycket om andra, jag kommer alltid i andra hand hos mig sj\u00e4lv. Jag \u00e4r gift med en underbar man vid namn Magnus och vi har en son som heter Erik och \u00e4r f\u00f6dd juni 2018.\",\"sameAs\":[\"https:\\\/\\\/datajenny.se\\\/Blogg\",\"https:\\\/\\\/www.facebook.com\\\/datajenny\\\/\",\"https:\\\/\\\/www.instagram.com\\\/datajenny\\\/\",\"https:\\\/\\\/www.linkedin.com\\\/in\\\/jenny-louise-nodn-75324811b?\",\"https:\\\/\\\/youtube.com\\\/channel\\\/UCU00yswsJZcmgqfoON6pMwg\",\"https:\\\/\\\/datajenny.tumblr.com\\\/\"],\"url\":\"https:\\\/\\\/datajenny.se\\\/Blogg\\\/author\\\/jenny_louise\\\/\"}]}<\/script>\n<!-- \/ Yoast SEO plugin. -->","yoast_head_json":{"title":"\ud83d\udcaa Jag brinner f\u00f6r det fackliga arbetet - V\u00e4lkommen till JeLo","robots":{"index":"index","follow":"follow","max-snippet":"max-snippet:-1","max-image-preview":"max-image-preview:large","max-video-preview":"max-video-preview:-1"},"canonical":"https:\/\/datajenny.se\/Blogg\/2025\/11\/08\/\ud83d\udcaa-jag-brinner-for-det-fackliga-arbetet\/","og_locale":"sv_SE","og_type":"article","og_title":"\ud83d\udcaa Jag brinner f\u00f6r det fackliga arbetet - V\u00e4lkommen till JeLo","og_description":"Jag brinner verkligen f\u00f6r det fackliga arbetet. F\u00f6r mig handlar det om att st\u00e5 upp f\u00f6r r\u00e4ttvisa, trygghet och gemenskap p\u00e5 jobbet.","og_url":"https:\/\/datajenny.se\/Blogg\/2025\/11\/08\/\ud83d\udcaa-jag-brinner-for-det-fackliga-arbetet\/","og_site_name":"V\u00e4lkommen till JeLo","article_publisher":"https:\/\/www.facebook.com\/datajenny\/","article_author":"https:\/\/www.facebook.com\/datajenny\/","article_published_time":"2025-11-08T15:43:09+00:00","article_modified_time":"2025-11-08T15:46:57+00:00","og_image":[{"width":614,"height":409,"url":"https:\/\/i0.wp.com\/datajenny.se\/Blogg\/wp-content\/uploads\/2025\/11\/file_000000002f7c71f4a1db50f62c062b67.png?fit=614%2C409&ssl=1","type":"image\/png"}],"author":"Jenny Louise Nod\u00e9n","twitter_card":"summary_large_image","twitter_misc":{"Skriven av":"Jenny Louise Nod\u00e9n","Ber\u00e4knad l\u00e4stid":"2 minuter"},"schema":{"@context":"https:\/\/schema.org","@graph":[{"@type":"Article","@id":"https:\/\/datajenny.se\/Blogg\/2025\/11\/08\/%f0%9f%92%aa-jag-brinner-for-det-fackliga-arbetet\/#article","isPartOf":{"@id":"https:\/\/datajenny.se\/Blogg\/2025\/11\/08\/%f0%9f%92%aa-jag-brinner-for-det-fackliga-arbetet\/"},"author":{"name":"Jenny Louise Nod\u00e9n","@id":"https:\/\/datajenny.se\/Blogg\/#\/schema\/person\/da3cd1b9792c07c50c88641dcf976bee"},"headline":"\ud83d\udcaa Jag brinner f\u00f6r det fackliga arbetet","datePublished":"2025-11-08T15:43:09+00:00","dateModified":"2025-11-08T15:46:57+00:00","mainEntityOfPage":{"@id":"https:\/\/datajenny.se\/Blogg\/2025\/11\/08\/%f0%9f%92%aa-jag-brinner-for-det-fackliga-arbetet\/"},"wordCount":449,"commentCount":0,"publisher":{"@id":"https:\/\/datajenny.se\/Blogg\/#\/schema\/person\/da3cd1b9792c07c50c88641dcf976bee"},"image":{"@id":"https:\/\/datajenny.se\/Blogg\/2025\/11\/08\/%f0%9f%92%aa-jag-brinner-for-det-fackliga-arbetet\/#primaryimage"},"thumbnailUrl":"https:\/\/i0.wp.com\/datajenny.se\/Blogg\/wp-content\/uploads\/2025\/11\/file_000000002f7c71f4a1db50f62c062b67.png?fit=614%2C409&ssl=1","keywords":["Blogg","Fackligt"],"articleSection":["Blogg","Fackligt"],"inLanguage":"sv-SE","potentialAction":[{"@type":"CommentAction","name":"Comment","target":["https:\/\/datajenny.se\/Blogg\/2025\/11\/08\/%f0%9f%92%aa-jag-brinner-for-det-fackliga-arbetet\/#respond"]}]},{"@type":"WebPage","@id":"https:\/\/datajenny.se\/Blogg\/2025\/11\/08\/%f0%9f%92%aa-jag-brinner-for-det-fackliga-arbetet\/","url":"https:\/\/datajenny.se\/Blogg\/2025\/11\/08\/%f0%9f%92%aa-jag-brinner-for-det-fackliga-arbetet\/","name":"\ud83d\udcaa Jag brinner f\u00f6r det fackliga arbetet - V\u00e4lkommen till JeLo","isPartOf":{"@id":"https:\/\/datajenny.se\/Blogg\/#website"},"primaryImageOfPage":{"@id":"https:\/\/datajenny.se\/Blogg\/2025\/11\/08\/%f0%9f%92%aa-jag-brinner-for-det-fackliga-arbetet\/#primaryimage"},"image":{"@id":"https:\/\/datajenny.se\/Blogg\/2025\/11\/08\/%f0%9f%92%aa-jag-brinner-for-det-fackliga-arbetet\/#primaryimage"},"thumbnailUrl":"https:\/\/i0.wp.com\/datajenny.se\/Blogg\/wp-content\/uploads\/2025\/11\/file_000000002f7c71f4a1db50f62c062b67.png?fit=614%2C409&ssl=1","datePublished":"2025-11-08T15:43:09+00:00","dateModified":"2025-11-08T15:46:57+00:00","breadcrumb":{"@id":"https:\/\/datajenny.se\/Blogg\/2025\/11\/08\/%f0%9f%92%aa-jag-brinner-for-det-fackliga-arbetet\/#breadcrumb"},"inLanguage":"sv-SE","potentialAction":[{"@type":"ReadAction","target":["https:\/\/datajenny.se\/Blogg\/2025\/11\/08\/%f0%9f%92%aa-jag-brinner-for-det-fackliga-arbetet\/"]}]},{"@type":"ImageObject","inLanguage":"sv-SE","@id":"https:\/\/datajenny.se\/Blogg\/2025\/11\/08\/%f0%9f%92%aa-jag-brinner-for-det-fackliga-arbetet\/#primaryimage","url":"https:\/\/i0.wp.com\/datajenny.se\/Blogg\/wp-content\/uploads\/2025\/11\/file_000000002f7c71f4a1db50f62c062b67.png?fit=614%2C409&ssl=1","contentUrl":"https:\/\/i0.wp.com\/datajenny.se\/Blogg\/wp-content\/uploads\/2025\/11\/file_000000002f7c71f4a1db50f62c062b67.png?fit=614%2C409&ssl=1","width":614,"height":409},{"@type":"BreadcrumbList","@id":"https:\/\/datajenny.se\/Blogg\/2025\/11\/08\/%f0%9f%92%aa-jag-brinner-for-det-fackliga-arbetet\/#breadcrumb","itemListElement":[{"@type":"ListItem","position":1,"name":"Hem","item":"https:\/\/datajenny.se\/Blogg\/"},{"@type":"ListItem","position":2,"name":"\ud83d\udcaa Jag brinner f\u00f6r det fackliga arbetet"}]},{"@type":"WebSite","@id":"https:\/\/datajenny.se\/Blogg\/#website","url":"https:\/\/datajenny.se\/Blogg\/","name":"V\u00e4lkommen till Jenny Louises blogg","description":"Jenny Louises blogg","publisher":{"@id":"https:\/\/datajenny.se\/Blogg\/#\/schema\/person\/da3cd1b9792c07c50c88641dcf976bee"},"potentialAction":[{"@type":"SearchAction","target":{"@type":"EntryPoint","urlTemplate":"https:\/\/datajenny.se\/Blogg\/?s={search_term_string}"},"query-input":{"@type":"PropertyValueSpecification","valueRequired":true,"valueName":"search_term_string"}}],"inLanguage":"sv-SE"},{"@type":["Person","Organization"],"@id":"https:\/\/datajenny.se\/Blogg\/#\/schema\/person\/da3cd1b9792c07c50c88641dcf976bee","name":"Jenny Louise Nod\u00e9n","image":{"@type":"ImageObject","inLanguage":"sv-SE","@id":"https:\/\/datajenny.se\/Blogg\/wp-content\/uploads\/2025\/07\/wp-1751728308657.jpg","url":"https:\/\/datajenny.se\/Blogg\/wp-content\/uploads\/2025\/07\/wp-1751728308657.jpg","contentUrl":"https:\/\/datajenny.se\/Blogg\/wp-content\/uploads\/2025\/07\/wp-1751728308657.jpg","width":928,"height":928,"caption":"Jenny Louise Nod\u00e9n"},"logo":{"@id":"https:\/\/datajenny.se\/Blogg\/wp-content\/uploads\/2025\/07\/wp-1751728308657.jpg"},"description":"Jag \u00e4r en tjej som oftast \u00e4r glad och \u00e4lskar livet, men den 18 januari 2005 s\u00e5 f\u00f6rs\u00f6kte jag ta mitt liv, jag orkade inte helt enkelt l\u00e4ngre. Men min f\u00e4stman hittade mig i duschen, han r\u00e4ddade livet p\u00e5 mig. Jag fick \u00e5ka in till akuten och blev magpumpad samt s\u00e5 fick jag \u00e4ta kr\u00e4ksirap. Hamnade sedan p\u00e5 S\u00e4ter och log d\u00e4r i fyra dagar. Idag \u00e4r jag glad f\u00f6r att han hittade mig, livet har s\u00e5 mycket att erbjuda. Jag bryr mig f\u00f6r mycket om andra, jag kommer alltid i andra hand hos mig sj\u00e4lv. Jag \u00e4r gift med en underbar man vid namn Magnus och vi har en son som heter Erik och \u00e4r f\u00f6dd juni 2018.","sameAs":["https:\/\/datajenny.se\/Blogg","https:\/\/www.facebook.com\/datajenny\/","https:\/\/www.instagram.com\/datajenny\/","https:\/\/www.linkedin.com\/in\/jenny-louise-nodn-75324811b?","https:\/\/youtube.com\/channel\/UCU00yswsJZcmgqfoON6pMwg","https:\/\/datajenny.tumblr.com\/"],"url":"https:\/\/datajenny.se\/Blogg\/author\/jenny_louise\/"}]}},"jetpack_publicize_connections":[],"jetpack_featured_media_url":"https:\/\/i0.wp.com\/datajenny.se\/Blogg\/wp-content\/uploads\/2025\/11\/file_000000002f7c71f4a1db50f62c062b67.png?fit=614%2C409&ssl=1","jetpack_sharing_enabled":true,"jetpack_likes_enabled":true,"_links":{"self":[{"href":"https:\/\/datajenny.se\/Blogg\/wp-json\/wp\/v2\/posts\/3851","targetHints":{"allow":["GET"]}}],"collection":[{"href":"https:\/\/datajenny.se\/Blogg\/wp-json\/wp\/v2\/posts"}],"about":[{"href":"https:\/\/datajenny.se\/Blogg\/wp-json\/wp\/v2\/types\/post"}],"author":[{"embeddable":true,"href":"https:\/\/datajenny.se\/Blogg\/wp-json\/wp\/v2\/users\/1"}],"replies":[{"embeddable":true,"href":"https:\/\/datajenny.se\/Blogg\/wp-json\/wp\/v2\/comments?post=3851"}],"version-history":[{"count":4,"href":"https:\/\/datajenny.se\/Blogg\/wp-json\/wp\/v2\/posts\/3851\/revisions"}],"predecessor-version":[{"id":3856,"href":"https:\/\/datajenny.se\/Blogg\/wp-json\/wp\/v2\/posts\/3851\/revisions\/3856"}],"wp:featuredmedia":[{"embeddable":true,"href":"https:\/\/datajenny.se\/Blogg\/wp-json\/wp\/v2\/media\/3852"}],"wp:attachment":[{"href":"https:\/\/datajenny.se\/Blogg\/wp-json\/wp\/v2\/media?parent=3851"}],"wp:term":[{"taxonomy":"category","embeddable":true,"href":"https:\/\/datajenny.se\/Blogg\/wp-json\/wp\/v2\/categories?post=3851"},{"taxonomy":"post_tag","embeddable":true,"href":"https:\/\/datajenny.se\/Blogg\/wp-json\/wp\/v2\/tags?post=3851"}],"curies":[{"name":"wp","href":"https:\/\/api.w.org\/{rel}","templated":true}]}}