{"id":3917,"date":"2025-11-11T21:40:07","date_gmt":"2025-11-11T19:40:07","guid":{"rendered":"https:\/\/datajenny.se\/Blogg\/?p=3917"},"modified":"2025-11-11T21:41:51","modified_gmt":"2025-11-11T19:41:51","slug":"%f0%9f%92%ac-att-vara-konfliktradd-men-bara-nar-det-galler-mig-sjalv","status":"publish","type":"post","link":"https:\/\/datajenny.se\/Blogg\/2025\/11\/11\/%f0%9f%92%ac-att-vara-konfliktradd-men-bara-nar-det-galler-mig-sjalv\/","title":{"rendered":"\ud83d\udcac Att vara konfliktr\u00e4dd \u2013 men bara n\u00e4r det g\u00e4ller mig sj\u00e4lv"},"content":{"rendered":"\n<p>Jag har t\u00e4nkt mycket p\u00e5 det h\u00e4r med konfliktr\u00e4dsla.<\/p>\n\n\n\n<!--more-->\n\n\n\n<p>Inte den klassiska sorten, d\u00e4r man undviker alla konflikter. Nej, jag har insett att jag egentligen inte alls \u00e4r konfliktr\u00e4dd \u2013 \u00e5tminstone inte n\u00e4r det handlar om andra.<\/p>\n\n\n\n<p>N\u00e4r n\u00e5got \u00e4r or\u00e4ttvist p\u00e5 jobbet, i samh\u00e4llet eller i en grupp, d\u00e5 hittar jag styrkan direkt. D\u00e5 v\u00e5gar jag ifr\u00e5gas\u00e4tta, st\u00e4lla krav och st\u00e5 upp f\u00f6r vad som \u00e4r r\u00e4tt. Jag k\u00e4nner modet v\u00e4xa n\u00e4r det inte handlar om mig som person, utan om n\u00e5got st\u00f6rre \u2013 om r\u00e4ttvisa, om andra m\u00e4nniskor.<br \/><\/p>\n\n\n\n<p>Men n\u00e4r konflikten pl\u00f6tsligt g\u00e4ller mig, n\u00e4r jag sj\u00e4lv blir drabbad \u2013 d\u00e5 h\u00e4nder n\u00e5got.<br \/>R\u00f6sten blir tystare.<br \/>Tankarna snurrar.<br \/>R\u00e4dslan smyger sig in.<br \/><\/p>\n\n\n\n<p>Jag b\u00f6rjar tvivla p\u00e5 om jag verkligen har r\u00e4tt att k\u00e4nna som jag g\u00f6r. Om jag kanske \u00f6verdriver, om jag borde l\u00e5ta det passera. Jag b\u00f6rjar v\u00e4ga relationer mot r\u00e4ttvisa, och oftast vinner relationerna. Jag backar, fast jag egentligen inte vill.<br \/><\/p>\n\n\n\n<p>Det \u00e4r m\u00e4rkligt, hur l\u00e4tt det \u00e4r att k\u00e4mpa f\u00f6r andra men s\u00e5 sv\u00e5rt att k\u00e4mpa f\u00f6r sig sj\u00e4lv.<br \/>Kanske handlar det om s\u00e5rbarhet \u2013 att n\u00e4r det g\u00e4ller mig, s\u00e5 st\u00e5r jag d\u00e4r utan skydd. D\u00e5 handlar det inte l\u00e4ngre om en princip, utan om mig som person.<br \/>Och det \u00e4r l\u00e4skigt.<br \/><\/p>\n\n\n\n<p>Men jag f\u00f6rs\u00f6ker bli b\u00e4ttre p\u00e5 att v\u00e5ga st\u00e5 kvar, \u00e4ven n\u00e4r r\u00f6sten darrar.<br \/>F\u00f6r jag f\u00f6rtj\u00e4nar ocks\u00e5 att bli lyssnad p\u00e5.<br \/>Jag f\u00f6rtj\u00e4nar ocks\u00e5 att s\u00e4ga: \u201dDet d\u00e4r k\u00e4ndes inte okej.\u201d<br \/><\/p>\n\n\n\n<p>Att st\u00e5 upp f\u00f6r sig sj\u00e4lv \u00e4r ocks\u00e5 en form av mod \u2013 bara en tystare, sk\u00f6rare variant.<\/p>\n\n\n\n<p><\/p>\n\n\n<div class=\"wp-block-ub-divider ub_divider ub-divider-orientation-horizontal\" id=\"ub_divider_4ed2eb64-a09c-47dd-918d-9dde7893e512\"><div class=\"ub_divider_wrapper\" style=\"position: relative; margin-bottom: 2px; width: 100%; height: 2px; \" data-divider-alignment=\"center\"><div class=\"ub_divider_line\" style=\"border-top: 10px dotted #00d084; margin-top: 2px; \"><\/div><\/div><\/div>\n\n\n<p><\/p>\n\n\n\n<h2 class=\"wp-block-heading\">\u2728 Dagens dikt \u2728<\/h2>\n\n\n\n<p><strong><em>\u201dN\u00e4r r\u00f6sten darrar\u201d<\/em><\/strong><br \/><\/p>\n\n\n\n<p><em>N\u00e4r jag talar f\u00f6r andra<\/em><br \/><em>b\u00e4r orden kraft som sten,<\/em><br \/><em>de rullar ur mig,<\/em><br \/><em>fasta, tunga, sanna.<\/em><\/p>\n\n\n\n<p><em>Men n\u00e4r jag talar f\u00f6r mig sj\u00e4lv<\/em><br \/><em>blir r\u00f6sten tunn som glas,<\/em><br \/><em>jag v\u00e4ger varje stavelse<\/em><br \/><em>som om den kunde spricka.<\/em><\/p>\n\n\n\n<p><em>En dag ska jag v\u00e5ga st\u00e5 kvar,<\/em><br \/><em>\u00e4ven n\u00e4r r\u00f6sten darrar.<\/em><br \/><em>F\u00f6r \u00e4ven tyst mod<\/em><br \/><em>\u00e4r mod \u00e4nd\u00e5.<\/em><\/p>\n\n\n\n<p><\/p>\n\n\n\n<img data-recalc-dims=\"1\" loading=\"lazy\" decoding=\"async\" style=\"opacity: 0;\" superb-addons-animation=\"zoomIn\" src=\"https:\/\/i0.wp.com\/datajenny.se\/Blogg\/wp-content\/uploads\/2025\/07\/1000012255.png?resize=180%2C53&#038;ssl=1\" alt=\"Signatur\" width=\"180\" height=\"53\">\n\n\n\n<p><\/p>\n","protected":false},"excerpt":{"rendered":"<p>Jag har t\u00e4nkt mycket p\u00e5 det h\u00e4r med konfliktr\u00e4dsla.<\/p>\n","protected":false},"author":1,"featured_media":3918,"comment_status":"open","ping_status":"open","sticky":false,"template":"","format":"standard","meta":{"ngg_post_thumbnail":0,"jetpack_post_was_ever_published":false,"_jetpack_newsletter_access":"","_jetpack_dont_email_post_to_subs":false,"_jetpack_newsletter_tier_id":0,"_jetpack_memberships_contains_paywalled_content":false,"_jetpack_memberships_contains_paid_content":false,"footnotes":"","jetpack_publicize_message":"","jetpack_publicize_feature_enabled":true,"jetpack_social_post_already_shared":true,"jetpack_social_options":{"image_generator_settings":{"template":"highway","default_image_id":0,"font":"","enabled":false},"version":2}},"categories":[8,131,241,242],"tags":[9,132,243,244],"class_list":["post-3917","post","type-post","status-publish","format-standard","has-post-thumbnail","hentry","category-blogg","category-dikt","category-konfikt","category-radd","tag-blogg","tag-dikt","tag-konflikt","tag-radd"],"featured_image_src":"https:\/\/i0.wp.com\/datajenny.se\/Blogg\/wp-content\/uploads\/2025\/11\/Screenshot_20251111_203926_Edge.jpg?fit=909%2C758&ssl=1","author_info":{"display_name":"Jenny Louise Nod\u00e9n","author_link":"https:\/\/datajenny.se\/Blogg\/author\/jenny_louise\/"},"yoast_head":"<!-- This site is optimized with the Yoast SEO plugin v27.3 - https:\/\/yoast.com\/product\/yoast-seo-wordpress\/ -->\n<title>\ud83d\udcac Att vara konfliktr\u00e4dd \u2013 men bara n\u00e4r det g\u00e4ller mig sj\u00e4lv - V\u00e4lkommen till JeLo<\/title>\n<meta name=\"robots\" content=\"index, follow, max-snippet:-1, max-image-preview:large, max-video-preview:-1\" \/>\n<link rel=\"canonical\" href=\"https:\/\/datajenny.se\/Blogg\/2025\/11\/11\/\ud83d\udcac-att-vara-konfliktradd-men-bara-nar-det-galler-mig-sjalv\/\" \/>\n<meta property=\"og:locale\" content=\"sv_SE\" \/>\n<meta property=\"og:type\" content=\"article\" \/>\n<meta property=\"og:title\" content=\"\ud83d\udcac Att vara konfliktr\u00e4dd \u2013 men bara n\u00e4r det g\u00e4ller mig sj\u00e4lv - V\u00e4lkommen till JeLo\" \/>\n<meta property=\"og:description\" content=\"Jag har t\u00e4nkt mycket p\u00e5 det h\u00e4r med konfliktr\u00e4dsla.\" \/>\n<meta property=\"og:url\" content=\"https:\/\/datajenny.se\/Blogg\/2025\/11\/11\/\ud83d\udcac-att-vara-konfliktradd-men-bara-nar-det-galler-mig-sjalv\/\" \/>\n<meta property=\"og:site_name\" content=\"V\u00e4lkommen till JeLo\" \/>\n<meta property=\"article:publisher\" content=\"https:\/\/www.facebook.com\/datajenny\/\" \/>\n<meta property=\"article:author\" content=\"https:\/\/www.facebook.com\/datajenny\/\" \/>\n<meta property=\"article:published_time\" content=\"2025-11-11T19:40:07+00:00\" \/>\n<meta property=\"article:modified_time\" content=\"2025-11-11T19:41:51+00:00\" \/>\n<meta name=\"author\" content=\"Jenny Louise Nod\u00e9n\" \/>\n<meta name=\"twitter:card\" content=\"summary_large_image\" \/>\n<meta name=\"twitter:label1\" content=\"Skriven av\" \/>\n\t<meta name=\"twitter:data1\" content=\"Jenny Louise Nod\u00e9n\" \/>\n\t<meta name=\"twitter:label2\" content=\"Ber\u00e4knad l\u00e4stid\" \/>\n\t<meta name=\"twitter:data2\" content=\"2 minuter\" \/>\n<script type=\"application\/ld+json\" class=\"yoast-schema-graph\">{\"@context\":\"https:\\\/\\\/schema.org\",\"@graph\":[{\"@type\":\"Article\",\"@id\":\"https:\\\/\\\/datajenny.se\\\/Blogg\\\/2025\\\/11\\\/11\\\/%f0%9f%92%ac-att-vara-konfliktradd-men-bara-nar-det-galler-mig-sjalv\\\/#article\",\"isPartOf\":{\"@id\":\"https:\\\/\\\/datajenny.se\\\/Blogg\\\/2025\\\/11\\\/11\\\/%f0%9f%92%ac-att-vara-konfliktradd-men-bara-nar-det-galler-mig-sjalv\\\/\"},\"author\":{\"name\":\"Jenny Louise Nod\u00e9n\",\"@id\":\"https:\\\/\\\/datajenny.se\\\/Blogg\\\/#\\\/schema\\\/person\\\/da3cd1b9792c07c50c88641dcf976bee\"},\"headline\":\"\ud83d\udcac Att vara konfliktr\u00e4dd \u2013 men bara n\u00e4r det g\u00e4ller mig sj\u00e4lv\",\"datePublished\":\"2025-11-11T19:40:07+00:00\",\"dateModified\":\"2025-11-11T19:41:51+00:00\",\"mainEntityOfPage\":{\"@id\":\"https:\\\/\\\/datajenny.se\\\/Blogg\\\/2025\\\/11\\\/11\\\/%f0%9f%92%ac-att-vara-konfliktradd-men-bara-nar-det-galler-mig-sjalv\\\/\"},\"wordCount\":414,\"commentCount\":0,\"publisher\":{\"@id\":\"https:\\\/\\\/datajenny.se\\\/Blogg\\\/#\\\/schema\\\/person\\\/da3cd1b9792c07c50c88641dcf976bee\"},\"image\":{\"@id\":\"https:\\\/\\\/datajenny.se\\\/Blogg\\\/2025\\\/11\\\/11\\\/%f0%9f%92%ac-att-vara-konfliktradd-men-bara-nar-det-galler-mig-sjalv\\\/#primaryimage\"},\"thumbnailUrl\":\"https:\\\/\\\/i0.wp.com\\\/datajenny.se\\\/Blogg\\\/wp-content\\\/uploads\\\/2025\\\/11\\\/Screenshot_20251111_203926_Edge.jpg?fit=909%2C758&ssl=1\",\"keywords\":[\"Blogg\",\"Dikt\",\"Konflikt\",\"R\u00e4dd\"],\"articleSection\":[\"Blogg\",\"Dikt\",\"Konfikt\",\"R\u00e4dd\"],\"inLanguage\":\"sv-SE\",\"potentialAction\":[{\"@type\":\"CommentAction\",\"name\":\"Comment\",\"target\":[\"https:\\\/\\\/datajenny.se\\\/Blogg\\\/2025\\\/11\\\/11\\\/%f0%9f%92%ac-att-vara-konfliktradd-men-bara-nar-det-galler-mig-sjalv\\\/#respond\"]}]},{\"@type\":\"WebPage\",\"@id\":\"https:\\\/\\\/datajenny.se\\\/Blogg\\\/2025\\\/11\\\/11\\\/%f0%9f%92%ac-att-vara-konfliktradd-men-bara-nar-det-galler-mig-sjalv\\\/\",\"url\":\"https:\\\/\\\/datajenny.se\\\/Blogg\\\/2025\\\/11\\\/11\\\/%f0%9f%92%ac-att-vara-konfliktradd-men-bara-nar-det-galler-mig-sjalv\\\/\",\"name\":\"\ud83d\udcac Att vara konfliktr\u00e4dd \u2013 men bara n\u00e4r det g\u00e4ller mig sj\u00e4lv - V\u00e4lkommen till JeLo\",\"isPartOf\":{\"@id\":\"https:\\\/\\\/datajenny.se\\\/Blogg\\\/#website\"},\"primaryImageOfPage\":{\"@id\":\"https:\\\/\\\/datajenny.se\\\/Blogg\\\/2025\\\/11\\\/11\\\/%f0%9f%92%ac-att-vara-konfliktradd-men-bara-nar-det-galler-mig-sjalv\\\/#primaryimage\"},\"image\":{\"@id\":\"https:\\\/\\\/datajenny.se\\\/Blogg\\\/2025\\\/11\\\/11\\\/%f0%9f%92%ac-att-vara-konfliktradd-men-bara-nar-det-galler-mig-sjalv\\\/#primaryimage\"},\"thumbnailUrl\":\"https:\\\/\\\/i0.wp.com\\\/datajenny.se\\\/Blogg\\\/wp-content\\\/uploads\\\/2025\\\/11\\\/Screenshot_20251111_203926_Edge.jpg?fit=909%2C758&ssl=1\",\"datePublished\":\"2025-11-11T19:40:07+00:00\",\"dateModified\":\"2025-11-11T19:41:51+00:00\",\"breadcrumb\":{\"@id\":\"https:\\\/\\\/datajenny.se\\\/Blogg\\\/2025\\\/11\\\/11\\\/%f0%9f%92%ac-att-vara-konfliktradd-men-bara-nar-det-galler-mig-sjalv\\\/#breadcrumb\"},\"inLanguage\":\"sv-SE\",\"potentialAction\":[{\"@type\":\"ReadAction\",\"target\":[\"https:\\\/\\\/datajenny.se\\\/Blogg\\\/2025\\\/11\\\/11\\\/%f0%9f%92%ac-att-vara-konfliktradd-men-bara-nar-det-galler-mig-sjalv\\\/\"]}]},{\"@type\":\"ImageObject\",\"inLanguage\":\"sv-SE\",\"@id\":\"https:\\\/\\\/datajenny.se\\\/Blogg\\\/2025\\\/11\\\/11\\\/%f0%9f%92%ac-att-vara-konfliktradd-men-bara-nar-det-galler-mig-sjalv\\\/#primaryimage\",\"url\":\"https:\\\/\\\/i0.wp.com\\\/datajenny.se\\\/Blogg\\\/wp-content\\\/uploads\\\/2025\\\/11\\\/Screenshot_20251111_203926_Edge.jpg?fit=909%2C758&ssl=1\",\"contentUrl\":\"https:\\\/\\\/i0.wp.com\\\/datajenny.se\\\/Blogg\\\/wp-content\\\/uploads\\\/2025\\\/11\\\/Screenshot_20251111_203926_Edge.jpg?fit=909%2C758&ssl=1\",\"width\":909,\"height\":758},{\"@type\":\"BreadcrumbList\",\"@id\":\"https:\\\/\\\/datajenny.se\\\/Blogg\\\/2025\\\/11\\\/11\\\/%f0%9f%92%ac-att-vara-konfliktradd-men-bara-nar-det-galler-mig-sjalv\\\/#breadcrumb\",\"itemListElement\":[{\"@type\":\"ListItem\",\"position\":1,\"name\":\"Hem\",\"item\":\"https:\\\/\\\/datajenny.se\\\/Blogg\\\/\"},{\"@type\":\"ListItem\",\"position\":2,\"name\":\"\ud83d\udcac Att vara konfliktr\u00e4dd \u2013 men bara n\u00e4r det g\u00e4ller mig sj\u00e4lv\"}]},{\"@type\":\"WebSite\",\"@id\":\"https:\\\/\\\/datajenny.se\\\/Blogg\\\/#website\",\"url\":\"https:\\\/\\\/datajenny.se\\\/Blogg\\\/\",\"name\":\"V\u00e4lkommen till Jenny Louises blogg\",\"description\":\"Jenny Louises blogg\",\"publisher\":{\"@id\":\"https:\\\/\\\/datajenny.se\\\/Blogg\\\/#\\\/schema\\\/person\\\/da3cd1b9792c07c50c88641dcf976bee\"},\"potentialAction\":[{\"@type\":\"SearchAction\",\"target\":{\"@type\":\"EntryPoint\",\"urlTemplate\":\"https:\\\/\\\/datajenny.se\\\/Blogg\\\/?s={search_term_string}\"},\"query-input\":{\"@type\":\"PropertyValueSpecification\",\"valueRequired\":true,\"valueName\":\"search_term_string\"}}],\"inLanguage\":\"sv-SE\"},{\"@type\":[\"Person\",\"Organization\"],\"@id\":\"https:\\\/\\\/datajenny.se\\\/Blogg\\\/#\\\/schema\\\/person\\\/da3cd1b9792c07c50c88641dcf976bee\",\"name\":\"Jenny Louise Nod\u00e9n\",\"image\":{\"@type\":\"ImageObject\",\"inLanguage\":\"sv-SE\",\"@id\":\"https:\\\/\\\/datajenny.se\\\/Blogg\\\/wp-content\\\/uploads\\\/2025\\\/07\\\/wp-1751728308657.jpg\",\"url\":\"https:\\\/\\\/datajenny.se\\\/Blogg\\\/wp-content\\\/uploads\\\/2025\\\/07\\\/wp-1751728308657.jpg\",\"contentUrl\":\"https:\\\/\\\/datajenny.se\\\/Blogg\\\/wp-content\\\/uploads\\\/2025\\\/07\\\/wp-1751728308657.jpg\",\"width\":928,\"height\":928,\"caption\":\"Jenny Louise Nod\u00e9n\"},\"logo\":{\"@id\":\"https:\\\/\\\/datajenny.se\\\/Blogg\\\/wp-content\\\/uploads\\\/2025\\\/07\\\/wp-1751728308657.jpg\"},\"description\":\"Jag \u00e4r en tjej som oftast \u00e4r glad och \u00e4lskar livet, men den 18 januari 2005 s\u00e5 f\u00f6rs\u00f6kte jag ta mitt liv, jag orkade inte helt enkelt l\u00e4ngre. Men min f\u00e4stman hittade mig i duschen, han r\u00e4ddade livet p\u00e5 mig. Jag fick \u00e5ka in till akuten och blev magpumpad samt s\u00e5 fick jag \u00e4ta kr\u00e4ksirap. Hamnade sedan p\u00e5 S\u00e4ter och log d\u00e4r i fyra dagar. Idag \u00e4r jag glad f\u00f6r att han hittade mig, livet har s\u00e5 mycket att erbjuda. Jag bryr mig f\u00f6r mycket om andra, jag kommer alltid i andra hand hos mig sj\u00e4lv. Jag \u00e4r gift med en underbar man vid namn Magnus och vi har en son som heter Erik och \u00e4r f\u00f6dd juni 2018.\",\"sameAs\":[\"https:\\\/\\\/datajenny.se\\\/Blogg\",\"https:\\\/\\\/www.facebook.com\\\/datajenny\\\/\",\"https:\\\/\\\/www.instagram.com\\\/datajenny\\\/\",\"https:\\\/\\\/www.linkedin.com\\\/in\\\/jenny-louise-nodn-75324811b?\",\"https:\\\/\\\/youtube.com\\\/channel\\\/UCU00yswsJZcmgqfoON6pMwg\",\"https:\\\/\\\/datajenny.tumblr.com\\\/\"],\"url\":\"https:\\\/\\\/datajenny.se\\\/Blogg\\\/author\\\/jenny_louise\\\/\"}]}<\/script>\n<!-- \/ Yoast SEO plugin. -->","yoast_head_json":{"title":"\ud83d\udcac Att vara konfliktr\u00e4dd \u2013 men bara n\u00e4r det g\u00e4ller mig sj\u00e4lv - V\u00e4lkommen till JeLo","robots":{"index":"index","follow":"follow","max-snippet":"max-snippet:-1","max-image-preview":"max-image-preview:large","max-video-preview":"max-video-preview:-1"},"canonical":"https:\/\/datajenny.se\/Blogg\/2025\/11\/11\/\ud83d\udcac-att-vara-konfliktradd-men-bara-nar-det-galler-mig-sjalv\/","og_locale":"sv_SE","og_type":"article","og_title":"\ud83d\udcac Att vara konfliktr\u00e4dd \u2013 men bara n\u00e4r det g\u00e4ller mig sj\u00e4lv - V\u00e4lkommen till JeLo","og_description":"Jag har t\u00e4nkt mycket p\u00e5 det h\u00e4r med konfliktr\u00e4dsla.","og_url":"https:\/\/datajenny.se\/Blogg\/2025\/11\/11\/\ud83d\udcac-att-vara-konfliktradd-men-bara-nar-det-galler-mig-sjalv\/","og_site_name":"V\u00e4lkommen till JeLo","article_publisher":"https:\/\/www.facebook.com\/datajenny\/","article_author":"https:\/\/www.facebook.com\/datajenny\/","article_published_time":"2025-11-11T19:40:07+00:00","article_modified_time":"2025-11-11T19:41:51+00:00","author":"Jenny Louise Nod\u00e9n","twitter_card":"summary_large_image","twitter_misc":{"Skriven av":"Jenny Louise Nod\u00e9n","Ber\u00e4knad l\u00e4stid":"2 minuter"},"schema":{"@context":"https:\/\/schema.org","@graph":[{"@type":"Article","@id":"https:\/\/datajenny.se\/Blogg\/2025\/11\/11\/%f0%9f%92%ac-att-vara-konfliktradd-men-bara-nar-det-galler-mig-sjalv\/#article","isPartOf":{"@id":"https:\/\/datajenny.se\/Blogg\/2025\/11\/11\/%f0%9f%92%ac-att-vara-konfliktradd-men-bara-nar-det-galler-mig-sjalv\/"},"author":{"name":"Jenny Louise Nod\u00e9n","@id":"https:\/\/datajenny.se\/Blogg\/#\/schema\/person\/da3cd1b9792c07c50c88641dcf976bee"},"headline":"\ud83d\udcac Att vara konfliktr\u00e4dd \u2013 men bara n\u00e4r det g\u00e4ller mig sj\u00e4lv","datePublished":"2025-11-11T19:40:07+00:00","dateModified":"2025-11-11T19:41:51+00:00","mainEntityOfPage":{"@id":"https:\/\/datajenny.se\/Blogg\/2025\/11\/11\/%f0%9f%92%ac-att-vara-konfliktradd-men-bara-nar-det-galler-mig-sjalv\/"},"wordCount":414,"commentCount":0,"publisher":{"@id":"https:\/\/datajenny.se\/Blogg\/#\/schema\/person\/da3cd1b9792c07c50c88641dcf976bee"},"image":{"@id":"https:\/\/datajenny.se\/Blogg\/2025\/11\/11\/%f0%9f%92%ac-att-vara-konfliktradd-men-bara-nar-det-galler-mig-sjalv\/#primaryimage"},"thumbnailUrl":"https:\/\/i0.wp.com\/datajenny.se\/Blogg\/wp-content\/uploads\/2025\/11\/Screenshot_20251111_203926_Edge.jpg?fit=909%2C758&ssl=1","keywords":["Blogg","Dikt","Konflikt","R\u00e4dd"],"articleSection":["Blogg","Dikt","Konfikt","R\u00e4dd"],"inLanguage":"sv-SE","potentialAction":[{"@type":"CommentAction","name":"Comment","target":["https:\/\/datajenny.se\/Blogg\/2025\/11\/11\/%f0%9f%92%ac-att-vara-konfliktradd-men-bara-nar-det-galler-mig-sjalv\/#respond"]}]},{"@type":"WebPage","@id":"https:\/\/datajenny.se\/Blogg\/2025\/11\/11\/%f0%9f%92%ac-att-vara-konfliktradd-men-bara-nar-det-galler-mig-sjalv\/","url":"https:\/\/datajenny.se\/Blogg\/2025\/11\/11\/%f0%9f%92%ac-att-vara-konfliktradd-men-bara-nar-det-galler-mig-sjalv\/","name":"\ud83d\udcac Att vara konfliktr\u00e4dd \u2013 men bara n\u00e4r det g\u00e4ller mig sj\u00e4lv - V\u00e4lkommen till JeLo","isPartOf":{"@id":"https:\/\/datajenny.se\/Blogg\/#website"},"primaryImageOfPage":{"@id":"https:\/\/datajenny.se\/Blogg\/2025\/11\/11\/%f0%9f%92%ac-att-vara-konfliktradd-men-bara-nar-det-galler-mig-sjalv\/#primaryimage"},"image":{"@id":"https:\/\/datajenny.se\/Blogg\/2025\/11\/11\/%f0%9f%92%ac-att-vara-konfliktradd-men-bara-nar-det-galler-mig-sjalv\/#primaryimage"},"thumbnailUrl":"https:\/\/i0.wp.com\/datajenny.se\/Blogg\/wp-content\/uploads\/2025\/11\/Screenshot_20251111_203926_Edge.jpg?fit=909%2C758&ssl=1","datePublished":"2025-11-11T19:40:07+00:00","dateModified":"2025-11-11T19:41:51+00:00","breadcrumb":{"@id":"https:\/\/datajenny.se\/Blogg\/2025\/11\/11\/%f0%9f%92%ac-att-vara-konfliktradd-men-bara-nar-det-galler-mig-sjalv\/#breadcrumb"},"inLanguage":"sv-SE","potentialAction":[{"@type":"ReadAction","target":["https:\/\/datajenny.se\/Blogg\/2025\/11\/11\/%f0%9f%92%ac-att-vara-konfliktradd-men-bara-nar-det-galler-mig-sjalv\/"]}]},{"@type":"ImageObject","inLanguage":"sv-SE","@id":"https:\/\/datajenny.se\/Blogg\/2025\/11\/11\/%f0%9f%92%ac-att-vara-konfliktradd-men-bara-nar-det-galler-mig-sjalv\/#primaryimage","url":"https:\/\/i0.wp.com\/datajenny.se\/Blogg\/wp-content\/uploads\/2025\/11\/Screenshot_20251111_203926_Edge.jpg?fit=909%2C758&ssl=1","contentUrl":"https:\/\/i0.wp.com\/datajenny.se\/Blogg\/wp-content\/uploads\/2025\/11\/Screenshot_20251111_203926_Edge.jpg?fit=909%2C758&ssl=1","width":909,"height":758},{"@type":"BreadcrumbList","@id":"https:\/\/datajenny.se\/Blogg\/2025\/11\/11\/%f0%9f%92%ac-att-vara-konfliktradd-men-bara-nar-det-galler-mig-sjalv\/#breadcrumb","itemListElement":[{"@type":"ListItem","position":1,"name":"Hem","item":"https:\/\/datajenny.se\/Blogg\/"},{"@type":"ListItem","position":2,"name":"\ud83d\udcac Att vara konfliktr\u00e4dd \u2013 men bara n\u00e4r det g\u00e4ller mig sj\u00e4lv"}]},{"@type":"WebSite","@id":"https:\/\/datajenny.se\/Blogg\/#website","url":"https:\/\/datajenny.se\/Blogg\/","name":"V\u00e4lkommen till Jenny Louises blogg","description":"Jenny Louises blogg","publisher":{"@id":"https:\/\/datajenny.se\/Blogg\/#\/schema\/person\/da3cd1b9792c07c50c88641dcf976bee"},"potentialAction":[{"@type":"SearchAction","target":{"@type":"EntryPoint","urlTemplate":"https:\/\/datajenny.se\/Blogg\/?s={search_term_string}"},"query-input":{"@type":"PropertyValueSpecification","valueRequired":true,"valueName":"search_term_string"}}],"inLanguage":"sv-SE"},{"@type":["Person","Organization"],"@id":"https:\/\/datajenny.se\/Blogg\/#\/schema\/person\/da3cd1b9792c07c50c88641dcf976bee","name":"Jenny Louise Nod\u00e9n","image":{"@type":"ImageObject","inLanguage":"sv-SE","@id":"https:\/\/datajenny.se\/Blogg\/wp-content\/uploads\/2025\/07\/wp-1751728308657.jpg","url":"https:\/\/datajenny.se\/Blogg\/wp-content\/uploads\/2025\/07\/wp-1751728308657.jpg","contentUrl":"https:\/\/datajenny.se\/Blogg\/wp-content\/uploads\/2025\/07\/wp-1751728308657.jpg","width":928,"height":928,"caption":"Jenny Louise Nod\u00e9n"},"logo":{"@id":"https:\/\/datajenny.se\/Blogg\/wp-content\/uploads\/2025\/07\/wp-1751728308657.jpg"},"description":"Jag \u00e4r en tjej som oftast \u00e4r glad och \u00e4lskar livet, men den 18 januari 2005 s\u00e5 f\u00f6rs\u00f6kte jag ta mitt liv, jag orkade inte helt enkelt l\u00e4ngre. Men min f\u00e4stman hittade mig i duschen, han r\u00e4ddade livet p\u00e5 mig. Jag fick \u00e5ka in till akuten och blev magpumpad samt s\u00e5 fick jag \u00e4ta kr\u00e4ksirap. Hamnade sedan p\u00e5 S\u00e4ter och log d\u00e4r i fyra dagar. Idag \u00e4r jag glad f\u00f6r att han hittade mig, livet har s\u00e5 mycket att erbjuda. Jag bryr mig f\u00f6r mycket om andra, jag kommer alltid i andra hand hos mig sj\u00e4lv. Jag \u00e4r gift med en underbar man vid namn Magnus och vi har en son som heter Erik och \u00e4r f\u00f6dd juni 2018.","sameAs":["https:\/\/datajenny.se\/Blogg","https:\/\/www.facebook.com\/datajenny\/","https:\/\/www.instagram.com\/datajenny\/","https:\/\/www.linkedin.com\/in\/jenny-louise-nodn-75324811b?","https:\/\/youtube.com\/channel\/UCU00yswsJZcmgqfoON6pMwg","https:\/\/datajenny.tumblr.com\/"],"url":"https:\/\/datajenny.se\/Blogg\/author\/jenny_louise\/"}]}},"jetpack_publicize_connections":[],"jetpack_featured_media_url":"https:\/\/i0.wp.com\/datajenny.se\/Blogg\/wp-content\/uploads\/2025\/11\/Screenshot_20251111_203926_Edge.jpg?fit=909%2C758&ssl=1","jetpack_sharing_enabled":true,"jetpack_likes_enabled":true,"_links":{"self":[{"href":"https:\/\/datajenny.se\/Blogg\/wp-json\/wp\/v2\/posts\/3917","targetHints":{"allow":["GET"]}}],"collection":[{"href":"https:\/\/datajenny.se\/Blogg\/wp-json\/wp\/v2\/posts"}],"about":[{"href":"https:\/\/datajenny.se\/Blogg\/wp-json\/wp\/v2\/types\/post"}],"author":[{"embeddable":true,"href":"https:\/\/datajenny.se\/Blogg\/wp-json\/wp\/v2\/users\/1"}],"replies":[{"embeddable":true,"href":"https:\/\/datajenny.se\/Blogg\/wp-json\/wp\/v2\/comments?post=3917"}],"version-history":[{"count":1,"href":"https:\/\/datajenny.se\/Blogg\/wp-json\/wp\/v2\/posts\/3917\/revisions"}],"predecessor-version":[{"id":3919,"href":"https:\/\/datajenny.se\/Blogg\/wp-json\/wp\/v2\/posts\/3917\/revisions\/3919"}],"wp:featuredmedia":[{"embeddable":true,"href":"https:\/\/datajenny.se\/Blogg\/wp-json\/wp\/v2\/media\/3918"}],"wp:attachment":[{"href":"https:\/\/datajenny.se\/Blogg\/wp-json\/wp\/v2\/media?parent=3917"}],"wp:term":[{"taxonomy":"category","embeddable":true,"href":"https:\/\/datajenny.se\/Blogg\/wp-json\/wp\/v2\/categories?post=3917"},{"taxonomy":"post_tag","embeddable":true,"href":"https:\/\/datajenny.se\/Blogg\/wp-json\/wp\/v2\/tags?post=3917"}],"curies":[{"name":"wp","href":"https:\/\/api.w.org\/{rel}","templated":true}]}}