{"id":3963,"date":"2025-11-21T21:33:33","date_gmt":"2025-11-21T19:33:33","guid":{"rendered":"https:\/\/datajenny.se\/Blogg\/?p=3963"},"modified":"2025-11-21T21:37:37","modified_gmt":"2025-11-21T19:37:37","slug":"nar-vintern-gor-allt-lite-tyngre-men-anda-ar-min-favorit","status":"publish","type":"post","link":"https:\/\/datajenny.se\/Blogg\/2025\/11\/21\/nar-vintern-gor-allt-lite-tyngre-men-anda-ar-min-favorit\/","title":{"rendered":"N\u00e4r vintern g\u00f6r allt lite tyngre \u2013 men \u00e4nd\u00e5 \u00e4r min favorit"},"content":{"rendered":"\n<p>Det \u00e4r n\u00e5got med kylan som kryper in under huden n\u00e4r man lever med fibromyalgi. <\/p>\n\n\n\n<!--more-->\n\n\n\n<p>Som om vinterns f\u00f6rsta andetag letar sig in i varje muskel och vrider upp sm\u00e4rtan ett par sn\u00e4pp. Kroppen protesterar direkt \u2013 den stelnar, v\u00e4rker och blir tr\u00f6ttare \u00e4n vanligt. Det \u00e4r som att varje steg kr\u00e4ver lite mer kraft, lite mer t\u00e5lamod.<\/p>\n\n\n\n<p>Och \u00e4nd\u00e5\u2026 \u00e4r vintern min favorit\u00e5rstid.<\/p>\n\n\n\n<p>Det \u00e4r lite mots\u00e4gelsefullt, jag vet. F\u00f6r samtidigt som min kropp skriker efter v\u00e4rme, s\u00e5 \u00e4lskar sj\u00e4len sn\u00f6n. Det d\u00e4r f\u00f6rsta tysta sn\u00f6fallet som l\u00e4gger sig som bomull \u00f6ver v\u00e4rlden. Ljuset som \u00e5terv\u00e4nder fr\u00e5n marken n\u00e4r sn\u00f6n ligger vit. Den d\u00e4r rena, krispiga luften som k\u00e4nns som ett nytt andetag. Det \u00e4r n\u00e5got magiskt i det, n\u00e5got lugnande, n\u00e5got som g\u00f6r mig lycklig trots allt.<\/p>\n\n\n\n<p>Fast min kropp skulle absolut s\u00e4ga n\u00e5got helt annat.<\/p>\n\n\n\n<p>Det \u00e4r sv\u00e5rt att leva med kronisk sm\u00e4rta \u2013 och vintern f\u00f6rst\u00e4rker allt. Men jag f\u00f6rs\u00f6ker hitta balansen mellan att lyssna p\u00e5 min kropp och att l\u00e5ta hj\u00e4rtat f\u00e5 njuta. Vissa dagar f\u00e5r jag sakta ner, vila mer, anpassa mig. Andra dagar orkar jag g\u00e5 ut och faktiskt k\u00e4nna gl\u00e4djen i sn\u00f6n, \u00e4ven om det g\u00f6r ont efter\u00e5t.<\/p>\n\n\n\n<p>F\u00f6r mig \u00e4r det viktigt att p\u00e5minna mig sj\u00e4lv om att jag kan h\u00e5lla tv\u00e5 sanningar samtidigt:<br>Att vintern \u00e4r vacker, och att den g\u00f6r ont.<br>Att jag \u00e4lskar sn\u00f6n, och att min kropp inte g\u00f6r det.<br>Att jag f\u00e5r k\u00e4nna b\u00e5da delarna utan att beh\u00f6va v\u00e4lja.<\/p>\n\n\n\n<p>Och kanske \u00e4r det just d\u00e4rf\u00f6r jag tycker s\u00e5 mycket om vintern. F\u00f6r den \u00e4r precis som livet med fibromyalgi \u2013 b\u00e5de tuff och vacker p\u00e5 samma g\u00e5ng.<\/p>\n\n\n\n<p><\/p>\n\n\n\n<img data-recalc-dims=\"1\" loading=\"lazy\" decoding=\"async\" style=\"opacity: 0;\" superb-addons-animation=\"zoomIn\" src=\"https:\/\/i0.wp.com\/datajenny.se\/Blogg\/wp-content\/uploads\/2025\/07\/1000012255.png?resize=180%2C53&#038;ssl=1\" alt=\"Signatur\" width=\"180\" height=\"53\">\n\n\n\n<p><\/p>\n","protected":false},"excerpt":{"rendered":"<p>Det \u00e4r n\u00e5got med kylan som kryper in under huden n\u00e4r man lever med fibromyalgi.<\/p>\n","protected":false},"author":1,"featured_media":3964,"comment_status":"open","ping_status":"open","sticky":false,"template":"","format":"standard","meta":{"ngg_post_thumbnail":0,"jetpack_post_was_ever_published":false,"_jetpack_newsletter_access":"","_jetpack_dont_email_post_to_subs":false,"_jetpack_newsletter_tier_id":0,"_jetpack_memberships_contains_paywalled_content":false,"_jetpack_memberships_contains_paid_content":false,"footnotes":"","jetpack_publicize_message":"","jetpack_publicize_feature_enabled":true,"jetpack_social_post_already_shared":true,"jetpack_social_options":{"image_generator_settings":{"template":"highway","default_image_id":0,"font":"","enabled":false},"version":2}},"categories":[8,249,193,247,195,250],"tags":[9,251,194,248,196,252],"class_list":["post-3963","post","type-post","status-publish","format-standard","has-post-thumbnail","hentry","category-blogg","category-fibromyalgi","category-smarta","category-sno","category-vark","category-vinter","tag-blogg","tag-fibromyalgi","tag-smarta","tag-sno","tag-vark","tag-vinter"],"featured_image_src":"https:\/\/i0.wp.com\/datajenny.se\/Blogg\/wp-content\/uploads\/2025\/11\/file_00000000e280720884f9f0858f677487.png?fit=409%2C614&ssl=1","author_info":{"display_name":"Jenny Louise Nod\u00e9n","author_link":"https:\/\/datajenny.se\/Blogg\/author\/jenny_louise\/"},"yoast_head":"<!-- This site is optimized with the Yoast SEO plugin v27.3 - https:\/\/yoast.com\/product\/yoast-seo-wordpress\/ -->\n<title>N\u00e4r vintern g\u00f6r allt lite tyngre \u2013 men \u00e4nd\u00e5 \u00e4r min favorit - V\u00e4lkommen till JeLo<\/title>\n<meta name=\"robots\" content=\"index, follow, max-snippet:-1, max-image-preview:large, max-video-preview:-1\" \/>\n<link rel=\"canonical\" href=\"https:\/\/datajenny.se\/Blogg\/2025\/11\/21\/nar-vintern-gor-allt-lite-tyngre-men-anda-ar-min-favorit\/\" \/>\n<meta property=\"og:locale\" content=\"sv_SE\" \/>\n<meta property=\"og:type\" content=\"article\" \/>\n<meta property=\"og:title\" content=\"N\u00e4r vintern g\u00f6r allt lite tyngre \u2013 men \u00e4nd\u00e5 \u00e4r min favorit - V\u00e4lkommen till JeLo\" \/>\n<meta property=\"og:description\" content=\"Det \u00e4r n\u00e5got med kylan som kryper in under huden n\u00e4r man lever med fibromyalgi.\" \/>\n<meta property=\"og:url\" content=\"https:\/\/datajenny.se\/Blogg\/2025\/11\/21\/nar-vintern-gor-allt-lite-tyngre-men-anda-ar-min-favorit\/\" \/>\n<meta property=\"og:site_name\" content=\"V\u00e4lkommen till JeLo\" \/>\n<meta property=\"article:publisher\" content=\"https:\/\/www.facebook.com\/datajenny\/\" \/>\n<meta property=\"article:author\" content=\"https:\/\/www.facebook.com\/datajenny\/\" \/>\n<meta property=\"article:published_time\" content=\"2025-11-21T19:33:33+00:00\" \/>\n<meta property=\"article:modified_time\" content=\"2025-11-21T19:37:37+00:00\" \/>\n<meta name=\"author\" content=\"Jenny Louise Nod\u00e9n\" \/>\n<meta name=\"twitter:card\" content=\"summary_large_image\" \/>\n<meta name=\"twitter:label1\" content=\"Skriven av\" \/>\n\t<meta name=\"twitter:data1\" content=\"Jenny Louise Nod\u00e9n\" \/>\n\t<meta name=\"twitter:label2\" content=\"Ber\u00e4knad l\u00e4stid\" \/>\n\t<meta name=\"twitter:data2\" content=\"2 minuter\" \/>\n<script type=\"application\/ld+json\" class=\"yoast-schema-graph\">{\"@context\":\"https:\\\/\\\/schema.org\",\"@graph\":[{\"@type\":\"Article\",\"@id\":\"https:\\\/\\\/datajenny.se\\\/Blogg\\\/2025\\\/11\\\/21\\\/nar-vintern-gor-allt-lite-tyngre-men-anda-ar-min-favorit\\\/#article\",\"isPartOf\":{\"@id\":\"https:\\\/\\\/datajenny.se\\\/Blogg\\\/2025\\\/11\\\/21\\\/nar-vintern-gor-allt-lite-tyngre-men-anda-ar-min-favorit\\\/\"},\"author\":{\"name\":\"Jenny Louise Nod\u00e9n\",\"@id\":\"https:\\\/\\\/datajenny.se\\\/Blogg\\\/#\\\/schema\\\/person\\\/da3cd1b9792c07c50c88641dcf976bee\"},\"headline\":\"N\u00e4r vintern g\u00f6r allt lite tyngre \u2013 men \u00e4nd\u00e5 \u00e4r min favorit\",\"datePublished\":\"2025-11-21T19:33:33+00:00\",\"dateModified\":\"2025-11-21T19:37:37+00:00\",\"mainEntityOfPage\":{\"@id\":\"https:\\\/\\\/datajenny.se\\\/Blogg\\\/2025\\\/11\\\/21\\\/nar-vintern-gor-allt-lite-tyngre-men-anda-ar-min-favorit\\\/\"},\"wordCount\":344,\"commentCount\":0,\"publisher\":{\"@id\":\"https:\\\/\\\/datajenny.se\\\/Blogg\\\/#\\\/schema\\\/person\\\/da3cd1b9792c07c50c88641dcf976bee\"},\"image\":{\"@id\":\"https:\\\/\\\/datajenny.se\\\/Blogg\\\/2025\\\/11\\\/21\\\/nar-vintern-gor-allt-lite-tyngre-men-anda-ar-min-favorit\\\/#primaryimage\"},\"thumbnailUrl\":\"https:\\\/\\\/i0.wp.com\\\/datajenny.se\\\/Blogg\\\/wp-content\\\/uploads\\\/2025\\\/11\\\/file_00000000e280720884f9f0858f677487.png?fit=409%2C614&ssl=1\",\"keywords\":[\"Blogg\",\"Fibromyalgi\",\"Sm\u00e4rta\",\"Sn\u00f6\",\"V\u00e4rk\",\"Vinter\"],\"articleSection\":[\"Blogg\",\"Fibromyalgi\",\"Sm\u00e4rta\",\"Sn\u00f6\",\"V\u00e4rk\",\"Vinter\"],\"inLanguage\":\"sv-SE\",\"potentialAction\":[{\"@type\":\"CommentAction\",\"name\":\"Comment\",\"target\":[\"https:\\\/\\\/datajenny.se\\\/Blogg\\\/2025\\\/11\\\/21\\\/nar-vintern-gor-allt-lite-tyngre-men-anda-ar-min-favorit\\\/#respond\"]}]},{\"@type\":\"WebPage\",\"@id\":\"https:\\\/\\\/datajenny.se\\\/Blogg\\\/2025\\\/11\\\/21\\\/nar-vintern-gor-allt-lite-tyngre-men-anda-ar-min-favorit\\\/\",\"url\":\"https:\\\/\\\/datajenny.se\\\/Blogg\\\/2025\\\/11\\\/21\\\/nar-vintern-gor-allt-lite-tyngre-men-anda-ar-min-favorit\\\/\",\"name\":\"N\u00e4r vintern g\u00f6r allt lite tyngre \u2013 men \u00e4nd\u00e5 \u00e4r min favorit - V\u00e4lkommen till JeLo\",\"isPartOf\":{\"@id\":\"https:\\\/\\\/datajenny.se\\\/Blogg\\\/#website\"},\"primaryImageOfPage\":{\"@id\":\"https:\\\/\\\/datajenny.se\\\/Blogg\\\/2025\\\/11\\\/21\\\/nar-vintern-gor-allt-lite-tyngre-men-anda-ar-min-favorit\\\/#primaryimage\"},\"image\":{\"@id\":\"https:\\\/\\\/datajenny.se\\\/Blogg\\\/2025\\\/11\\\/21\\\/nar-vintern-gor-allt-lite-tyngre-men-anda-ar-min-favorit\\\/#primaryimage\"},\"thumbnailUrl\":\"https:\\\/\\\/i0.wp.com\\\/datajenny.se\\\/Blogg\\\/wp-content\\\/uploads\\\/2025\\\/11\\\/file_00000000e280720884f9f0858f677487.png?fit=409%2C614&ssl=1\",\"datePublished\":\"2025-11-21T19:33:33+00:00\",\"dateModified\":\"2025-11-21T19:37:37+00:00\",\"breadcrumb\":{\"@id\":\"https:\\\/\\\/datajenny.se\\\/Blogg\\\/2025\\\/11\\\/21\\\/nar-vintern-gor-allt-lite-tyngre-men-anda-ar-min-favorit\\\/#breadcrumb\"},\"inLanguage\":\"sv-SE\",\"potentialAction\":[{\"@type\":\"ReadAction\",\"target\":[\"https:\\\/\\\/datajenny.se\\\/Blogg\\\/2025\\\/11\\\/21\\\/nar-vintern-gor-allt-lite-tyngre-men-anda-ar-min-favorit\\\/\"]}]},{\"@type\":\"ImageObject\",\"inLanguage\":\"sv-SE\",\"@id\":\"https:\\\/\\\/datajenny.se\\\/Blogg\\\/2025\\\/11\\\/21\\\/nar-vintern-gor-allt-lite-tyngre-men-anda-ar-min-favorit\\\/#primaryimage\",\"url\":\"https:\\\/\\\/i0.wp.com\\\/datajenny.se\\\/Blogg\\\/wp-content\\\/uploads\\\/2025\\\/11\\\/file_00000000e280720884f9f0858f677487.png?fit=409%2C614&ssl=1\",\"contentUrl\":\"https:\\\/\\\/i0.wp.com\\\/datajenny.se\\\/Blogg\\\/wp-content\\\/uploads\\\/2025\\\/11\\\/file_00000000e280720884f9f0858f677487.png?fit=409%2C614&ssl=1\",\"width\":409,\"height\":614},{\"@type\":\"BreadcrumbList\",\"@id\":\"https:\\\/\\\/datajenny.se\\\/Blogg\\\/2025\\\/11\\\/21\\\/nar-vintern-gor-allt-lite-tyngre-men-anda-ar-min-favorit\\\/#breadcrumb\",\"itemListElement\":[{\"@type\":\"ListItem\",\"position\":1,\"name\":\"Hem\",\"item\":\"https:\\\/\\\/datajenny.se\\\/Blogg\\\/\"},{\"@type\":\"ListItem\",\"position\":2,\"name\":\"N\u00e4r vintern g\u00f6r allt lite tyngre \u2013 men \u00e4nd\u00e5 \u00e4r min favorit\"}]},{\"@type\":\"WebSite\",\"@id\":\"https:\\\/\\\/datajenny.se\\\/Blogg\\\/#website\",\"url\":\"https:\\\/\\\/datajenny.se\\\/Blogg\\\/\",\"name\":\"V\u00e4lkommen till Jenny Louises blogg\",\"description\":\"Jenny Louises blogg\",\"publisher\":{\"@id\":\"https:\\\/\\\/datajenny.se\\\/Blogg\\\/#\\\/schema\\\/person\\\/da3cd1b9792c07c50c88641dcf976bee\"},\"potentialAction\":[{\"@type\":\"SearchAction\",\"target\":{\"@type\":\"EntryPoint\",\"urlTemplate\":\"https:\\\/\\\/datajenny.se\\\/Blogg\\\/?s={search_term_string}\"},\"query-input\":{\"@type\":\"PropertyValueSpecification\",\"valueRequired\":true,\"valueName\":\"search_term_string\"}}],\"inLanguage\":\"sv-SE\"},{\"@type\":[\"Person\",\"Organization\"],\"@id\":\"https:\\\/\\\/datajenny.se\\\/Blogg\\\/#\\\/schema\\\/person\\\/da3cd1b9792c07c50c88641dcf976bee\",\"name\":\"Jenny Louise Nod\u00e9n\",\"image\":{\"@type\":\"ImageObject\",\"inLanguage\":\"sv-SE\",\"@id\":\"https:\\\/\\\/datajenny.se\\\/Blogg\\\/wp-content\\\/uploads\\\/2025\\\/07\\\/wp-1751728308657.jpg\",\"url\":\"https:\\\/\\\/datajenny.se\\\/Blogg\\\/wp-content\\\/uploads\\\/2025\\\/07\\\/wp-1751728308657.jpg\",\"contentUrl\":\"https:\\\/\\\/datajenny.se\\\/Blogg\\\/wp-content\\\/uploads\\\/2025\\\/07\\\/wp-1751728308657.jpg\",\"width\":928,\"height\":928,\"caption\":\"Jenny Louise Nod\u00e9n\"},\"logo\":{\"@id\":\"https:\\\/\\\/datajenny.se\\\/Blogg\\\/wp-content\\\/uploads\\\/2025\\\/07\\\/wp-1751728308657.jpg\"},\"description\":\"Jag \u00e4r en tjej som oftast \u00e4r glad och \u00e4lskar livet, men den 18 januari 2005 s\u00e5 f\u00f6rs\u00f6kte jag ta mitt liv, jag orkade inte helt enkelt l\u00e4ngre. Men min f\u00e4stman hittade mig i duschen, han r\u00e4ddade livet p\u00e5 mig. Jag fick \u00e5ka in till akuten och blev magpumpad samt s\u00e5 fick jag \u00e4ta kr\u00e4ksirap. Hamnade sedan p\u00e5 S\u00e4ter och log d\u00e4r i fyra dagar. Idag \u00e4r jag glad f\u00f6r att han hittade mig, livet har s\u00e5 mycket att erbjuda. Jag bryr mig f\u00f6r mycket om andra, jag kommer alltid i andra hand hos mig sj\u00e4lv. Jag \u00e4r gift med en underbar man vid namn Magnus och vi har en son som heter Erik och \u00e4r f\u00f6dd juni 2018.\",\"sameAs\":[\"https:\\\/\\\/datajenny.se\\\/Blogg\",\"https:\\\/\\\/www.facebook.com\\\/datajenny\\\/\",\"https:\\\/\\\/www.instagram.com\\\/datajenny\\\/\",\"https:\\\/\\\/www.linkedin.com\\\/in\\\/jenny-louise-nodn-75324811b?\",\"https:\\\/\\\/youtube.com\\\/channel\\\/UCU00yswsJZcmgqfoON6pMwg\",\"https:\\\/\\\/datajenny.tumblr.com\\\/\"],\"url\":\"https:\\\/\\\/datajenny.se\\\/Blogg\\\/author\\\/jenny_louise\\\/\"}]}<\/script>\n<!-- \/ Yoast SEO plugin. -->","yoast_head_json":{"title":"N\u00e4r vintern g\u00f6r allt lite tyngre \u2013 men \u00e4nd\u00e5 \u00e4r min favorit - V\u00e4lkommen till JeLo","robots":{"index":"index","follow":"follow","max-snippet":"max-snippet:-1","max-image-preview":"max-image-preview:large","max-video-preview":"max-video-preview:-1"},"canonical":"https:\/\/datajenny.se\/Blogg\/2025\/11\/21\/nar-vintern-gor-allt-lite-tyngre-men-anda-ar-min-favorit\/","og_locale":"sv_SE","og_type":"article","og_title":"N\u00e4r vintern g\u00f6r allt lite tyngre \u2013 men \u00e4nd\u00e5 \u00e4r min favorit - V\u00e4lkommen till JeLo","og_description":"Det \u00e4r n\u00e5got med kylan som kryper in under huden n\u00e4r man lever med fibromyalgi.","og_url":"https:\/\/datajenny.se\/Blogg\/2025\/11\/21\/nar-vintern-gor-allt-lite-tyngre-men-anda-ar-min-favorit\/","og_site_name":"V\u00e4lkommen till JeLo","article_publisher":"https:\/\/www.facebook.com\/datajenny\/","article_author":"https:\/\/www.facebook.com\/datajenny\/","article_published_time":"2025-11-21T19:33:33+00:00","article_modified_time":"2025-11-21T19:37:37+00:00","author":"Jenny Louise Nod\u00e9n","twitter_card":"summary_large_image","twitter_misc":{"Skriven av":"Jenny Louise Nod\u00e9n","Ber\u00e4knad l\u00e4stid":"2 minuter"},"schema":{"@context":"https:\/\/schema.org","@graph":[{"@type":"Article","@id":"https:\/\/datajenny.se\/Blogg\/2025\/11\/21\/nar-vintern-gor-allt-lite-tyngre-men-anda-ar-min-favorit\/#article","isPartOf":{"@id":"https:\/\/datajenny.se\/Blogg\/2025\/11\/21\/nar-vintern-gor-allt-lite-tyngre-men-anda-ar-min-favorit\/"},"author":{"name":"Jenny Louise Nod\u00e9n","@id":"https:\/\/datajenny.se\/Blogg\/#\/schema\/person\/da3cd1b9792c07c50c88641dcf976bee"},"headline":"N\u00e4r vintern g\u00f6r allt lite tyngre \u2013 men \u00e4nd\u00e5 \u00e4r min favorit","datePublished":"2025-11-21T19:33:33+00:00","dateModified":"2025-11-21T19:37:37+00:00","mainEntityOfPage":{"@id":"https:\/\/datajenny.se\/Blogg\/2025\/11\/21\/nar-vintern-gor-allt-lite-tyngre-men-anda-ar-min-favorit\/"},"wordCount":344,"commentCount":0,"publisher":{"@id":"https:\/\/datajenny.se\/Blogg\/#\/schema\/person\/da3cd1b9792c07c50c88641dcf976bee"},"image":{"@id":"https:\/\/datajenny.se\/Blogg\/2025\/11\/21\/nar-vintern-gor-allt-lite-tyngre-men-anda-ar-min-favorit\/#primaryimage"},"thumbnailUrl":"https:\/\/i0.wp.com\/datajenny.se\/Blogg\/wp-content\/uploads\/2025\/11\/file_00000000e280720884f9f0858f677487.png?fit=409%2C614&ssl=1","keywords":["Blogg","Fibromyalgi","Sm\u00e4rta","Sn\u00f6","V\u00e4rk","Vinter"],"articleSection":["Blogg","Fibromyalgi","Sm\u00e4rta","Sn\u00f6","V\u00e4rk","Vinter"],"inLanguage":"sv-SE","potentialAction":[{"@type":"CommentAction","name":"Comment","target":["https:\/\/datajenny.se\/Blogg\/2025\/11\/21\/nar-vintern-gor-allt-lite-tyngre-men-anda-ar-min-favorit\/#respond"]}]},{"@type":"WebPage","@id":"https:\/\/datajenny.se\/Blogg\/2025\/11\/21\/nar-vintern-gor-allt-lite-tyngre-men-anda-ar-min-favorit\/","url":"https:\/\/datajenny.se\/Blogg\/2025\/11\/21\/nar-vintern-gor-allt-lite-tyngre-men-anda-ar-min-favorit\/","name":"N\u00e4r vintern g\u00f6r allt lite tyngre \u2013 men \u00e4nd\u00e5 \u00e4r min favorit - V\u00e4lkommen till JeLo","isPartOf":{"@id":"https:\/\/datajenny.se\/Blogg\/#website"},"primaryImageOfPage":{"@id":"https:\/\/datajenny.se\/Blogg\/2025\/11\/21\/nar-vintern-gor-allt-lite-tyngre-men-anda-ar-min-favorit\/#primaryimage"},"image":{"@id":"https:\/\/datajenny.se\/Blogg\/2025\/11\/21\/nar-vintern-gor-allt-lite-tyngre-men-anda-ar-min-favorit\/#primaryimage"},"thumbnailUrl":"https:\/\/i0.wp.com\/datajenny.se\/Blogg\/wp-content\/uploads\/2025\/11\/file_00000000e280720884f9f0858f677487.png?fit=409%2C614&ssl=1","datePublished":"2025-11-21T19:33:33+00:00","dateModified":"2025-11-21T19:37:37+00:00","breadcrumb":{"@id":"https:\/\/datajenny.se\/Blogg\/2025\/11\/21\/nar-vintern-gor-allt-lite-tyngre-men-anda-ar-min-favorit\/#breadcrumb"},"inLanguage":"sv-SE","potentialAction":[{"@type":"ReadAction","target":["https:\/\/datajenny.se\/Blogg\/2025\/11\/21\/nar-vintern-gor-allt-lite-tyngre-men-anda-ar-min-favorit\/"]}]},{"@type":"ImageObject","inLanguage":"sv-SE","@id":"https:\/\/datajenny.se\/Blogg\/2025\/11\/21\/nar-vintern-gor-allt-lite-tyngre-men-anda-ar-min-favorit\/#primaryimage","url":"https:\/\/i0.wp.com\/datajenny.se\/Blogg\/wp-content\/uploads\/2025\/11\/file_00000000e280720884f9f0858f677487.png?fit=409%2C614&ssl=1","contentUrl":"https:\/\/i0.wp.com\/datajenny.se\/Blogg\/wp-content\/uploads\/2025\/11\/file_00000000e280720884f9f0858f677487.png?fit=409%2C614&ssl=1","width":409,"height":614},{"@type":"BreadcrumbList","@id":"https:\/\/datajenny.se\/Blogg\/2025\/11\/21\/nar-vintern-gor-allt-lite-tyngre-men-anda-ar-min-favorit\/#breadcrumb","itemListElement":[{"@type":"ListItem","position":1,"name":"Hem","item":"https:\/\/datajenny.se\/Blogg\/"},{"@type":"ListItem","position":2,"name":"N\u00e4r vintern g\u00f6r allt lite tyngre \u2013 men \u00e4nd\u00e5 \u00e4r min favorit"}]},{"@type":"WebSite","@id":"https:\/\/datajenny.se\/Blogg\/#website","url":"https:\/\/datajenny.se\/Blogg\/","name":"V\u00e4lkommen till Jenny Louises blogg","description":"Jenny Louises blogg","publisher":{"@id":"https:\/\/datajenny.se\/Blogg\/#\/schema\/person\/da3cd1b9792c07c50c88641dcf976bee"},"potentialAction":[{"@type":"SearchAction","target":{"@type":"EntryPoint","urlTemplate":"https:\/\/datajenny.se\/Blogg\/?s={search_term_string}"},"query-input":{"@type":"PropertyValueSpecification","valueRequired":true,"valueName":"search_term_string"}}],"inLanguage":"sv-SE"},{"@type":["Person","Organization"],"@id":"https:\/\/datajenny.se\/Blogg\/#\/schema\/person\/da3cd1b9792c07c50c88641dcf976bee","name":"Jenny Louise Nod\u00e9n","image":{"@type":"ImageObject","inLanguage":"sv-SE","@id":"https:\/\/datajenny.se\/Blogg\/wp-content\/uploads\/2025\/07\/wp-1751728308657.jpg","url":"https:\/\/datajenny.se\/Blogg\/wp-content\/uploads\/2025\/07\/wp-1751728308657.jpg","contentUrl":"https:\/\/datajenny.se\/Blogg\/wp-content\/uploads\/2025\/07\/wp-1751728308657.jpg","width":928,"height":928,"caption":"Jenny Louise Nod\u00e9n"},"logo":{"@id":"https:\/\/datajenny.se\/Blogg\/wp-content\/uploads\/2025\/07\/wp-1751728308657.jpg"},"description":"Jag \u00e4r en tjej som oftast \u00e4r glad och \u00e4lskar livet, men den 18 januari 2005 s\u00e5 f\u00f6rs\u00f6kte jag ta mitt liv, jag orkade inte helt enkelt l\u00e4ngre. Men min f\u00e4stman hittade mig i duschen, han r\u00e4ddade livet p\u00e5 mig. Jag fick \u00e5ka in till akuten och blev magpumpad samt s\u00e5 fick jag \u00e4ta kr\u00e4ksirap. Hamnade sedan p\u00e5 S\u00e4ter och log d\u00e4r i fyra dagar. Idag \u00e4r jag glad f\u00f6r att han hittade mig, livet har s\u00e5 mycket att erbjuda. Jag bryr mig f\u00f6r mycket om andra, jag kommer alltid i andra hand hos mig sj\u00e4lv. Jag \u00e4r gift med en underbar man vid namn Magnus och vi har en son som heter Erik och \u00e4r f\u00f6dd juni 2018.","sameAs":["https:\/\/datajenny.se\/Blogg","https:\/\/www.facebook.com\/datajenny\/","https:\/\/www.instagram.com\/datajenny\/","https:\/\/www.linkedin.com\/in\/jenny-louise-nodn-75324811b?","https:\/\/youtube.com\/channel\/UCU00yswsJZcmgqfoON6pMwg","https:\/\/datajenny.tumblr.com\/"],"url":"https:\/\/datajenny.se\/Blogg\/author\/jenny_louise\/"}]}},"jetpack_publicize_connections":[],"jetpack_featured_media_url":"https:\/\/i0.wp.com\/datajenny.se\/Blogg\/wp-content\/uploads\/2025\/11\/file_00000000e280720884f9f0858f677487.png?fit=409%2C614&ssl=1","jetpack_sharing_enabled":true,"jetpack_likes_enabled":true,"_links":{"self":[{"href":"https:\/\/datajenny.se\/Blogg\/wp-json\/wp\/v2\/posts\/3963","targetHints":{"allow":["GET"]}}],"collection":[{"href":"https:\/\/datajenny.se\/Blogg\/wp-json\/wp\/v2\/posts"}],"about":[{"href":"https:\/\/datajenny.se\/Blogg\/wp-json\/wp\/v2\/types\/post"}],"author":[{"embeddable":true,"href":"https:\/\/datajenny.se\/Blogg\/wp-json\/wp\/v2\/users\/1"}],"replies":[{"embeddable":true,"href":"https:\/\/datajenny.se\/Blogg\/wp-json\/wp\/v2\/comments?post=3963"}],"version-history":[{"count":1,"href":"https:\/\/datajenny.se\/Blogg\/wp-json\/wp\/v2\/posts\/3963\/revisions"}],"predecessor-version":[{"id":3965,"href":"https:\/\/datajenny.se\/Blogg\/wp-json\/wp\/v2\/posts\/3963\/revisions\/3965"}],"wp:featuredmedia":[{"embeddable":true,"href":"https:\/\/datajenny.se\/Blogg\/wp-json\/wp\/v2\/media\/3964"}],"wp:attachment":[{"href":"https:\/\/datajenny.se\/Blogg\/wp-json\/wp\/v2\/media?parent=3963"}],"wp:term":[{"taxonomy":"category","embeddable":true,"href":"https:\/\/datajenny.se\/Blogg\/wp-json\/wp\/v2\/categories?post=3963"},{"taxonomy":"post_tag","embeddable":true,"href":"https:\/\/datajenny.se\/Blogg\/wp-json\/wp\/v2\/tags?post=3963"}],"curies":[{"name":"wp","href":"https:\/\/api.w.org\/{rel}","templated":true}]}}