{"id":3994,"date":"2025-12-16T19:08:40","date_gmt":"2025-12-16T17:08:40","guid":{"rendered":"https:\/\/datajenny.se\/Blogg\/2025\/12\/16\/mellan-stress-laxor-och-langtan-efter-sno\/"},"modified":"2025-12-16T19:08:40","modified_gmt":"2025-12-16T17:08:40","slug":"mellan-stress-laxor-och-langtan-efter-sno","status":"publish","type":"post","link":"https:\/\/datajenny.se\/Blogg\/2025\/12\/16\/mellan-stress-laxor-och-langtan-efter-sno\/","title":{"rendered":"Mellan stress, l\u00e4xor och l\u00e4ngtan efter sn\u00f6"},"content":{"rendered":"\n<p>Det var l\u00e4nge sedan jag skrev nu. <\/p>\n\n\n\n<!--more-->\n\n\n\n<p>Den senaste tiden har jag burit p\u00e5 en inre stress som varit jobbig, och kanske h\u00e4nger det ihop med v\u00e4dret \u2013 det gr\u00e5, tunga och energil\u00f6sa som l\u00e4tt letar sig in \u00e4ven p\u00e5 insidan.<\/p>\n\n\n\n<p>Erik tycker absolut inte om matte- och skrivl\u00e4xorna som kommer p\u00e5 papper. De \u00e4r en st\u00e4ndig kamp. L\u00e4sl\u00e4xan d\u00e4remot \u00e4r mycket roligare och den g\u00f6r han utan problem. Han har l\u00e4xa varje vecka, fr\u00e5n tisdag till tisdag, och trots motst\u00e5ndet hemma har han godtagbara resultat i alla \u00e4mnen.<br><\/p>\n\n\n\n<p><\/p>\n\n\n<div class=\"wp-block-image\">\n<figure class=\"aligncenter size-large\"><img data-recalc-dims=\"1\" loading=\"lazy\" decoding=\"async\" width=\"332\" height=\"720\" src=\"https:\/\/i0.wp.com\/datajenny.se\/Blogg\/wp-content\/uploads\/2025\/12\/resizedimage_2025-12-16_18-06-44_16265817709298330589.jpg?resize=332%2C720&#038;ssl=1\" alt=\"\" class=\"wp-image-3992\" srcset=\"https:\/\/i0.wp.com\/datajenny.se\/Blogg\/wp-content\/uploads\/2025\/12\/resizedimage_2025-12-16_18-06-44_16265817709298330589.jpg?resize=332%2C720&amp;ssl=1 332w, https:\/\/i0.wp.com\/datajenny.se\/Blogg\/wp-content\/uploads\/2025\/12\/resizedimage_2025-12-16_18-06-44_16265817709298330589.jpg?resize=185%2C400&amp;ssl=1 185w, https:\/\/i0.wp.com\/datajenny.se\/Blogg\/wp-content\/uploads\/2025\/12\/resizedimage_2025-12-16_18-06-44_16265817709298330589.jpg?w=648&amp;ssl=1 648w\" sizes=\"auto, (max-width: 332px) 100vw, 332px\" \/><\/figure>\n<\/div>\n\n\n<p><\/p>\n\n\n\n<p>F\u00f6r n\u00e5gon m\u00e5nad sedan var vi p\u00e5 utvecklingssamtal. Det g\u00e5r bra f\u00f6r Erik i skolan, men han s\u00e4ger ofta att han inte vill dit. Han kan inte riktigt s\u00e4tta ord p\u00e5 varf\u00f6r, vilket g\u00f6r morgnarna till en del tjat om att man faktiskt m\u00e5ste g\u00e5 till skolan. Under h\u00f6sten har han dessutom varit borta en del p\u00e5 grund av sjukdom \u2013 feber, f\u00f6rkylningar och magont \u2013 men det k\u00e4nns som att det g\u00e5r mycket just nu, b\u00e5de bland barn och vuxna.<br><\/p>\n\n\n\n<p>N\u00e4sta vecka b\u00f6rjar min semester och den str\u00e4cker sig till den 1\/1. Erik har jullov \u00e4nda till den 8\/1. Det ska bli v\u00e4ldigt sk\u00f6nt med lite ledighet och tid att bara vara. Nu h\u00e5ller jag tummarna f\u00f6r lite sn\u00f6, \u00e4ven om prognosen inte ser s\u00e4rskilt lovande ut.<\/p>\n\n\n\n<p><\/p>\n\n\n<div class=\"wp-block-ub-divider ub_divider ub-divider-orientation-horizontal\" id=\"ub_divider_4ed2eb64-a09c-47dd-918d-9dde7893e512\"><div class=\"ub_divider_wrapper\" style=\"position: relative; margin-bottom: 2px; width: 100%; height: 2px; \" data-divider-alignment=\"center\"><div class=\"ub_divider_line\" style=\"border-top: 10px dotted #00d084; margin-top: 2px; \"><\/div><\/div><\/div>\n\n\n<p><\/p>\n\n\n\n<h2 class=\"wp-block-heading\">\u2728 Dagens dikt \u2728<\/h2>\n\n\n\n<p><em>Gr\u00e5 moln h\u00e4nger tungt mot himlen,<\/em><br><em>men inom mig har n\u00e5got l\u00e4ttat.<\/em><br><em>Vilan v\u00e4ntar runt h\u00f6rnet,<\/em><br><em>och mitt i vinterm\u00f6rkret<\/em><br><em>finns ett stilla hopp<\/em><br><em>om ljus, ro<\/em><br><em>och kanske<\/em><br><em>ett sn\u00f6t\u00e4ckt andetag. <\/em><\/p>\n\n\n\n<p><\/p>\n\n\n\n<img data-recalc-dims=\"1\" loading=\"lazy\" decoding=\"async\" style=\"opacity: 0;\" superb-addons-animation=\"zoomIn\" src=\"https:\/\/i0.wp.com\/datajenny.se\/Blogg\/wp-content\/uploads\/2025\/07\/1000012255.png?resize=180%2C53&#038;ssl=1\" alt=\"Signatur\" width=\"180\" height=\"53\">\n\n\n\n<p><\/p>\n","protected":false},"excerpt":{"rendered":"<p>Det var l\u00e4nge sedan jag skrev nu.<\/p>\n","protected":false},"author":1,"featured_media":3993,"comment_status":"open","ping_status":"open","sticky":false,"template":"","format":"standard","meta":{"ngg_post_thumbnail":0,"jetpack_post_was_ever_published":false,"_jetpack_newsletter_access":"","_jetpack_dont_email_post_to_subs":false,"_jetpack_newsletter_tier_id":0,"_jetpack_memberships_contains_paywalled_content":false,"_jetpack_memberships_contains_paid_content":false,"footnotes":"","jetpack_publicize_message":"","jetpack_publicize_feature_enabled":true,"jetpack_social_post_already_shared":true,"jetpack_social_options":{"image_generator_settings":{"template":"highway","default_image_id":0,"font":"","enabled":false},"version":2}},"categories":[8,131,38,168,208],"tags":[9,132,11,169,209],"class_list":["post-3994","post","type-post","status-publish","format-standard","has-post-thumbnail","hentry","category-blogg","category-dikt","category-erik","category-fritid-skola","category-laxa","tag-blogg","tag-dikt","tag-erik","tag-fritid-skola","tag-laxa"],"featured_image_src":"https:\/\/i0.wp.com\/datajenny.se\/Blogg\/wp-content\/uploads\/2025\/12\/ResizedImage_2025-12-16_18-10-25_1.jpg?fit=768%2C512&ssl=1","author_info":{"display_name":"Jenny Louise Nod\u00e9n","author_link":"https:\/\/datajenny.se\/Blogg\/author\/jenny_louise\/"},"yoast_head":"<!-- This site is optimized with the Yoast SEO plugin v27.3 - https:\/\/yoast.com\/product\/yoast-seo-wordpress\/ -->\n<title>Mellan stress, l\u00e4xor och l\u00e4ngtan efter sn\u00f6 - V\u00e4lkommen till JeLo<\/title>\n<meta name=\"robots\" content=\"index, follow, max-snippet:-1, max-image-preview:large, max-video-preview:-1\" \/>\n<link rel=\"canonical\" href=\"https:\/\/datajenny.se\/Blogg\/2025\/12\/16\/mellan-stress-laxor-och-langtan-efter-sno\/\" \/>\n<meta property=\"og:locale\" content=\"sv_SE\" \/>\n<meta property=\"og:type\" content=\"article\" \/>\n<meta property=\"og:title\" content=\"Mellan stress, l\u00e4xor och l\u00e4ngtan efter sn\u00f6 - V\u00e4lkommen till JeLo\" \/>\n<meta property=\"og:description\" content=\"Det var l\u00e4nge sedan jag skrev nu.\" \/>\n<meta property=\"og:url\" content=\"https:\/\/datajenny.se\/Blogg\/2025\/12\/16\/mellan-stress-laxor-och-langtan-efter-sno\/\" \/>\n<meta property=\"og:site_name\" content=\"V\u00e4lkommen till JeLo\" \/>\n<meta property=\"article:publisher\" content=\"https:\/\/www.facebook.com\/datajenny\/\" \/>\n<meta property=\"article:author\" content=\"https:\/\/www.facebook.com\/datajenny\/\" \/>\n<meta property=\"article:published_time\" content=\"2025-12-16T17:08:40+00:00\" \/>\n<meta property=\"og:image\" content=\"https:\/\/datajenny.se\/Blogg\/wp-content\/uploads\/2025\/12\/resizedimage_2025-12-16_18-06-44_16265817709298330589-332x720.jpg\" \/>\n<meta name=\"author\" content=\"Jenny Louise Nod\u00e9n\" \/>\n<meta name=\"twitter:card\" content=\"summary_large_image\" \/>\n<meta name=\"twitter:label1\" content=\"Skriven av\" \/>\n\t<meta name=\"twitter:data1\" content=\"Jenny Louise Nod\u00e9n\" \/>\n\t<meta name=\"twitter:label2\" content=\"Ber\u00e4knad l\u00e4stid\" \/>\n\t<meta name=\"twitter:data2\" content=\"1 minut\" \/>\n<script type=\"application\/ld+json\" class=\"yoast-schema-graph\">{\"@context\":\"https:\\\/\\\/schema.org\",\"@graph\":[{\"@type\":\"Article\",\"@id\":\"https:\\\/\\\/datajenny.se\\\/Blogg\\\/2025\\\/12\\\/16\\\/mellan-stress-laxor-och-langtan-efter-sno\\\/#article\",\"isPartOf\":{\"@id\":\"https:\\\/\\\/datajenny.se\\\/Blogg\\\/2025\\\/12\\\/16\\\/mellan-stress-laxor-och-langtan-efter-sno\\\/\"},\"author\":{\"name\":\"Jenny Louise Nod\u00e9n\",\"@id\":\"https:\\\/\\\/datajenny.se\\\/Blogg\\\/#\\\/schema\\\/person\\\/da3cd1b9792c07c50c88641dcf976bee\"},\"headline\":\"Mellan stress, l\u00e4xor och l\u00e4ngtan efter sn\u00f6\",\"datePublished\":\"2025-12-16T17:08:40+00:00\",\"mainEntityOfPage\":{\"@id\":\"https:\\\/\\\/datajenny.se\\\/Blogg\\\/2025\\\/12\\\/16\\\/mellan-stress-laxor-och-langtan-efter-sno\\\/\"},\"wordCount\":300,\"commentCount\":2,\"publisher\":{\"@id\":\"https:\\\/\\\/datajenny.se\\\/Blogg\\\/#\\\/schema\\\/person\\\/da3cd1b9792c07c50c88641dcf976bee\"},\"image\":{\"@id\":\"https:\\\/\\\/datajenny.se\\\/Blogg\\\/2025\\\/12\\\/16\\\/mellan-stress-laxor-och-langtan-efter-sno\\\/#primaryimage\"},\"thumbnailUrl\":\"https:\\\/\\\/i0.wp.com\\\/datajenny.se\\\/Blogg\\\/wp-content\\\/uploads\\\/2025\\\/12\\\/ResizedImage_2025-12-16_18-10-25_1.jpg?fit=768%2C512&ssl=1\",\"keywords\":[\"Blogg\",\"Dikt\",\"Erik\",\"Fritids\\\/Skola\",\"L\u00e4xa\"],\"articleSection\":[\"Blogg\",\"Dikt\",\"Erik\",\"Fritids\\\/Skola\",\"L\u00e4xa\"],\"inLanguage\":\"sv-SE\",\"potentialAction\":[{\"@type\":\"CommentAction\",\"name\":\"Comment\",\"target\":[\"https:\\\/\\\/datajenny.se\\\/Blogg\\\/2025\\\/12\\\/16\\\/mellan-stress-laxor-och-langtan-efter-sno\\\/#respond\"]}]},{\"@type\":\"WebPage\",\"@id\":\"https:\\\/\\\/datajenny.se\\\/Blogg\\\/2025\\\/12\\\/16\\\/mellan-stress-laxor-och-langtan-efter-sno\\\/\",\"url\":\"https:\\\/\\\/datajenny.se\\\/Blogg\\\/2025\\\/12\\\/16\\\/mellan-stress-laxor-och-langtan-efter-sno\\\/\",\"name\":\"Mellan stress, l\u00e4xor och l\u00e4ngtan efter sn\u00f6 - V\u00e4lkommen till JeLo\",\"isPartOf\":{\"@id\":\"https:\\\/\\\/datajenny.se\\\/Blogg\\\/#website\"},\"primaryImageOfPage\":{\"@id\":\"https:\\\/\\\/datajenny.se\\\/Blogg\\\/2025\\\/12\\\/16\\\/mellan-stress-laxor-och-langtan-efter-sno\\\/#primaryimage\"},\"image\":{\"@id\":\"https:\\\/\\\/datajenny.se\\\/Blogg\\\/2025\\\/12\\\/16\\\/mellan-stress-laxor-och-langtan-efter-sno\\\/#primaryimage\"},\"thumbnailUrl\":\"https:\\\/\\\/i0.wp.com\\\/datajenny.se\\\/Blogg\\\/wp-content\\\/uploads\\\/2025\\\/12\\\/ResizedImage_2025-12-16_18-10-25_1.jpg?fit=768%2C512&ssl=1\",\"datePublished\":\"2025-12-16T17:08:40+00:00\",\"breadcrumb\":{\"@id\":\"https:\\\/\\\/datajenny.se\\\/Blogg\\\/2025\\\/12\\\/16\\\/mellan-stress-laxor-och-langtan-efter-sno\\\/#breadcrumb\"},\"inLanguage\":\"sv-SE\",\"potentialAction\":[{\"@type\":\"ReadAction\",\"target\":[\"https:\\\/\\\/datajenny.se\\\/Blogg\\\/2025\\\/12\\\/16\\\/mellan-stress-laxor-och-langtan-efter-sno\\\/\"]}]},{\"@type\":\"ImageObject\",\"inLanguage\":\"sv-SE\",\"@id\":\"https:\\\/\\\/datajenny.se\\\/Blogg\\\/2025\\\/12\\\/16\\\/mellan-stress-laxor-och-langtan-efter-sno\\\/#primaryimage\",\"url\":\"https:\\\/\\\/i0.wp.com\\\/datajenny.se\\\/Blogg\\\/wp-content\\\/uploads\\\/2025\\\/12\\\/ResizedImage_2025-12-16_18-10-25_1.jpg?fit=768%2C512&ssl=1\",\"contentUrl\":\"https:\\\/\\\/i0.wp.com\\\/datajenny.se\\\/Blogg\\\/wp-content\\\/uploads\\\/2025\\\/12\\\/ResizedImage_2025-12-16_18-10-25_1.jpg?fit=768%2C512&ssl=1\",\"width\":768,\"height\":512},{\"@type\":\"BreadcrumbList\",\"@id\":\"https:\\\/\\\/datajenny.se\\\/Blogg\\\/2025\\\/12\\\/16\\\/mellan-stress-laxor-och-langtan-efter-sno\\\/#breadcrumb\",\"itemListElement\":[{\"@type\":\"ListItem\",\"position\":1,\"name\":\"Hem\",\"item\":\"https:\\\/\\\/datajenny.se\\\/Blogg\\\/\"},{\"@type\":\"ListItem\",\"position\":2,\"name\":\"Mellan stress, l\u00e4xor och l\u00e4ngtan efter sn\u00f6\"}]},{\"@type\":\"WebSite\",\"@id\":\"https:\\\/\\\/datajenny.se\\\/Blogg\\\/#website\",\"url\":\"https:\\\/\\\/datajenny.se\\\/Blogg\\\/\",\"name\":\"V\u00e4lkommen till Jenny Louises blogg\",\"description\":\"Jenny Louises blogg\",\"publisher\":{\"@id\":\"https:\\\/\\\/datajenny.se\\\/Blogg\\\/#\\\/schema\\\/person\\\/da3cd1b9792c07c50c88641dcf976bee\"},\"potentialAction\":[{\"@type\":\"SearchAction\",\"target\":{\"@type\":\"EntryPoint\",\"urlTemplate\":\"https:\\\/\\\/datajenny.se\\\/Blogg\\\/?s={search_term_string}\"},\"query-input\":{\"@type\":\"PropertyValueSpecification\",\"valueRequired\":true,\"valueName\":\"search_term_string\"}}],\"inLanguage\":\"sv-SE\"},{\"@type\":[\"Person\",\"Organization\"],\"@id\":\"https:\\\/\\\/datajenny.se\\\/Blogg\\\/#\\\/schema\\\/person\\\/da3cd1b9792c07c50c88641dcf976bee\",\"name\":\"Jenny Louise Nod\u00e9n\",\"image\":{\"@type\":\"ImageObject\",\"inLanguage\":\"sv-SE\",\"@id\":\"https:\\\/\\\/datajenny.se\\\/Blogg\\\/wp-content\\\/uploads\\\/2025\\\/07\\\/wp-1751728308657.jpg\",\"url\":\"https:\\\/\\\/datajenny.se\\\/Blogg\\\/wp-content\\\/uploads\\\/2025\\\/07\\\/wp-1751728308657.jpg\",\"contentUrl\":\"https:\\\/\\\/datajenny.se\\\/Blogg\\\/wp-content\\\/uploads\\\/2025\\\/07\\\/wp-1751728308657.jpg\",\"width\":928,\"height\":928,\"caption\":\"Jenny Louise Nod\u00e9n\"},\"logo\":{\"@id\":\"https:\\\/\\\/datajenny.se\\\/Blogg\\\/wp-content\\\/uploads\\\/2025\\\/07\\\/wp-1751728308657.jpg\"},\"description\":\"Jag \u00e4r en tjej som oftast \u00e4r glad och \u00e4lskar livet, men den 18 januari 2005 s\u00e5 f\u00f6rs\u00f6kte jag ta mitt liv, jag orkade inte helt enkelt l\u00e4ngre. Men min f\u00e4stman hittade mig i duschen, han r\u00e4ddade livet p\u00e5 mig. Jag fick \u00e5ka in till akuten och blev magpumpad samt s\u00e5 fick jag \u00e4ta kr\u00e4ksirap. Hamnade sedan p\u00e5 S\u00e4ter och log d\u00e4r i fyra dagar. Idag \u00e4r jag glad f\u00f6r att han hittade mig, livet har s\u00e5 mycket att erbjuda. Jag bryr mig f\u00f6r mycket om andra, jag kommer alltid i andra hand hos mig sj\u00e4lv. Jag \u00e4r gift med en underbar man vid namn Magnus och vi har en son som heter Erik och \u00e4r f\u00f6dd juni 2018.\",\"sameAs\":[\"https:\\\/\\\/datajenny.se\\\/Blogg\",\"https:\\\/\\\/www.facebook.com\\\/datajenny\\\/\",\"https:\\\/\\\/www.instagram.com\\\/datajenny\\\/\",\"https:\\\/\\\/www.linkedin.com\\\/in\\\/jenny-louise-nodn-75324811b?\",\"https:\\\/\\\/youtube.com\\\/channel\\\/UCU00yswsJZcmgqfoON6pMwg\",\"https:\\\/\\\/datajenny.tumblr.com\\\/\"],\"url\":\"https:\\\/\\\/datajenny.se\\\/Blogg\\\/author\\\/jenny_louise\\\/\"}]}<\/script>\n<!-- \/ Yoast SEO plugin. -->","yoast_head_json":{"title":"Mellan stress, l\u00e4xor och l\u00e4ngtan efter sn\u00f6 - V\u00e4lkommen till JeLo","robots":{"index":"index","follow":"follow","max-snippet":"max-snippet:-1","max-image-preview":"max-image-preview:large","max-video-preview":"max-video-preview:-1"},"canonical":"https:\/\/datajenny.se\/Blogg\/2025\/12\/16\/mellan-stress-laxor-och-langtan-efter-sno\/","og_locale":"sv_SE","og_type":"article","og_title":"Mellan stress, l\u00e4xor och l\u00e4ngtan efter sn\u00f6 - V\u00e4lkommen till JeLo","og_description":"Det var l\u00e4nge sedan jag skrev nu.","og_url":"https:\/\/datajenny.se\/Blogg\/2025\/12\/16\/mellan-stress-laxor-och-langtan-efter-sno\/","og_site_name":"V\u00e4lkommen till JeLo","article_publisher":"https:\/\/www.facebook.com\/datajenny\/","article_author":"https:\/\/www.facebook.com\/datajenny\/","article_published_time":"2025-12-16T17:08:40+00:00","og_image":[{"url":"https:\/\/datajenny.se\/Blogg\/wp-content\/uploads\/2025\/12\/resizedimage_2025-12-16_18-06-44_16265817709298330589-332x720.jpg","type":"","width":"","height":""}],"author":"Jenny Louise Nod\u00e9n","twitter_card":"summary_large_image","twitter_misc":{"Skriven av":"Jenny Louise Nod\u00e9n","Ber\u00e4knad l\u00e4stid":"1 minut"},"schema":{"@context":"https:\/\/schema.org","@graph":[{"@type":"Article","@id":"https:\/\/datajenny.se\/Blogg\/2025\/12\/16\/mellan-stress-laxor-och-langtan-efter-sno\/#article","isPartOf":{"@id":"https:\/\/datajenny.se\/Blogg\/2025\/12\/16\/mellan-stress-laxor-och-langtan-efter-sno\/"},"author":{"name":"Jenny Louise Nod\u00e9n","@id":"https:\/\/datajenny.se\/Blogg\/#\/schema\/person\/da3cd1b9792c07c50c88641dcf976bee"},"headline":"Mellan stress, l\u00e4xor och l\u00e4ngtan efter sn\u00f6","datePublished":"2025-12-16T17:08:40+00:00","mainEntityOfPage":{"@id":"https:\/\/datajenny.se\/Blogg\/2025\/12\/16\/mellan-stress-laxor-och-langtan-efter-sno\/"},"wordCount":300,"commentCount":2,"publisher":{"@id":"https:\/\/datajenny.se\/Blogg\/#\/schema\/person\/da3cd1b9792c07c50c88641dcf976bee"},"image":{"@id":"https:\/\/datajenny.se\/Blogg\/2025\/12\/16\/mellan-stress-laxor-och-langtan-efter-sno\/#primaryimage"},"thumbnailUrl":"https:\/\/i0.wp.com\/datajenny.se\/Blogg\/wp-content\/uploads\/2025\/12\/ResizedImage_2025-12-16_18-10-25_1.jpg?fit=768%2C512&ssl=1","keywords":["Blogg","Dikt","Erik","Fritids\/Skola","L\u00e4xa"],"articleSection":["Blogg","Dikt","Erik","Fritids\/Skola","L\u00e4xa"],"inLanguage":"sv-SE","potentialAction":[{"@type":"CommentAction","name":"Comment","target":["https:\/\/datajenny.se\/Blogg\/2025\/12\/16\/mellan-stress-laxor-och-langtan-efter-sno\/#respond"]}]},{"@type":"WebPage","@id":"https:\/\/datajenny.se\/Blogg\/2025\/12\/16\/mellan-stress-laxor-och-langtan-efter-sno\/","url":"https:\/\/datajenny.se\/Blogg\/2025\/12\/16\/mellan-stress-laxor-och-langtan-efter-sno\/","name":"Mellan stress, l\u00e4xor och l\u00e4ngtan efter sn\u00f6 - V\u00e4lkommen till JeLo","isPartOf":{"@id":"https:\/\/datajenny.se\/Blogg\/#website"},"primaryImageOfPage":{"@id":"https:\/\/datajenny.se\/Blogg\/2025\/12\/16\/mellan-stress-laxor-och-langtan-efter-sno\/#primaryimage"},"image":{"@id":"https:\/\/datajenny.se\/Blogg\/2025\/12\/16\/mellan-stress-laxor-och-langtan-efter-sno\/#primaryimage"},"thumbnailUrl":"https:\/\/i0.wp.com\/datajenny.se\/Blogg\/wp-content\/uploads\/2025\/12\/ResizedImage_2025-12-16_18-10-25_1.jpg?fit=768%2C512&ssl=1","datePublished":"2025-12-16T17:08:40+00:00","breadcrumb":{"@id":"https:\/\/datajenny.se\/Blogg\/2025\/12\/16\/mellan-stress-laxor-och-langtan-efter-sno\/#breadcrumb"},"inLanguage":"sv-SE","potentialAction":[{"@type":"ReadAction","target":["https:\/\/datajenny.se\/Blogg\/2025\/12\/16\/mellan-stress-laxor-och-langtan-efter-sno\/"]}]},{"@type":"ImageObject","inLanguage":"sv-SE","@id":"https:\/\/datajenny.se\/Blogg\/2025\/12\/16\/mellan-stress-laxor-och-langtan-efter-sno\/#primaryimage","url":"https:\/\/i0.wp.com\/datajenny.se\/Blogg\/wp-content\/uploads\/2025\/12\/ResizedImage_2025-12-16_18-10-25_1.jpg?fit=768%2C512&ssl=1","contentUrl":"https:\/\/i0.wp.com\/datajenny.se\/Blogg\/wp-content\/uploads\/2025\/12\/ResizedImage_2025-12-16_18-10-25_1.jpg?fit=768%2C512&ssl=1","width":768,"height":512},{"@type":"BreadcrumbList","@id":"https:\/\/datajenny.se\/Blogg\/2025\/12\/16\/mellan-stress-laxor-och-langtan-efter-sno\/#breadcrumb","itemListElement":[{"@type":"ListItem","position":1,"name":"Hem","item":"https:\/\/datajenny.se\/Blogg\/"},{"@type":"ListItem","position":2,"name":"Mellan stress, l\u00e4xor och l\u00e4ngtan efter sn\u00f6"}]},{"@type":"WebSite","@id":"https:\/\/datajenny.se\/Blogg\/#website","url":"https:\/\/datajenny.se\/Blogg\/","name":"V\u00e4lkommen till Jenny Louises blogg","description":"Jenny Louises blogg","publisher":{"@id":"https:\/\/datajenny.se\/Blogg\/#\/schema\/person\/da3cd1b9792c07c50c88641dcf976bee"},"potentialAction":[{"@type":"SearchAction","target":{"@type":"EntryPoint","urlTemplate":"https:\/\/datajenny.se\/Blogg\/?s={search_term_string}"},"query-input":{"@type":"PropertyValueSpecification","valueRequired":true,"valueName":"search_term_string"}}],"inLanguage":"sv-SE"},{"@type":["Person","Organization"],"@id":"https:\/\/datajenny.se\/Blogg\/#\/schema\/person\/da3cd1b9792c07c50c88641dcf976bee","name":"Jenny Louise Nod\u00e9n","image":{"@type":"ImageObject","inLanguage":"sv-SE","@id":"https:\/\/datajenny.se\/Blogg\/wp-content\/uploads\/2025\/07\/wp-1751728308657.jpg","url":"https:\/\/datajenny.se\/Blogg\/wp-content\/uploads\/2025\/07\/wp-1751728308657.jpg","contentUrl":"https:\/\/datajenny.se\/Blogg\/wp-content\/uploads\/2025\/07\/wp-1751728308657.jpg","width":928,"height":928,"caption":"Jenny Louise Nod\u00e9n"},"logo":{"@id":"https:\/\/datajenny.se\/Blogg\/wp-content\/uploads\/2025\/07\/wp-1751728308657.jpg"},"description":"Jag \u00e4r en tjej som oftast \u00e4r glad och \u00e4lskar livet, men den 18 januari 2005 s\u00e5 f\u00f6rs\u00f6kte jag ta mitt liv, jag orkade inte helt enkelt l\u00e4ngre. Men min f\u00e4stman hittade mig i duschen, han r\u00e4ddade livet p\u00e5 mig. Jag fick \u00e5ka in till akuten och blev magpumpad samt s\u00e5 fick jag \u00e4ta kr\u00e4ksirap. Hamnade sedan p\u00e5 S\u00e4ter och log d\u00e4r i fyra dagar. Idag \u00e4r jag glad f\u00f6r att han hittade mig, livet har s\u00e5 mycket att erbjuda. Jag bryr mig f\u00f6r mycket om andra, jag kommer alltid i andra hand hos mig sj\u00e4lv. Jag \u00e4r gift med en underbar man vid namn Magnus och vi har en son som heter Erik och \u00e4r f\u00f6dd juni 2018.","sameAs":["https:\/\/datajenny.se\/Blogg","https:\/\/www.facebook.com\/datajenny\/","https:\/\/www.instagram.com\/datajenny\/","https:\/\/www.linkedin.com\/in\/jenny-louise-nodn-75324811b?","https:\/\/youtube.com\/channel\/UCU00yswsJZcmgqfoON6pMwg","https:\/\/datajenny.tumblr.com\/"],"url":"https:\/\/datajenny.se\/Blogg\/author\/jenny_louise\/"}]}},"jetpack_publicize_connections":[],"jetpack_featured_media_url":"https:\/\/i0.wp.com\/datajenny.se\/Blogg\/wp-content\/uploads\/2025\/12\/ResizedImage_2025-12-16_18-10-25_1.jpg?fit=768%2C512&ssl=1","jetpack_sharing_enabled":true,"jetpack_likes_enabled":true,"_links":{"self":[{"href":"https:\/\/datajenny.se\/Blogg\/wp-json\/wp\/v2\/posts\/3994","targetHints":{"allow":["GET"]}}],"collection":[{"href":"https:\/\/datajenny.se\/Blogg\/wp-json\/wp\/v2\/posts"}],"about":[{"href":"https:\/\/datajenny.se\/Blogg\/wp-json\/wp\/v2\/types\/post"}],"author":[{"embeddable":true,"href":"https:\/\/datajenny.se\/Blogg\/wp-json\/wp\/v2\/users\/1"}],"replies":[{"embeddable":true,"href":"https:\/\/datajenny.se\/Blogg\/wp-json\/wp\/v2\/comments?post=3994"}],"version-history":[{"count":0,"href":"https:\/\/datajenny.se\/Blogg\/wp-json\/wp\/v2\/posts\/3994\/revisions"}],"wp:featuredmedia":[{"embeddable":true,"href":"https:\/\/datajenny.se\/Blogg\/wp-json\/wp\/v2\/media\/3993"}],"wp:attachment":[{"href":"https:\/\/datajenny.se\/Blogg\/wp-json\/wp\/v2\/media?parent=3994"}],"wp:term":[{"taxonomy":"category","embeddable":true,"href":"https:\/\/datajenny.se\/Blogg\/wp-json\/wp\/v2\/categories?post=3994"},{"taxonomy":"post_tag","embeddable":true,"href":"https:\/\/datajenny.se\/Blogg\/wp-json\/wp\/v2\/tags?post=3994"}],"curies":[{"name":"wp","href":"https:\/\/api.w.org\/{rel}","templated":true}]}}